{"id":8960,"date":"2014-07-10T09:02:35","date_gmt":"2014-07-10T07:02:35","guid":{"rendered":"http:\/\/blogs.diariosur.es\/tormentas-y-rayos\/?p=8960"},"modified":"2014-07-10T09:02:35","modified_gmt":"2014-07-10T07:02:35","slug":"nieblas-brumas-y-nubes-bajas-protagonistas-estos-dias-en-el-litoral-mediterraneo-andaluz-manana-os-dare-la-prevision-del-fin-de-semana","status":"publish","type":"post","link":"https:\/\/blogs.diariosur.es\/tormentas-y-rayos\/2014\/07\/10\/nieblas-brumas-y-nubes-bajas-protagonistas-estos-dias-en-el-litoral-mediterraneo-andaluz-manana-os-dare-la-prevision-del-fin-de-semana\/","title":{"rendered":"Nieblas, brumas y nubes bajas protagonistas estos dias en el litoral Mediterr\u00e1neo Andaluz. Ma\u00f1ana os dare la previsi\u00f3n del fin de semana."},"content":{"rendered":"<p>&nbsp;<\/p>\n<p><img loading=\"lazy\" class=\"aligncenter\" src=\"https:\/\/farm3.staticflickr.com\/2898\/14371881571_bbae3518b1_q.jpg\" alt=\"\" width=\"150\" height=\"150\" \/><\/p>\n<p><strong>Buenos dias amigos de la meteo. Asi\u00a0amanec\u00eda\u00a0a las siete de la ma\u00f1ana en la playa de la misericordia, y no, no , no\u00a0pens\u00e9is\u00a0que es una foto del invierno pasado jijijij. El levante y la alta humedad ha\u00a0tra\u00eddo\u00a0estas nubes durante la madrugada y en estos momentos.<\/strong><\/p>\n<p><a href=\"https:\/\/blogs.diariosur.es\/tormentas-y-rayos\/2014\/07\/10\/nieblas-brumas-y-nubes-bajas-protagonistas-estos-dias-en-el-litoral-mediterraneo-andaluz-manana-os-dare-la-prevision-del-fin-de-semana\/002-15\/\" rel=\"attachment wp-att-8961\"><img loading=\"lazy\" class=\"aligncenter size-full wp-image-8961\" title=\"002\" src=\"\/tormentas-y-rayos\/wp-content\/uploads\/sites\/12\/2014\/07\/002.jpg\" alt=\"\" width=\"640\" height=\"427\" srcset=\"https:\/\/static-blogs.diariosur.es\/wp-content\/uploads\/sites\/12\/2014\/07\/002.jpg 640w, https:\/\/static-blogs.diariosur.es\/wp-content\/uploads\/sites\/12\/2014\/07\/002-600x400.jpg 600w\" sizes=\"(max-width: 640px) 100vw, 640px\" \/><\/a><\/p>\n<p>&nbsp;<\/p>\n<p><strong>Sobre las siete y media se puso un poco mas bonito, en esos momentos llegaba el Melillero cruzando un peque\u00f1o banco \u00a0de niebla.<\/strong><\/p>\n<p><img loading=\"lazy\" class=\"aligncenter\" src=\"https:\/\/farm4.staticflickr.com\/3854\/14431377098_1d76706d68_z.jpg\" alt=\"\" width=\"640\" height=\"352\" \/><\/p>\n<p><strong>Sobre las ocho menos cuarto se\u00a0produc\u00eda\u00a0lo mas bonito del amanecer de hoy.<\/strong><\/p>\n<p><img loading=\"lazy\" class=\"aligncenter\" src=\"https:\/\/farm6.staticflickr.com\/5480\/14431376788_eab5179151_z.jpg\" alt=\"\" width=\"640\" height=\"427\" \/><\/p>\n<p><strong>Desde el martes pasado las brumas y las nieblas han sido protagonistas. El martes sobre las once de la ma\u00f1ana entro niebla en la capital.<\/strong><\/p>\n<p><img loading=\"lazy\" class=\"aligncenter\" src=\"https:\/\/farm3.staticflickr.com\/2932\/14617907555_f4f1dbcd68_z.jpg\" alt=\"\" width=\"640\" height=\"340\" \/><\/p>\n<p>&nbsp;<\/p>\n<p><strong>Pero fue ayer\u00a0mi\u00e9rcoles\u00a0cuando tuvimos un mar precioso, que iba acompa\u00f1ado de una niebla que\u00a0trasmit\u00eda\u00a0muchas sensaciones.<\/strong><\/p>\n<p><img loading=\"lazy\" class=\"aligncenter\" src=\"https:\/\/farm6.staticflickr.com\/5538\/14617900675_5d3d787fd8_z.jpg\" alt=\"\" width=\"640\" height=\"426\" \/><\/p>\n<p>&nbsp;<\/p>\n<p><img loading=\"lazy\" class=\"aligncenter\" src=\"https:\/\/farm4.staticflickr.com\/3911\/14431313249_84bcd6c773_z.jpg\" alt=\"\" width=\"640\" height=\"367\" \/><\/p>\n<p><strong>Poco mas que contar amigos, seguiremos con temperaturas altas por el interior de Andaluc\u00eda. El levante seguira de protagonista.<\/strong><\/p>\n<p><img loading=\"lazy\" class=\"aligncenter\" src=\"https:\/\/farm3.staticflickr.com\/2938\/14216709420_875b2cb4e7.jpg\" alt=\"\" width=\"409\" height=\"500\" \/><\/p>\n<p><strong> Ma\u00f1ana os actualizare el blog para daros la previsi\u00f3n del fin de semana. Os dejo que sigo de vacaciones y quiero tirar de nuevo para la playa.<\/strong><\/p>\n","protected":false},"excerpt":{"rendered":"<p>&nbsp; Buenos dias amigos de la meteo. Asi\u00a0amanec\u00eda\u00a0a las siete de la ma\u00f1ana en la playa de la misericordia, y no, no , no\u00a0pens\u00e9is\u00a0que es una foto del invierno pasado jijijij. El levante y la alta humedad ha\u00a0tra\u00eddo\u00a0estas nubes durante la madrugada y en estos momentos. &nbsp; Sobre las siete y media se puso un [&hellip;]<\/p>\n","protected":false},"author":16,"featured_media":8962,"comment_status":"open","ping_status":"open","sticky":false,"template":"","format":"standard","meta":[],"categories":[2],"tags":[102,196,564,633,697,721],"_links":{"self":[{"href":"https:\/\/blogs.diariosur.es\/tormentas-y-rayos\/wp-json\/wp\/v2\/posts\/8960"}],"collection":[{"href":"https:\/\/blogs.diariosur.es\/tormentas-y-rayos\/wp-json\/wp\/v2\/posts"}],"about":[{"href":"https:\/\/blogs.diariosur.es\/tormentas-y-rayos\/wp-json\/wp\/v2\/types\/post"}],"author":[{"embeddable":true,"href":"https:\/\/blogs.diariosur.es\/tormentas-y-rayos\/wp-json\/wp\/v2\/users\/16"}],"replies":[{"embeddable":true,"href":"https:\/\/blogs.diariosur.es\/tormentas-y-rayos\/wp-json\/wp\/v2\/comments?post=8960"}],"version-history":[{"count":0,"href":"https:\/\/blogs.diariosur.es\/tormentas-y-rayos\/wp-json\/wp\/v2\/posts\/8960\/revisions"}],"wp:featuredmedia":[{"embeddable":true,"href":"https:\/\/blogs.diariosur.es\/tormentas-y-rayos\/wp-json\/wp\/v2\/media\/8962"}],"wp:attachment":[{"href":"https:\/\/blogs.diariosur.es\/tormentas-y-rayos\/wp-json\/wp\/v2\/media?parent=8960"}],"wp:term":[{"taxonomy":"category","embeddable":true,"href":"https:\/\/blogs.diariosur.es\/tormentas-y-rayos\/wp-json\/wp\/v2\/categories?post=8960"},{"taxonomy":"post_tag","embeddable":true,"href":"https:\/\/blogs.diariosur.es\/tormentas-y-rayos\/wp-json\/wp\/v2\/tags?post=8960"}],"curies":[{"name":"wp","href":"https:\/\/api.w.org\/{rel}","templated":true}]}}