{"id":8963,"date":"2014-07-11T09:50:51","date_gmt":"2014-07-11T07:50:51","guid":{"rendered":"http:\/\/blogs.diariosur.es\/tormentas-y-rayos\/?p=8963"},"modified":"2014-07-11T09:50:51","modified_gmt":"2014-07-11T07:50:51","slug":"prevision-del-tiempo-fin-de-semana-en-andalucia-y-malaga-densa-niebla-en-malaga-hoy-viernes-fotos","status":"publish","type":"post","link":"https:\/\/blogs.diariosur.es\/tormentas-y-rayos\/2014\/07\/11\/prevision-del-tiempo-fin-de-semana-en-andalucia-y-malaga-densa-niebla-en-malaga-hoy-viernes-fotos\/","title":{"rendered":"Previsi\u00f3n del tiempo fin de semana en Andaluc\u00eda y M\u00e1laga. Densa niebla en M\u00e1laga hoy viernes ( fotos)"},"content":{"rendered":"<p>&nbsp;<\/p>\n<p><img loading=\"lazy\" class=\"aligncenter\" src=\"https:\/\/farm6.staticflickr.com\/5566\/14568830453_8e0522e3fc_q.jpg\" alt=\"\" width=\"150\" height=\"150\" \/><\/p>\n<p>&nbsp;<\/p>\n<p><strong>ULTIMA HORA:<\/strong><\/p>\n<p><strong>Cuando son las dos de la tarde siguen entrando bancos de nieblas.<\/strong><\/p>\n<p><strong>\u00a0<span style=\"color: #ff0000;\">Este tipo de niebla se llama niebla de advecci\u00f3n, se debe a masas de aire caliente cargadas de humedad, que cuando pasan por suelos o aguas fr\u00edas, hacen que el aire se enfri\u00e9 y provoque la condensaci\u00f3n.<\/span><\/strong><\/p>\n<p>&nbsp;<\/p>\n<p><strong><em>Buenos d\u00edas amigos de la meteo, as\u00ed amanec\u00eda hace pocos minutos en \u00a0Londres, uyyy \u00a0perd\u00f3n !!!\u00a0quer\u00eda\u00a0decir en la Playa de la Misericordia en M\u00e1laga jijiji , como pod\u00e9is comprobar la densa niebla era la protagonista. La temperatura en esa zona era de 19 grados y la humedad rondaba el 98 %. Hasta el poco pelo tengo se me ha mojado.<\/em><\/strong><\/p>\n<p><img loading=\"lazy\" class=\"aligncenter\" src=\"https:\/\/farm3.staticflickr.com\/2913\/14622461661_901b2ea517_z.jpg\" alt=\"\" width=\"640\" height=\"427\" \/><\/p>\n<p>&nbsp;<\/p>\n<p><img loading=\"lazy\" class=\"aligncenter\" src=\"https:\/\/farm4.staticflickr.com\/3888\/14625679605_79e1efcc7f_z.jpg\" alt=\"\" width=\"640\" height=\"369\" \/><\/p>\n<p>&nbsp;<\/p>\n<p>&nbsp;<\/p>\n<p><img loading=\"lazy\" class=\"aligncenter\" src=\"https:\/\/farm6.staticflickr.com\/5563\/14623914841_619863d668_z.jpg\" alt=\"\" width=\"640\" height=\"427\" \/><\/p>\n<p>&nbsp;<\/p>\n<p><img loading=\"lazy\" class=\"aligncenter\" src=\"https:\/\/farm4.staticflickr.com\/3883\/14440746327_671cc55ef8_z.jpg\" alt=\"\" width=\"640\" height=\"427\" \/><\/p>\n<p><strong>En esta imagen del sat 24 se ve claramente esa niebla.<\/strong><\/p>\n<p><a href=\"https:\/\/blogs.diariosur.es\/tormentas-y-rayos\/2014\/07\/11\/prevision-del-tiempo-fin-de-semana-en-andalucia-y-malaga-densa-niebla-en-malaga-hoy-viernes-fotos\/niebla-5\/\" rel=\"attachment wp-att-8964\"><img loading=\"lazy\" class=\"aligncenter size-medium wp-image-8964\" title=\"niebla\" src=\"\/tormentas-y-rayos\/wp-content\/uploads\/sites\/12\/2014\/07\/niebla.jpg\" alt=\"\" width=\"489\" height=\"400\" srcset=\"https:\/\/static-blogs.diariosur.es\/wp-content\/uploads\/sites\/12\/2014\/07\/niebla.jpg 810w, https:\/\/static-blogs.diariosur.es\/wp-content\/uploads\/sites\/12\/2014\/07\/niebla-489x400.jpg 489w, https:\/\/static-blogs.diariosur.es\/wp-content\/uploads\/sites\/12\/2014\/07\/niebla-768x628.jpg 768w\" sizes=\"(max-width: 489px) 100vw, 489px\" \/><\/a><\/p>\n<p>&nbsp;<\/p>\n<p><img loading=\"lazy\" class=\"aligncenter\" src=\"https:\/\/farm4.staticflickr.com\/3904\/14353538456_9a3c31e11a_z.jpg\" alt=\"\" width=\"470\" height=\"570\" \/><\/p>\n<p><span style=\"color: #0000ff;\"><strong><em>Hoy viernes llegaremos casi a los \u00a030 grados, que unido a la humedad, har\u00e1 que la sensaci\u00f3n t\u00e9rmica sea de mas calor. Al final del post os pondr\u00e9 la tabla de sensaci\u00f3n t\u00e9rmica debida a la humedad. En el resto de Andaluc\u00eda seguir\u00e1 la misma t\u00f3nica que d\u00edas pasados , en el Valle del Guadalquivir rondaran los 37 grados y en otros puntos de Andaluc\u00eda rondaran los 29 como es el caso de sitios de costas y los 34 por otras zonas del interior.<\/em><\/strong><\/span><\/p>\n<p><strong><em><span style=\"color: #008000;\">\u00a0El\u00a0s\u00e1bado\u00a0de nuevo se pueden repetir las brumas y nieblas en el litoral andaluz, las\u00a0m\u00e1ximas\u00a0ser\u00e1n\u00a0parecidas a estos dias pasados. El viento a principio soplara de\u00a0direcci\u00f3n\u00a0variable, predominando a primeras horas de la ma\u00f1ana entre sur y sureste. A partir de la tarde\u00a0ir\u00e1n\u00a0girando a suroeste, sobre todo en el Valle del Guadalquivir.<\/span> <span style=\"color: #ff0000;\">Este cambio de viento \u00a0puede hacer que a ultima hora de la noche entre alguna reboza de aire caliente por el Valle del Guadalhorce. Esto es una apreciaci\u00f3n\u00a0m\u00eda\u00a0muy\u00a0particular, que en el caso que se de, no\u00a0durar\u00eda\u00a0mas de un par de horas.<\/span><\/em><\/strong><\/p>\n<p><span style=\"color: #ff00ff;\"><strong><em>\u00a0El domingo por fin podr\u00e9is disfrutar de la playa amigos de la meteo. Y digo&#8221; por fin&#8221;, porque han sido tres domingos seguidos donde el poniente fuerte y el terral eran \u00a0protagonistas en el litoral Andaluz. \u00a0Las\u00a0m\u00e1ximas\u00a0un poco m\u00e1s altas en el Valle del Guadalquivir e interior de Andaluc\u00eda. Los vientos soplaran del sur sureste que pueden traer a primeras horas de la ma\u00f1ana algunas\u00a0brumas. <\/em><\/strong><\/span><\/p>\n<p><strong><em>Y poco mas que contar amigos, esta tarde tiro para Torre de Benagalb\u00f3n, desde\u00a0all\u00ed\u00a0os\u00a0pondr\u00e9\u00a0alguna foto en facebook. A partir del lunes tomara protagonismo la dorsal africana, el lunes ya hablaremos de esto. Os dejo con la tabla de sensaci\u00f3n\u00a0t\u00e9rmica\u00a0de la humedad y el calor. <a href=\"https:\/\/www.facebook.com\/joseluis.escuderogallegos\/media_set?set=a.10203095952858668.1073741908.1201670894&#038;type=1\" rel=\"external nofollow\">Y el enlace con mas fotos de la niebla de hoy\u00a0<\/a><\/em><\/strong><\/p>\n<p><a href=\"https:\/\/blogs.diariosur.es\/tormentas-y-rayos\/2014\/07\/11\/prevision-del-tiempo-fin-de-semana-en-andalucia-y-malaga-densa-niebla-en-malaga-hoy-viernes-fotos\/captura-366\/\" rel=\"attachment wp-att-8965\"><img loading=\"lazy\" class=\"aligncenter size-full wp-image-8965\" title=\"Captura\" src=\"\/tormentas-y-rayos\/wp-content\/uploads\/sites\/12\/2014\/07\/Captura3.jpg\" alt=\"\" width=\"613\" height=\"623\" srcset=\"https:\/\/static-blogs.diariosur.es\/wp-content\/uploads\/sites\/12\/2014\/07\/Captura3.jpg 613w, https:\/\/static-blogs.diariosur.es\/wp-content\/uploads\/sites\/12\/2014\/07\/Captura3-394x400.jpg 394w\" sizes=\"(max-width: 613px) 100vw, 613px\" \/><\/a><\/p>\n<p>&nbsp;<\/p>\n<p>&nbsp;<\/p>\n<p>&nbsp;<\/p>\n<p>&nbsp;<\/p>\n<p>&nbsp;<\/p>\n<p>&nbsp;<\/p>\n<p>&nbsp;<\/p>\n<p>&nbsp;<\/p>\n<p>&nbsp;<\/p>\n<p>&nbsp;<\/p>\n<p>&nbsp;<\/p>\n<p>&nbsp;<\/p>\n<p>&nbsp;<\/p>\n","protected":false},"excerpt":{"rendered":"<p>&nbsp; &nbsp; ULTIMA HORA: Cuando son las dos de la tarde siguen entrando bancos de nieblas. \u00a0Este tipo de niebla se llama niebla de advecci\u00f3n, se debe a masas de aire caliente cargadas de humedad, que cuando pasan por suelos o aguas fr\u00edas, hacen que el aire se enfri\u00e9 y provoque la condensaci\u00f3n. &nbsp; Buenos [&hellip;]<\/p>\n","protected":false},"author":16,"featured_media":8966,"comment_status":"open","ping_status":"open","sticky":false,"template":"","format":"standard","meta":[],"categories":[2],"tags":[100,424,587,695,809,980],"_links":{"self":[{"href":"https:\/\/blogs.diariosur.es\/tormentas-y-rayos\/wp-json\/wp\/v2\/posts\/8963"}],"collection":[{"href":"https:\/\/blogs.diariosur.es\/tormentas-y-rayos\/wp-json\/wp\/v2\/posts"}],"about":[{"href":"https:\/\/blogs.diariosur.es\/tormentas-y-rayos\/wp-json\/wp\/v2\/types\/post"}],"author":[{"embeddable":true,"href":"https:\/\/blogs.diariosur.es\/tormentas-y-rayos\/wp-json\/wp\/v2\/users\/16"}],"replies":[{"embeddable":true,"href":"https:\/\/blogs.diariosur.es\/tormentas-y-rayos\/wp-json\/wp\/v2\/comments?post=8963"}],"version-history":[{"count":0,"href":"https:\/\/blogs.diariosur.es\/tormentas-y-rayos\/wp-json\/wp\/v2\/posts\/8963\/revisions"}],"wp:featuredmedia":[{"embeddable":true,"href":"https:\/\/blogs.diariosur.es\/tormentas-y-rayos\/wp-json\/wp\/v2\/media\/8966"}],"wp:attachment":[{"href":"https:\/\/blogs.diariosur.es\/tormentas-y-rayos\/wp-json\/wp\/v2\/media?parent=8963"}],"wp:term":[{"taxonomy":"category","embeddable":true,"href":"https:\/\/blogs.diariosur.es\/tormentas-y-rayos\/wp-json\/wp\/v2\/categories?post=8963"},{"taxonomy":"post_tag","embeddable":true,"href":"https:\/\/blogs.diariosur.es\/tormentas-y-rayos\/wp-json\/wp\/v2\/tags?post=8963"}],"curies":[{"name":"wp","href":"https:\/\/api.w.org\/{rel}","templated":true}]}}