{"id":8971,"date":"2014-07-14T09:30:46","date_gmt":"2014-07-14T07:30:46","guid":{"rendered":"http:\/\/blogs.diariosur.es\/tormentas-y-rayos\/?p=8971"},"modified":"2014-07-14T09:30:46","modified_gmt":"2014-07-14T07:30:46","slug":"prevision-del-tiempo-avisos-amarillos-y-naranjas-por-altas-temperaturas-en-andalucia-y-otros-puntos-de-la-peninsula-dorsal-africana-acompanada-de-una-masa-de-aire-muy-calido","status":"publish","type":"post","link":"https:\/\/blogs.diariosur.es\/tormentas-y-rayos\/2014\/07\/14\/prevision-del-tiempo-avisos-amarillos-y-naranjas-por-altas-temperaturas-en-andalucia-y-otros-puntos-de-la-peninsula-dorsal-africana-acompanada-de-una-masa-de-aire-muy-calido\/","title":{"rendered":"Previsi\u00f3n del tiempo. Avisos amarillos y naranjas por altas temperaturas en Andaluc\u00eda y otros puntos de la peninsula. Dorsal Africana acompa\u00f1ada de una masa de aire muy c\u00e1lido."},"content":{"rendered":"<p>&nbsp;<\/p>\n<p><img loading=\"lazy\" class=\"aligncenter\" src=\"https:\/\/farm3.staticflickr.com\/2898\/14371881571_bbae3518b1_q.jpg\" alt=\"\" width=\"150\" height=\"150\" \/><\/p>\n<p>&nbsp;<\/p>\n<p><span style=\"color: #ff00ff;\">\u00a0<strong>ULTIMA HORA AMIGOS DE LA METEO<\/strong><\/span><\/p>\n<p><strong><span style=\"color: #ff0000;\">La Aemet activa mas avisos \u00a0en Andaluc\u00eda para el\u00a0pr\u00f3ximo\u00a0mi\u00e9rcoles. La comarca de Antequera tambi\u00e9n entra en aviso amarillo por altas temperaturas. La maxima puede llegar a\u00a0los 39 grados.<\/span><\/strong><\/p>\n<p>&nbsp;<\/p>\n<p><a href=\"https:\/\/blogs.diariosur.es\/tormentas-y-rayos\/2014\/07\/14\/prevision-del-tiempo-avisos-amarillos-y-naranjas-por-altas-temperaturas-en-andalucia-y-otros-puntos-de-la-peninsula-dorsal-africana-acompanada-de-una-masa-de-aire-muy-calido\/20140714184000_avi_pmna_ccaa61\/\" rel=\"attachment wp-att-9001\"><img loading=\"lazy\" class=\"aligncenter size-full wp-image-9001\" title=\"20140714184000_avi_pmna_ccaa61\" src=\"\/tormentas-y-rayos\/wp-content\/uploads\/sites\/12\/2014\/07\/20140714184000_avi_pmna_ccaa61.png\" alt=\"\" width=\"500\" height=\"334\" \/><\/a><\/p>\n<p><span style=\"color: #0000ff;\"><strong>Buenos d\u00edas amigos de la meteo. <\/strong><\/span><\/p>\n<p><span style=\"color: #0000ff;\"><strong>Antes de daros la previsi\u00f3n hasta el\u00a0mi\u00e9rcoles, os quiero comentar una cosilla sobre la niebla ( boira) de estos dias. Es simplemente que es normal que se de esto en los meses de junio y primeros dias \u00a0julio, ya que la\u00a0superficie\u00a0del agua esta a\u00fan fr\u00eda. Lo que pasa que \u00a0nunca nos acordamos de un a\u00f1o para otro. Incluso hace unos tres a\u00f1os creo recordar se dio un dia en un mes de agosto. Lo\u00a0\u00fanico\u00a0un poco fuera de lo normal fue la densidad que tuvo el viernes y los dias seguidos. \u00a0Hoy lunes tambi\u00e9n se esta dando en estos momentos como es el caso de Marbella. Os paso una foto reciente de mi amigo Jose Luis Gil.<\/strong><\/span><\/p>\n<p><a href=\"https:\/\/blogs.diariosur.es\/tormentas-y-rayos\/2014\/07\/14\/prevision-del-tiempo-avisos-amarillos-y-naranjas-por-altas-temperaturas-en-andalucia-y-otros-puntos-de-la-peninsula-dorsal-africana-acompanada-de-una-masa-de-aire-muy-calido\/jose-luis-gil-11\/\" rel=\"attachment wp-att-8997\"><img loading=\"lazy\" class=\"aligncenter size-full wp-image-8997\" title=\"jose luis gil\" src=\"\/tormentas-y-rayos\/wp-content\/uploads\/sites\/12\/2014\/07\/jose-luis-gil.jpg\" alt=\"\" width=\"640\" height=\"384\" \/><\/a><\/p>\n<p><span style=\"color: #0000ff;\"><strong>Aclarado esto os doy la previsi\u00f3n.<\/strong><\/span><\/p>\n<p><span style=\"color: #ff0000;\"><strong>Nuestra amiga la Dorsal Africana, que en altura le acompa\u00f1a \u00a0una masa de aire c\u00e1lido ser\u00e1 la protagonista hasta el jueves. Muchos me preguntareis, \u00a0y porqu\u00e9 este cambio Jos\u00e9? Lo intentare explicar muy f\u00e1cil. <\/strong><\/span><\/p>\n<p><span style=\"color: #ff0000;\"><strong>En el Atl\u00e1ntico y concretamente en las Islas Azores ha llegado una vaguada, \u00a0os paso el mapa.<\/strong><\/span><\/p>\n<p>&nbsp;<\/p>\n<p><a href=\"https:\/\/blogs.diariosur.es\/tormentas-y-rayos\/2014\/07\/14\/prevision-del-tiempo-avisos-amarillos-y-naranjas-por-altas-temperaturas-en-andalucia-y-otros-puntos-de-la-peninsula-dorsal-africana-acompanada-de-una-masa-de-aire-muy-calido\/lunesssssssss\/\" rel=\"attachment wp-att-8994\"><img loading=\"lazy\" class=\"aligncenter size-medium wp-image-8994\" title=\"lunesssssssss\" src=\"\/tormentas-y-rayos\/wp-content\/uploads\/sites\/12\/2014\/07\/lunesssssssss.jpg\" alt=\"\" width=\"600\" height=\"375\" srcset=\"https:\/\/static-blogs.diariosur.es\/wp-content\/uploads\/sites\/12\/2014\/07\/lunesssssssss.jpg 782w, https:\/\/static-blogs.diariosur.es\/wp-content\/uploads\/sites\/12\/2014\/07\/lunesssssssss-638x400.jpg 638w, https:\/\/static-blogs.diariosur.es\/wp-content\/uploads\/sites\/12\/2014\/07\/lunesssssssss-768x481.jpg 768w\" sizes=\"(max-width: 600px) 100vw, 600px\" \/><\/a><\/p>\n<p>&nbsp;<\/p>\n<p><span style=\"color: #ff0000;\"><strong>Esta configuraci\u00f3n har\u00e1 que desde hoy lunes suba una masa de aire c\u00e1lido proveniente de \u00c1frica, alcanzando su plenitud el mi\u00e9rcoles, con unas isos a 850 hpa ( 1500 m) de 28 grados. Este dia se pueden sobrepasar los 41 \u00a0grados en puntos del Valle del Guadalquivir. Os paso un mapa.<\/strong><\/span><\/p>\n<p>&nbsp;<\/p>\n<p><span style=\"color: #ff0000;\"><a href=\"https:\/\/blogs.diariosur.es\/tormentas-y-rayos\/2014\/07\/14\/prevision-del-tiempo-avisos-amarillos-y-naranjas-por-altas-temperaturas-en-andalucia-y-otros-puntos-de-la-peninsula-dorsal-africana-acompanada-de-una-masa-de-aire-muy-calido\/captura-367\/\" rel=\"attachment wp-att-8992\"><span style=\"color: #ff0000;\"><img loading=\"lazy\" class=\"aligncenter size-medium wp-image-8992\" title=\"Captura\" src=\"\/tormentas-y-rayos\/wp-content\/uploads\/sites\/12\/2014\/07\/Captura4.jpg\" alt=\"\" width=\"534\" height=\"400\" srcset=\"https:\/\/static-blogs.diariosur.es\/wp-content\/uploads\/sites\/12\/2014\/07\/Captura4.jpg 819w, https:\/\/static-blogs.diariosur.es\/wp-content\/uploads\/sites\/12\/2014\/07\/Captura4-534x400.jpg 534w, https:\/\/static-blogs.diariosur.es\/wp-content\/uploads\/sites\/12\/2014\/07\/Captura4-768x575.jpg 768w\" sizes=\"(max-width: 534px) 100vw, 534px\" \/><\/span><\/a><\/span><\/p>\n<p>&nbsp;<\/p>\n<p><span style=\"color: #ff0000;\"><a href=\"https:\/\/blogs.diariosur.es\/tormentas-y-rayos\/2014\/07\/14\/prevision-del-tiempo-avisos-amarillos-y-naranjas-por-altas-temperaturas-en-andalucia-y-otros-puntos-de-la-peninsula-dorsal-africana-acompanada-de-una-masa-de-aire-muy-calido\/captura-368\/\" rel=\"attachment wp-att-8993\"><span style=\"color: #ff0000;\"><img loading=\"lazy\" class=\"aligncenter size-medium wp-image-8993\" title=\"Captura\" src=\"\/tormentas-y-rayos\/wp-content\/uploads\/sites\/12\/2014\/07\/Captura5.jpg\" alt=\"\" width=\"438\" height=\"400\" srcset=\"https:\/\/static-blogs.diariosur.es\/wp-content\/uploads\/sites\/12\/2014\/07\/Captura5.jpg 778w, https:\/\/static-blogs.diariosur.es\/wp-content\/uploads\/sites\/12\/2014\/07\/Captura5-439x400.jpg 439w, https:\/\/static-blogs.diariosur.es\/wp-content\/uploads\/sites\/12\/2014\/07\/Captura5-768x700.jpg 768w\" sizes=\"(max-width: 438px) 100vw, 438px\" \/><\/span><\/a><\/span><\/p>\n<p>&nbsp;<\/p>\n<p>&nbsp;<\/p>\n<p>&nbsp;<\/p>\n<p><strong><span><span style=\"color: #ff0000;\">Por este motivo la Aemet activa los avisos amarillos y naranjas por altas temperaturas en muchos puntos de la\u00a0pen\u00ednsula. Estos avisos entraran hoy, y\u00a0estar\u00e1n\u00a0activos hasta el\u00a0mi\u00e9rcoles. Como aun no se ha actulizado los del miercoles, mas tarde lo pongo. Fuente\u00a0aemet.<\/span><\/span><\/strong><\/p>\n<p><a href=\"https:\/\/blogs.diariosur.es\/tormentas-y-rayos\/2014\/07\/14\/prevision-del-tiempo-avisos-amarillos-y-naranjas-por-altas-temperaturas-en-andalucia-y-otros-puntos-de-la-peninsula-dorsal-africana-acompanada-de-una-masa-de-aire-muy-calido\/1-horz-4\/\" rel=\"attachment wp-att-8998\"><img loading=\"lazy\" class=\"aligncenter size-full wp-image-8998\" title=\"1-horz\" src=\"\/tormentas-y-rayos\/wp-content\/uploads\/sites\/12\/2014\/07\/1-horz.jpg\" alt=\"\" width=\"640\" height=\"214\" \/><\/a><\/p>\n<p>&nbsp;<\/p>\n<p>&nbsp;<\/p>\n<p><span style=\"color: #ff0000;\"><strong>Avisos para el\u00a0<\/strong><strong>mi\u00e9rcoles<\/strong><\/span><\/p>\n<p>&nbsp;<\/p>\n<p><a href=\"https:\/\/blogs.diariosur.es\/tormentas-y-rayos\/2014\/07\/14\/prevision-del-tiempo-avisos-amarillos-y-naranjas-por-altas-temperaturas-en-andalucia-y-otros-puntos-de-la-peninsula-dorsal-africana-acompanada-de-una-masa-de-aire-muy-calido\/20140714134000_avi_pmna\/\" rel=\"attachment wp-att-8999\"><img loading=\"lazy\" class=\"aligncenter size-full wp-image-8999\" title=\"20140714134000_avi_pmna\" src=\"\/tormentas-y-rayos\/wp-content\/uploads\/sites\/12\/2014\/07\/20140714134000_avi_pmna.png\" alt=\"\" width=\"500\" height=\"334\" \/><\/a><\/p>\n<p><strong><span style=\"color: #ff00ff;\">En la provincia malague\u00f1a donde se notaran mas las altas temperaturas \u00a0ser\u00e1n \u00a0en las comarcas de Ronda y Antequera. Las\u00a0m\u00e1ximas\u00a0pueden rondar los 38 grados. En M\u00e1laga Capital rondaran los 29 y 30 grados, en la costa\u00a0mediterr\u00e1nea\u00a0andaluza soplara estos dias levante flojo, que sera \u00a0moderado en el Estrecho.\u00a0<\/span><\/strong><\/p>\n<p><em><strong><span style=\"color: #ff0000;\">Pero lo curioso\u00a0de\u00a0esta situaci\u00f3n, es que a partir de la madrugada del viernes se ira acercando esa vaguada y\u00a0har\u00e1\u00a0que la masa de aire\u00a0c\u00e1lido\u00a0se traslade hacia el este. Esto puede traer consigo un cambio de viento, \u00a0hay posibilidad de que el viernes y el\u00a0s\u00e1bado\u00a0tengamos terral en M\u00e1laga y zonas expuestas a este viento. Pero de esto hablaremos el\u00a0pr\u00f3ximo\u00a0dia.<\/span><\/strong><\/em><\/p>\n<p><em><span style=\"color: #ff00ff;\"><strong><br \/>\n<\/strong><\/span><\/em><\/p>\n<p>&nbsp;<\/p>\n<p>&nbsp;<\/p>\n<p><img loading=\"lazy\" class=\"aligncenter\" src=\"https:\/\/farm4.staticflickr.com\/3837\/14396804033_86a3d305c4_z.jpg\" alt=\"\" width=\"450\" height=\"606\" \/><\/p>\n<p><span style=\"color: #0000ff;\"><strong>Se cumplieron todos los\u00a0pron\u00f3sticos para este pasado fin de semana, incluido el viernes. Bueno, solo uno fallo, y fue que no entro por la noche una reboza de terral en el Valle del Guadalhorce.<\/strong><\/span><\/p>\n<p><span style=\"color: #0000ff;\"><strong>Lo mas destacado del viernes fue la niebla densa que tuvimos al amanecer y que \u00a0todos pudisteis<a href=\"https:\/\/blogs.diariosur.es\/tormentas-y-rayos\/2014\/07\/11\/prevision-del-tiempo-fin-de-semana-en-andalucia-y-malaga-densa-niebla-en-malaga-hoy-viernes-fotos\/\"><span style=\"color: #0000ff;\"> ver en el post que os puse\u00a0\u00a0el viernes pasado<\/span><\/a>.\u00a0\u00a0La\u00a0sorpresa se dio por la tarde con unas nubes altas que entraron desde el norte de\u00a0\u00c1frica, estos altocumulus y cirrus cubrieron los cielos andaluces en su\u00a0mayor\u00eda. Estas nubes\u00a0iban acompa\u00f1adas de polvo en suspensi\u00f3n que dejaron unos cielos preciosos seguido de un impresionante candilazo.<\/strong><\/span><\/p>\n<p>&nbsp;<\/p>\n<p><span style=\"color: #0000ff;\"><img loading=\"lazy\" class=\"aligncenter\" src=\"https:\/\/farm4.staticflickr.com\/3917\/14460256579_9619de2e4e_z.jpg\" alt=\"\" width=\"428\" height=\"640\" \/><\/span><\/p>\n<p>&nbsp;<\/p>\n<p><span style=\"color: #0000ff;\"><img loading=\"lazy\" class=\"aligncenter\" src=\"https:\/\/farm3.staticflickr.com\/2897\/14646461792_a531c2e63f_z.jpg\" alt=\"\" width=\"640\" height=\"428\" \/><\/span><\/p>\n<p>&nbsp;<\/p>\n<p>&nbsp;<\/p>\n<p>&nbsp;<\/p>\n<p><span style=\"color: #0000ff;\"><img loading=\"lazy\" class=\"aligncenter\" src=\"https:\/\/farm3.staticflickr.com\/2940\/14646461692_1e74fe8b24_z.jpg\" alt=\"\" width=\"640\" height=\"428\" \/><\/span><\/p>\n<p>&nbsp;<\/p>\n<p><span style=\"color: #0000ff;\"><img loading=\"lazy\" class=\"aligncenter\" src=\"https:\/\/farm6.staticflickr.com\/5518\/14666780583_0fe8a8ab1c_z.jpg\" alt=\"\" width=\"640\" height=\"428\" \/><\/span><\/p>\n<p>&nbsp;<\/p>\n<p><span style=\"color: #0000ff;\"><strong>El\u00a0s\u00e1bado\u00a0de nuevo la niebla fue la protagonista como\u00a0pod\u00e9is\u00a0ver en esta foto de Paqui Carnero en la playa.<\/strong><\/span><\/p>\n<p>&nbsp;<\/p>\n<p><span style=\"color: #0000ff;\"><a href=\"https:\/\/blogs.diariosur.es\/tormentas-y-rayos\/2014\/07\/14\/prevision-del-tiempo-avisos-amarillos-y-naranjas-por-altas-temperaturas-en-andalucia-y-otros-puntos-de-la-peninsula-dorsal-africana-acompanada-de-una-masa-de-aire-muy-calido\/10458338_10202311300214842_3792222952477361862_n\/\" rel=\"attachment wp-att-8987\"><span style=\"color: #0000ff;\"><img loading=\"lazy\" class=\"aligncenter size-medium wp-image-8987\" title=\"10458338_10202311300214842_3792222952477361862_n\" src=\"\/tormentas-y-rayos\/wp-content\/uploads\/sites\/12\/2014\/07\/10458338_10202311300214842_3792222952477361862_n.jpg\" alt=\"\" width=\"600\" height=\"337\" srcset=\"https:\/\/static-blogs.diariosur.es\/wp-content\/uploads\/sites\/12\/2014\/07\/10458338_10202311300214842_3792222952477361862_n.jpg 800w, https:\/\/static-blogs.diariosur.es\/wp-content\/uploads\/sites\/12\/2014\/07\/10458338_10202311300214842_3792222952477361862_n-640x360.jpg 640w, https:\/\/static-blogs.diariosur.es\/wp-content\/uploads\/sites\/12\/2014\/07\/10458338_10202311300214842_3792222952477361862_n-768x432.jpg 768w\" sizes=\"(max-width: 600px) 100vw, 600px\" \/><\/span><\/a><\/span><\/p>\n<p>&nbsp;<\/p>\n<p><span style=\"color: #0000ff;\"><strong>Os pongo los datos mas destacados del s\u00e1bado<\/strong><\/span><\/p>\n<p><span style=\"color: #0000ff;\"><a href=\"https:\/\/blogs.diariosur.es\/tormentas-y-rayos\/2014\/07\/14\/prevision-del-tiempo-avisos-amarillos-y-naranjas-por-altas-temperaturas-en-andalucia-y-otros-puntos-de-la-peninsula-dorsal-africana-acompanada-de-una-masa-de-aire-muy-calido\/sabado-16\/\" rel=\"attachment wp-att-8984\"><span style=\"color: #0000ff;\"><img loading=\"lazy\" class=\"aligncenter size-large wp-image-8984\" title=\"sabado\" src=\"\/tormentas-y-rayos\/wp-content\/uploads\/sites\/12\/2014\/07\/sabado.jpg\" alt=\"\" width=\"594\" height=\"600\" srcset=\"https:\/\/static-blogs.diariosur.es\/wp-content\/uploads\/sites\/12\/2014\/07\/sabado.jpg 805w, https:\/\/static-blogs.diariosur.es\/wp-content\/uploads\/sites\/12\/2014\/07\/sabado-397x400.jpg 397w, https:\/\/static-blogs.diariosur.es\/wp-content\/uploads\/sites\/12\/2014\/07\/sabado-768x775.jpg 768w\" sizes=\"(max-width: 594px) 100vw, 594px\" \/><\/span><\/a><\/span><\/p>\n<p>&nbsp;<\/p>\n<p><span style=\"color: #0000ff;\"><strong>El domingo\u00a0amaneci\u00f3\u00a0con brumas, pero por fin se pudo disfrutar de un estupendo dia de playa. Os paso una foto cuando eran las once de la ma\u00f1ana.<\/strong><\/span><\/p>\n<p><span style=\"color: #0000ff;\"><a href=\"https:\/\/blogs.diariosur.es\/tormentas-y-rayos\/2014\/07\/14\/prevision-del-tiempo-avisos-amarillos-y-naranjas-por-altas-temperaturas-en-andalucia-y-otros-puntos-de-la-peninsula-dorsal-africana-acompanada-de-una-masa-de-aire-muy-calido\/_dsc3807\/\" rel=\"attachment wp-att-8989\"><span style=\"color: #0000ff;\"><img loading=\"lazy\" class=\"aligncenter size-full wp-image-8989\" title=\"_DSC3807\" src=\"\/tormentas-y-rayos\/wp-content\/uploads\/sites\/12\/2014\/07\/DSC3807.jpg\" alt=\"\" width=\"640\" height=\"427\" srcset=\"https:\/\/static-blogs.diariosur.es\/wp-content\/uploads\/sites\/12\/2014\/07\/DSC3807.jpg 640w, https:\/\/static-blogs.diariosur.es\/wp-content\/uploads\/sites\/12\/2014\/07\/DSC3807-600x400.jpg 600w\" sizes=\"(max-width: 640px) 100vw, 640px\" \/><\/span><\/a><\/span><\/p>\n<p>&nbsp;<\/p>\n<p><span style=\"color: #0000ff;\"><strong>Los datos mas destacados. Fuente Aemet<\/strong><\/span><\/p>\n<p><span style=\"color: #0000ff;\"><a href=\"https:\/\/blogs.diariosur.es\/tormentas-y-rayos\/2014\/07\/14\/prevision-del-tiempo-avisos-amarillos-y-naranjas-por-altas-temperaturas-en-andalucia-y-otros-puntos-de-la-peninsula-dorsal-africana-acompanada-de-una-masa-de-aire-muy-calido\/domingo-20\/\" rel=\"attachment wp-att-8985\"><span style=\"color: #0000ff;\"><img loading=\"lazy\" class=\"aligncenter size-large wp-image-8985\" title=\"domingo\" src=\"\/tormentas-y-rayos\/wp-content\/uploads\/sites\/12\/2014\/07\/domingo.jpg\" alt=\"\" width=\"617\" height=\"600\" srcset=\"https:\/\/static-blogs.diariosur.es\/wp-content\/uploads\/sites\/12\/2014\/07\/domingo.jpg 801w, https:\/\/static-blogs.diariosur.es\/wp-content\/uploads\/sites\/12\/2014\/07\/domingo-412x400.jpg 412w, https:\/\/static-blogs.diariosur.es\/wp-content\/uploads\/sites\/12\/2014\/07\/domingo-768x746.jpg 768w\" sizes=\"(max-width: 617px) 100vw, 617px\" \/><\/span><\/a><\/span><\/p>\n<p>&nbsp;<\/p>\n<p><span style=\"color: #0000ff;\"><strong>Bueno amigos, como os\u00a0promet\u00ed os \u00a0pongo las fotos que me\u00a0hab\u00e9is\u00a0mandado del candilazo del pasado viernes. Y como siempre os digo, me da igual que\u00a0est\u00e9n\u00a0hechas con un\u00a0m\u00f3vil, o con\u00a0c\u00e1maras\u00a0 compactas o\u00a0reflex, lo mas importante es el momento amigos de la meteo.\u00a0\u00a0He recibido tela marinera, seguro que alguna se me queda en el tintero. Son todas preciosas y unos fotones. Voy a ir poniendo los nombres y la foto.<\/strong><\/span><\/p>\n<p><span style=\"color: #0000ff;\"><strong>Antonio Manuel Iglesias desde la Costa Granadina.<\/strong><\/span><\/p>\n<p>&nbsp;<\/p>\n<p><span style=\"color: #0000ff;\"><a href=\"https:\/\/blogs.diariosur.es\/tormentas-y-rayos\/2014\/07\/14\/prevision-del-tiempo-avisos-amarillos-y-naranjas-por-altas-temperaturas-en-andalucia-y-otros-puntos-de-la-peninsula-dorsal-africana-acompanada-de-una-masa-de-aire-muy-calido\/antonio-manuel-iglesias-2\/\" rel=\"attachment wp-att-8973\"><span style=\"color: #0000ff;\"><img loading=\"lazy\" class=\"aligncenter size-full wp-image-8973\" title=\"antonio manuel iglesias\" src=\"\/tormentas-y-rayos\/wp-content\/uploads\/sites\/12\/2014\/07\/antonio-manuel-iglesias1.jpg\" alt=\"\" width=\"360\" height=\"640\" srcset=\"https:\/\/static-blogs.diariosur.es\/wp-content\/uploads\/sites\/12\/2014\/07\/antonio-manuel-iglesias1.jpg 360w, https:\/\/static-blogs.diariosur.es\/wp-content\/uploads\/sites\/12\/2014\/07\/antonio-manuel-iglesias1-225x400.jpg 225w\" sizes=\"(max-width: 360px) 100vw, 360px\" \/><\/span><\/a><\/span><\/p>\n<p>&nbsp;<\/p>\n<p><span style=\"color: #0000ff;\"><strong>Daniel Kema\u00a0<\/strong><\/span><\/p>\n<p><span style=\"color: #0000ff;\"><a href=\"https:\/\/blogs.diariosur.es\/tormentas-y-rayos\/2014\/07\/14\/prevision-del-tiempo-avisos-amarillos-y-naranjas-por-altas-temperaturas-en-andalucia-y-otros-puntos-de-la-peninsula-dorsal-africana-acompanada-de-una-masa-de-aire-muy-calido\/daniel-kema\/\" rel=\"attachment wp-att-8974\"><span style=\"color: #0000ff;\"><img loading=\"lazy\" class=\"aligncenter size-full wp-image-8974\" title=\"daniel kema\" src=\"\/tormentas-y-rayos\/wp-content\/uploads\/sites\/12\/2014\/07\/daniel-kema.jpg\" alt=\"\" width=\"640\" height=\"480\" srcset=\"https:\/\/static-blogs.diariosur.es\/wp-content\/uploads\/sites\/12\/2014\/07\/daniel-kema.jpg 640w, https:\/\/static-blogs.diariosur.es\/wp-content\/uploads\/sites\/12\/2014\/07\/daniel-kema-533x400.jpg 533w\" sizes=\"(max-width: 640px) 100vw, 640px\" \/><\/span><\/a><\/span><\/p>\n<p><span style=\"color: #0000ff;\"><strong>Eva Casta\u00f1o Izquierdo desde C\u00e1diz.<\/strong><\/span><\/p>\n<p><span style=\"color: #0000ff;\"><a href=\"https:\/\/blogs.diariosur.es\/tormentas-y-rayos\/2014\/07\/14\/prevision-del-tiempo-avisos-amarillos-y-naranjas-por-altas-temperaturas-en-andalucia-y-otros-puntos-de-la-peninsula-dorsal-africana-acompanada-de-una-masa-de-aire-muy-calido\/eva-castano-izquierdo\/\" rel=\"attachment wp-att-8975\"><span style=\"color: #0000ff;\"><img loading=\"lazy\" class=\"aligncenter size-full wp-image-8975\" title=\"EVA CASTA\u00d1O IZQUIERDO\" src=\"\/tormentas-y-rayos\/wp-content\/uploads\/sites\/12\/2014\/07\/EVA-CASTA\u00d1O-IZQUIERDO.jpg\" alt=\"\" width=\"640\" height=\"480\" srcset=\"https:\/\/static-blogs.diariosur.es\/wp-content\/uploads\/sites\/12\/2014\/07\/EVA-CASTA\u00d1O-IZQUIERDO.jpg 640w, https:\/\/static-blogs.diariosur.es\/wp-content\/uploads\/sites\/12\/2014\/07\/EVA-CASTA\u00d1O-IZQUIERDO-533x400.jpg 533w\" sizes=\"(max-width: 640px) 100vw, 640px\" \/><\/span><\/a><\/span><\/p>\n<p><span style=\"color: #0000ff;\"><strong>Fuensanta Villalobos<\/strong><\/span><\/p>\n<p><span style=\"color: #0000ff;\"><a href=\"https:\/\/blogs.diariosur.es\/tormentas-y-rayos\/2014\/07\/14\/prevision-del-tiempo-avisos-amarillos-y-naranjas-por-altas-temperaturas-en-andalucia-y-otros-puntos-de-la-peninsula-dorsal-africana-acompanada-de-una-masa-de-aire-muy-calido\/fuensanta-villalobos-3\/\" rel=\"attachment wp-att-8976\"><span style=\"color: #0000ff;\"><img loading=\"lazy\" class=\"aligncenter size-full wp-image-8976\" title=\"fuensanta villalobos\" src=\"\/tormentas-y-rayos\/wp-content\/uploads\/sites\/12\/2014\/07\/fuensanta-villalobos.jpg\" alt=\"\" width=\"640\" height=\"427\" srcset=\"https:\/\/static-blogs.diariosur.es\/wp-content\/uploads\/sites\/12\/2014\/07\/fuensanta-villalobos.jpg 640w, https:\/\/static-blogs.diariosur.es\/wp-content\/uploads\/sites\/12\/2014\/07\/fuensanta-villalobos-600x400.jpg 600w\" sizes=\"(max-width: 640px) 100vw, 640px\" \/><\/span><\/a><\/span><\/p>\n<p><span style=\"color: #0000ff;\"><strong>Israel Fernandez<\/strong><\/span><\/p>\n<p><span style=\"color: #0000ff;\"><a href=\"https:\/\/blogs.diariosur.es\/tormentas-y-rayos\/2014\/07\/14\/prevision-del-tiempo-avisos-amarillos-y-naranjas-por-altas-temperaturas-en-andalucia-y-otros-puntos-de-la-peninsula-dorsal-africana-acompanada-de-una-masa-de-aire-muy-calido\/israel-fernandez-7\/\" rel=\"attachment wp-att-8977\"><span style=\"color: #0000ff;\"><img loading=\"lazy\" class=\"aligncenter size-full wp-image-8977\" title=\"israel fernandez\" src=\"\/tormentas-y-rayos\/wp-content\/uploads\/sites\/12\/2014\/07\/israel-fernandez.jpg\" alt=\"\" width=\"640\" height=\"475\" srcset=\"https:\/\/static-blogs.diariosur.es\/wp-content\/uploads\/sites\/12\/2014\/07\/israel-fernandez.jpg 640w, https:\/\/static-blogs.diariosur.es\/wp-content\/uploads\/sites\/12\/2014\/07\/israel-fernandez-539x400.jpg 539w\" sizes=\"(max-width: 640px) 100vw, 640px\" \/><\/span><\/a><\/span><\/p>\n<p>&nbsp;<\/p>\n<p><span style=\"color: #0000ff;\"><strong>Manuel Rosa<\/strong><\/span><\/p>\n<p><span style=\"color: #0000ff;\"><a href=\"https:\/\/blogs.diariosur.es\/tormentas-y-rayos\/2014\/07\/14\/prevision-del-tiempo-avisos-amarillos-y-naranjas-por-altas-temperaturas-en-andalucia-y-otros-puntos-de-la-peninsula-dorsal-africana-acompanada-de-una-masa-de-aire-muy-calido\/manuel-rosa-fernandez\/\" rel=\"attachment wp-att-8978\"><span style=\"color: #0000ff;\"><img loading=\"lazy\" class=\"aligncenter size-full wp-image-8978\" title=\"manuel rosa fernandez\" src=\"\/tormentas-y-rayos\/wp-content\/uploads\/sites\/12\/2014\/07\/manuel-rosa-fernandez.jpg\" alt=\"\" width=\"640\" height=\"427\" srcset=\"https:\/\/static-blogs.diariosur.es\/wp-content\/uploads\/sites\/12\/2014\/07\/manuel-rosa-fernandez.jpg 640w, https:\/\/static-blogs.diariosur.es\/wp-content\/uploads\/sites\/12\/2014\/07\/manuel-rosa-fernandez-600x400.jpg 600w\" sizes=\"(max-width: 640px) 100vw, 640px\" \/><\/span><\/a><\/span><\/p>\n<p>&nbsp;<\/p>\n<p><span style=\"color: #0000ff;\"><strong>Maria Dolores Torreblanca<\/strong><\/span><\/p>\n<p><span style=\"color: #0000ff;\"><a href=\"https:\/\/blogs.diariosur.es\/tormentas-y-rayos\/2014\/07\/14\/prevision-del-tiempo-avisos-amarillos-y-naranjas-por-altas-temperaturas-en-andalucia-y-otros-puntos-de-la-peninsula-dorsal-africana-acompanada-de-una-masa-de-aire-muy-calido\/maria-dolores-torrebalnca-lampre\/\" rel=\"attachment wp-att-8979\"><span style=\"color: #0000ff;\"><img loading=\"lazy\" class=\"aligncenter size-full wp-image-8979\" title=\"maria dolores torrebalnca lampre\" src=\"\/tormentas-y-rayos\/wp-content\/uploads\/sites\/12\/2014\/07\/maria-dolores-torrebalnca-lampre.jpg\" alt=\"\" width=\"640\" height=\"360\" \/><\/span><\/a><\/span><\/p>\n<p>&nbsp;<\/p>\n<p><span style=\"color: #0000ff;\"><strong>Maria T Bautista<\/strong><\/span><\/p>\n<p><span style=\"color: #0000ff;\"><a href=\"https:\/\/blogs.diariosur.es\/tormentas-y-rayos\/2014\/07\/14\/prevision-del-tiempo-avisos-amarillos-y-naranjas-por-altas-temperaturas-en-andalucia-y-otros-puntos-de-la-peninsula-dorsal-africana-acompanada-de-una-masa-de-aire-muy-calido\/maria-t-bautista-sanchez\/\" rel=\"attachment wp-att-8980\"><span style=\"color: #0000ff;\"><img loading=\"lazy\" class=\"aligncenter size-full wp-image-8980\" title=\"maria T, Bautista SANCHEZ\" src=\"\/tormentas-y-rayos\/wp-content\/uploads\/sites\/12\/2014\/07\/maria-T-Bautista-SANCHEZ.jpg\" alt=\"\" width=\"640\" height=\"640\" srcset=\"https:\/\/static-blogs.diariosur.es\/wp-content\/uploads\/sites\/12\/2014\/07\/maria-T-Bautista-SANCHEZ.jpg 640w, https:\/\/static-blogs.diariosur.es\/wp-content\/uploads\/sites\/12\/2014\/07\/maria-T-Bautista-SANCHEZ-150x150.jpg 150w, https:\/\/static-blogs.diariosur.es\/wp-content\/uploads\/sites\/12\/2014\/07\/maria-T-Bautista-SANCHEZ-400x400.jpg 400w\" sizes=\"(max-width: 640px) 100vw, 640px\" \/><\/span><\/a><\/span><\/p>\n<p>&nbsp;<\/p>\n<p><span style=\"color: #0000ff;\"><strong>Miguel Angel \u00c1vila<\/strong><\/span><\/p>\n<p><span style=\"color: #0000ff;\"><a href=\"https:\/\/blogs.diariosur.es\/tormentas-y-rayos\/2014\/07\/14\/prevision-del-tiempo-avisos-amarillos-y-naranjas-por-altas-temperaturas-en-andalucia-y-otros-puntos-de-la-peninsula-dorsal-africana-acompanada-de-una-masa-de-aire-muy-calido\/miguel-angel-avila-2\/\" rel=\"attachment wp-att-8981\"><span style=\"color: #0000ff;\"><img loading=\"lazy\" class=\"aligncenter size-full wp-image-8981\" title=\"miguel angel \u00e1vila\" src=\"\/tormentas-y-rayos\/wp-content\/uploads\/sites\/12\/2014\/07\/miguel-angel-\u00e1vila.jpg\" alt=\"\" width=\"640\" height=\"480\" srcset=\"https:\/\/static-blogs.diariosur.es\/wp-content\/uploads\/sites\/12\/2014\/07\/miguel-angel-\u00e1vila.jpg 640w, https:\/\/static-blogs.diariosur.es\/wp-content\/uploads\/sites\/12\/2014\/07\/miguel-angel-\u00e1vila-533x400.jpg 533w\" sizes=\"(max-width: 640px) 100vw, 640px\" \/><\/span><\/a><\/span><\/p>\n<p>&nbsp;<\/p>\n<p><span style=\"color: #0000ff;\"><strong>Pepe Trujillo<\/strong><\/span><\/p>\n<p><span style=\"color: #0000ff;\"><a href=\"https:\/\/blogs.diariosur.es\/tormentas-y-rayos\/2014\/07\/14\/prevision-del-tiempo-avisos-amarillos-y-naranjas-por-altas-temperaturas-en-andalucia-y-otros-puntos-de-la-peninsula-dorsal-africana-acompanada-de-una-masa-de-aire-muy-calido\/pepe-trujillo\/\" rel=\"attachment wp-att-8982\"><span style=\"color: #0000ff;\"><img loading=\"lazy\" class=\"aligncenter size-full wp-image-8982\" title=\"pepe trujillo\" src=\"\/tormentas-y-rayos\/wp-content\/uploads\/sites\/12\/2014\/07\/pepe-trujillo.jpg\" alt=\"\" width=\"500\" height=\"281\" \/><\/span><\/a><\/span><\/p>\n<p>&nbsp;<\/p>\n<p><span style=\"color: #0000ff;\"><strong>Pepi Acedo.<\/strong><\/span><\/p>\n<p><span style=\"color: #0000ff;\"><a href=\"https:\/\/blogs.diariosur.es\/tormentas-y-rayos\/2014\/07\/14\/prevision-del-tiempo-avisos-amarillos-y-naranjas-por-altas-temperaturas-en-andalucia-y-otros-puntos-de-la-peninsula-dorsal-africana-acompanada-de-una-masa-de-aire-muy-calido\/pepi-acedo-villalobos\/\" rel=\"attachment wp-att-8983\"><span style=\"color: #0000ff;\"><img loading=\"lazy\" class=\"aligncenter size-full wp-image-8983\" title=\"pepi acedo villalobos\" src=\"\/tormentas-y-rayos\/wp-content\/uploads\/sites\/12\/2014\/07\/pepi-acedo-villalobos.jpg\" alt=\"\" width=\"640\" height=\"360\" \/><\/span><\/a><\/span><\/p>\n<p>&nbsp;<\/p>\n<p><strong><span style=\"color: #0000ff;\">Bueno amigos, el\u00a0mi\u00e9rcoles\u00a0tiro para Torre de Benagalb\u00f3n, actualizare el blog para confirmar el posible terral que se espera el viernes y el\u00a0s\u00e1bado. Os dejo con este fot\u00f3n de la luna llena del\u00a0s\u00e1bado,\u00a0fotografiada magistralmente por mi amigo Carlos Castro.<\/span><\/strong><\/p>\n<p><span style=\"color: #0000ff;\"><a href=\"https:\/\/blogs.diariosur.es\/tormentas-y-rayos\/2014\/07\/14\/prevision-del-tiempo-avisos-amarillos-y-naranjas-por-altas-temperaturas-en-andalucia-y-otros-puntos-de-la-peninsula-dorsal-africana-acompanada-de-una-masa-de-aire-muy-calido\/10497042_615529851879226_6698666013695163449_o-1\/\" rel=\"attachment wp-att-8988\"><span style=\"color: #0000ff;\"><img loading=\"lazy\" class=\"aligncenter size-full wp-image-8988\" title=\"10497042_615529851879226_6698666013695163449_o (1)\" src=\"\/tormentas-y-rayos\/wp-content\/uploads\/sites\/12\/2014\/07\/10497042_615529851879226_6698666013695163449_o-1.jpg\" alt=\"\" width=\"640\" height=\"427\" srcset=\"https:\/\/static-blogs.diariosur.es\/wp-content\/uploads\/sites\/12\/2014\/07\/10497042_615529851879226_6698666013695163449_o-1.jpg 640w, https:\/\/static-blogs.diariosur.es\/wp-content\/uploads\/sites\/12\/2014\/07\/10497042_615529851879226_6698666013695163449_o-1-600x400.jpg 600w\" sizes=\"(max-width: 640px) 100vw, 640px\" \/><\/span><\/a><\/span><\/p>\n","protected":false},"excerpt":{"rendered":"<p>&nbsp; &nbsp; \u00a0ULTIMA HORA AMIGOS DE LA METEO La Aemet activa mas avisos \u00a0en Andaluc\u00eda para el\u00a0pr\u00f3ximo\u00a0mi\u00e9rcoles. La comarca de Antequera tambi\u00e9n entra en aviso amarillo por altas temperaturas. La maxima puede llegar a\u00a0los 39 grados. &nbsp; Buenos d\u00edas amigos de la meteo. Antes de daros la previsi\u00f3n hasta el\u00a0mi\u00e9rcoles, os quiero comentar una cosilla [&hellip;]<\/p>\n","protected":false},"author":16,"featured_media":8996,"comment_status":"open","ping_status":"open","sticky":false,"template":"","format":"standard","meta":[],"categories":[2],"tags":[49,54,63,81,94,100,151,207,346,616,676,809,962,980],"_links":{"self":[{"href":"https:\/\/blogs.diariosur.es\/tormentas-y-rayos\/wp-json\/wp\/v2\/posts\/8971"}],"collection":[{"href":"https:\/\/blogs.diariosur.es\/tormentas-y-rayos\/wp-json\/wp\/v2\/posts"}],"about":[{"href":"https:\/\/blogs.diariosur.es\/tormentas-y-rayos\/wp-json\/wp\/v2\/types\/post"}],"author":[{"embeddable":true,"href":"https:\/\/blogs.diariosur.es\/tormentas-y-rayos\/wp-json\/wp\/v2\/users\/16"}],"replies":[{"embeddable":true,"href":"https:\/\/blogs.diariosur.es\/tormentas-y-rayos\/wp-json\/wp\/v2\/comments?post=8971"}],"version-history":[{"count":0,"href":"https:\/\/blogs.diariosur.es\/tormentas-y-rayos\/wp-json\/wp\/v2\/posts\/8971\/revisions"}],"wp:featuredmedia":[{"embeddable":true,"href":"https:\/\/blogs.diariosur.es\/tormentas-y-rayos\/wp-json\/wp\/v2\/media\/8996"}],"wp:attachment":[{"href":"https:\/\/blogs.diariosur.es\/tormentas-y-rayos\/wp-json\/wp\/v2\/media?parent=8971"}],"wp:term":[{"taxonomy":"category","embeddable":true,"href":"https:\/\/blogs.diariosur.es\/tormentas-y-rayos\/wp-json\/wp\/v2\/categories?post=8971"},{"taxonomy":"post_tag","embeddable":true,"href":"https:\/\/blogs.diariosur.es\/tormentas-y-rayos\/wp-json\/wp\/v2\/tags?post=8971"}],"curies":[{"name":"wp","href":"https:\/\/api.w.org\/{rel}","templated":true}]}}