{"id":9012,"date":"2014-07-18T09:15:13","date_gmt":"2014-07-18T07:15:13","guid":{"rendered":"http:\/\/blogs.diariosur.es\/tormentas-y-rayos\/?p=9012"},"modified":"2014-07-18T09:15:13","modified_gmt":"2014-07-18T07:15:13","slug":"prevision-del-tiempo-fin-de-semana-en-andalucia-el-terral-y-el-poniente-protagonistas-precaucion-el-sabado-si-salis-a-navegar-por-alboran","status":"publish","type":"post","link":"https:\/\/blogs.diariosur.es\/tormentas-y-rayos\/2014\/07\/18\/prevision-del-tiempo-fin-de-semana-en-andalucia-el-terral-y-el-poniente-protagonistas-precaucion-el-sabado-si-salis-a-navegar-por-alboran\/","title":{"rendered":"Previsi\u00f3n del tiempo fin de semana en Andaluc\u00eda. El terral y el poniente protagonistas. Precauci\u00f3n el s\u00e1bado si sal\u00eds a navegar por Albor\u00e1n.."},"content":{"rendered":"<p>&nbsp;<\/p>\n<p><img loading=\"lazy\" class=\"aligncenter\" src=\"https:\/\/farm3.staticflickr.com\/2898\/14371881571_bbae3518b1_q.jpg\" alt=\"\" width=\"150\" height=\"150\" \/><\/p>\n<p><strong>Buenos d\u00edas amigos de la meteo, son las siete de la ma\u00f1ana, registro en M\u00e1laga Capital 25 grados, cuando he salido de Torre de Benagalb\u00f3n mi estaci\u00f3n me marcaba 22.9. Los cielos est\u00e1n nubosos con nubes tipo altocumulus, que dejan un bonito amanecer.\u00a0<\/strong><\/p>\n<p><a href=\"https:\/\/blogs.diariosur.es\/tormentas-y-rayos\/2014\/07\/18\/prevision-del-tiempo-fin-de-semana-en-andalucia-el-terral-y-el-poniente-protagonistas-precaucion-el-sabado-si-salis-a-navegar-por-alboran\/094-2\/\" rel=\"attachment wp-att-9013\"><img loading=\"lazy\" class=\"aligncenter size-full wp-image-9013\" title=\"094\" src=\"\/tormentas-y-rayos\/wp-content\/uploads\/sites\/12\/2014\/07\/094.jpg\" alt=\"\" width=\"640\" height=\"427\" srcset=\"https:\/\/static-blogs.diariosur.es\/wp-content\/uploads\/sites\/12\/2014\/07\/094.jpg 640w, https:\/\/static-blogs.diariosur.es\/wp-content\/uploads\/sites\/12\/2014\/07\/094-600x400.jpg 600w\" sizes=\"(max-width: 640px) 100vw, 640px\" \/><\/a><\/p>\n<p>&nbsp;<\/p>\n<p><strong>En cuanto os de la previsi\u00f3n del tiempo del fin de semana, os contare lo bien que lo pase ayer en Radio Victoria en el programa el Despertador junto a Roberto L\u00f3pez , Kiko y Med Ziani.<\/strong><\/p>\n<p><strong>Bueno amigos vamos con la previsi\u00f3n del tiempo.<\/strong><\/p>\n<p><strong> Desde el lunes pasado os comentaba que ten\u00edamos una masa de aire c\u00e1lido encima de la\u00a0pen\u00ednsula. Pues la vaguada que se esperaba ha cogido fuerza y traslada la masa de aire\u00a0c\u00e1lido\u00a0hacia el este\u00a0peninsular. Siendo sincero no es normal ver una vaguada de origen polar\u00a0mar\u00edtimo\u00a0en estas fechas, as\u00ed como la corriente en chorro tambi\u00e9n.<\/strong><\/p>\n<p>&nbsp;<\/p>\n<p><strong>En esta imagen del\u00a0sat\u00e9lite\u00a0Eumetsat se ve claramente el peque\u00f1o frente que\u00a0ya afecta a Galic\u00eda y al\u00a0oeste de Portugal. \u00a0Fuente Meteogalicia.<\/strong><\/p>\n<p><a href=\"https:\/\/blogs.diariosur.es\/tormentas-y-rayos\/2014\/07\/18\/prevision-del-tiempo-fin-de-semana-en-andalucia-el-terral-y-el-poniente-protagonistas-precaucion-el-sabado-si-salis-a-navegar-por-alboran\/webexterna_colorir87_05-30-4\/\" rel=\"attachment wp-att-9014\"><img loading=\"lazy\" class=\"aligncenter size-medium wp-image-9014\" title=\"webexterna_ColorIR87_[05-30]\" src=\"\/tormentas-y-rayos\/wp-content\/uploads\/sites\/12\/2014\/07\/webexterna_ColorIR87_05-30.jpg\" alt=\"\" width=\"579\" height=\"400\" srcset=\"https:\/\/static-blogs.diariosur.es\/wp-content\/uploads\/sites\/12\/2014\/07\/webexterna_ColorIR87_05-30.jpg 750w, https:\/\/static-blogs.diariosur.es\/wp-content\/uploads\/sites\/12\/2014\/07\/webexterna_ColorIR87_05-30-579x400.jpg 579w\" sizes=\"(max-width: 579px) 100vw, 579px\" \/><\/a><\/p>\n<p>&nbsp;<\/p>\n<p><strong>En este mapa del modelo gfs se puede distinguir la masa de aire mas fr\u00edo y la mas caliente. Fuente Meteociel.<\/strong><\/p>\n<p><a href=\"https:\/\/blogs.diariosur.es\/tormentas-y-rayos\/2014\/07\/18\/prevision-del-tiempo-fin-de-semana-en-andalucia-el-terral-y-el-poniente-protagonistas-precaucion-el-sabado-si-salis-a-navegar-por-alboran\/captura-371\/\" rel=\"attachment wp-att-9015\"><img loading=\"lazy\" class=\"aligncenter size-medium wp-image-9015\" title=\"Captura\" src=\"\/tormentas-y-rayos\/wp-content\/uploads\/sites\/12\/2014\/07\/Captura8.jpg\" alt=\"\" width=\"575\" height=\"400\" srcset=\"https:\/\/static-blogs.diariosur.es\/wp-content\/uploads\/sites\/12\/2014\/07\/Captura8.jpg 766w, https:\/\/static-blogs.diariosur.es\/wp-content\/uploads\/sites\/12\/2014\/07\/Captura8-576x400.jpg 576w\" sizes=\"(max-width: 575px) 100vw, 575px\" \/><\/a><\/p>\n<p><strong>Todo este rollo que os he metido, \u00a0se traduce en bajadas de temperaturas en la fachada oeste peninsular y norte,\u00a0as\u00ed\u00a0como lluvias y tormentas. En cambio en el levante subir\u00e1n debido\u00a0 al poniente.\u00a0<\/strong><\/p>\n<p><img loading=\"lazy\" class=\"aligncenter\" src=\"https:\/\/farm6.staticflickr.com\/5576\/14447608476_f8e3d33ca9.jpg\" alt=\"\" width=\"400\" height=\"500\" \/><\/p>\n<p>&nbsp;<\/p>\n<p><strong>En Andaluc\u00eda donde mas notaran esta bajada es el Valle del Guadalquivir \u00a0y Huelva. Por contra y debido al viento de poniente \u00a0subir\u00e1n donde este viento le entre de tierra, como es el caso de M\u00e1laga Capital con su famoso terral y la zona del Valle de Almanzora y los V\u00e9lez en Almer\u00eda, que por cierto el\u00a0s\u00e1bado\u00a0entra en aviso amarillo.<\/strong><\/p>\n<p><span style=\"color: #ff00ff;\"><strong>PREVISI\u00d3N PARA M\u00c1LAGA Y SU PROVINCIA.<\/strong><\/span><\/p>\n<p><span style=\"color: #ff0000;\"><strong>Bueno amigos, para M\u00e1laga Capital y su provincia la previsi\u00f3n del tiempo se traduce muy f\u00e1cilmente, bajadas de temperaturas en el interior y zonas expuestas al poniente, y subidas de temperaturas en la costa donde el poniente entre de tierra, es decir terral. Y como no, se dar\u00e1n rachas fuertes de poniente. Hoy viernes ira cambiado el viento a suroeste para mas tarde entrar de poniente.<\/strong><\/span><\/p>\n<p><strong><span style=\"color: #ff0000;\">Mucho me preguntareis y vamos a tener mucho calor el s\u00e1bado y el domingo Jos\u00e9 ???. Todo depender\u00e1 de la temperatura que tengamos 850 hpa ( 1500 m), y aqu\u00ed viene el problema, si la vaguada tiene la suficiente fuerza para trasladar la masa de aire c\u00e1lido africana hacia el este, el terral en cuanto temperatura ser\u00e1 flojito sobre unos 35 grados, si no es as\u00ed podr\u00edamos llegar a los 38 grados. Cuando escribo aun no se han activados avisos por altas temperaturas en M\u00e1laga. <\/span><span style=\"color: #0000ff;\">Otro\u00a0fen\u00f3meno\u00a0que se puede dar jijijiji, es que pueda entrar aire caliente en el Rinc\u00f3n de la Victoria, si se da esto el\u00a0s\u00e1bado, desde\u00a0all\u00ed\u00a0mismo os\u00a0tendr\u00e9\u00a0informados.<a href=\"https:\/\/blogs.diariosur.es\/tormentas-y-rayos\/2012\/07\/16\/porque-el-sabado-el-rincon-de-la-victoria-llego-a-417-grados-record-historico\/\"> Muchos ya\u00a0sab\u00e9is\u00a0porque se puede dar esto.<\/a><\/span><\/strong><\/p>\n<p><strong><span style=\"color: #ff00ff;\">Las rachas fuertes de poniente tomaran protagonismo ma\u00f1ana s\u00e1bado por la noche en la costa\u00a0mediterr\u00e1nea\u00a0andaluza y sobre todo mar adentro. Tener mucha precauci\u00f3n si sal\u00eds con barco a navegar por el Mar de Albor\u00e1n.<\/span><\/strong><\/p>\n<p><a href=\"https:\/\/blogs.diariosur.es\/tormentas-y-rayos\/2014\/07\/18\/prevision-del-tiempo-fin-de-semana-en-andalucia-el-terral-y-el-poniente-protagonistas-precaucion-el-sabado-si-salis-a-navegar-por-alboran\/45-289sp\/\" rel=\"attachment wp-att-9016\"><img loading=\"lazy\" class=\"aligncenter size-large wp-image-9016\" title=\"45-289SP\" src=\"\/tormentas-y-rayos\/wp-content\/uploads\/sites\/12\/2014\/07\/45-289SP.gif\" alt=\"\" width=\"600\" height=\"600\" \/><\/a><\/p>\n<p><span style=\"color: #ff00ff;\"><strong>\u00a0<\/strong><\/span><\/p>\n<p><strong>Poco mas que contar de la previsi\u00f3n.<\/strong><\/p>\n<p><a href=\"https:\/\/blogs.diariosur.es\/tormentas-y-rayos\/2014\/07\/18\/prevision-del-tiempo-fin-de-semana-en-andalucia-el-terral-y-el-poniente-protagonistas-precaucion-el-sabado-si-salis-a-navegar-por-alboran\/attachment\/091\/\" rel=\"attachment wp-att-9017\"><img loading=\"lazy\" class=\"aligncenter size-large wp-image-9017\" title=\"091\" src=\"\/tormentas-y-rayos\/wp-content\/uploads\/sites\/12\/2014\/07\/091.jpg\" alt=\"\" width=\"619\" height=\"600\" srcset=\"https:\/\/static-blogs.diariosur.es\/wp-content\/uploads\/sites\/12\/2014\/07\/091.jpg 640w, https:\/\/static-blogs.diariosur.es\/wp-content\/uploads\/sites\/12\/2014\/07\/091-413x400.jpg 413w\" sizes=\"(max-width: 619px) 100vw, 619px\" \/><\/a><\/p>\n<p><strong>Ayer estuve en Radio Victoria como os comentaba al principio del post. Ademas de saludar Kiko y a \u00a0Roberto Lopez, tambi\u00e9n tuve la suerte de conocer \u00a0 a \u00a0Med Ziani. Mi amigo Med es cantautor y productor musical. Durante la entrevista se escuchaba sus canciones de fondo de su nuevo album\u00a0\u00a0Road to Rifland, es una pasada amigos. Y para broche final nos deleito en directo con su guitarra una preciosa canci\u00f3n. Un fuerte abrazo amigo.<\/strong><\/p>\n<p><a href=\"https:\/\/blogs.diariosur.es\/tormentas-y-rayos\/2014\/07\/18\/prevision-del-tiempo-fin-de-semana-en-andalucia-el-terral-y-el-poniente-protagonistas-precaucion-el-sabado-si-salis-a-navegar-por-alboran\/10448580_559122527543449_300169042509271520_o\/\" rel=\"attachment wp-att-9018\"><img loading=\"lazy\" class=\"aligncenter size-full wp-image-9018\" title=\"10448580_559122527543449_300169042509271520_o\" src=\"\/tormentas-y-rayos\/wp-content\/uploads\/sites\/12\/2014\/07\/10448580_559122527543449_300169042509271520_o.jpg\" alt=\"\" width=\"640\" height=\"360\" \/><\/a><\/p>\n<p>&nbsp;<\/p>\n<p><strong>Esta tarde\u00a0conocer\u00e9\u00a0a mi nieto jijiji, mi hija Lidia esta de casi 8 semanas. Espero ver si es ni\u00f1o o ni\u00f1a, yo quiero ni\u00f1o. Os dejo con estas fotos que he tomado desde el miercoles en Torre de Benagalb\u00f3n.<\/strong><\/p>\n<p><a href=\"https:\/\/blogs.diariosur.es\/tormentas-y-rayos\/2014\/07\/18\/prevision-del-tiempo-fin-de-semana-en-andalucia-el-terral-y-el-poniente-protagonistas-precaucion-el-sabado-si-salis-a-navegar-por-alboran\/attachment\/093\/\" rel=\"attachment wp-att-9019\"><img loading=\"lazy\" class=\"aligncenter size-full wp-image-9019\" title=\"093\" src=\"\/tormentas-y-rayos\/wp-content\/uploads\/sites\/12\/2014\/07\/093.jpg\" alt=\"\" width=\"640\" height=\"427\" srcset=\"https:\/\/static-blogs.diariosur.es\/wp-content\/uploads\/sites\/12\/2014\/07\/093.jpg 640w, https:\/\/static-blogs.diariosur.es\/wp-content\/uploads\/sites\/12\/2014\/07\/093-600x400.jpg 600w\" sizes=\"(max-width: 640px) 100vw, 640px\" \/><\/a><\/p>\n<p>&nbsp;<\/p>\n<p><a href=\"https:\/\/blogs.diariosur.es\/tormentas-y-rayos\/2014\/07\/18\/prevision-del-tiempo-fin-de-semana-en-andalucia-el-terral-y-el-poniente-protagonistas-precaucion-el-sabado-si-salis-a-navegar-por-alboran\/attachment\/097\/\" rel=\"attachment wp-att-9020\"><img loading=\"lazy\" class=\"aligncenter size-full wp-image-9020\" title=\"097\" src=\"\/tormentas-y-rayos\/wp-content\/uploads\/sites\/12\/2014\/07\/097.jpg\" alt=\"\" width=\"640\" height=\"427\" srcset=\"https:\/\/static-blogs.diariosur.es\/wp-content\/uploads\/sites\/12\/2014\/07\/097.jpg 640w, https:\/\/static-blogs.diariosur.es\/wp-content\/uploads\/sites\/12\/2014\/07\/097-600x400.jpg 600w\" sizes=\"(max-width: 640px) 100vw, 640px\" \/><\/a><\/p>\n<p>&nbsp;<\/p>\n<p><a href=\"https:\/\/blogs.diariosur.es\/tormentas-y-rayos\/2014\/07\/18\/prevision-del-tiempo-fin-de-semana-en-andalucia-el-terral-y-el-poniente-protagonistas-precaucion-el-sabado-si-salis-a-navegar-por-alboran\/attachment\/099\/\" rel=\"attachment wp-att-9021\"><img loading=\"lazy\" class=\"aligncenter size-full wp-image-9021\" title=\"099\" src=\"\/tormentas-y-rayos\/wp-content\/uploads\/sites\/12\/2014\/07\/099.jpg\" alt=\"\" width=\"640\" height=\"427\" srcset=\"https:\/\/static-blogs.diariosur.es\/wp-content\/uploads\/sites\/12\/2014\/07\/099.jpg 640w, https:\/\/static-blogs.diariosur.es\/wp-content\/uploads\/sites\/12\/2014\/07\/099-600x400.jpg 600w\" sizes=\"(max-width: 640px) 100vw, 640px\" \/><\/a><\/p>\n","protected":false},"excerpt":{"rendered":"<p>&nbsp; Buenos d\u00edas amigos de la meteo, son las siete de la ma\u00f1ana, registro en M\u00e1laga Capital 25 grados, cuando he salido de Torre de Benagalb\u00f3n mi estaci\u00f3n me marcaba 22.9. Los cielos est\u00e1n nubosos con nubes tipo altocumulus, que dejan un bonito amanecer.\u00a0 &nbsp; En cuanto os de la previsi\u00f3n del tiempo del fin [&hellip;]<\/p>\n","protected":false},"author":16,"featured_media":9016,"comment_status":"open","ping_status":"open","sticky":false,"template":"","format":"standard","meta":[],"categories":[2],"tags":[100,412,791,809,975,980],"_links":{"self":[{"href":"https:\/\/blogs.diariosur.es\/tormentas-y-rayos\/wp-json\/wp\/v2\/posts\/9012"}],"collection":[{"href":"https:\/\/blogs.diariosur.es\/tormentas-y-rayos\/wp-json\/wp\/v2\/posts"}],"about":[{"href":"https:\/\/blogs.diariosur.es\/tormentas-y-rayos\/wp-json\/wp\/v2\/types\/post"}],"author":[{"embeddable":true,"href":"https:\/\/blogs.diariosur.es\/tormentas-y-rayos\/wp-json\/wp\/v2\/users\/16"}],"replies":[{"embeddable":true,"href":"https:\/\/blogs.diariosur.es\/tormentas-y-rayos\/wp-json\/wp\/v2\/comments?post=9012"}],"version-history":[{"count":0,"href":"https:\/\/blogs.diariosur.es\/tormentas-y-rayos\/wp-json\/wp\/v2\/posts\/9012\/revisions"}],"wp:featuredmedia":[{"embeddable":true,"href":"https:\/\/blogs.diariosur.es\/tormentas-y-rayos\/wp-json\/wp\/v2\/media\/9016"}],"wp:attachment":[{"href":"https:\/\/blogs.diariosur.es\/tormentas-y-rayos\/wp-json\/wp\/v2\/media?parent=9012"}],"wp:term":[{"taxonomy":"category","embeddable":true,"href":"https:\/\/blogs.diariosur.es\/tormentas-y-rayos\/wp-json\/wp\/v2\/categories?post=9012"},{"taxonomy":"post_tag","embeddable":true,"href":"https:\/\/blogs.diariosur.es\/tormentas-y-rayos\/wp-json\/wp\/v2\/tags?post=9012"}],"curies":[{"name":"wp","href":"https:\/\/api.w.org\/{rel}","templated":true}]}}