{"id":9026,"date":"2014-07-21T10:23:17","date_gmt":"2014-07-21T08:23:17","guid":{"rendered":"http:\/\/blogs.diariosur.es\/tormentas-y-rayos\/?p=9026"},"modified":"2014-07-21T10:23:17","modified_gmt":"2014-07-21T08:23:17","slug":"prevision-del-tiempo-el-terral-y-el-poniente-nos-da-un-respiro-rincon-de-la-victoria-registra-una-maxima-de-34-5-grados","status":"publish","type":"post","link":"https:\/\/blogs.diariosur.es\/tormentas-y-rayos\/2014\/07\/21\/prevision-del-tiempo-el-terral-y-el-poniente-nos-da-un-respiro-rincon-de-la-victoria-registra-una-maxima-de-34-5-grados\/","title":{"rendered":"Previsi\u00f3n del tiempo. El terral y el poniente nos da un respiro. Rinc\u00f3n de la Victoria registra una maxima de 34.5 grados."},"content":{"rendered":"<p><strong>Buenos dias amigos de la meteo. Os escribo desde un locutorio en el Rinc\u00f3n<\/strong><\/p>\n<p><strong>de la Victoria. Comentaros que el terral y el poniente nos da un respiro y <\/strong><\/p>\n<p><strong>todo hace indicar que seguiremos varios dias mas, incluso con un poco de suerte el proximo fin de semana. Se cumplio mi pronostico y el terral entro en el <\/strong><\/p>\n<p><strong>Rinc\u00f3n , dandose una maxima de 34.5 grados, se supero a M\u00e1laga Capital.<\/strong><\/p>\n<p>\u00a0<strong>La m\u00e1xima de Andaluc\u00eda la dio V\u00e9lez M\u00e1laga con 35.1.<\/strong><\/p>\n<p><strong><a href=\"https:\/\/blogs.diariosur.es\/tormentas-y-rayos\/2012\/07\/16\/porque-el-sabado-el-rincon-de-la-victoria-llego-a-417-grados-record-historico\/\">Os paso el enlace donde explico el por qu\u00e9 llega terral al Rinc\u00f3n.<\/a><\/strong><\/p>\n<p><strong>Poco mas que contar amigos, desde aqui no puedo subir fotos, ni poner graficos<\/strong><\/p>\n<p><strong>, el miercoles si puedo llegarme a M\u00e1laga os pondre alguna foto del candilazo.<\/strong><\/p>\n<p><strong>Daros las gracias por las 65 fotos recibidas del impresionante atardecer que tuvimos. Me va a ser imposible poneros todas las fotos aqui, pero si entrais en facebook las podreis ver en mi muro. Un abrazo.<\/strong><\/p>\n<p><strong><\/strong><\/p>\n","protected":false},"excerpt":{"rendered":"<p>Buenos dias amigos de la meteo. Os escribo desde un locutorio en el Rinc\u00f3n de la Victoria. Comentaros que el terral y el poniente nos da un respiro y todo hace indicar que seguiremos varios dias mas, incluso con un poco de suerte el proximo fin de semana. Se cumplio mi pronostico y el terral [&hellip;]<\/p>\n","protected":false},"author":16,"featured_media":0,"comment_status":"open","ping_status":"open","sticky":false,"template":"","format":"standard","meta":[],"categories":[2],"tags":[],"_links":{"self":[{"href":"https:\/\/blogs.diariosur.es\/tormentas-y-rayos\/wp-json\/wp\/v2\/posts\/9026"}],"collection":[{"href":"https:\/\/blogs.diariosur.es\/tormentas-y-rayos\/wp-json\/wp\/v2\/posts"}],"about":[{"href":"https:\/\/blogs.diariosur.es\/tormentas-y-rayos\/wp-json\/wp\/v2\/types\/post"}],"author":[{"embeddable":true,"href":"https:\/\/blogs.diariosur.es\/tormentas-y-rayos\/wp-json\/wp\/v2\/users\/16"}],"replies":[{"embeddable":true,"href":"https:\/\/blogs.diariosur.es\/tormentas-y-rayos\/wp-json\/wp\/v2\/comments?post=9026"}],"version-history":[{"count":0,"href":"https:\/\/blogs.diariosur.es\/tormentas-y-rayos\/wp-json\/wp\/v2\/posts\/9026\/revisions"}],"wp:attachment":[{"href":"https:\/\/blogs.diariosur.es\/tormentas-y-rayos\/wp-json\/wp\/v2\/media?parent=9026"}],"wp:term":[{"taxonomy":"category","embeddable":true,"href":"https:\/\/blogs.diariosur.es\/tormentas-y-rayos\/wp-json\/wp\/v2\/categories?post=9026"},{"taxonomy":"post_tag","embeddable":true,"href":"https:\/\/blogs.diariosur.es\/tormentas-y-rayos\/wp-json\/wp\/v2\/tags?post=9026"}],"curies":[{"name":"wp","href":"https:\/\/api.w.org\/{rel}","templated":true}]}}