{"id":9029,"date":"2014-07-22T11:31:11","date_gmt":"2014-07-22T09:31:11","guid":{"rendered":"http:\/\/blogs.diariosur.es\/tormentas-y-rayos\/?p=9029"},"modified":"2014-07-22T11:31:11","modified_gmt":"2014-07-22T09:31:11","slug":"de-nuevo-la-niebla-protagonista-en-las-costas-malaguenas-verano-atipico","status":"publish","type":"post","link":"https:\/\/blogs.diariosur.es\/tormentas-y-rayos\/2014\/07\/22\/de-nuevo-la-niebla-protagonista-en-las-costas-malaguenas-verano-atipico\/","title":{"rendered":"De nuevo la niebla protagonista en las Costas Malague\u00f1as.Verano at\u00edpico"},"content":{"rendered":"<p><strong>Buenos d\u00edas amigos de la meteo, son las once y cuarto de la ma\u00f1ana, registro en Torre de Benagalb\u00f3n 20 grados y la niebla es la protagonista.\u00a0 Os escribo desde la biblioteca municipal Manuel Alc\u00e1ntara del Rinc\u00f3n. Ayer comentaba en facebook que el agua del mar de nuevo se hab\u00eda<\/strong> <strong>enfriado despu\u00e9s de los dos d\u00edas de terral. Esto ha hecho que de nuevo la niebla entre en las Costas Malague\u00f1as<\/strong>. <strong>He estado tomando fotos, incluso he fotografiado un arco de niebla, desde aqui no puedo subirlas, pero voy a intentar poner el enlace de facebook donde he puesto algunas hechas con el m\u00f3vil.<\/strong><\/p>\n<p><strong>Sinceramente ya pienso que este verano es un poco at\u00edpico, aunque como muchos sab\u00e9is la niebla se suele dar en junio y primeros dias de julio, pero a la altura del mes que estamos como que no. Tambi\u00e9n la vaguada que entro el pasado fin de semana no es normal que entre a mediados de julio, dejando una bajada considerable de temperaturas tanto m\u00e1ximas como m\u00ednimas en buena parte de la pen\u00ednsula. Ayer os comentaba que el terral nos dar\u00eda un respiro, acabo de ver algunos modelos y hay algunos que dan un poco de poniente a partir del jueves y viernes, lo que no tengo muy claro es si entrara en M\u00e1laga con terral.<\/strong><\/p>\n<p><a href=\"https:\/\/www.facebook.com\/joseluis.escuderogallegos\/posts\/10203163707792499\" rel=\"external nofollow\"><strong>Os dejo con las fotos en este enlace<\/strong><\/a><\/p>\n","protected":false},"excerpt":{"rendered":"<p>Buenos d\u00edas amigos de la meteo, son las once y cuarto de la ma\u00f1ana, registro en Torre de Benagalb\u00f3n 20 grados y la niebla es la protagonista.\u00a0 Os escribo desde la biblioteca municipal Manuel Alc\u00e1ntara del Rinc\u00f3n. Ayer comentaba en facebook que el agua del mar de nuevo se hab\u00eda enfriado despu\u00e9s de los dos [&hellip;]<\/p>\n","protected":false},"author":16,"featured_media":0,"comment_status":"open","ping_status":"open","sticky":false,"template":"","format":"standard","meta":[],"categories":[2],"tags":[143,587,695,864,1009,1052],"_links":{"self":[{"href":"https:\/\/blogs.diariosur.es\/tormentas-y-rayos\/wp-json\/wp\/v2\/posts\/9029"}],"collection":[{"href":"https:\/\/blogs.diariosur.es\/tormentas-y-rayos\/wp-json\/wp\/v2\/posts"}],"about":[{"href":"https:\/\/blogs.diariosur.es\/tormentas-y-rayos\/wp-json\/wp\/v2\/types\/post"}],"author":[{"embeddable":true,"href":"https:\/\/blogs.diariosur.es\/tormentas-y-rayos\/wp-json\/wp\/v2\/users\/16"}],"replies":[{"embeddable":true,"href":"https:\/\/blogs.diariosur.es\/tormentas-y-rayos\/wp-json\/wp\/v2\/comments?post=9029"}],"version-history":[{"count":0,"href":"https:\/\/blogs.diariosur.es\/tormentas-y-rayos\/wp-json\/wp\/v2\/posts\/9029\/revisions"}],"wp:attachment":[{"href":"https:\/\/blogs.diariosur.es\/tormentas-y-rayos\/wp-json\/wp\/v2\/media?parent=9029"}],"wp:term":[{"taxonomy":"category","embeddable":true,"href":"https:\/\/blogs.diariosur.es\/tormentas-y-rayos\/wp-json\/wp\/v2\/categories?post=9029"},{"taxonomy":"post_tag","embeddable":true,"href":"https:\/\/blogs.diariosur.es\/tormentas-y-rayos\/wp-json\/wp\/v2\/tags?post=9029"}],"curies":[{"name":"wp","href":"https:\/\/api.w.org\/{rel}","templated":true}]}}