{"id":9031,"date":"2014-07-23T08:15:27","date_gmt":"2014-07-23T06:15:27","guid":{"rendered":"http:\/\/blogs.diariosur.es\/tormentas-y-rayos\/?p=9031"},"modified":"2014-07-23T08:15:27","modified_gmt":"2014-07-23T06:15:27","slug":"el-tiempo-en-andalucia-posibilidad-de-que-entre-terral-bajan-un-poco-las-maximas-en-buena-parte-de-andalucia-fotos-arco-de-niebla","status":"publish","type":"post","link":"https:\/\/blogs.diariosur.es\/tormentas-y-rayos\/2014\/07\/23\/el-tiempo-en-andalucia-posibilidad-de-que-entre-terral-bajan-un-poco-las-maximas-en-buena-parte-de-andalucia-fotos-arco-de-niebla\/","title":{"rendered":"El tiempo en Andaluc\u00eda. Posibilidad de que entre terral. Bajan un poco las m\u00e1ximas en buena parte de Andaluc\u00eda. Fotos arco de niebla."},"content":{"rendered":"<p><img loading=\"lazy\" class=\"aligncenter\" src=\"https:\/\/farm3.staticflickr.com\/2898\/14371881571_bbae3518b1_q.jpg\" alt=\"\" width=\"150\" height=\"150\" \/><\/p>\n<p>&nbsp;<\/p>\n<p><strong>Buenos dias amigos de la meteo. \u00a0Son las seis y media de la ma\u00f1ana, registro en M\u00e1laga Capital 22 grados, cuando salia de Torre de Benagalb\u00f3n a las seis menos cuarto se registraba en esa zona 19.9 grados, la humedad era de casi el 80 %. La\u00a0roc\u00eda en los coches era una pasada.<\/strong><\/p>\n<p><strong>Antes de nada quiero dar un fuerte abrazo a Jose Lupia\u00f1ez \u00a0y a Fernando , encantado de conoceros amigos.<\/strong><\/p>\n<p><strong><span style=\"color: #0000ff;\">Bueno amigos, no pensaba actualizar el blog, \u00a0pero esta ma\u00f1ana tenia que resolver unos asuntos de papeleo en la capital y como hay posibilidad de que durante la\u00a0pr\u00f3xima\u00a0madrugada entre el terra,l pues\u00a0estoy aqui delante del ordenador viendo modelos, pero modelos de tiempo ehhhhh. Y que no cunda el\u00a0p\u00e1nico, que si se da durara poco.<\/span><\/strong><\/p>\n<p>&nbsp;<\/p>\n<p>&nbsp;<\/p>\n<p><span style=\"color: #0000ff;\"><strong>El lunes pasado cuando\u00a0actualice\u00a0el blog, os comentaba que el terral no\u00a0entrar\u00eda\u00a0esta semana, pues como la meteo es\u00a0as\u00ed\u00a0de caprichosa, ma\u00f1ana y algunas horas del viernes hay posibilidad de que en\u00a0M\u00e1laga Capital entre aire caliente, asi como en zonas expuestas a este viento c\u00f3mo este caso de \u00a0V\u00e9lez M\u00e1laga, Estepona etc etc. Os doy una explicaci\u00f3n muy sencilla del por qu\u00e9 pasara esto.<\/strong><\/span><\/p>\n<p><span style=\"color: #0000ff;\"><strong>Se acerca un frente<\/strong>\u00a0<strong>muy poco activo al noroeste peninsular acompa\u00f1ado de una vaguada, esto\u00a0har\u00e1\u00a0que los vientos que hasta hace unos dias soplaban entre sur sureste, cambien al oeste.\u00a0Aqu\u00ed\u00a0pod\u00e9is\u00a0ver el frente en una imagen\u00a0del\u00a0sat\u00e9lite\u00a0eumetsat fuente meteogalicia, y un mapa\u00a0isob\u00e1rico\u00a0fuente metoficce.<\/strong><\/span><\/p>\n<p>&nbsp;<\/p>\n<p><span style=\"color: #0000ff;\"><a href=\"https:\/\/blogs.diariosur.es\/tormentas-y-rayos\/2014\/07\/23\/el-tiempo-en-andalucia-posibilidad-de-que-entre-terral-bajan-un-poco-las-maximas-en-buena-parte-de-andalucia-fotos-arco-de-niebla\/webexterna_colorir87_04-30-5\/\" rel=\"attachment wp-att-9032\"><span style=\"color: #0000ff;\"><img loading=\"lazy\" class=\"aligncenter size-medium wp-image-9032\" title=\"webexterna_ColorIR87_[04-30]\" src=\"\/tormentas-y-rayos\/wp-content\/uploads\/sites\/12\/2014\/07\/webexterna_ColorIR87_04-30.jpg\" alt=\"\" width=\"579\" height=\"400\" srcset=\"https:\/\/static-blogs.diariosur.es\/wp-content\/uploads\/sites\/12\/2014\/07\/webexterna_ColorIR87_04-30.jpg 750w, https:\/\/static-blogs.diariosur.es\/wp-content\/uploads\/sites\/12\/2014\/07\/webexterna_ColorIR87_04-30-579x400.jpg 579w\" sizes=\"(max-width: 579px) 100vw, 579px\" \/><\/span><\/a><\/span><\/p>\n<p>&nbsp;<\/p>\n<p><span style=\"color: #0000ff;\"><a href=\"https:\/\/blogs.diariosur.es\/tormentas-y-rayos\/2014\/07\/23\/el-tiempo-en-andalucia-posibilidad-de-que-entre-terral-bajan-un-poco-las-maximas-en-buena-parte-de-andalucia-fotos-arco-de-niebla\/captura-372\/\" rel=\"attachment wp-att-9034\"><span style=\"color: #0000ff;\"><img loading=\"lazy\" class=\"aligncenter size-medium wp-image-9034\" title=\"Captura\" src=\"\/tormentas-y-rayos\/wp-content\/uploads\/sites\/12\/2014\/07\/Captura9.jpg\" alt=\"\" width=\"600\" height=\"392\" srcset=\"https:\/\/static-blogs.diariosur.es\/wp-content\/uploads\/sites\/12\/2014\/07\/Captura9.jpg 1057w, https:\/\/static-blogs.diariosur.es\/wp-content\/uploads\/sites\/12\/2014\/07\/Captura9-612x400.jpg 612w, https:\/\/static-blogs.diariosur.es\/wp-content\/uploads\/sites\/12\/2014\/07\/Captura9-768x502.jpg 768w\" sizes=\"(max-width: 600px) 100vw, 600px\" \/><\/span><\/a><\/span><\/p>\n<p><strong><span style=\"color: #0000ff;\">Esto\u00a0traer\u00e1\u00a0consigo una bajada de las\u00a0m\u00e1ximas \u00a0ma\u00f1ana jueves y el viernes en el Valle del Guadalquivir e interior oriental. Por contra y si llega a entrar el terral,\u00a0subir\u00e1n\u00a0las\u00a0m\u00e1ximas\u00a0en las zonas\u00a0donde\u00a0este viento le viene de tierra. <\/span><span style=\"color: #0000ff;\">Mi duda esta en la velocidad del poniente y si sera capaz de subir las monta\u00f1as que rodean a M\u00e1laga Capital y calentarse por compresi\u00f3n adiabatica. Si os soy sincero no lo tengo\u00a0muy\u00a0claro, se puede dar el caso que por la zona de teatinos, aeropuerto y Valle del Guadalhorce si entrase, y se pudiera\u00a0<\/span><span style=\"color: #ff0000;\">registrar<\/span><span style=\"color: #0000ff;\"><span style=\"color: #ff0000;\"><span style=\"color: #ff0000;\">\u00a0<\/span>m\u00e1ximas<\/span><span style=\"color: #ff0000;\">\u00a0cercanas a los 36, en cambio en zonas\u00a0cercanas al litoral de la capital no llegue a los 32.<\/span><\/span><\/strong><\/p>\n<p><span style=\"color: #0000ff;\"><strong>De todas formas el terral durara pocas horas, y el viernes desde primeras horas de la ma\u00f1ana ira cambiando. Asi que lo mismo disfrutareis de un estupendo fin de semana.<\/strong><\/span><\/p>\n<p><span style=\"color: #0000ff;\"><strong>Poco mas que contar amigos de la meteo sobre la predicci\u00f3n de estos\u00a0pr\u00f3ximos\u00a0dias.<\/strong><\/span><\/p>\n<p><strong><span style=\"color: #008000;\">Ayer disfrute de lo lindo con la niebla,\u00a0cog\u00ed\u00a0la moto sobre las ocho de la ma\u00f1ana y tire para Benajarafe, y tuve una doble sorpresa,\u00a0consegu\u00ed\u00a0fotografiar un arco de niebla\u00a0all\u00ed,\u00a0y mas tarde otro en Torre\u00a0de\u00a0Benagalb\u00f3n, este ultimo me lo puso M\u00f3nica en el tiempo de la primera cadena. Os paso algunas fotos.<\/span><\/strong><\/p>\n<p><img loading=\"lazy\" class=\"aligncenter\" src=\"https:\/\/farm6.staticflickr.com\/5588\/14700066976_c25f448f1b_z.jpg\" alt=\"\" width=\"640\" height=\"427\" \/><\/p>\n<p>&nbsp;<\/p>\n<p><img loading=\"lazy\" class=\"aligncenter\" src=\"https:\/\/farm4.staticflickr.com\/3884\/14536411468_e699fa56c5_z.jpg\" alt=\"\" width=\"640\" height=\"381\" \/><\/p>\n<p>&nbsp;<\/p>\n<p><strong>Os dejo con estas fotos que tome el\u00a0s\u00e1bado\u00a019 de julio, cuando una vaguada cruzo la\u00a0pen\u00ednsula. El viernes desde la Biblioteca de Torre de Benagalb\u00f3n intentare daros la previsi\u00f3n del fin de semana.<\/strong><\/p>\n<p>&nbsp;<\/p>\n<p><img loading=\"lazy\" class=\"aligncenter\" src=\"https:\/\/farm6.staticflickr.com\/5566\/14723067975_104d64baa3_z.jpg\" alt=\"\" width=\"640\" height=\"427\" \/><\/p>\n<p>&nbsp;<\/p>\n<p><img loading=\"lazy\" class=\"aligncenter\" src=\"https:\/\/farm3.staticflickr.com\/2935\/14536421189_2ef9b7c23c_z.jpg\" alt=\"\" width=\"640\" height=\"427\" \/><\/p>\n<p>&nbsp;<\/p>\n<p>&nbsp;<\/p>\n<p><img loading=\"lazy\" class=\"aligncenter\" src=\"https:\/\/farm6.staticflickr.com\/5562\/14536619057_fd02caee21_z.jpg\" alt=\"\" width=\"640\" height=\"427\" \/><\/p>\n<p>&nbsp;<\/p>\n<p>&nbsp;<\/p>\n","protected":false},"excerpt":{"rendered":"<p>&nbsp; Buenos dias amigos de la meteo. \u00a0Son las seis y media de la ma\u00f1ana, registro en M\u00e1laga Capital 22 grados, cuando salia de Torre de Benagalb\u00f3n a las seis menos cuarto se registraba en esa zona 19.9 grados, la humedad era de casi el 80 %. La\u00a0roc\u00eda en los coches era una pasada. Antes [&hellip;]<\/p>\n","protected":false},"author":16,"featured_media":9035,"comment_status":"open","ping_status":"open","sticky":false,"template":"","format":"standard","meta":[],"categories":[2],"tags":[100,125,164,358,424,962,975],"_links":{"self":[{"href":"https:\/\/blogs.diariosur.es\/tormentas-y-rayos\/wp-json\/wp\/v2\/posts\/9031"}],"collection":[{"href":"https:\/\/blogs.diariosur.es\/tormentas-y-rayos\/wp-json\/wp\/v2\/posts"}],"about":[{"href":"https:\/\/blogs.diariosur.es\/tormentas-y-rayos\/wp-json\/wp\/v2\/types\/post"}],"author":[{"embeddable":true,"href":"https:\/\/blogs.diariosur.es\/tormentas-y-rayos\/wp-json\/wp\/v2\/users\/16"}],"replies":[{"embeddable":true,"href":"https:\/\/blogs.diariosur.es\/tormentas-y-rayos\/wp-json\/wp\/v2\/comments?post=9031"}],"version-history":[{"count":0,"href":"https:\/\/blogs.diariosur.es\/tormentas-y-rayos\/wp-json\/wp\/v2\/posts\/9031\/revisions"}],"wp:featuredmedia":[{"embeddable":true,"href":"https:\/\/blogs.diariosur.es\/tormentas-y-rayos\/wp-json\/wp\/v2\/media\/9035"}],"wp:attachment":[{"href":"https:\/\/blogs.diariosur.es\/tormentas-y-rayos\/wp-json\/wp\/v2\/media?parent=9031"}],"wp:term":[{"taxonomy":"category","embeddable":true,"href":"https:\/\/blogs.diariosur.es\/tormentas-y-rayos\/wp-json\/wp\/v2\/categories?post=9031"},{"taxonomy":"post_tag","embeddable":true,"href":"https:\/\/blogs.diariosur.es\/tormentas-y-rayos\/wp-json\/wp\/v2\/tags?post=9031"}],"curies":[{"name":"wp","href":"https:\/\/api.w.org\/{rel}","templated":true}]}}