{"id":9036,"date":"2014-07-25T09:41:23","date_gmt":"2014-07-25T07:41:23","guid":{"rendered":"http:\/\/blogs.diariosur.es\/tormentas-y-rayos\/?p=9036"},"modified":"2014-07-25T09:41:23","modified_gmt":"2014-07-25T07:41:23","slug":"prevision-del-tiempo-este-fin-de-semana-si-podemos-no-soplara-poniente-ni-terral-fuerte","status":"publish","type":"post","link":"https:\/\/blogs.diariosur.es\/tormentas-y-rayos\/2014\/07\/25\/prevision-del-tiempo-este-fin-de-semana-si-podemos-no-soplara-poniente-ni-terral-fuerte\/","title":{"rendered":"Previsi\u00f3n del tiempo. Este fin de semana si Podemos, no soplara poniente ni terral fuerte"},"content":{"rendered":"<p><img loading=\"lazy\" class=\"aligncenter\" src=\"https:\/\/farm6.staticflickr.com\/5566\/14568830453_8e0522e3fc_q.jpg\" alt=\"\" width=\"150\" height=\"150\" \/><\/p>\n<p>&nbsp;<\/p>\n<p>&nbsp;<\/p>\n<p style=\"text-align: left;\"><strong>Hola amigos de la meteo. <\/strong><\/p>\n<p style=\"text-align: left;\"><strong>Son las nueve de la ma\u00f1ana, de nuevo os escribo desde la Biblioteca Municipal Manuel Alc\u00e1ntara de\u00a0 Torre de Benagalb\u00f3n. Registro 22 grados y los cielos est\u00e1n despejados. Las m\u00e1ximas en M\u00e1laga capital rondar\u00e1n los 34 grados, ser\u00e1 un terralillo flojo.<\/strong><\/p>\n<p style=\"text-align: left;\"><strong>Aqu\u00ed en Torre de Benagalb\u00f3n no pasaremos de 26. <\/strong><\/p>\n<p style=\"text-align: left;\"><strong>Muy corto hoy el post, ya que me quedan muy pocas horas para que se me terminen las vacaciones jijiji. Este\u00a0pr\u00f3ximo\u00a0fin de semana si podemos jijijij y no\u00a0tendr\u00e1\u00a0que ver nada con el que tuvimos hace una semana, donde el fuerte poniente y el terral fueron los protagonistas. En litoral\u00a0mediterr\u00e1neo\u00a0andaluz soplara sur sureste flojo, esto puede traer algunas brumas si el agua sigue fr\u00eda. En el litoral\u00a0atl\u00e1ntico\u00a0andaluz los vientos\u00a0soplaran del suroeste y de\u00a0 poniente moderado en el Estrecho. Subir\u00e1n\u00a0las\u00a0m\u00e1ximas un poco en el Valle del Guadalquivir e interior de Andaluc\u00eda, pero no\u00a0espero\u00a0que se lleguen a los 40 grados. Asi que disfrutar un mont\u00f3n,\u00a0 <span style=\"color: #ff0000;\">que lo mismo el primer fin de semana de agosto se vuelve a estropear.<\/span><br \/>\n<\/strong><\/p>\n<p>\u00a0<strong>El jueves se cumpli\u00f3 mi pronostico y entro el terral. Fue curioso que la m\u00e1xima se dio en el Aeropuerto y Teatinos con 36 y 37 grados, pero sobre las doce del mediod\u00eda, a partir de ese momento bajo 10 grados en apenas una hora. En cambio en la zona de Estepona el terral sigui\u00f3 de protagonista todo el d\u00eda. Al Puerto Malague\u00f1o, y a otras barriadas de M\u00e1laga Capital no llego. En el post que abr\u00ed el mi\u00e9rcoles ya lo anunciaba. Os paso unos gr\u00e1ficos. Fuente Aemet.<br \/>\n<\/strong><\/p>\n<p>&nbsp;<\/p>\n<p><a href=\"https:\/\/blogs.diariosur.es\/tormentas-y-rayos\/2014\/07\/25\/prevision-del-tiempo-este-fin-de-semana-si-podemos-no-soplara-poniente-ni-terral-fuerte\/10477389_10203184395669683_3436443399737536663_n-2\/\" rel=\"attachment wp-att-9043\"><img loading=\"lazy\" class=\"aligncenter size-large wp-image-9043\" title=\"10477389_10203184395669683_3436443399737536663_n\" src=\"\/tormentas-y-rayos\/wp-content\/uploads\/sites\/12\/2014\/07\/10477389_10203184395669683_3436443399737536663_n1.jpg\" alt=\"\" width=\"337\" height=\"600\" srcset=\"https:\/\/static-blogs.diariosur.es\/wp-content\/uploads\/sites\/12\/2014\/07\/10477389_10203184395669683_3436443399737536663_n1.jpg 540w, https:\/\/static-blogs.diariosur.es\/wp-content\/uploads\/sites\/12\/2014\/07\/10477389_10203184395669683_3436443399737536663_n1-225x400.jpg 225w\" sizes=\"(max-width: 337px) 100vw, 337px\" \/><\/a><\/p>\n<p>&nbsp;<\/p>\n<p><a href=\"https:\/\/blogs.diariosur.es\/tormentas-y-rayos\/2014\/07\/25\/prevision-del-tiempo-este-fin-de-semana-si-podemos-no-soplara-poniente-ni-terral-fuerte\/10474645_10203184393909639_3952373339524077039_n\/\" rel=\"attachment wp-att-9044\"><img loading=\"lazy\" class=\"aligncenter size-large wp-image-9044\" title=\"10474645_10203184393909639_3952373339524077039_n\" src=\"\/tormentas-y-rayos\/wp-content\/uploads\/sites\/12\/2014\/07\/10474645_10203184393909639_3952373339524077039_n.jpg\" alt=\"\" width=\"337\" height=\"600\" srcset=\"https:\/\/static-blogs.diariosur.es\/wp-content\/uploads\/sites\/12\/2014\/07\/10474645_10203184393909639_3952373339524077039_n.jpg 540w, https:\/\/static-blogs.diariosur.es\/wp-content\/uploads\/sites\/12\/2014\/07\/10474645_10203184393909639_3952373339524077039_n-225x400.jpg 225w\" sizes=\"(max-width: 337px) 100vw, 337px\" \/><\/a><\/p>\n<p><strong>El terral es asi de caprichoso amigos de la meteo, y hablando de terral, ayer por la noche mi amigo Miguel \u00c1ngel \u00c1vila me regalo un mapa de M\u00e1laga en relieve que es una pasada. Me viene estupendo para seguir estudiando el terral. Mi cu\u00f1ado Fefo y Yo estamos preparando como una tesis jijijij, del estudio del terral. <\/strong><\/p>\n<p><strong>Miguel muchas gracias tambi\u00e9n por el libro, un abrazo.<\/strong><\/p>\n<p><strong>El lunes ya entro al curro, llegare el domingo a M\u00e1laga, pero tranquilos que a primera hora del lunes os actulizare el blog, ya veremos si se cumplen los modelos para el pr\u00f3ximo fin de semana. Si es asi, una potente vaguada visitara la pen\u00ednsula.<br \/>\n<\/strong><\/p>\n<p>&nbsp;<\/p>\n<p><strong>Os dejo con esta foto que tome la semana pasada aqu\u00ed en Torre.<\/strong><\/p>\n<p>&nbsp;<\/p>\n<p><a href=\"https:\/\/blogs.diariosur.es\/tormentas-y-rayos\/2014\/07\/25\/prevision-del-tiempo-este-fin-de-semana-si-podemos-no-soplara-poniente-ni-terral-fuerte\/008-11\/\" rel=\"attachment wp-att-9039\"><img loading=\"lazy\" class=\"aligncenter size-full wp-image-9039\" title=\"008\" src=\"\/tormentas-y-rayos\/wp-content\/uploads\/sites\/12\/2014\/07\/008.jpg\" alt=\"\" width=\"640\" height=\"427\" srcset=\"https:\/\/static-blogs.diariosur.es\/wp-content\/uploads\/sites\/12\/2014\/07\/008.jpg 640w, https:\/\/static-blogs.diariosur.es\/wp-content\/uploads\/sites\/12\/2014\/07\/008-600x400.jpg 600w\" sizes=\"(max-width: 640px) 100vw, 640px\" \/><\/a><\/p>\n","protected":false},"excerpt":{"rendered":"<p>&nbsp; &nbsp; Hola amigos de la meteo. Son las nueve de la ma\u00f1ana, de nuevo os escribo desde la Biblioteca Municipal Manuel Alc\u00e1ntara de\u00a0 Torre de Benagalb\u00f3n. Registro 22 grados y los cielos est\u00e1n despejados. Las m\u00e1ximas en M\u00e1laga capital rondar\u00e1n los 34 grados, ser\u00e1 un terralillo flojo. Aqu\u00ed en Torre de Benagalb\u00f3n no pasaremos [&hellip;]<\/p>\n","protected":false},"author":16,"featured_media":9038,"comment_status":"open","ping_status":"open","sticky":false,"template":"","format":"standard","meta":[],"categories":[2],"tags":[412,786,791,809,975,980],"_links":{"self":[{"href":"https:\/\/blogs.diariosur.es\/tormentas-y-rayos\/wp-json\/wp\/v2\/posts\/9036"}],"collection":[{"href":"https:\/\/blogs.diariosur.es\/tormentas-y-rayos\/wp-json\/wp\/v2\/posts"}],"about":[{"href":"https:\/\/blogs.diariosur.es\/tormentas-y-rayos\/wp-json\/wp\/v2\/types\/post"}],"author":[{"embeddable":true,"href":"https:\/\/blogs.diariosur.es\/tormentas-y-rayos\/wp-json\/wp\/v2\/users\/16"}],"replies":[{"embeddable":true,"href":"https:\/\/blogs.diariosur.es\/tormentas-y-rayos\/wp-json\/wp\/v2\/comments?post=9036"}],"version-history":[{"count":0,"href":"https:\/\/blogs.diariosur.es\/tormentas-y-rayos\/wp-json\/wp\/v2\/posts\/9036\/revisions"}],"wp:featuredmedia":[{"embeddable":true,"href":"https:\/\/blogs.diariosur.es\/tormentas-y-rayos\/wp-json\/wp\/v2\/media\/9038"}],"wp:attachment":[{"href":"https:\/\/blogs.diariosur.es\/tormentas-y-rayos\/wp-json\/wp\/v2\/media?parent=9036"}],"wp:term":[{"taxonomy":"category","embeddable":true,"href":"https:\/\/blogs.diariosur.es\/tormentas-y-rayos\/wp-json\/wp\/v2\/categories?post=9036"},{"taxonomy":"post_tag","embeddable":true,"href":"https:\/\/blogs.diariosur.es\/tormentas-y-rayos\/wp-json\/wp\/v2\/tags?post=9036"}],"curies":[{"name":"wp","href":"https:\/\/api.w.org\/{rel}","templated":true}]}}