{"id":9046,"date":"2014-07-28T07:49:10","date_gmt":"2014-07-28T05:49:10","guid":{"rendered":"http:\/\/blogs.diariosur.es\/tormentas-y-rayos\/?p=9046"},"modified":"2014-07-28T07:49:10","modified_gmt":"2014-07-28T05:49:10","slug":"prevision-del-tiempo-en-andalucia-la-aemet-activa-el-aviso-amarillo-por-altas-temperaturas-en-malaga-y-levante-almeriense","status":"publish","type":"post","link":"https:\/\/blogs.diariosur.es\/tormentas-y-rayos\/2014\/07\/28\/prevision-del-tiempo-en-andalucia-la-aemet-activa-el-aviso-amarillo-por-altas-temperaturas-en-malaga-y-levante-almeriense\/","title":{"rendered":"Previsi\u00f3n del tiempo en Andaluc\u00eda. La Aemet desactiva el aviso amarillo por altas temperaturas en &#8220;M\u00e1laga&#8221; y levante Almeriense."},"content":{"rendered":"<p><img loading=\"lazy\" class=\"aligncenter\" src=\"https:\/\/farm3.staticflickr.com\/2898\/14371881571_bbae3518b1_q.jpg\" alt=\"\" width=\"150\" height=\"150\" \/><\/p>\n<p>&nbsp;<\/p>\n<p><span style=\"color: #0000ff;\"><strong>ULTIMA HORA: LA AEMET DESACTIVA EL AVISO AMARILLO POR ALTAS TEMPERATURAS.<\/strong><\/span><\/p>\n<p><span style=\"color: #0000ff;\"><strong>De todas formas esto no quiere decir que no entre terral, simplemente que no se\u00a0sobrepasaran\u00a0los 36 grados. En cambio para ma\u00f1ana martes sera por\u00a0fen\u00f3menos\u00a0costeros.\u00a0<\/strong><\/span><\/p>\n<p><a href=\"https:\/\/blogs.diariosur.es\/tormentas-y-rayos\/2014\/07\/28\/prevision-del-tiempo-en-andalucia-la-aemet-activa-el-aviso-amarillo-por-altas-temperaturas-en-malaga-y-levante-almeriense\/captura-380\/\" rel=\"attachment wp-att-9065\"><img loading=\"lazy\" class=\"aligncenter size-medium wp-image-9065\" title=\"Captura\" src=\"\/tormentas-y-rayos\/wp-content\/uploads\/sites\/12\/2014\/07\/Captura17.jpg\" alt=\"\" width=\"570\" height=\"400\" srcset=\"https:\/\/static-blogs.diariosur.es\/wp-content\/uploads\/sites\/12\/2014\/07\/Captura17.jpg 625w, https:\/\/static-blogs.diariosur.es\/wp-content\/uploads\/sites\/12\/2014\/07\/Captura17-571x400.jpg 571w\" sizes=\"(max-width: 570px) 100vw, 570px\" \/><\/a><\/p>\n<p>&nbsp;<\/p>\n<p>&nbsp;<\/p>\n<p><strong>Buenos dias amigos de la meteo. Son las seis de la ma\u00f1ana, registro 23 grados y los cielos est\u00e1n poco nubosos. <\/strong><\/p>\n<p><strong><\/strong><strong>La aemet activa hoy lunes \u00a0el aviso amarillo por altas temperaturas en M\u00e1laga Capital, Guadalhorce, y en el levante Almeriense.<\/strong> <strong><span style=\"color: #ff0000;\">Sinceramente no esperaba esta aviso para hoy \u00a0lunes en M\u00e1laga<\/span>, particularmente pensaba que el viento de terral\u00a0entrar\u00eda\u00a0a ultima hora de la tarde en la capital.\u00a0<\/strong>\u00a0<strong>Para ma\u00f1ana martes tambi\u00e9n se ha activado el aviso amarillo, por temperaturas que pueden llegar a los 36.\u00a0<\/strong><\/p>\n<p><strong> Donde mas calor\u00a0har\u00e1\u00a0hoy sera en el Valle del Guadalhorce, y <span style=\"color: #ff00ff;\">sera ma\u00f1ana martes cuando la capital registre mas temperatura.<\/span><\/strong><\/p>\n<p><img loading=\"lazy\" class=\"aligncenter\" src=\"https:\/\/farm6.staticflickr.com\/5576\/14447608476_f8e3d33ca9.jpg\" alt=\"\" width=\"400\" height=\"500\" \/><\/p>\n<p><strong><\/strong><strong><a href=\"https:\/\/blogs.diariosur.es\/tormentas-y-rayos\/2014\/07\/28\/prevision-del-tiempo-en-andalucia-la-aemet-activa-el-aviso-amarillo-por-altas-temperaturas-en-malaga-y-levante-almeriense\/1-58\/\" rel=\"attachment wp-att-9047\"><img loading=\"lazy\" class=\"aligncenter size-full wp-image-9047\" title=\"1\" src=\"\/tormentas-y-rayos\/wp-content\/uploads\/sites\/12\/2014\/07\/13.jpg\" alt=\"\" width=\"617\" height=\"445\" srcset=\"https:\/\/static-blogs.diariosur.es\/wp-content\/uploads\/sites\/12\/2014\/07\/13.jpg 617w, https:\/\/static-blogs.diariosur.es\/wp-content\/uploads\/sites\/12\/2014\/07\/13-555x400.jpg 555w\" sizes=\"(max-width: 617px) 100vw, 617px\" \/><\/a>\u00a0<\/strong> <a href=\"https:\/\/blogs.diariosur.es\/tormentas-y-rayos\/2014\/07\/28\/prevision-del-tiempo-en-andalucia-la-aemet-activa-el-aviso-amarillo-por-altas-temperaturas-en-malaga-y-levante-almeriense\/3-37\/\" rel=\"attachment wp-att-9048\"><img loading=\"lazy\" class=\"aligncenter size-full wp-image-9048\" title=\"3\" src=\"\/tormentas-y-rayos\/wp-content\/uploads\/sites\/12\/2014\/07\/32.jpg\" alt=\"\" width=\"589\" height=\"151\" \/><\/a> <a href=\"https:\/\/blogs.diariosur.es\/tormentas-y-rayos\/2014\/07\/28\/prevision-del-tiempo-en-andalucia-la-aemet-activa-el-aviso-amarillo-por-altas-temperaturas-en-malaga-y-levante-almeriense\/2-48\/\" rel=\"attachment wp-att-9049\"><img loading=\"lazy\" class=\"aligncenter size-medium wp-image-9049\" title=\"2\" src=\"\/tormentas-y-rayos\/wp-content\/uploads\/sites\/12\/2014\/07\/24.jpg\" alt=\"\" width=\"600\" height=\"369\" srcset=\"https:\/\/static-blogs.diariosur.es\/wp-content\/uploads\/sites\/12\/2014\/07\/24.jpg 689w, https:\/\/static-blogs.diariosur.es\/wp-content\/uploads\/sites\/12\/2014\/07\/24-640x394.jpg 640w\" sizes=\"(max-width: 600px) 100vw, 600px\" \/><\/a> <a href=\"https:\/\/blogs.diariosur.es\/tormentas-y-rayos\/2014\/07\/28\/prevision-del-tiempo-en-andalucia-la-aemet-activa-el-aviso-amarillo-por-altas-temperaturas-en-malaga-y-levante-almeriense\/4-10\/\" rel=\"attachment wp-att-9050\"><img loading=\"lazy\" class=\"aligncenter size-medium wp-image-9050\" title=\"4\" src=\"\/tormentas-y-rayos\/wp-content\/uploads\/sites\/12\/2014\/07\/41.jpg\" alt=\"\" width=\"600\" height=\"133\" srcset=\"https:\/\/static-blogs.diariosur.es\/wp-content\/uploads\/sites\/12\/2014\/07\/41.jpg 660w, https:\/\/static-blogs.diariosur.es\/wp-content\/uploads\/sites\/12\/2014\/07\/41-640x143.jpg 640w\" sizes=\"(max-width: 600px) 100vw, 600px\" \/><\/a> \u00a0 <strong>Este cambio de viento se debe a que el Anticicl\u00f3n de las Azores sube \u00a0de latitud, en \u00a0su lugar lo ocupara una dana, ademas una depresi\u00f3n aislada en altura\u00a0<\/strong><strong>\u00a0se\u00a0sit\u00faa\u00a0sobre el sur de Francia con un frente asociado. \u00a0Esto\u00a0har\u00e1\u00a0que los vientos giren al norte y noroeste en la\u00a0pen\u00ednsula. Os paso un par de mapas, donde\u00a0podr\u00e9is\u00a0ver claramente lo que os comento. Fuente aemet y meteooffice.<\/strong><\/p>\n<p><a href=\"https:\/\/blogs.diariosur.es\/tormentas-y-rayos\/2014\/07\/28\/prevision-del-tiempo-en-andalucia-la-aemet-activa-el-aviso-amarillo-por-altas-temperaturas-en-malaga-y-levante-almeriense\/captura-373\/\" rel=\"attachment wp-att-9055\"><img loading=\"lazy\" class=\"aligncenter size-medium wp-image-9055\" title=\"Captura\" src=\"\/tormentas-y-rayos\/wp-content\/uploads\/sites\/12\/2014\/07\/Captura10.jpg\" alt=\"\" width=\"559\" height=\"400\" srcset=\"https:\/\/static-blogs.diariosur.es\/wp-content\/uploads\/sites\/12\/2014\/07\/Captura10.jpg 754w, https:\/\/static-blogs.diariosur.es\/wp-content\/uploads\/sites\/12\/2014\/07\/Captura10-560x400.jpg 560w\" sizes=\"(max-width: 559px) 100vw, 559px\" \/><\/a><\/p>\n<p>&nbsp;<\/p>\n<p>&nbsp;<\/p>\n<p>&nbsp;<\/p>\n<p><a href=\"https:\/\/blogs.diariosur.es\/tormentas-y-rayos\/2014\/07\/28\/prevision-del-tiempo-en-andalucia-la-aemet-activa-el-aviso-amarillo-por-altas-temperaturas-en-malaga-y-levante-almeriense\/z1-17\/\" rel=\"attachment wp-att-9054\"><img loading=\"lazy\" class=\"aligncenter size-medium wp-image-9054\" title=\"z1\" src=\"\/tormentas-y-rayos\/wp-content\/uploads\/sites\/12\/2014\/07\/z13.jpg\" alt=\"\" width=\"600\" height=\"324\" srcset=\"https:\/\/static-blogs.diariosur.es\/wp-content\/uploads\/sites\/12\/2014\/07\/z13.jpg 1066w, https:\/\/static-blogs.diariosur.es\/wp-content\/uploads\/sites\/12\/2014\/07\/z13-640x346.jpg 640w, https:\/\/static-blogs.diariosur.es\/wp-content\/uploads\/sites\/12\/2014\/07\/z13-768x415.jpg 768w\" sizes=\"(max-width: 600px) 100vw, 600px\" \/><\/a><\/p>\n<p><a href=\"https:\/\/blogs.diariosur.es\/tormentas-y-rayos\/2014\/07\/28\/prevision-del-tiempo-en-andalucia-la-aemet-activa-el-aviso-amarillo-por-altas-temperaturas-en-malaga-y-levante-almeriense\/webexterna_ir87_04-30-11\/\" rel=\"attachment wp-att-9056\"><img loading=\"lazy\" class=\"aligncenter size-medium wp-image-9056\" title=\"webexterna_IR87_[04-30]\" src=\"\/tormentas-y-rayos\/wp-content\/uploads\/sites\/12\/2014\/07\/webexterna_IR87_04-30.jpg\" alt=\"\" width=\"579\" height=\"400\" srcset=\"https:\/\/static-blogs.diariosur.es\/wp-content\/uploads\/sites\/12\/2014\/07\/webexterna_IR87_04-30.jpg 750w, https:\/\/static-blogs.diariosur.es\/wp-content\/uploads\/sites\/12\/2014\/07\/webexterna_IR87_04-30-579x400.jpg 579w\" sizes=\"(max-width: 579px) 100vw, 579px\" \/><\/a><\/p>\n<p>&nbsp;<\/p>\n<p><strong>De todas formas el martes\u00a0despu\u00e9s\u00a0del\u00a0mediod\u00eda\u00a0o primeras horas de la tarde se quitara el terral.<\/strong> <strong> Las\u00a0m\u00e1ximas\u00a0en el Valle del Guadalquivir e interior se\u00a0mantendr\u00e1n\u00a0con \u00a0valores sobre los 36 o 37 grados tanto hoy lunes como ma\u00f1ana martes. Hacia el este de la comunidad\u00a0subir\u00e1n.\u00a0<\/strong><\/p>\n<p><strong><\/strong> <strong><span><span style=\"color: #ff0000;\">El\u00a0mi\u00e9rcoles tendremos \u00a0un poco de aire\u00a0fr\u00edo\u00a0en altura y bajas relativas sobre la\u00a0pen\u00ednsula, esto puede traer algunas gotas durante la madrugada o primeras horas del\u00a0mi\u00e9rcoles\u00a0al litoral\u00a0mediterr\u00e1neo\u00a0andaluz.<\/span><\/span><\/strong><\/p>\n<p><strong>Ayer hablando con mi cu\u00f1ado le comentaba que en cada provincia tiene un umbral de temperatura maxima para activar el aviso por altas temperaturas. Yo pensaba que en M\u00e1laga comenzaba en 38 grados pero no es asi. Fuente aemet.<\/strong><\/p>\n<p><a href=\"https:\/\/blogs.diariosur.es\/tormentas-y-rayos\/2014\/07\/28\/prevision-del-tiempo-en-andalucia-la-aemet-activa-el-aviso-amarillo-por-altas-temperaturas-en-malaga-y-levante-almeriense\/captura-375\/\" rel=\"attachment wp-att-9058\"><img loading=\"lazy\" class=\"aligncenter size-medium wp-image-9058\" title=\"Captura\" src=\"\/tormentas-y-rayos\/wp-content\/uploads\/sites\/12\/2014\/07\/Captura12.jpg\" alt=\"\" width=\"579\" height=\"400\" srcset=\"https:\/\/static-blogs.diariosur.es\/wp-content\/uploads\/sites\/12\/2014\/07\/Captura12.jpg 1093w, https:\/\/static-blogs.diariosur.es\/wp-content\/uploads\/sites\/12\/2014\/07\/Captura12-579x400.jpg 579w, https:\/\/static-blogs.diariosur.es\/wp-content\/uploads\/sites\/12\/2014\/07\/Captura12-768x531.jpg 768w\" sizes=\"(max-width: 579px) 100vw, 579px\" \/><\/a><\/p>\n<p>&nbsp;<\/p>\n<p><strong>Bueno amigos si se cumple lo del\u00a0pr\u00f3ximo\u00a0fin de semana, seguro que sera noticia en los telediarios. Sobre todo por la bajada de temperaturas que se\u00a0dar\u00e1\u00a0en muchos puntos de la\u00a0pen\u00ednsula estando a primeros de agosto. Os paso este mapa previsto a 850 hpa ( 1500 m) este mapa es de temperaturas. El viento tambi\u00e9n sera protagonista en el litoral\u00a0mediterr\u00e1neo\u00a0andaluz. Fuenete meteociel gfs<\/strong><\/p>\n<p><a href=\"https:\/\/blogs.diariosur.es\/tormentas-y-rayos\/2014\/07\/28\/prevision-del-tiempo-en-andalucia-la-aemet-activa-el-aviso-amarillo-por-altas-temperaturas-en-malaga-y-levante-almeriense\/captura-376\/\" rel=\"attachment wp-att-9059\"><img loading=\"lazy\" class=\"aligncenter size-large wp-image-9059\" title=\"Captura\" src=\"\/tormentas-y-rayos\/wp-content\/uploads\/sites\/12\/2014\/07\/Captura13.jpg\" alt=\"\" width=\"583\" height=\"600\" srcset=\"https:\/\/static-blogs.diariosur.es\/wp-content\/uploads\/sites\/12\/2014\/07\/Captura13.jpg 765w, https:\/\/static-blogs.diariosur.es\/wp-content\/uploads\/sites\/12\/2014\/07\/Captura13-389x400.jpg 389w\" sizes=\"(max-width: 583px) 100vw, 583px\" \/><\/a><\/p>\n<p>&nbsp;<\/p>\n<p><a href=\"https:\/\/blogs.diariosur.es\/tormentas-y-rayos\/2014\/07\/28\/prevision-del-tiempo-en-andalucia-la-aemet-activa-el-aviso-amarillo-por-altas-temperaturas-en-malaga-y-levante-almeriense\/captura-377\/\" rel=\"attachment wp-att-9060\"><img loading=\"lazy\" class=\"aligncenter size-large wp-image-9060\" title=\"Captura\" src=\"\/tormentas-y-rayos\/wp-content\/uploads\/sites\/12\/2014\/07\/Captura14.jpg\" alt=\"\" width=\"594\" height=\"600\" srcset=\"https:\/\/static-blogs.diariosur.es\/wp-content\/uploads\/sites\/12\/2014\/07\/Captura14.jpg 780w, https:\/\/static-blogs.diariosur.es\/wp-content\/uploads\/sites\/12\/2014\/07\/Captura14-396x400.jpg 396w, https:\/\/static-blogs.diariosur.es\/wp-content\/uploads\/sites\/12\/2014\/07\/Captura14-768x775.jpg 768w\" sizes=\"(max-width: 594px) 100vw, 594px\" \/><\/a><\/p>\n<p><strong>Poco mas que contar amigos de la meteo. Cuando salga del curro a comer, si hay algo de ultima hora lo\u00a0pondr\u00e9\u00a0aqui mismo. Si no esta noche cuando llegue.\u00a0<\/strong><\/p>\n<p><strong>Os dejo con este atardecer que tuvimos la semana pasada en Torre de Benagalb\u00f3n.<\/strong><\/p>\n<p><img loading=\"lazy\" class=\"aligncenter\" src=\"https:\/\/farm6.staticflickr.com\/5568\/14572331269_b3184dc3a3_z.jpg\" alt=\"\" width=\"640\" height=\"427\" \/><\/p>\n<p>&nbsp;<\/p>\n<p>&nbsp;<\/p>\n<p>&nbsp;<\/p>\n<p>&nbsp;<\/p>\n<p><strong><span><span style=\"color: #ff0000;\">\u00a0<\/span><\/span><\/strong><\/p>\n","protected":false},"excerpt":{"rendered":"<p>&nbsp; ULTIMA HORA: LA AEMET DESACTIVA EL AVISO AMARILLO POR ALTAS TEMPERATURAS. De todas formas esto no quiere decir que no entre terral, simplemente que no se\u00a0sobrepasaran\u00a0los 36 grados. En cambio para ma\u00f1ana martes sera por\u00a0fen\u00f3menos\u00a0costeros.\u00a0 &nbsp; &nbsp; Buenos dias amigos de la meteo. Son las seis de la ma\u00f1ana, registro 23 grados y los [&hellip;]<\/p>\n","protected":false},"author":16,"featured_media":9047,"comment_status":"open","ping_status":"open","sticky":false,"template":"","format":"standard","meta":[],"categories":[2],"tags":[63,76,81,91,100,151,587,809,962,980],"_links":{"self":[{"href":"https:\/\/blogs.diariosur.es\/tormentas-y-rayos\/wp-json\/wp\/v2\/posts\/9046"}],"collection":[{"href":"https:\/\/blogs.diariosur.es\/tormentas-y-rayos\/wp-json\/wp\/v2\/posts"}],"about":[{"href":"https:\/\/blogs.diariosur.es\/tormentas-y-rayos\/wp-json\/wp\/v2\/types\/post"}],"author":[{"embeddable":true,"href":"https:\/\/blogs.diariosur.es\/tormentas-y-rayos\/wp-json\/wp\/v2\/users\/16"}],"replies":[{"embeddable":true,"href":"https:\/\/blogs.diariosur.es\/tormentas-y-rayos\/wp-json\/wp\/v2\/comments?post=9046"}],"version-history":[{"count":0,"href":"https:\/\/blogs.diariosur.es\/tormentas-y-rayos\/wp-json\/wp\/v2\/posts\/9046\/revisions"}],"wp:featuredmedia":[{"embeddable":true,"href":"https:\/\/blogs.diariosur.es\/tormentas-y-rayos\/wp-json\/wp\/v2\/media\/9047"}],"wp:attachment":[{"href":"https:\/\/blogs.diariosur.es\/tormentas-y-rayos\/wp-json\/wp\/v2\/media?parent=9046"}],"wp:term":[{"taxonomy":"category","embeddable":true,"href":"https:\/\/blogs.diariosur.es\/tormentas-y-rayos\/wp-json\/wp\/v2\/categories?post=9046"},{"taxonomy":"post_tag","embeddable":true,"href":"https:\/\/blogs.diariosur.es\/tormentas-y-rayos\/wp-json\/wp\/v2\/tags?post=9046"}],"curies":[{"name":"wp","href":"https:\/\/api.w.org\/{rel}","templated":true}]}}