{"id":9066,"date":"2014-07-29T07:30:15","date_gmt":"2014-07-29T05:30:15","guid":{"rendered":"http:\/\/blogs.diariosur.es\/tormentas-y-rayos\/?p=9066"},"modified":"2014-07-29T07:30:15","modified_gmt":"2014-07-29T05:30:15","slug":"terral-malaga-da-la-minima-mas-alta-de-toda-la-peninsula-ha-sido-la-madrugada-mas-calurosa-en-lo-que-va-del-verano-posibles-goteos-en-la-madrugada-del-miercoles","status":"publish","type":"post","link":"https:\/\/blogs.diariosur.es\/tormentas-y-rayos\/2014\/07\/29\/terral-malaga-da-la-minima-mas-alta-de-toda-la-peninsula-ha-sido-la-madrugada-mas-calurosa-en-lo-que-va-del-verano-posibles-goteos-en-la-madrugada-del-miercoles\/","title":{"rendered":"Terral.  M\u00e1laga da la m\u00ednima mas alta de toda la pen\u00ednsula. Ha sido la madrugada mas calurosa en lo que va del verano. Posibles goteos en la madrugada del mi\u00e9rcoles."},"content":{"rendered":"<p><img loading=\"lazy\" class=\"aligncenter\" src=\"https:\/\/farm3.staticflickr.com\/2898\/14371881571_bbae3518b1_q.jpg\" alt=\"\" width=\"150\" height=\"150\" \/><\/p>\n<p>&nbsp;<\/p>\n<p>&nbsp;<\/p>\n<p>&nbsp;<\/p>\n<p><span style=\"color: #0000ff;\"><strong>Buenos dias amigos de la meteo. Son las seis y media de la ma\u00f1ana, registro 26, 5 grados, y el terral ya es el protagonista en toda la capital malague\u00f1a. Esta pasada madrugada ha sido la mas calurosa en lo que va del verano.\u00a0<span style=\"color: #ff0000;\">Despu\u00e9s\u00a0del\u00a0mediod\u00eda\u00a0el terral se ira quitando y\u00a0dar\u00e1\u00a0paso al levante.<\/span><\/strong><\/span><\/p>\n<p><img loading=\"lazy\" class=\"aligncenter\" src=\"https:\/\/farm4.staticflickr.com\/3904\/14353538456_9a3c31e11a.jpg\" alt=\"\" width=\"412\" height=\"500\" \/><\/p>\n<p>&nbsp;<\/p>\n<p><span style=\"color: #0000ff;\"><strong>Como todos\u00a0sab\u00e9is, la aemet desactivo el aviso amarillo por altas temperaturas. El terral entro mas tarde, pero en \u00a0la zona del Valle del Guadalhorce sobre las tres de la tarde \u00a0ya se superaban los 36 \u00a0grados en algunos puntos, como es el caso de Co\u00edn con 37.4. En el aeropuerto entro el terral a las seis,\u00a0d\u00e1ndose\u00a0una maxima de 36.8 \u00a0. Os paso unos\u00a0gr\u00e1ficos de temperaturas del Puerto y del Aeropuerto. Fijaros a que hora entro el terral en el Puerto y sobre \u00a0todo la temperatura que daba el Aeropuerto a las seis de la ma\u00f1ana, casi 28 grados.<\/strong><\/span><\/p>\n<p><span style=\"color: #0000ff;\"><a href=\"https:\/\/blogs.diariosur.es\/tormentas-y-rayos\/2014\/07\/29\/terral-malaga-da-la-minima-mas-alta-de-toda-la-peninsula-ha-sido-la-madrugada-mas-calurosa-en-lo-que-va-del-verano-posibles-goteos-en-la-madrugada-del-miercoles\/1-59\/\" rel=\"attachment wp-att-9067\"><span style=\"color: #0000ff;\"><img loading=\"lazy\" class=\"aligncenter size-medium wp-image-9067\" title=\"1\" src=\"\/tormentas-y-rayos\/wp-content\/uploads\/sites\/12\/2014\/07\/14.jpg\" alt=\"\" width=\"600\" height=\"261\" srcset=\"https:\/\/static-blogs.diariosur.es\/wp-content\/uploads\/sites\/12\/2014\/07\/14.jpg 731w, https:\/\/static-blogs.diariosur.es\/wp-content\/uploads\/sites\/12\/2014\/07\/14-640x279.jpg 640w\" sizes=\"(max-width: 600px) 100vw, 600px\" \/><\/span><\/a><\/span><\/p>\n<p>&nbsp;<\/p>\n<p><span style=\"color: #0000ff;\"><a href=\"https:\/\/blogs.diariosur.es\/tormentas-y-rayos\/2014\/07\/29\/terral-malaga-da-la-minima-mas-alta-de-toda-la-peninsula-ha-sido-la-madrugada-mas-calurosa-en-lo-que-va-del-verano-posibles-goteos-en-la-madrugada-del-miercoles\/2-49\/\" rel=\"attachment wp-att-9068\"><span style=\"color: #0000ff;\"><img loading=\"lazy\" class=\"aligncenter size-medium wp-image-9068\" title=\"2\" src=\"\/tormentas-y-rayos\/wp-content\/uploads\/sites\/12\/2014\/07\/25.jpg\" alt=\"\" width=\"600\" height=\"251\" srcset=\"https:\/\/static-blogs.diariosur.es\/wp-content\/uploads\/sites\/12\/2014\/07\/25.jpg 737w, https:\/\/static-blogs.diariosur.es\/wp-content\/uploads\/sites\/12\/2014\/07\/25-640x268.jpg 640w\" sizes=\"(max-width: 600px) 100vw, 600px\" \/><\/span><\/a><\/span><\/p>\n<p>&nbsp;<\/p>\n<p><a href=\"https:\/\/blogs.diariosur.es\/tormentas-y-rayos\/2014\/07\/29\/terral-malaga-da-la-minima-mas-alta-de-toda-la-peninsula-ha-sido-la-madrugada-mas-calurosa-en-lo-que-va-del-verano-posibles-goteos-en-la-madrugada-del-miercoles\/4-11\/\" rel=\"attachment wp-att-9069\"><img loading=\"lazy\" class=\"aligncenter size-medium wp-image-9069\" title=\"4\" src=\"\/tormentas-y-rayos\/wp-content\/uploads\/sites\/12\/2014\/07\/42.jpg\" alt=\"\" width=\"600\" height=\"255\" srcset=\"https:\/\/static-blogs.diariosur.es\/wp-content\/uploads\/sites\/12\/2014\/07\/42.jpg 743w, https:\/\/static-blogs.diariosur.es\/wp-content\/uploads\/sites\/12\/2014\/07\/42-640x272.jpg 640w\" sizes=\"(max-width: 600px) 100vw, 600px\" \/><\/a><\/p>\n<p><span style=\"color: #0000ff;\"><strong>De momento \u00a0hoy martes no estamos en aviso amarillo por altas temperaturas, ayer se desactivo.\u00a0<\/strong><\/span><\/p>\n<p><strong><a href=\"https:\/\/blogs.diariosur.es\/tormentas-y-rayos\/2014\/07\/28\/prevision-del-tiempo-en-andalucia-la-aemet-activa-el-aviso-amarillo-por-altas-temperaturas-en-malaga-y-levante-almeriense\/\">Ayer os explicaba el por qu\u00e9 de esta situaci\u00f3n, os paso el enlace.\u00a0<\/a><\/strong><\/p>\n<p><strong><span style=\"color: #ff0000;\">Durante la madrugada del\u00a0mi\u00e9rcoles \u00a0hay posibilidad de algunas gotas en el litoral\u00a0mediterr\u00e1neo\u00a0andaluz,\u00a0as\u00ed\u00a0como en M\u00e1laga Capital. Tenemos\u00a0bajas<\/span><span style=\"color: #ff0000;\">\u00a0relativas, \u00a0y un poco de aire fr\u00edo en altura, estos\u00a0dos\u00a0ingredientes pueden traer estas gotas.<\/span><\/strong><\/p>\n<p><strong>Se sigue confirmando el poniente fuerte y el terral para el viernes y el\u00a0<\/strong><strong>s\u00e1bado en el litoral\u00a0mediterr\u00e1neo\u00a0andaluz. Lo mas seguro que se repita estas imagenes de hace un par de semanas.<\/strong><\/p>\n<p><a href=\"https:\/\/blogs.diariosur.es\/tormentas-y-rayos\/2014\/07\/29\/terral-malaga-da-la-minima-mas-alta-de-toda-la-peninsula-ha-sido-la-madrugada-mas-calurosa-en-lo-que-va-del-verano-posibles-goteos-en-la-madrugada-del-miercoles\/030-2\/\" rel=\"attachment wp-att-9070\"><img loading=\"lazy\" class=\"aligncenter size-full wp-image-9070\" title=\"030\" src=\"\/tormentas-y-rayos\/wp-content\/uploads\/sites\/12\/2014\/07\/030.jpg\" alt=\"\" width=\"640\" height=\"427\" srcset=\"https:\/\/static-blogs.diariosur.es\/wp-content\/uploads\/sites\/12\/2014\/07\/030.jpg 640w, https:\/\/static-blogs.diariosur.es\/wp-content\/uploads\/sites\/12\/2014\/07\/030-600x400.jpg 600w\" sizes=\"(max-width: 640px) 100vw, 640px\" \/><\/a><\/p>\n<p>&nbsp;<\/p>\n<p><a href=\"https:\/\/blogs.diariosur.es\/tormentas-y-rayos\/2014\/07\/29\/terral-malaga-da-la-minima-mas-alta-de-toda-la-peninsula-ha-sido-la-madrugada-mas-calurosa-en-lo-que-va-del-verano-posibles-goteos-en-la-madrugada-del-miercoles\/attachment\/037\/\" rel=\"attachment wp-att-9071\"><img loading=\"lazy\" class=\"aligncenter size-full wp-image-9071\" title=\"037\" src=\"\/tormentas-y-rayos\/wp-content\/uploads\/sites\/12\/2014\/07\/037.jpg\" alt=\"\" width=\"640\" height=\"427\" srcset=\"https:\/\/static-blogs.diariosur.es\/wp-content\/uploads\/sites\/12\/2014\/07\/037.jpg 640w, https:\/\/static-blogs.diariosur.es\/wp-content\/uploads\/sites\/12\/2014\/07\/037-600x400.jpg 600w\" sizes=\"(max-width: 640px) 100vw, 640px\" \/><\/a><\/p>\n<p>&nbsp;<\/p>\n","protected":false},"excerpt":{"rendered":"<p>&nbsp; &nbsp; &nbsp; Buenos dias amigos de la meteo. Son las seis y media de la ma\u00f1ana, registro 26, 5 grados, y el terral ya es el protagonista en toda la capital malague\u00f1a. Esta pasada madrugada ha sido la mas calurosa en lo que va del verano.\u00a0Despu\u00e9s\u00a0del\u00a0mediod\u00eda\u00a0el terral se ira quitando y\u00a0dar\u00e1\u00a0paso al levante. &nbsp; [&hellip;]<\/p>\n","protected":false},"author":16,"featured_media":9071,"comment_status":"open","ping_status":"open","sticky":false,"template":"","format":"standard","meta":[],"categories":[2],"tags":[80,213,587,659,704,975,1052],"_links":{"self":[{"href":"https:\/\/blogs.diariosur.es\/tormentas-y-rayos\/wp-json\/wp\/v2\/posts\/9066"}],"collection":[{"href":"https:\/\/blogs.diariosur.es\/tormentas-y-rayos\/wp-json\/wp\/v2\/posts"}],"about":[{"href":"https:\/\/blogs.diariosur.es\/tormentas-y-rayos\/wp-json\/wp\/v2\/types\/post"}],"author":[{"embeddable":true,"href":"https:\/\/blogs.diariosur.es\/tormentas-y-rayos\/wp-json\/wp\/v2\/users\/16"}],"replies":[{"embeddable":true,"href":"https:\/\/blogs.diariosur.es\/tormentas-y-rayos\/wp-json\/wp\/v2\/comments?post=9066"}],"version-history":[{"count":0,"href":"https:\/\/blogs.diariosur.es\/tormentas-y-rayos\/wp-json\/wp\/v2\/posts\/9066\/revisions"}],"wp:featuredmedia":[{"embeddable":true,"href":"https:\/\/blogs.diariosur.es\/tormentas-y-rayos\/wp-json\/wp\/v2\/media\/9071"}],"wp:attachment":[{"href":"https:\/\/blogs.diariosur.es\/tormentas-y-rayos\/wp-json\/wp\/v2\/media?parent=9066"}],"wp:term":[{"taxonomy":"category","embeddable":true,"href":"https:\/\/blogs.diariosur.es\/tormentas-y-rayos\/wp-json\/wp\/v2\/categories?post=9066"},{"taxonomy":"post_tag","embeddable":true,"href":"https:\/\/blogs.diariosur.es\/tormentas-y-rayos\/wp-json\/wp\/v2\/tags?post=9066"}],"curies":[{"name":"wp","href":"https:\/\/api.w.org\/{rel}","templated":true}]}}