{"id":9072,"date":"2014-07-31T07:37:08","date_gmt":"2014-07-31T05:37:08","guid":{"rendered":"http:\/\/blogs.diariosur.es\/tormentas-y-rayos\/?p=9072"},"modified":"2014-07-31T07:37:08","modified_gmt":"2014-07-31T05:37:08","slug":"un-dia-bochornoso-y-sudoroso-tabla-de-sensacion-termica-atentos-al-poniente-y-terral-que-soplara-a-partir-de-manana-viernes","status":"publish","type":"post","link":"https:\/\/blogs.diariosur.es\/tormentas-y-rayos\/2014\/07\/31\/un-dia-bochornoso-y-sudoroso-tabla-de-sensacion-termica-atentos-al-poniente-y-terral-que-soplara-a-partir-de-manana-viernes\/","title":{"rendered":"Un dia bochornoso y sudoroso. Tabla de sensaci\u00f3n t\u00e9rmica.  Atentos al poniente y terral que soplara a partir de ma\u00f1ana viernes."},"content":{"rendered":"<p><img loading=\"lazy\" class=\"aligncenter\" src=\"https:\/\/farm3.staticflickr.com\/2898\/14371881571_bbae3518b1_q.jpg\" alt=\"\" width=\"150\" height=\"150\" \/><\/p>\n<p>&nbsp;<\/p>\n<p>&nbsp;<\/p>\n<p>&nbsp;<\/p>\n<p><strong>Buenos dias amigos de la meteo. Son las siete de la ma\u00f1ana, registro en mi estaci\u00f3n 24 grados y una humedad de casi el 80%, esto quiere decir que la sensaci\u00f3n\u00a0t\u00e9rmica\u00a0es de 30 grados. Ayer\u00a0mi\u00e9rcoles\u00a0se\u00a0registraron algunos goteos por el litoral\u00a0mediterr\u00e1neo\u00a0andaluz, algo normal que de vez en cuando se da. Lo peor de ayer fue la humedad tan grande que tuvimos, esto hizo que sobre todo por la noche no\u00a0peg\u00e1ramos\u00a0ojo.Fijaros como amanecia en la playa de la misericordia cuando eran las siete y cuarto.<\/strong><\/p>\n<p><a href=\"https:\/\/blogs.diariosur.es\/tormentas-y-rayos\/2014\/07\/31\/un-dia-bochornoso-y-sudoroso-tabla-de-sensacion-termica-atentos-al-poniente-y-terral-que-soplara-a-partir-de-manana-viernes\/017-2\/\" rel=\"attachment wp-att-9073\"><img loading=\"lazy\" class=\"aligncenter size-full wp-image-9073\" title=\"017\" src=\"\/tormentas-y-rayos\/wp-content\/uploads\/sites\/12\/2014\/07\/017.jpg\" alt=\"\" width=\"640\" height=\"427\" srcset=\"https:\/\/static-blogs.diariosur.es\/wp-content\/uploads\/sites\/12\/2014\/07\/017.jpg 640w, https:\/\/static-blogs.diariosur.es\/wp-content\/uploads\/sites\/12\/2014\/07\/017-600x400.jpg 600w\" sizes=\"(max-width: 640px) 100vw, 640px\" \/><\/a><\/p>\n<p>&nbsp;<\/p>\n<p><strong>Al\u00a0mediod\u00eda\u00a0se despejo, pero la humedad\u00a0segu\u00eda\u00a0de protagonista, aunque algo menos. Muchas personas\u00a0dec\u00edan\u00a0que calor hace hoy, y era asi amigos, los goterones de sudor eran los protagonistas. La sensaci\u00f3n\u00a0t\u00e9rmica\u00a0era de 3 grados mas. Os paso el grafico de humedad del puerto y centro\u00a0meteorol\u00f3gico.\u00a0<\/strong><\/p>\n<p>&nbsp;<\/p>\n<p><a href=\"https:\/\/blogs.diariosur.es\/tormentas-y-rayos\/2014\/07\/31\/un-dia-bochornoso-y-sudoroso-tabla-de-sensacion-termica-atentos-al-poniente-y-terral-que-soplara-a-partir-de-manana-viernes\/1-60\/\" rel=\"attachment wp-att-9074\"><img loading=\"lazy\" class=\"aligncenter size-medium wp-image-9074\" title=\"1\" src=\"\/tormentas-y-rayos\/wp-content\/uploads\/sites\/12\/2014\/07\/15.jpg\" alt=\"\" width=\"600\" height=\"267\" srcset=\"https:\/\/static-blogs.diariosur.es\/wp-content\/uploads\/sites\/12\/2014\/07\/15.jpg 704w, https:\/\/static-blogs.diariosur.es\/wp-content\/uploads\/sites\/12\/2014\/07\/15-640x285.jpg 640w\" sizes=\"(max-width: 600px) 100vw, 600px\" \/><\/a><\/p>\n<p><a href=\"https:\/\/blogs.diariosur.es\/tormentas-y-rayos\/2014\/07\/31\/un-dia-bochornoso-y-sudoroso-tabla-de-sensacion-termica-atentos-al-poniente-y-terral-que-soplara-a-partir-de-manana-viernes\/2-50\/\" rel=\"attachment wp-att-9075\"><img loading=\"lazy\" class=\"aligncenter size-medium wp-image-9075\" title=\"2\" src=\"\/tormentas-y-rayos\/wp-content\/uploads\/sites\/12\/2014\/07\/26.jpg\" alt=\"\" width=\"600\" height=\"252\" srcset=\"https:\/\/static-blogs.diariosur.es\/wp-content\/uploads\/sites\/12\/2014\/07\/26.jpg 763w, https:\/\/static-blogs.diariosur.es\/wp-content\/uploads\/sites\/12\/2014\/07\/26-640x269.jpg 640w\" sizes=\"(max-width: 600px) 100vw, 600px\" \/><\/a><\/p>\n<p>&nbsp;<\/p>\n<p><strong>Os paso de nuevo la tabla de sensaci\u00f3n termica calor, humedad.<\/strong><\/p>\n<p><a href=\"https:\/\/blogs.diariosur.es\/tormentas-y-rayos\/2014\/07\/31\/un-dia-bochornoso-y-sudoroso-tabla-de-sensacion-termica-atentos-al-poniente-y-terral-que-soplara-a-partir-de-manana-viernes\/1146969_10201752516564218_1390901565_o-600x360\/\" rel=\"attachment wp-att-9076\"><img loading=\"lazy\" class=\"aligncenter size-full wp-image-9076\" title=\"1146969_10201752516564218_1390901565_o-600x360\" src=\"\/tormentas-y-rayos\/wp-content\/uploads\/sites\/12\/2014\/07\/1146969_10201752516564218_1390901565_o.jpg\" alt=\"\" width=\"600\" height=\"360\" \/><\/a><\/p>\n<p><strong>Ma\u00f1ana a primera hora\u00a0actualizare\u00a0el blog , para dar la previsi\u00f3n del fin de semana. Os adelanto que ma\u00f1ana viernes el poniente y el terral\u00a0ser\u00e1n\u00a0protagonistas. Incluso en la madrugada del sabado soplara con rachas fuertes, con un poco de suerte el domingo sera el mejor dia de playa. Intentare explicaros el por qu\u00e9 de esta situaci\u00f3n.<\/strong><\/p>\n<p><img loading=\"lazy\" class=\"aligncenter\" src=\"https:\/\/farm6.staticflickr.com\/5576\/14447608476_f8e3d33ca9_z.jpg\" alt=\"\" width=\"430\" height=\"537\" \/><\/p>\n<p>&nbsp;<\/p>\n<p>&nbsp;<\/p>\n","protected":false},"excerpt":{"rendered":"<p>&nbsp; &nbsp; &nbsp; Buenos dias amigos de la meteo. Son las siete de la ma\u00f1ana, registro en mi estaci\u00f3n 24 grados y una humedad de casi el 80%, esto quiere decir que la sensaci\u00f3n\u00a0t\u00e9rmica\u00a0es de 30 grados. Ayer\u00a0mi\u00e9rcoles\u00a0se\u00a0registraron algunos goteos por el litoral\u00a0mediterr\u00e1neo\u00a0andaluz, algo normal que de vez en cuando se da. Lo peor de [&hellip;]<\/p>\n","protected":false},"author":16,"featured_media":9077,"comment_status":"open","ping_status":"open","sticky":false,"template":"","format":"standard","meta":[],"categories":[2],"tags":[791,906,948,971,975],"_links":{"self":[{"href":"https:\/\/blogs.diariosur.es\/tormentas-y-rayos\/wp-json\/wp\/v2\/posts\/9072"}],"collection":[{"href":"https:\/\/blogs.diariosur.es\/tormentas-y-rayos\/wp-json\/wp\/v2\/posts"}],"about":[{"href":"https:\/\/blogs.diariosur.es\/tormentas-y-rayos\/wp-json\/wp\/v2\/types\/post"}],"author":[{"embeddable":true,"href":"https:\/\/blogs.diariosur.es\/tormentas-y-rayos\/wp-json\/wp\/v2\/users\/16"}],"replies":[{"embeddable":true,"href":"https:\/\/blogs.diariosur.es\/tormentas-y-rayos\/wp-json\/wp\/v2\/comments?post=9072"}],"version-history":[{"count":0,"href":"https:\/\/blogs.diariosur.es\/tormentas-y-rayos\/wp-json\/wp\/v2\/posts\/9072\/revisions"}],"wp:featuredmedia":[{"embeddable":true,"href":"https:\/\/blogs.diariosur.es\/tormentas-y-rayos\/wp-json\/wp\/v2\/media\/9077"}],"wp:attachment":[{"href":"https:\/\/blogs.diariosur.es\/tormentas-y-rayos\/wp-json\/wp\/v2\/media?parent=9072"}],"wp:term":[{"taxonomy":"category","embeddable":true,"href":"https:\/\/blogs.diariosur.es\/tormentas-y-rayos\/wp-json\/wp\/v2\/categories?post=9072"},{"taxonomy":"post_tag","embeddable":true,"href":"https:\/\/blogs.diariosur.es\/tormentas-y-rayos\/wp-json\/wp\/v2\/tags?post=9072"}],"curies":[{"name":"wp","href":"https:\/\/api.w.org\/{rel}","templated":true}]}}