{"id":9079,"date":"2014-08-01T07:27:24","date_gmt":"2014-08-01T05:27:24","guid":{"rendered":"http:\/\/blogs.diariosur.es\/tormentas-y-rayos\/?p=9079"},"modified":"2014-08-01T07:27:24","modified_gmt":"2014-08-01T05:27:24","slug":"prevision-del-tiempo-agosto-comienza-locoloco-aviso-amarillo-por-altas-temperaturas-y-fenomenos-costeros-naranja-por-tormentas","status":"publish","type":"post","link":"https:\/\/blogs.diariosur.es\/tormentas-y-rayos\/2014\/08\/01\/prevision-del-tiempo-agosto-comienza-locoloco-aviso-amarillo-por-altas-temperaturas-y-fenomenos-costeros-naranja-por-tormentas\/","title":{"rendered":"Previsi\u00f3n del tiempo. Agosto comienza loco,loco. Aviso amarillo por altas temperaturas y fen\u00f3menos costeros, naranja por tormentas."},"content":{"rendered":"<p><img loading=\"lazy\" class=\"aligncenter\" src=\"https:\/\/farm3.staticflickr.com\/2898\/14371881571_bbae3518b1_q.jpg\" alt=\"\" width=\"150\" height=\"150\" \/><\/p>\n<p>&nbsp;<\/p>\n<p>&nbsp;<\/p>\n<p><span style=\"color: #ff00ff;\"><strong>ACTUALIZACI\u00d3N SABADO 2 DE AGOSTO.<\/strong><\/span><\/p>\n<p><span style=\"color: #ff0000;\"><strong>Buenos dias amigos de la meteo. Registro 22 grados y siguen de protagonistas el terral y el poniente.<\/strong><\/span><\/p>\n<p><span style=\"color: #ff0000;\"><strong>Donde sople de tierra se sobrepasaran los 30 grados, de todas formas no sera un terral con unas m\u00e1ximas muy altas. En cambio donde sople el poniente las maximas no sobrepasaran los 25 grados.<\/strong><\/span><\/p>\n<p><span style=\"color: #ff0000;\"><strong>Durante la pr\u00f3xima madrugada ira a menos y con seguridad ma\u00f1ana domingo \u00a0disfrutaremos \u00a0de la playa.<\/strong><\/span><\/p>\n<p><strong><span style=\"color: #ff0000;\">Os dejo que tiro para el curro. Cuando salga esta noche me ire para Torre de Benagalb\u00f3n, estaros atentos por si hay candilazo.\u00a0<\/span><\/strong><\/p>\n<p>&nbsp;<\/p>\n<p>&nbsp;<\/p>\n<p>&nbsp;<\/p>\n<p><strong>Buenos dias amigos de la meteo, son las seis de la ma\u00f1ana y desde hace cinco horas el terral es el protagonista en M\u00e1laga Capital y en \u00a0zonas expuestas a este viento. Ni que decir tiene que el poniente tambi\u00e9n sopla fuerte en las Costas Andaluzas.\u00a0<\/strong><\/p>\n<p><strong>Registro 22,4 grados y es una delicia este aire jijiji. Amigo Paco Alba esta noche he dormido de maravilla. \u00a0Destacar tambi\u00e9n los 14 grados \u00a0que registra Ronda en estos momentos.<\/strong><\/p>\n<p>&nbsp;<\/p>\n<p><img loading=\"lazy\" class=\"aligncenter\" src=\"https:\/\/farm6.staticflickr.com\/5576\/14447608476_f8e3d33ca9.jpg\" alt=\"\" width=\"400\" height=\"500\" \/><\/p>\n<p>&nbsp;<\/p>\n<p><span style=\"color: #0000ff;\"><strong>Antes de daros la previsi\u00f3n de hoy viernes y el fin de semana \u00a0os explico el por qu\u00e9 de esta situaci\u00f3n, que como muchos que me\u00a0segu\u00eds\u00a0os\u00a0hac\u00e9is\u00a0una idea.\u00a0<\/strong><\/span><\/p>\n<p><span style=\"color: #0000ff;\"><strong>El anticicl\u00f3n de las Azores este verano esta\u00a0juguet\u00f3n, se asemeja al Guadiana, aparece y desaparece. Cuando desaparece deja el camino libre a bolsas de aire fr\u00edo en altura, vaguadas, la corriente en chorro pasando por la\u00a0pen\u00ednsula\u00a0etc etc, algo\u00a0at\u00edpico\u00a0para\u00a0ser verano.\u00a0<\/strong><\/span><\/p>\n<p><span style=\"color: #0000ff;\"><strong>En esta ocasi\u00f3n una vaguada acompa\u00f1ada de aire fr\u00edo inestable, \u00a0esta empezando a penetrar por el noroeste peninsular. Os paso estos mapas a 850 hpa, es decir a 1500 metros de altura.<\/strong><\/span><\/p>\n<p><span style=\"color: #0000ff;\"><strong>Fijaros en la temperatura del primer mapa \u00a0de hace unas horas.<\/strong><\/span><\/p>\n<p><span style=\"color: #0000ff;\"><a href=\"https:\/\/blogs.diariosur.es\/tormentas-y-rayos\/2014\/08\/01\/prevision-del-tiempo-agosto-comienza-locoloco-aviso-amarillo-por-altas-temperaturas-y-fenomenos-costeros-naranja-por-tormentas\/z-26\/\" rel=\"attachment wp-att-9080\"><span style=\"color: #0000ff;\"><img loading=\"lazy\" class=\"aligncenter size-medium wp-image-9080\" title=\"z\" src=\"\/tormentas-y-rayos\/wp-content\/uploads\/sites\/12\/2014\/07\/z3.jpg\" alt=\"\" width=\"580\" height=\"400\" srcset=\"https:\/\/static-blogs.diariosur.es\/wp-content\/uploads\/sites\/12\/2014\/07\/z3.jpg 783w, https:\/\/static-blogs.diariosur.es\/wp-content\/uploads\/sites\/12\/2014\/07\/z3-580x400.jpg 580w, https:\/\/static-blogs.diariosur.es\/wp-content\/uploads\/sites\/12\/2014\/07\/z3-768x530.jpg 768w\" sizes=\"(max-width: 580px) 100vw, 580px\" \/><\/span><\/a><\/span><\/p>\n<p>&nbsp;<\/p>\n<p><span style=\"color: #0000ff;\"><strong>Y este segundo previsto para el\u00a0s\u00e1bado para las ocho de la ma\u00f1ana.\u00a0<\/strong><\/span><\/p>\n<p><span style=\"color: #0000ff;\"><a href=\"https:\/\/blogs.diariosur.es\/tormentas-y-rayos\/2014\/08\/01\/prevision-del-tiempo-agosto-comienza-locoloco-aviso-amarillo-por-altas-temperaturas-y-fenomenos-costeros-naranja-por-tormentas\/z1-18\/\" rel=\"attachment wp-att-9081\"><span style=\"color: #0000ff;\"><img loading=\"lazy\" class=\"aligncenter size-medium wp-image-9081\" title=\"z1\" src=\"\/tormentas-y-rayos\/wp-content\/uploads\/sites\/12\/2014\/07\/z14.jpg\" alt=\"\" width=\"535\" height=\"400\" srcset=\"https:\/\/static-blogs.diariosur.es\/wp-content\/uploads\/sites\/12\/2014\/07\/z14.jpg 786w, https:\/\/static-blogs.diariosur.es\/wp-content\/uploads\/sites\/12\/2014\/07\/z14-536x400.jpg 536w, https:\/\/static-blogs.diariosur.es\/wp-content\/uploads\/sites\/12\/2014\/07\/z14-768x574.jpg 768w\" sizes=\"(max-width: 535px) 100vw, 535px\" \/><\/span><\/a><\/span><\/p>\n<p><span style=\"color: #0000ff;\"><strong>O este otro para las dos de la tarde del\u00a0s\u00e1bado.\u00a0<\/strong><\/span><\/p>\n<p><span style=\"color: #0000ff;\"><a href=\"https:\/\/blogs.diariosur.es\/tormentas-y-rayos\/2014\/08\/01\/prevision-del-tiempo-agosto-comienza-locoloco-aviso-amarillo-por-altas-temperaturas-y-fenomenos-costeros-naranja-por-tormentas\/z3-5\/\" rel=\"attachment wp-att-9082\"><span style=\"color: #0000ff;\"><img loading=\"lazy\" class=\"aligncenter size-medium wp-image-9082\" title=\"z3\" src=\"\/tormentas-y-rayos\/wp-content\/uploads\/sites\/12\/2014\/07\/z31.jpg\" alt=\"\" width=\"527\" height=\"400\" srcset=\"https:\/\/static-blogs.diariosur.es\/wp-content\/uploads\/sites\/12\/2014\/07\/z31.jpg 776w, https:\/\/static-blogs.diariosur.es\/wp-content\/uploads\/sites\/12\/2014\/07\/z31-528x400.jpg 528w, https:\/\/static-blogs.diariosur.es\/wp-content\/uploads\/sites\/12\/2014\/07\/z31-768x582.jpg 768w\" sizes=\"(max-width: 527px) 100vw, 527px\" \/><\/span><\/a><\/span><\/p>\n<p><span style=\"color: #0000ff;\"><strong>Impresionante para ser Agosto amigos de la meteo. En la zona occidental andaluza no pasaran de los 26 grados el\u00a0s\u00e1bado, e incluso por la noche\u00a0har\u00eda\u00a0fresquete.\u00a0<\/strong><\/span><\/p>\n<p><span style=\"color: #0000ff;\"><strong>A todo esto hay que unirle una baja, \u00a0que se formara debido al aire\u00a0fr\u00edo\u00a0y al calor acumulado estos dias. Esta baja \u00a0sera la que mande esos vientos fuertes que se esperan el el\u00a0litoral\u00a0mediterr\u00e1neo\u00a0andaluz para hoy viernes y ma\u00f1ana\u00a0s\u00e1bado.\u00a0<\/strong><\/span><\/p>\n<p><span style=\"color: #0000ff;\"><strong>En esta mapa a 500 hpa ( 5500 metros) se ve esa baja de la \u00a0que os hablo. Fuente meteociel.<\/strong><\/span><\/p>\n<p><span style=\"color: #0000ff;\"><a href=\"https:\/\/blogs.diariosur.es\/tormentas-y-rayos\/2014\/08\/01\/prevision-del-tiempo-agosto-comienza-locoloco-aviso-amarillo-por-altas-temperaturas-y-fenomenos-costeros-naranja-por-tormentas\/27-21sp\/\" rel=\"attachment wp-att-9083\"><span style=\"color: #0000ff;\"><img loading=\"lazy\" class=\"aligncenter size-large wp-image-9083\" title=\"27-21SP\" src=\"\/tormentas-y-rayos\/wp-content\/uploads\/sites\/12\/2014\/07\/27-21SP.gif\" alt=\"\" width=\"600\" height=\"600\" \/><\/span><\/a><\/span><\/p>\n<p>&nbsp;<\/p>\n<p>&nbsp;<\/p>\n<p><span style=\"color: #ff0000;\"><strong>Bueno amigos,\u00a0despu\u00e9s\u00a0de todo este rollo que os he soltado todos\u00a0estar\u00e9is\u00a0deseando saber que pasara. Muy\u00a0f\u00e1cil.<\/strong><\/span><\/p>\n<p><span style=\"color: #ff0000;\"><strong>Lo primero bajada de temperaturas en la zona occidental andaluza e interior de M\u00e1laga. Subida de temperaturas en M\u00e1laga Capital y zonas expuestas al viento de terral. Por contra donde sople poniente\u00a0ser\u00e1n\u00a0mas llevaderas, como es el caso de Fuengirola, Marbella, \u00a0Torrox, \u00a0Nerja, \u00a0y \u00a0Rinc\u00f3n de la Victoria, esta ultima siempre y cuando no le entre el terral como en algunas contadas ocasiones.\u00a0<\/strong><\/span><\/p>\n<p><span style=\"color: #ff0000;\"><strong>Resumiendo amigos. <\/strong><\/span><\/p>\n<p><span style=\"color: #ff0000;\"><strong>Hoy viernes al estar aun la temperatura alta a 850 hpa, el terral sera calentito, pero no creo que pasemos \u00a0de 36 grados. Ma\u00f1ana\u00a0s\u00e1bado\u00a0seguir\u00eda\u00a0el terral, pero al bajar la temperatura a\u00a0850 hpa como\u00a0hab\u00e9is\u00a0\u00a0podido comprobar en los mapas, el terral no creo que sobrepase los 34. \u00a0<span style=\"color: #0000ff;\">El domingo de madrugada ira amainando el poniente y casi seguro que a primeras horas de la ma\u00f1ana se\u00a0habr\u00e1\u00a0quitado.<\/span><\/strong><\/span><\/p>\n<p><span style=\"color: #ff00ff;\"><strong>Otro dato a destacar sera las rachas fuertes de poniente que se dar\u00e1n en las costas mediterr\u00e1neas andaluzas, \u00a0 y sobre todo en el Mar de Albor\u00e1n ,\u00a0as\u00ed\u00a0que precauci\u00f3n si\u00a0sal\u00eds\u00a0a navegar hoy viernes \u00a0y ma\u00f1ana. Fuente Aemet.<\/strong><\/span><\/p>\n<p><a href=\"https:\/\/blogs.diariosur.es\/tormentas-y-rayos\/2014\/08\/01\/prevision-del-tiempo-agosto-comienza-locoloco-aviso-amarillo-por-altas-temperaturas-y-fenomenos-costeros-naranja-por-tormentas\/captura-381\/\" rel=\"attachment wp-att-9089\"><img loading=\"lazy\" class=\"aligncenter size-medium wp-image-9089\" title=\"Captura\" src=\"\/tormentas-y-rayos\/wp-content\/uploads\/sites\/12\/2014\/08\/Captura.jpg\" alt=\"\" width=\"522\" height=\"400\" srcset=\"https:\/\/static-blogs.diariosur.es\/wp-content\/uploads\/sites\/12\/2014\/08\/Captura.jpg 793w, https:\/\/static-blogs.diariosur.es\/wp-content\/uploads\/sites\/12\/2014\/08\/Captura-523x400.jpg 523w, https:\/\/static-blogs.diariosur.es\/wp-content\/uploads\/sites\/12\/2014\/08\/Captura-768x588.jpg 768w\" sizes=\"(max-width: 522px) 100vw, 522px\" \/><\/a><\/p>\n<p><span style=\"color: #ff0000;\"><strong> Por todo esto, la aemet ha activado el aviso amarillo por altas temperaturas en M\u00e1laga Capital y Valle del Guadalhorce,\u00a0as\u00ed\u00a0como por\u00a0fen\u00f3menos\u00a0costeros en las costas andaluzas\u00a0mediterr\u00e1neas.\u00a0<\/strong><\/span><\/p>\n<p><span style=\"color: #ff0000;\"><strong>Lo que no tengo muy claro es la maxima que se\u00a0dar\u00e1\u00a0hoy en M\u00e1laga Capital, todo\u00a0depender\u00e1\u00a0de la temperatura que tengamos a 850 hpa.<\/strong><\/span><\/p>\n<p>&nbsp;<\/p>\n<p><span style=\"color: #ff0000;\"><strong><strong>\u00a0Las tormentas\u00a0ser\u00e1n\u00a0protagonistas tambi\u00e9n, \u00a0 se\u00a0dar\u00e1n\u00a0tanto hoy como ma\u00f1ana\u00a0s\u00e1bado\u00a0en el norte y noreste. En algunos puntos\u00a0ser\u00e1n\u00a0fuertes, \u00a0y acompa\u00f1adas de granizo.<\/strong><\/strong><\/span><\/p>\n<p><span style=\"color: #ff0000;\"><strong><strong> Os paso los mapas de aviso, tanto de hoy como de ma\u00f1ana\u00a0s\u00e1bado.<\/strong> <\/strong><\/span><\/p>\n<p><span style=\"color: #ff0000;\"><a href=\"https:\/\/blogs.diariosur.es\/tormentas-y-rayos\/2014\/08\/01\/prevision-del-tiempo-agosto-comienza-locoloco-aviso-amarillo-por-altas-temperaturas-y-fenomenos-costeros-naranja-por-tormentas\/1-61\/\" rel=\"attachment wp-att-9084\"><span style=\"color: #ff0000;\"><img loading=\"lazy\" class=\"aligncenter size-full wp-image-9084\" title=\"1\" src=\"\/tormentas-y-rayos\/wp-content\/uploads\/sites\/12\/2014\/07\/16.jpg\" alt=\"\" width=\"624\" height=\"423\" srcset=\"https:\/\/static-blogs.diariosur.es\/wp-content\/uploads\/sites\/12\/2014\/07\/16.jpg 624w, https:\/\/static-blogs.diariosur.es\/wp-content\/uploads\/sites\/12\/2014\/07\/16-590x400.jpg 590w\" sizes=\"(max-width: 624px) 100vw, 624px\" \/><\/span><\/a><\/span><\/p>\n<p>&nbsp;<\/p>\n<p><span style=\"color: #ff0000;\"><a href=\"https:\/\/blogs.diariosur.es\/tormentas-y-rayos\/2014\/08\/01\/prevision-del-tiempo-agosto-comienza-locoloco-aviso-amarillo-por-altas-temperaturas-y-fenomenos-costeros-naranja-por-tormentas\/2-53\/\" rel=\"attachment wp-att-9087\"><span style=\"color: #ff0000;\"><img loading=\"lazy\" class=\"aligncenter size-full wp-image-9087\" title=\"2\" src=\"\/tormentas-y-rayos\/wp-content\/uploads\/sites\/12\/2014\/07\/29.jpg\" alt=\"\" width=\"627\" height=\"406\" srcset=\"https:\/\/static-blogs.diariosur.es\/wp-content\/uploads\/sites\/12\/2014\/07\/29.jpg 627w, https:\/\/static-blogs.diariosur.es\/wp-content\/uploads\/sites\/12\/2014\/07\/29-618x400.jpg 618w\" sizes=\"(max-width: 627px) 100vw, 627px\" \/><\/span><\/a><\/span><\/p>\n<p>&nbsp;<\/p>\n<p>&nbsp;<\/p>\n<p><strong>Poco mas que contar amigos de la meteo. Os dejo con esta foto que tome el 19 de julio, ese sabado tambi\u00e9n el poniente fue el protagonista.<\/strong><\/p>\n<p><img loading=\"lazy\" class=\"aligncenter\" src=\"https:\/\/farm6.staticflickr.com\/5566\/14723067975_104d64baa3_z.jpg\" alt=\"\" width=\"640\" height=\"427\" \/><\/p>\n","protected":false},"excerpt":{"rendered":"<p>&nbsp; &nbsp; ACTUALIZACI\u00d3N SABADO 2 DE AGOSTO. Buenos dias amigos de la meteo. Registro 22 grados y siguen de protagonistas el terral y el poniente. Donde sople de tierra se sobrepasaran los 30 grados, de todas formas no sera un terral con unas m\u00e1ximas muy altas. En cambio donde sople el poniente las maximas no [&hellip;]<\/p>\n","protected":false},"author":16,"featured_media":9090,"comment_status":"open","ping_status":"open","sticky":false,"template":"","format":"standard","meta":[],"categories":[2],"tags":[50,63,81,94,151,676,809,962,975,980,996],"_links":{"self":[{"href":"https:\/\/blogs.diariosur.es\/tormentas-y-rayos\/wp-json\/wp\/v2\/posts\/9079"}],"collection":[{"href":"https:\/\/blogs.diariosur.es\/tormentas-y-rayos\/wp-json\/wp\/v2\/posts"}],"about":[{"href":"https:\/\/blogs.diariosur.es\/tormentas-y-rayos\/wp-json\/wp\/v2\/types\/post"}],"author":[{"embeddable":true,"href":"https:\/\/blogs.diariosur.es\/tormentas-y-rayos\/wp-json\/wp\/v2\/users\/16"}],"replies":[{"embeddable":true,"href":"https:\/\/blogs.diariosur.es\/tormentas-y-rayos\/wp-json\/wp\/v2\/comments?post=9079"}],"version-history":[{"count":0,"href":"https:\/\/blogs.diariosur.es\/tormentas-y-rayos\/wp-json\/wp\/v2\/posts\/9079\/revisions"}],"wp:featuredmedia":[{"embeddable":true,"href":"https:\/\/blogs.diariosur.es\/tormentas-y-rayos\/wp-json\/wp\/v2\/media\/9090"}],"wp:attachment":[{"href":"https:\/\/blogs.diariosur.es\/tormentas-y-rayos\/wp-json\/wp\/v2\/media?parent=9079"}],"wp:term":[{"taxonomy":"category","embeddable":true,"href":"https:\/\/blogs.diariosur.es\/tormentas-y-rayos\/wp-json\/wp\/v2\/categories?post=9079"},{"taxonomy":"post_tag","embeddable":true,"href":"https:\/\/blogs.diariosur.es\/tormentas-y-rayos\/wp-json\/wp\/v2\/tags?post=9079"}],"curies":[{"name":"wp","href":"https:\/\/api.w.org\/{rel}","templated":true}]}}