{"id":9095,"date":"2014-08-05T00:05:48","date_gmt":"2014-08-04T22:05:48","guid":{"rendered":"http:\/\/blogs.diariosur.es\/tormentas-y-rayos\/?p=9095"},"modified":"2014-08-05T00:05:48","modified_gmt":"2014-08-04T22:05:48","slug":"prevision-del-tiempo-andalucia-la-aemet-activa-el-aviso-amarillo-en-malaga-por-terral-aunque-no-creo-que-dure-mas-de-9-horas","status":"publish","type":"post","link":"https:\/\/blogs.diariosur.es\/tormentas-y-rayos\/2014\/08\/05\/prevision-del-tiempo-andalucia-la-aemet-activa-el-aviso-amarillo-en-malaga-por-terral-aunque-no-creo-que-dure-mas-de-9-horas\/","title":{"rendered":"Previsi\u00f3n del tiempo Andaluc\u00eda. La aemet activa el aviso amarillo en M\u00e1laga por terral. Aunque no creo que dure mas de 9 horas."},"content":{"rendered":"<p><img loading=\"lazy\" class=\"aligncenter\" src=\"https:\/\/farm6.staticflickr.com\/5566\/14568830453_8e0522e3fc_q.jpg\" alt=\"\" width=\"150\" height=\"150\" \/><\/p>\n<p>&nbsp;<\/p>\n<p>&nbsp;<\/p>\n<p><strong><span style=\"color: #ff0000;\">\u00a0ACTUALIZACI\u00d3N CINCO DE LA TARDE.<\/span><\/strong><\/p>\n<p>&nbsp;<\/p>\n<p><strong>Hola de nuevo amigos de la meteo, como os\u00a0promet\u00ed\u00a0aqui estoy de nuevo, pero muy\u00a0r\u00e1pidamente\u00a0que en unos\u00a0minutos\u00a0tiro para el curro. Entro el terral en la capital malague\u00f1a, pero ha durado muy poco, destaca el aeropuerto con 37,4 grados a las 13.30, pero al cabo de un rato entro el levante y en estos momentos se registra 25,5 grados. En el Puerto la maxima ha sido de 32,4 \u00a0y en Teatinos de 35.7 grados.\u00a0<\/strong><\/p>\n<p>&nbsp;<\/p>\n<p><a href=\"https:\/\/blogs.diariosur.es\/tormentas-y-rayos\/2014\/08\/05\/prevision-del-tiempo-andalucia-la-aemet-activa-el-aviso-amarillo-en-malaga-por-terral-aunque-no-creo-que-dure-mas-de-9-horas\/a-32\/\" rel=\"attachment wp-att-9103\"><img loading=\"lazy\" class=\"aligncenter size-medium wp-image-9103\" title=\"a\" src=\"\/tormentas-y-rayos\/wp-content\/uploads\/sites\/12\/2014\/08\/a.jpg\" alt=\"\" width=\"600\" height=\"242\" srcset=\"https:\/\/static-blogs.diariosur.es\/wp-content\/uploads\/sites\/12\/2014\/08\/a.jpg 772w, https:\/\/static-blogs.diariosur.es\/wp-content\/uploads\/sites\/12\/2014\/08\/a-640x259.jpg 640w, https:\/\/static-blogs.diariosur.es\/wp-content\/uploads\/sites\/12\/2014\/08\/a-768x310.jpg 768w\" sizes=\"(max-width: 600px) 100vw, 600px\" \/><\/a><a href=\"https:\/\/blogs.diariosur.es\/tormentas-y-rayos\/2014\/08\/05\/prevision-del-tiempo-andalucia-la-aemet-activa-el-aviso-amarillo-en-malaga-por-terral-aunque-no-creo-que-dure-mas-de-9-horas\/aa\/\" rel=\"attachment wp-att-9104\"><img loading=\"lazy\" class=\"aligncenter size-full wp-image-9104\" title=\"aa\" src=\"\/tormentas-y-rayos\/wp-content\/uploads\/sites\/12\/2014\/08\/aa.jpg\" alt=\"\" width=\"287\" height=\"179\" \/><\/a><\/p>\n<p>&nbsp;<\/p>\n<p><strong>Ma\u00f1ana por la ma\u00f1ana actualizare el blog de nuevo, hay posibilidad de que tengamos de nuevo nieblas jijijiji.<\/strong><\/p>\n<p>&nbsp;<\/p>\n<p><span style=\"color: #ff0000;\"><strong>ACTUALIZACI\u00d3N SIETE DE LA MA\u00d1ANA.<\/strong><\/span><\/p>\n<p><span style=\"color: #0000ff;\"><strong>Buenos dias amigos de la meteo. El terral parece que le cuesta trabajo entrar en la Capital Malague\u00f1a. Hace unas horas horas os comentaba que por la zona del Aeropuerto si estaba entrando, e incluso se ha registrado una temperatura de 27,7 grados a las cinco menos diez de la ma\u00f1ana, pero enseguida el levante \u00a0la ha hecho bajar hasta los 20 que tenemos ahora. Siete grados menos en una hora.<\/strong><\/span><\/p>\n<p><a href=\"https:\/\/blogs.diariosur.es\/tormentas-y-rayos\/2014\/08\/05\/prevision-del-tiempo-andalucia-la-aemet-activa-el-aviso-amarillo-en-malaga-por-terral-aunque-no-creo-que-dure-mas-de-9-horas\/bb-10\/\" rel=\"attachment wp-att-9101\"><img loading=\"lazy\" class=\"aligncenter size-full wp-image-9101\" title=\"bb\" src=\"\/tormentas-y-rayos\/wp-content\/uploads\/sites\/12\/2014\/08\/bb.jpg\" alt=\"\" width=\"462\" height=\"167\" \/><\/a><a href=\"https:\/\/blogs.diariosur.es\/tormentas-y-rayos\/2014\/08\/05\/prevision-del-tiempo-andalucia-la-aemet-activa-el-aviso-amarillo-en-malaga-por-terral-aunque-no-creo-que-dure-mas-de-9-horas\/martes-tempe\/\" rel=\"attachment wp-att-9102\"><img loading=\"lazy\" class=\"aligncenter size-medium wp-image-9102\" title=\"martes tempe\" src=\"\/tormentas-y-rayos\/wp-content\/uploads\/sites\/12\/2014\/08\/martes-tempe.jpg\" alt=\"\" width=\"600\" height=\"258\" srcset=\"https:\/\/static-blogs.diariosur.es\/wp-content\/uploads\/sites\/12\/2014\/08\/martes-tempe.jpg 724w, https:\/\/static-blogs.diariosur.es\/wp-content\/uploads\/sites\/12\/2014\/08\/martes-tempe-640x276.jpg 640w\" sizes=\"(max-width: 600px) 100vw, 600px\" \/><\/a><\/p>\n<p>&nbsp;<\/p>\n<p><span style=\"color: #0000ff;\"><strong>Ya veremos que pasa amigos, cuando salga del curro para comer intentare actualizar el blog de nuevo, tanto por si ha entrado el terral, <span style=\"color: #ff00ff;\">\u00a0o por si la Aemet de nuevo desactiva el aviso amarillo.\u00a0<\/span><\/strong><\/span><\/p>\n<p>&nbsp;<\/p>\n<p>&nbsp;<\/p>\n<p>&nbsp;<\/p>\n<p><strong>Buenas noches o buenas madrugadas del martes amigos de la meteo, son las doce y cinco minutos, registro 24 grados y el viento esta en calma en mi zona. Por la zona del Aeropuerto ya esta entrando terral.<\/strong><\/p>\n<p><strong> \u00a0Antes de nada gracias por vuestra solidaridad. Y tambi\u00e9n por las 15.246 visitas que tuvo el blog en el mes de julio.<\/strong><\/p>\n<p>&nbsp;<\/p>\n<p><img loading=\"lazy\" class=\"aligncenter\" src=\"https:\/\/farm4.staticflickr.com\/3837\/14396804033_86a3d305c4.jpg\" alt=\"\" width=\"371\" height=\"500\" \/><\/p>\n<p>&nbsp;<\/p>\n<p><strong>Aunque ayer lunes pensaba anunciaros el terral, tampoco pasa na si lo hago ahora. Pues si, en un par de horas y\u00a0seg\u00fan\u00a0los modelos, el terral sera el protagonista en el Valle del Guadalhorce, M\u00e1laga Capital y municipios\u00a0expuestos\u00a0a este viento. De todas formas durara poco tiempo, y no creo que ma\u00f1ana\u00a0mi\u00e9rcoles\u00a0siga. Incluso por la tarde \u00a0o al mediodia hay posibilidad de que se quite hoy. <\/strong><\/p>\n<p><strong>El motivo por el cual de nuevo entra el terral, es por aparecer de nuevo el anticicl\u00f3n de las azores y una borrasca situada en el Reino Unido. Esto\u00a0har\u00e1\u00a0que los vientos soplen hoy del oeste en\u00a0Andaluc\u00eda.<\/strong><\/p>\n<p><strong>Eso si amigos, esta vez la temperatura a 850 hpa es mas alta que en otras ocasiones, viendo modelos rondara los 24 o 26 grados. Fuente meteociel.<\/strong><\/p>\n<p><a href=\"https:\/\/blogs.diariosur.es\/tormentas-y-rayos\/2014\/08\/05\/prevision-del-tiempo-andalucia-la-aemet-activa-el-aviso-amarillo-en-malaga-por-terral-aunque-no-creo-que-dure-mas-de-9-horas\/gfs-1-30-2\/\" rel=\"attachment wp-att-9096\"><img loading=\"lazy\" class=\"aligncenter size-medium wp-image-9096\" title=\"gfs-1-30\" src=\"\/tormentas-y-rayos\/wp-content\/uploads\/sites\/12\/2014\/08\/gfs-1-30.png\" alt=\"\" width=\"600\" height=\"400\" srcset=\"https:\/\/static-blogs.diariosur.es\/wp-content\/uploads\/sites\/12\/2014\/08\/gfs-1-30.png 768w, https:\/\/static-blogs.diariosur.es\/wp-content\/uploads\/sites\/12\/2014\/08\/gfs-1-30-600x400.png 600w\" sizes=\"(max-width: 600px) 100vw, 600px\" \/><\/a><\/p>\n<p>&nbsp;<\/p>\n<p><strong>Con esto quiero decir que la maxima rondara los 37 grados o mas, siempre y cuando entre en la capital. Otro factor a tener en cuanta es que no soplara fuerte, se puede dar la\u00a0circunstancia\u00a0que haya diferencia de temperatura entre las zonas del\u00a0Puerto y la del Aeropuerto,\u00a0as\u00ed\u00a0como con teatinos. Sera curioso ver los\u00a0gr\u00e1ficos de las estaciones. \u00a0Las\u00a0m\u00e1ximas\u00a0mas altas se\u00a0dar\u00e1n\u00a0por el Valle del Guadalhorce.\u00a0<\/strong><\/p>\n<p><strong>En lo que respecta a otras zonas de Andaluc\u00eda,\u00a0seguir\u00e1n\u00a0con\u00a0m\u00e1ximas\u00a0que para ser agosto no llegaran a los 36 \u00a0grados hoy. A partir del\u00a0mi\u00e9rcoles\u00a0y\u00a0jueves\u00a0si\u00a0subir\u00e1n, \u00a0rondando los 38 grados.<\/strong><\/p>\n<p><strong>Otro dato a destacar son las m\u00ednimas que se han dado en Andaluc\u00eda en este mes de agosto, y mas siendo los primeros dias de mes. Os paso unos\u00a0gr\u00e1ficos\u00a0fuente aemet.<\/strong><\/p>\n<p><a href=\"https:\/\/blogs.diariosur.es\/tormentas-y-rayos\/2014\/08\/05\/prevision-del-tiempo-andalucia-la-aemet-activa-el-aviso-amarillo-en-malaga-por-terral-aunque-no-creo-que-dure-mas-de-9-horas\/minima-domingo-2\/\" rel=\"attachment wp-att-9097\"><img loading=\"lazy\" class=\"aligncenter size-medium wp-image-9097\" title=\"minima domingo\" src=\"\/tormentas-y-rayos\/wp-content\/uploads\/sites\/12\/2014\/08\/minima-domingo.jpg\" alt=\"\" width=\"559\" height=\"400\" srcset=\"https:\/\/static-blogs.diariosur.es\/wp-content\/uploads\/sites\/12\/2014\/08\/minima-domingo.jpg 746w, https:\/\/static-blogs.diariosur.es\/wp-content\/uploads\/sites\/12\/2014\/08\/minima-domingo-560x400.jpg 560w\" sizes=\"(max-width: 559px) 100vw, 559px\" \/><\/a><\/p>\n<p><a href=\"https:\/\/blogs.diariosur.es\/tormentas-y-rayos\/2014\/08\/05\/prevision-del-tiempo-andalucia-la-aemet-activa-el-aviso-amarillo-en-malaga-por-terral-aunque-no-creo-que-dure-mas-de-9-horas\/minima-lunes\/\" rel=\"attachment wp-att-9098\"><img loading=\"lazy\" class=\"aligncenter size-medium wp-image-9098\" title=\"minima lunes\" src=\"\/tormentas-y-rayos\/wp-content\/uploads\/sites\/12\/2014\/08\/minima-lunes.jpg\" alt=\"\" width=\"594\" height=\"400\" srcset=\"https:\/\/static-blogs.diariosur.es\/wp-content\/uploads\/sites\/12\/2014\/08\/minima-lunes.jpg 757w, https:\/\/static-blogs.diariosur.es\/wp-content\/uploads\/sites\/12\/2014\/08\/minima-lunes-595x400.jpg 595w\" sizes=\"(max-width: 594px) 100vw, 594px\" \/><\/a><\/p>\n<p>&nbsp;<\/p>\n<p><strong>\u00a0Bueno poco mas que contar amigos, este mes de agosto tengo mucho curro, es decir, poco tiempo para ver modelos, mapas etc etc. El jueves que libro, \u00a0y aunque no tengamos candilazo, bajare a la playa para \u00a0cazar el amanecer. \u00a0Os dejo con unas cuantas fotos de archivo.<\/strong><\/p>\n<p><strong>Os veo el\u00a0mi\u00e9rcoles.<\/strong><\/p>\n<p>&nbsp;<\/p>\n<p><img loading=\"lazy\" class=\"aligncenter\" src=\"https:\/\/farm4.staticflickr.com\/3714\/11327018863_22c7dce4af_z.jpg\" alt=\"\" width=\"640\" height=\"480\" \/><\/p>\n<p>&nbsp;<\/p>\n<p><img loading=\"lazy\" class=\"aligncenter\" src=\"https:\/\/farm4.staticflickr.com\/3828\/12131558243_b864a27696_z.jpg\" alt=\"\" width=\"640\" height=\"480\" \/><\/p>\n<p>&nbsp;<\/p>\n<p>&nbsp;<\/p>\n<p><img loading=\"lazy\" class=\"aligncenter\" src=\"https:\/\/farm4.staticflickr.com\/3736\/12293183136_13b3a0172a_z.jpg\" alt=\"\" width=\"640\" height=\"480\" \/><\/p>\n<p>&nbsp;<\/p>\n<p>&nbsp;<\/p>\n<p>&nbsp;<\/p>\n<p>&nbsp;<\/p>\n<p><img loading=\"lazy\" class=\"aligncenter\" src=\"https:\/\/farm7.staticflickr.com\/6055\/6367592321_0545f0f2bd_z.jpg\" alt=\"\" width=\"640\" height=\"360\" \/><\/p>\n<p>&nbsp;<\/p>\n<p><img loading=\"lazy\" class=\"aligncenter\" src=\"https:\/\/farm6.staticflickr.com\/5491\/9693165356_f449a89f8e_z.jpg\" alt=\"\" width=\"640\" height=\"427\" \/><\/p>\n<p>&nbsp;<\/p>\n<p><img loading=\"lazy\" class=\"aligncenter\" src=\"https:\/\/farm9.staticflickr.com\/8251\/8543359215_f113e591fc_z.jpg\" alt=\"\" width=\"640\" height=\"480\" \/><\/p>\n<p>&nbsp;<\/p>\n","protected":false},"excerpt":{"rendered":"<p>&nbsp; &nbsp; \u00a0ACTUALIZACI\u00d3N CINCO DE LA TARDE. &nbsp; Hola de nuevo amigos de la meteo, como os\u00a0promet\u00ed\u00a0aqui estoy de nuevo, pero muy\u00a0r\u00e1pidamente\u00a0que en unos\u00a0minutos\u00a0tiro para el curro. Entro el terral en la capital malague\u00f1a, pero ha durado muy poco, destaca el aeropuerto con 37,4 grados a las 13.30, pero al cabo de un rato entro [&hellip;]<\/p>\n","protected":false},"author":16,"featured_media":9099,"comment_status":"open","ping_status":"open","sticky":false,"template":"","format":"standard","meta":[],"categories":[2],"tags":[81,94,100,151,587,809,962,975,980],"_links":{"self":[{"href":"https:\/\/blogs.diariosur.es\/tormentas-y-rayos\/wp-json\/wp\/v2\/posts\/9095"}],"collection":[{"href":"https:\/\/blogs.diariosur.es\/tormentas-y-rayos\/wp-json\/wp\/v2\/posts"}],"about":[{"href":"https:\/\/blogs.diariosur.es\/tormentas-y-rayos\/wp-json\/wp\/v2\/types\/post"}],"author":[{"embeddable":true,"href":"https:\/\/blogs.diariosur.es\/tormentas-y-rayos\/wp-json\/wp\/v2\/users\/16"}],"replies":[{"embeddable":true,"href":"https:\/\/blogs.diariosur.es\/tormentas-y-rayos\/wp-json\/wp\/v2\/comments?post=9095"}],"version-history":[{"count":0,"href":"https:\/\/blogs.diariosur.es\/tormentas-y-rayos\/wp-json\/wp\/v2\/posts\/9095\/revisions"}],"wp:featuredmedia":[{"embeddable":true,"href":"https:\/\/blogs.diariosur.es\/tormentas-y-rayos\/wp-json\/wp\/v2\/media\/9099"}],"wp:attachment":[{"href":"https:\/\/blogs.diariosur.es\/tormentas-y-rayos\/wp-json\/wp\/v2\/media?parent=9095"}],"wp:term":[{"taxonomy":"category","embeddable":true,"href":"https:\/\/blogs.diariosur.es\/tormentas-y-rayos\/wp-json\/wp\/v2\/categories?post=9095"},{"taxonomy":"post_tag","embeddable":true,"href":"https:\/\/blogs.diariosur.es\/tormentas-y-rayos\/wp-json\/wp\/v2\/tags?post=9095"}],"curies":[{"name":"wp","href":"https:\/\/api.w.org\/{rel}","templated":true}]}}