{"id":9105,"date":"2014-08-06T07:11:47","date_gmt":"2014-08-06T05:11:47","guid":{"rendered":"http:\/\/blogs.diariosur.es\/tormentas-y-rayos\/?p=9105"},"modified":"2014-08-06T07:11:47","modified_gmt":"2014-08-06T05:11:47","slug":"posibilidad-de-nieblas-en-el-litoral-mediterraneo-andaluz-julio-en-cuanto-a-temperatura-ha-tenido-un-caracter-frio-o-muy-frio-en-andalucia-salvo-en-malaga-donde-ha-sido-muy-calido","status":"publish","type":"post","link":"https:\/\/blogs.diariosur.es\/tormentas-y-rayos\/2014\/08\/06\/posibilidad-de-nieblas-en-el-litoral-mediterraneo-andaluz-julio-en-cuanto-a-temperatura-ha-tenido-un-caracter-frio-o-muy-frio-en-andalucia-salvo-en-malaga-donde-ha-sido-muy-calido\/","title":{"rendered":"Posibilidad de nieblas en el Litoral Mediterr\u00e1neo Andaluz. Julio en cuanto a temperatura ha tenido un car\u00e1cter fr\u00edo o muy fr\u00edo en Andaluc\u00eda, salvo en M\u00e1laga donde ha sido muy c\u00e1lido."},"content":{"rendered":"<p>&nbsp;<\/p>\n<p><img loading=\"lazy\" class=\"aligncenter\" src=\"https:\/\/farm3.staticflickr.com\/2898\/14371881571_bbae3518b1_q.jpg\" alt=\"\" width=\"150\" height=\"150\" \/><\/p>\n<p><span style=\"color: #0000ff;\"><strong>Buenos dias amigos de la meteo, son las seis de la ma\u00f1ana, registro 22,5 \u00a0grados y los cielos\u00a0est\u00e1n\u00a0despejados.<\/strong><\/span><\/p>\n<p><span style=\"color: #0000ff;\"><strong> Hoy\u00a0mi\u00e9rcoles y ma\u00f1ana jueves \u00a0hay\u00a0posibilidad de que de nuevo las brumas y nieblas sean las protagonistas en el Litoral\u00a0Mediterr\u00e1neo\u00a0Andaluz. \u00a0La superficie del agua se ha enfriado debido al terral, y como se espera que hoy soplen brisas de sur sureste, la niebla puede aparecer de nuevo en el Litoral Malague\u00f1o. Ya veremos que pasa, cuando salga del curro para comer, \u00a0actualizare el blog para confirmar si se ha dado este meteoro.<\/strong><\/span><\/p>\n<p><span style=\"color: #0000ff;\"><img loading=\"lazy\" class=\"aligncenter\" src=\"https:\/\/farm3.staticflickr.com\/2938\/14216709420_875b2cb4e7_z.jpg\" alt=\"\" width=\"430\" height=\"526\" \/><\/span><\/p>\n<p>&nbsp;<\/p>\n<p>&nbsp;<\/p>\n<p><span style=\"color: #0000ff;\"><strong>En el Valle del Guadalquivir e interior de Andaluc\u00eda\u00a0subir\u00e1n\u00a0las\u00a0m\u00e1ximas\u00a0tanto hoy\u00a0mi\u00e9rcoles\u00a0como ma\u00f1ana jueves, rondando los 38 grados.<\/strong><\/span><\/p>\n<p>&nbsp;<\/p>\n<p><span style=\"color: #ff0000;\"><strong>Ayer se cumplieron los\u00a0<\/strong><strong>pron\u00f3sticos, y\u00a0ocurrieron\u00a0varias cosas muy interesantes. Me vais a permitir amigos de la meteo, que os ponga el enlace del post de ayer, en \u00e9l\u00a0podr\u00e9is\u00a0ver\u00a0gr\u00e1ficos\u00a0de lo que\u00a0ocurri\u00f3\u00a0desde la madrugada, hasta ultima hora de la tarde. Estoy un poco cansado y con poco tiempo para dedicar al blog. Os paso el enlace.\u00a0<\/strong><\/span><\/p>\n<p><span style=\"color: #ff0000;\"><strong><a href=\"https:\/\/blogs.diariosur.es\/tormentas-y-rayos\/2014\/08\/05\/prevision-del-tiempo-andalucia-la-aemet-activa-el-aviso-amarillo-en-malaga-por-terral-aunque-no-creo-que-dure-mas-de-9-horas\/\"><span style=\"color: #ff0000;\">UN TERRAL QUE DURO POCAS HORAS.<\/span><\/a>\u00a0\u00a0<\/strong><\/span><\/p>\n<p>&nbsp;<\/p>\n<p>&nbsp;<\/p>\n<p><span style=\"color: #ff0000;\"><strong>Os paso a continuaci\u00f3n el resumen climatol\u00f3gico del mes de julio en\u00a0Andaluc\u00eda. Destacar que\u00a0<\/strong><strong>Julio en cuanto a temperatura ha tenido un car\u00e1cter fr\u00edo o muy fr\u00edo en Andaluc\u00eda, salvo en M\u00e1laga\u00a0<\/strong><\/span><\/p>\n<p><span style=\"color: #ff0000;\"><strong>donde ha sido muy c\u00e1lido. En Almer\u00eda y Granada ha sido normal. En Ceuta ha sido muy c\u00e1lido y en Melilla ha sido <\/strong><strong>c\u00e1lido. Fuente AEMET.<\/strong><\/span><\/p>\n<p><a href=\"https:\/\/blogs.diariosur.es\/tormentas-y-rayos\/2014\/08\/06\/posibilidad-de-nieblas-en-el-litoral-mediterraneo-andaluz-julio-en-cuanto-a-temperatura-ha-tenido-un-caracter-frio-o-muy-frio-en-andalucia-salvo-en-malaga-donde-ha-sido-muy-calido\/rppp\/\" rel=\"attachment wp-att-9106\"><img loading=\"lazy\" class=\"aligncenter size-medium wp-image-9106\" title=\"rppp\" src=\"\/tormentas-y-rayos\/wp-content\/uploads\/sites\/12\/2014\/08\/rppp.jpg\" alt=\"\" width=\"563\" height=\"400\" srcset=\"https:\/\/static-blogs.diariosur.es\/wp-content\/uploads\/sites\/12\/2014\/08\/rppp.jpg 777w, https:\/\/static-blogs.diariosur.es\/wp-content\/uploads\/sites\/12\/2014\/08\/rppp-563x400.jpg 563w, https:\/\/static-blogs.diariosur.es\/wp-content\/uploads\/sites\/12\/2014\/08\/rppp-768x546.jpg 768w\" sizes=\"(max-width: 563px) 100vw, 563px\" \/><\/a><\/p>\n<p>&nbsp;<\/p>\n<p><strong><a href=\"http:\/\/www.aemet.es\/es\/noticias\/2014\/08\/climaticojulio2014\" rel=\"external nofollow\">Os paso el enlace del resumen climatol\u00f3gico de Espa\u00f1a. \u00a0 \u00a0<\/a><\/strong><\/p>\n<p>&nbsp;<\/p>\n<p><strong>Poco mas que contar amigos, ma\u00f1ana libro y espero cargar las pilas que falta me hace. Os dejo con este foton de Roger Hill.<\/strong><\/p>\n<p>&nbsp;<\/p>\n<p><a href=\"https:\/\/blogs.diariosur.es\/tormentas-y-rayos\/2014\/08\/06\/posibilidad-de-nieblas-en-el-litoral-mediterraneo-andaluz-julio-en-cuanto-a-temperatura-ha-tenido-un-caracter-frio-o-muy-frio-en-andalucia-salvo-en-malaga-donde-ha-sido-muy-calido\/roger-hill\/\" rel=\"attachment wp-att-9107\"><img loading=\"lazy\" class=\"aligncenter size-full wp-image-9107\" title=\"ROGER HILL\" src=\"\/tormentas-y-rayos\/wp-content\/uploads\/sites\/12\/2014\/08\/ROGER-HILL.jpg\" alt=\"\" width=\"640\" height=\"427\" srcset=\"https:\/\/static-blogs.diariosur.es\/wp-content\/uploads\/sites\/12\/2014\/08\/ROGER-HILL.jpg 640w, https:\/\/static-blogs.diariosur.es\/wp-content\/uploads\/sites\/12\/2014\/08\/ROGER-HILL-600x400.jpg 600w\" sizes=\"(max-width: 640px) 100vw, 640px\" \/><\/a><\/p>\n<p>&nbsp;<\/p>\n","protected":false},"excerpt":{"rendered":"<p>&nbsp; Buenos dias amigos de la meteo, son las seis de la ma\u00f1ana, registro 22,5 \u00a0grados y los cielos\u00a0est\u00e1n\u00a0despejados. Hoy\u00a0mi\u00e9rcoles y ma\u00f1ana jueves \u00a0hay\u00a0posibilidad de que de nuevo las brumas y nieblas sean las protagonistas en el Litoral\u00a0Mediterr\u00e1neo\u00a0Andaluz. \u00a0La superficie del agua se ha enfriado debido al terral, y como se espera que hoy soplen [&hellip;]<\/p>\n","protected":false},"author":16,"featured_media":9110,"comment_status":"open","ping_status":"open","sticky":false,"template":"","format":"standard","meta":[],"categories":[2],"tags":[100,432,538,587,697],"_links":{"self":[{"href":"https:\/\/blogs.diariosur.es\/tormentas-y-rayos\/wp-json\/wp\/v2\/posts\/9105"}],"collection":[{"href":"https:\/\/blogs.diariosur.es\/tormentas-y-rayos\/wp-json\/wp\/v2\/posts"}],"about":[{"href":"https:\/\/blogs.diariosur.es\/tormentas-y-rayos\/wp-json\/wp\/v2\/types\/post"}],"author":[{"embeddable":true,"href":"https:\/\/blogs.diariosur.es\/tormentas-y-rayos\/wp-json\/wp\/v2\/users\/16"}],"replies":[{"embeddable":true,"href":"https:\/\/blogs.diariosur.es\/tormentas-y-rayos\/wp-json\/wp\/v2\/comments?post=9105"}],"version-history":[{"count":0,"href":"https:\/\/blogs.diariosur.es\/tormentas-y-rayos\/wp-json\/wp\/v2\/posts\/9105\/revisions"}],"wp:featuredmedia":[{"embeddable":true,"href":"https:\/\/blogs.diariosur.es\/tormentas-y-rayos\/wp-json\/wp\/v2\/media\/9110"}],"wp:attachment":[{"href":"https:\/\/blogs.diariosur.es\/tormentas-y-rayos\/wp-json\/wp\/v2\/media?parent=9105"}],"wp:term":[{"taxonomy":"category","embeddable":true,"href":"https:\/\/blogs.diariosur.es\/tormentas-y-rayos\/wp-json\/wp\/v2\/categories?post=9105"},{"taxonomy":"post_tag","embeddable":true,"href":"https:\/\/blogs.diariosur.es\/tormentas-y-rayos\/wp-json\/wp\/v2\/tags?post=9105"}],"curies":[{"name":"wp","href":"https:\/\/api.w.org\/{rel}","templated":true}]}}