{"id":9129,"date":"2014-08-09T07:39:18","date_gmt":"2014-08-09T05:39:18","guid":{"rendered":"http:\/\/blogs.diariosur.es\/tormentas-y-rayos\/?p=9129"},"modified":"2014-08-09T07:39:18","modified_gmt":"2014-08-09T05:39:18","slug":"prevision-del-tiempo-se-confirma-un-terral-flojo-en-temperatura-y-velocidad-en-malaga-para-el-domingo-aviso-amarillo","status":"publish","type":"post","link":"https:\/\/blogs.diariosur.es\/tormentas-y-rayos\/2014\/08\/09\/prevision-del-tiempo-se-confirma-un-terral-flojo-en-temperatura-y-velocidad-en-malaga-para-el-domingo-aviso-amarillo\/","title":{"rendered":"Previsi\u00f3n del tiempo. Se confirma un terral  flojo en temperatura y velocidad en M\u00e1laga para el domingo. Aviso amarillo. Bertha se dirige a las Islas Brit\u00e1nicas."},"content":{"rendered":"<p><img loading=\"lazy\" class=\"aligncenter\" src=\"https:\/\/farm3.staticflickr.com\/2898\/14371881571_bbae3518b1_q.jpg\" alt=\"\" width=\"150\" height=\"150\" \/><\/p>\n<p>&nbsp;<\/p>\n<p><strong>Buenos dias amigos de la meteo. Son las seis y media de la ma\u00f1ana, registro en mi estaci\u00f3n 21 grados y los cielos andaluces est\u00e1n despejados, solo diviso en el\u00a0sat\u00e9lite\u00a0nubes altas hacia la zona de Almer\u00eda y bancos de niebla frente a M\u00e1laga.<\/strong><\/p>\n<p><strong>\u00a0Ayer os comentaba que los restos del\u00a0hurac\u00e1n\u00a0Bertha \u00a0y la posici\u00f3n del anticicl\u00f3n de las Azores, har\u00e1\u00a0que los vientos entre de poniente y suroeste en Andaluc\u00eda ma\u00f1ana domingo. Donde mas se notaran los efectos de Bertha ser\u00e1n en Irlanda y Reino Unido.\u00a0<\/strong><\/p>\n<p><a href=\"https:\/\/blogs.diariosur.es\/tormentas-y-rayos\/2014\/08\/09\/prevision-del-tiempo-se-confirma-un-terral-flojo-en-temperatura-y-velocidad-en-malaga-para-el-domingo-aviso-amarillo\/captura2-551x400\/\" rel=\"attachment wp-att-9130\"><img loading=\"lazy\" class=\"aligncenter size-full wp-image-9130\" title=\"Captura2-551x400\" src=\"\/tormentas-y-rayos\/wp-content\/uploads\/sites\/12\/2014\/08\/Captura2.jpg\" alt=\"\" width=\"551\" height=\"400\" \/><\/a><\/p>\n<p><strong>La aemet activa el aviso amarillo por altas temperaturas para el domingo en M\u00e1laga Capital y zonas expuestas a este viento. Las\u00a0m\u00e1ximas\u00a0rondaran los 35 o 37 grados o mas \u00a0seg\u00fan\u00a0las zonas. \u00a0En las\u00a0dem\u00e1s\u00a0zonas\u00a0que le entre desde el mar, las\u00a0m\u00e1ximas\u00a0no pasaran de los 25 grados. En el interior como es el caso de Ronda y Antequera pasara lo mismo. El aviso amarillo tambi\u00e9n se activara en el\u00a0Valle\u00a0de Almanzora y los Velez ( Almer\u00eda). En el Valle del Guadalquivir bajaran las\u00a0m\u00e1ximas\u00a0y las\u00a0m\u00ednimas.<\/strong><\/p>\n<p><a href=\"https:\/\/blogs.diariosur.es\/tormentas-y-rayos\/2014\/08\/09\/prevision-del-tiempo-se-confirma-un-terral-flojo-en-temperatura-y-velocidad-en-malaga-para-el-domingo-aviso-amarillo\/captura-385\/\" rel=\"attachment wp-att-9131\"><img loading=\"lazy\" class=\"aligncenter size-medium wp-image-9131\" title=\"Captura\" src=\"\/tormentas-y-rayos\/wp-content\/uploads\/sites\/12\/2014\/08\/Captura4.jpg\" alt=\"\" width=\"600\" height=\"376\" srcset=\"https:\/\/static-blogs.diariosur.es\/wp-content\/uploads\/sites\/12\/2014\/08\/Captura4.jpg 674w, https:\/\/static-blogs.diariosur.es\/wp-content\/uploads\/sites\/12\/2014\/08\/Captura4-637x400.jpg 637w\" sizes=\"(max-width: 600px) 100vw, 600px\" \/><\/a><\/p>\n<p><strong><span style=\"color: #ff0000;\">Viendo los\u00a0\u00faltimos\u00a0modelos, pienso que\u00a0habr\u00e1\u00a0lucha entre vientos en la zona de la capital, por ese motivo he puesto en el titulo un terral flojo. No solo por la temperatura si no tambien por la velocidad. No creo que en la zona del Rinc\u00f3n, Torre de Benagalb\u00f3n, Torre del Mar etc etc \u00a0se llegue a levantar la arena. El terral en cuanto a temperatura se notara mas en el Valle del Guadalhorce, Aeropuerto y Teatinos. Seria por la tarde noche y madrugada del lunes, cuando el terral\u00a0tomar\u00eda<\/span><span><span style=\"color: #ff0000;\">\u00a0mas protagonismo. Asi que no me\u00a0extra\u00f1ar\u00eda\u00a0que la aemet active el aviso amarillo tambi\u00e9n\u00a0para el lunes. Ya veremos que pasa ma\u00f1ana al final, cuando salga del curro esta noche tirare para Torre de Benagalb\u00f3n. Desde esta zona, \u00a0y como hago siempre os\u00a0tendr\u00e9\u00a0informados desde\u00a0facebook.<\/span><\/span><\/strong><\/p>\n<p><strong><a href=\"https:\/\/www.flickr.com\/photos\/jose_luis_escudero\/\" rel=\"external nofollow\">Os dejo con el enlace a mi galeria de fotos en flick, en ella\u00a0ver\u00e9is\u00a0casi todas las fotos de niebla que se han dado este verano.<\/a><\/strong><\/p>\n<p>&nbsp;<\/p>\n<p><strong>Para terminar os paso esta foto de la granizada que se ha dado en Calanda Teruel, a consecuencia de la vaguada que entro ayer por la zona norte<\/strong><\/p>\n<p>&nbsp;<\/p>\n<p><a href=\"https:\/\/blogs.diariosur.es\/tormentas-y-rayos\/2014\/08\/09\/prevision-del-tiempo-se-confirma-un-terral-flojo-en-temperatura-y-velocidad-en-malaga-para-el-domingo-aviso-amarillo\/10525620_630637017049499_2161000876529917061_n\/\" rel=\"attachment wp-att-9133\"><img loading=\"lazy\" class=\"aligncenter size-large wp-image-9133\" title=\"10525620_630637017049499_2161000876529917061_n\" src=\"\/tormentas-y-rayos\/wp-content\/uploads\/sites\/12\/2014\/08\/10525620_630637017049499_2161000876529917061_n.jpg\" alt=\"\" width=\"337\" height=\"600\" srcset=\"https:\/\/static-blogs.diariosur.es\/wp-content\/uploads\/sites\/12\/2014\/08\/10525620_630637017049499_2161000876529917061_n.jpg 540w, https:\/\/static-blogs.diariosur.es\/wp-content\/uploads\/sites\/12\/2014\/08\/10525620_630637017049499_2161000876529917061_n-225x400.jpg 225w\" sizes=\"(max-width: 337px) 100vw, 337px\" \/><\/a><\/p>\n<p>&nbsp;<\/p>\n<p>&nbsp;<\/p>\n<p>&nbsp;<\/p>\n<p>&nbsp;<\/p>\n","protected":false},"excerpt":{"rendered":"<p>&nbsp; Buenos dias amigos de la meteo. Son las seis y media de la ma\u00f1ana, registro en mi estaci\u00f3n 21 grados y los cielos andaluces est\u00e1n despejados, solo diviso en el\u00a0sat\u00e9lite\u00a0nubes altas hacia la zona de Almer\u00eda y bancos de niebla frente a M\u00e1laga. \u00a0Ayer os comentaba que los restos del\u00a0hurac\u00e1n\u00a0Bertha \u00a0y la posici\u00f3n del [&hellip;]<\/p>\n","protected":false},"author":16,"featured_media":9132,"comment_status":"open","ping_status":"open","sticky":false,"template":"","format":"standard","meta":[],"categories":[2],"tags":[63,91,151,176,496,522,587,809,975,980],"_links":{"self":[{"href":"https:\/\/blogs.diariosur.es\/tormentas-y-rayos\/wp-json\/wp\/v2\/posts\/9129"}],"collection":[{"href":"https:\/\/blogs.diariosur.es\/tormentas-y-rayos\/wp-json\/wp\/v2\/posts"}],"about":[{"href":"https:\/\/blogs.diariosur.es\/tormentas-y-rayos\/wp-json\/wp\/v2\/types\/post"}],"author":[{"embeddable":true,"href":"https:\/\/blogs.diariosur.es\/tormentas-y-rayos\/wp-json\/wp\/v2\/users\/16"}],"replies":[{"embeddable":true,"href":"https:\/\/blogs.diariosur.es\/tormentas-y-rayos\/wp-json\/wp\/v2\/comments?post=9129"}],"version-history":[{"count":0,"href":"https:\/\/blogs.diariosur.es\/tormentas-y-rayos\/wp-json\/wp\/v2\/posts\/9129\/revisions"}],"wp:featuredmedia":[{"embeddable":true,"href":"https:\/\/blogs.diariosur.es\/tormentas-y-rayos\/wp-json\/wp\/v2\/media\/9132"}],"wp:attachment":[{"href":"https:\/\/blogs.diariosur.es\/tormentas-y-rayos\/wp-json\/wp\/v2\/media?parent=9129"}],"wp:term":[{"taxonomy":"category","embeddable":true,"href":"https:\/\/blogs.diariosur.es\/tormentas-y-rayos\/wp-json\/wp\/v2\/categories?post=9129"},{"taxonomy":"post_tag","embeddable":true,"href":"https:\/\/blogs.diariosur.es\/tormentas-y-rayos\/wp-json\/wp\/v2\/tags?post=9129"}],"curies":[{"name":"wp","href":"https:\/\/api.w.org\/{rel}","templated":true}]}}