{"id":9148,"date":"2014-08-12T07:13:47","date_gmt":"2014-08-12T05:13:47","guid":{"rendered":"http:\/\/blogs.diariosur.es\/tormentas-y-rayos\/?p=9148"},"modified":"2014-08-12T07:13:47","modified_gmt":"2014-08-12T05:13:47","slug":"coin-y-malaga-capital-dan-la-maxima-de-espana-39-7-y-394-el-terral-nos-da-una-pequena-tregua-hoy-pero-promete-volver-manana-casi-11-grados-de-diferencia-entre-teatinos-y-zonas-del-puerto","status":"publish","type":"post","link":"https:\/\/blogs.diariosur.es\/tormentas-y-rayos\/2014\/08\/12\/coin-y-malaga-capital-dan-la-maxima-de-espana-39-7-y-394-el-terral-nos-da-una-pequena-tregua-hoy-pero-promete-volver-manana-casi-11-grados-de-diferencia-entre-teatinos-y-zonas-del-puerto\/","title":{"rendered":"Co\u00edn y M\u00e1laga Capital dan la maxima de Espa\u00f1a ( 39.7 y 39,4). El terral nos da una peque\u00f1a tregua hoy, pero promete volver ma\u00f1ana. Casi 11 grados de diferencia entre Teatinos y zonas del Puerto."},"content":{"rendered":"<p><img loading=\"lazy\" class=\"aligncenter\" src=\"https:\/\/farm3.staticflickr.com\/2898\/14371881571_bbae3518b1_q.jpg\" alt=\"\" width=\"150\" height=\"150\" \/><\/p>\n<p>&nbsp;<\/p>\n<p>&nbsp;<\/p>\n<p>&nbsp;<\/p>\n<p><span style=\"color: #0000ff;\"><strong>Buenos dias amigos de la meteo. Cuando son las seis de la ma\u00f1ana registro 24 grados, los cielos est\u00e1n despejados y el viento en calma.<\/strong><\/span><\/p>\n<p><span style=\"color: #0000ff;\"><strong>Hoy martes el terral nos\u00a0dar\u00e1\u00a0una peque\u00f1a tregua, los vientos\u00a0ser\u00e1n\u00a0de direcci\u00f3n variable y en la mayor\u00eda de los casos con componente\u00a0mar\u00edtimo. Aunque en algunos momentos se pueden escapar rebozas de terral. Sera durante la madrugada\u00a0pr\u00f3xima, cuando el terral y el poniente vuelvan a nuestra provincia. Ma\u00f1ana\u00a0mi\u00e9rcoles el terral\u00a0har\u00e1\u00a0subir los\u00a0term\u00f3metros\u00a0\u00a0de nuevo, aunque no creo que se llegue a los 39 otra vez, como mucho la maxima y\u00a0seg\u00fan\u00a0zonas de la capital\u00a0estar\u00e1n\u00a0entre los 33 y 37. \u00a0<\/strong><\/span><\/p>\n<p><img loading=\"lazy\" class=\"aligncenter\" src=\"https:\/\/farm6.staticflickr.com\/5576\/14447608476_f8e3d33ca9.jpg\" alt=\"\" width=\"400\" height=\"500\" \/><\/p>\n<p>&nbsp;<\/p>\n<p>&nbsp;<\/p>\n<p><span style=\"color: #0000ff;\"><strong>Muchos os preguntareis el por qu\u00e9 hoy\u00a0habr\u00e1\u00a0una tregua y ma\u00f1ana vuelve nuestro querido viento, muy\u00a0f\u00e1cil\u00a0amigos. Un nuevo frente cruzara el norte peninsular, nada mas que pase, el viento rolara a poniente en Andaluc\u00eda, como todos\u00a0sab\u00e9is\u00a0al norte de la\u00a0pen\u00ednsula\u00a0y cerca de las Islas\u00a0Brit\u00e1nicas\u00a0las borrascas son las protagonistas.<\/strong><\/span><\/p>\n<p><a href=\"https:\/\/blogs.diariosur.es\/tormentas-y-rayos\/2014\/08\/12\/coin-y-malaga-capital-dan-la-maxima-de-espana-39-7-y-394-el-terral-nos-da-una-pequena-tregua-hoy-pero-promete-volver-manana-casi-11-grados-de-diferencia-entre-teatinos-y-zonas-del-puerto\/captura-388\/\" rel=\"attachment wp-att-9156\"><img loading=\"lazy\" class=\"aligncenter size-medium wp-image-9156\" title=\"Captura\" src=\"\/tormentas-y-rayos\/wp-content\/uploads\/sites\/12\/2014\/08\/Captura7.jpg\" alt=\"\" width=\"600\" height=\"366\" srcset=\"https:\/\/static-blogs.diariosur.es\/wp-content\/uploads\/sites\/12\/2014\/08\/Captura7.jpg 914w, https:\/\/static-blogs.diariosur.es\/wp-content\/uploads\/sites\/12\/2014\/08\/Captura7-640x391.jpg 640w, https:\/\/static-blogs.diariosur.es\/wp-content\/uploads\/sites\/12\/2014\/08\/Captura7-768x469.jpg 768w\" sizes=\"(max-width: 600px) 100vw, 600px\" \/><\/a><\/p>\n<p>&nbsp;<\/p>\n<p>&nbsp;<\/p>\n<p><strong><span style=\"color: #0000ff;\">Sera a partir del jueves cuando el viento cambie a sur sureste, esto\u00a0traer\u00e1\u00a0consigo nubes bajas y brumas e incluso se pueden escapar algunas gotas. Aunque aun no esta muy claro, pare ser\u00a0que\u00a0habr\u00eda<\/span><span style=\"color: #0000ff;\">\u00a0algo de aire fr\u00edo en altura.<\/span><\/strong><\/p>\n<p><span style=\"color: #0000ff;\"><strong> El viernes el levante tomara protagonismo e incluso puede\u00a0escaparse algunas gotas en el Litoral\u00a0Mediterr\u00e1neo\u00a0Andaluz.<\/strong><\/span><\/p>\n<p>&nbsp;<\/p>\n<p><img loading=\"lazy\" class=\"aligncenter\" src=\"https:\/\/farm3.staticflickr.com\/2938\/14216709420_875b2cb4e7.jpg\" alt=\"\" width=\"409\" height=\"500\" \/><\/p>\n<p>&nbsp;<\/p>\n<p><span style=\"color: #ff00ff;\"><strong>RESUMEN LUNES 11 DE AGOSTO<\/strong><\/span><\/p>\n<p><span style=\"color: #ff0000;\"><strong>Co\u00edn dio ayer lunes la maxima de Espa\u00f1a con 39.7 grados, le siguio M\u00e1laga Capital ( zona teatinos) con 39,4 grados. En cuanto a M\u00e1laga, ha sido la maxima mas alta en lo que llevamos de verano.<\/strong><\/span><\/p>\n<p><span style=\"color: #ff0000;\"><a href=\"https:\/\/blogs.diariosur.es\/tormentas-y-rayos\/2014\/08\/12\/coin-y-malaga-capital-dan-la-maxima-de-espana-39-7-y-394-el-terral-nos-da-una-pequena-tregua-hoy-pero-promete-volver-manana-casi-11-grados-de-diferencia-entre-teatinos-y-zonas-del-puerto\/z-29\/\" rel=\"attachment wp-att-9149\"><span style=\"color: #ff0000;\"><img loading=\"lazy\" class=\"aligncenter size-full wp-image-9149\" title=\"z\" src=\"\/tormentas-y-rayos\/wp-content\/uploads\/sites\/12\/2014\/08\/z2.jpg\" alt=\"\" width=\"390\" height=\"375\" \/><\/span><\/a><a href=\"https:\/\/blogs.diariosur.es\/tormentas-y-rayos\/2014\/08\/12\/coin-y-malaga-capital-dan-la-maxima-de-espana-39-7-y-394-el-terral-nos-da-una-pequena-tregua-hoy-pero-promete-volver-manana-casi-11-grados-de-diferencia-entre-teatinos-y-zonas-del-puerto\/z1-19\/\" rel=\"attachment wp-att-9150\"><span style=\"color: #ff0000;\"><img loading=\"lazy\" class=\"aligncenter size-full wp-image-9150\" title=\"z1\" src=\"\/tormentas-y-rayos\/wp-content\/uploads\/sites\/12\/2014\/08\/z11.jpg\" alt=\"\" width=\"388\" height=\"234\" \/><\/span><\/a><\/span><\/p>\n<p><span style=\"color: #ff0000;\"><strong>El puerto Malague\u00f1o registro 37,1 grados a las 13:20, pero a partir de esa hora entro una reboza de levante que hizo bajar la temperatura rapidamente en poco tiempo.<\/strong><\/span><\/p>\n<p>&nbsp;<\/p>\n<p>&nbsp;<\/p>\n<p><span style=\"color: #ff0000;\"><a href=\"https:\/\/blogs.diariosur.es\/tormentas-y-rayos\/2014\/08\/12\/coin-y-malaga-capital-dan-la-maxima-de-espana-39-7-y-394-el-terral-nos-da-una-pequena-tregua-hoy-pero-promete-volver-manana-casi-11-grados-de-diferencia-entre-teatinos-y-zonas-del-puerto\/2-54\/\" rel=\"attachment wp-att-9152\"><span style=\"color: #ff0000;\"><img loading=\"lazy\" class=\"aligncenter size-full wp-image-9152\" title=\"2\" src=\"\/tormentas-y-rayos\/wp-content\/uploads\/sites\/12\" alt=\"\" width=\"448\" height=\"175\" \/><\/span><\/a><\/span><\/p>\n<p><span style=\"color: #ff0000;\"><a href=\"https:\/\/blogs.diariosur.es\/tormentas-y-rayos\/2014\/08\/12\/coin-y-malaga-capital-dan-la-maxima-de-espana-39-7-y-394-el-terral-nos-da-una-pequena-tregua-hoy-pero-promete-volver-manana-casi-11-grados-de-diferencia-entre-teatinos-y-zonas-del-puerto\/puerto-12\/\" rel=\"attachment wp-att-9153\"><span style=\"color: #ff0000;\"><img loading=\"lazy\" class=\"aligncenter size-medium wp-image-9153\" title=\"puerto\" src=\"\/tormentas-y-rayos\/wp-content\/uploads\/sites\/12\/2014\/08\/puerto.jpg\" alt=\"\" width=\"600\" height=\"248\" srcset=\"https:\/\/static-blogs.diariosur.es\/wp-content\/uploads\/sites\/12\/2014\/08\/puerto.jpg 746w, https:\/\/static-blogs.diariosur.es\/wp-content\/uploads\/sites\/12\/2014\/08\/puerto-640x265.jpg 640w\" sizes=\"(max-width: 600px) 100vw, 600px\" \/><\/span><\/a><\/span><\/p>\n<p><span style=\"color: #ff0000;\"><strong>Era curioso ver que a tan solo unos\u00a0kil\u00f3metros\u00a0el terral\u00a0segu\u00eda\u00a0de protagonista, a las tres de la tarde el Centro\u00a0Meteorol\u00f3gico\u00a0registraba la maxima con 39,4 grados a las 15:10, el Puerto casi 11 grados menos a la misma hora. Fuente aemet.<\/strong><\/span><\/p>\n<p>&nbsp;<\/p>\n<p><span style=\"color: #ff0000;\"><a href=\"https:\/\/blogs.diariosur.es\/tormentas-y-rayos\/2014\/08\/12\/coin-y-malaga-capital-dan-la-maxima-de-espana-39-7-y-394-el-terral-nos-da-una-pequena-tregua-hoy-pero-promete-volver-manana-casi-11-grados-de-diferencia-entre-teatinos-y-zonas-del-puerto\/1-64\/\" rel=\"attachment wp-att-9154\"><span style=\"color: #ff0000;\"><img loading=\"lazy\" class=\"aligncenter size-full wp-image-9154\" title=\"1\" src=\"\/tormentas-y-rayos\/wp-content\/uploads\/sites\/12\/2014\/08\/12.jpg\" alt=\"\" width=\"492\" height=\"184\" \/><\/span><\/a><\/span><\/p>\n<p><span style=\"color: #ff0000;\"><a href=\"https:\/\/blogs.diariosur.es\/tormentas-y-rayos\/2014\/08\/12\/coin-y-malaga-capital-dan-la-maxima-de-espana-39-7-y-394-el-terral-nos-da-una-pequena-tregua-hoy-pero-promete-volver-manana-casi-11-grados-de-diferencia-entre-teatinos-y-zonas-del-puerto\/captura-387\/\" rel=\"attachment wp-att-9155\"><span style=\"color: #ff0000;\"><img loading=\"lazy\" class=\"aligncenter size-medium wp-image-9155\" title=\"Captura\" src=\"\/tormentas-y-rayos\/wp-content\/uploads\/sites\/12\/2014\/08\/Captura6.jpg\" alt=\"\" width=\"600\" height=\"256\" srcset=\"https:\/\/static-blogs.diariosur.es\/wp-content\/uploads\/sites\/12\/2014\/08\/Captura6.jpg 715w, https:\/\/static-blogs.diariosur.es\/wp-content\/uploads\/sites\/12\/2014\/08\/Captura6-640x274.jpg 640w\" sizes=\"(max-width: 600px) 100vw, 600px\" \/><\/span><\/a><\/span><\/p>\n<p>&nbsp;<\/p>\n<p><span style=\"color: #ff0000;\"><strong>Curiosa la\u00a0meteorolog\u00eda\u00a0de nuestra capital amigos, por eso muchas veces es muy\u00a0dif\u00edcil\u00a0de predecir. Como os comento mas arriba el jueves\u00a0habr\u00e1\u00a0un cambio de viento a sur sureste, sera el viernes cuando el levante tome protagonismo y traiga nubes bajas, e incluso se pueden dar algunos goteos. Este a\u00f1o de haremos un seguimiento del tiempo en la Feria Malague\u00f1a.<\/strong><\/span><\/p>\n<p><span style=\"color: #ff0000;\"><strong>Poco mas que contar os dejo con este fot\u00f3n de mi amiga Aurora Pulido. En el palmeral los atardeceres dan mucho jugo.\u00a0<\/strong><\/span><\/p>\n<p><a href=\"https:\/\/blogs.diariosur.es\/tormentas-y-rayos\/2014\/08\/12\/coin-y-malaga-capital-dan-la-maxima-de-espana-39-7-y-394-el-terral-nos-da-una-pequena-tregua-hoy-pero-promete-volver-manana-casi-11-grados-de-diferencia-entre-teatinos-y-zonas-del-puerto\/10580766_734124103316024_8598849720436550925_o\/\" rel=\"attachment wp-att-9157\"><img loading=\"lazy\" class=\"aligncenter size-full wp-image-9157\" title=\"10580766_734124103316024_8598849720436550925_o\" src=\"\/tormentas-y-rayos\/wp-content\/uploads\/sites\/12\/2014\/08\/10580766_734124103316024_8598849720436550925_o.jpg\" alt=\"\" width=\"640\" height=\"480\" srcset=\"https:\/\/static-blogs.diariosur.es\/wp-content\/uploads\/sites\/12\/2014\/08\/10580766_734124103316024_8598849720436550925_o.jpg 640w, https:\/\/static-blogs.diariosur.es\/wp-content\/uploads\/sites\/12\/2014\/08\/10580766_734124103316024_8598849720436550925_o-533x400.jpg 533w\" sizes=\"(max-width: 640px) 100vw, 640px\" \/><\/a><\/p>\n","protected":false},"excerpt":{"rendered":"<p>&nbsp; &nbsp; &nbsp; Buenos dias amigos de la meteo. Cuando son las seis de la ma\u00f1ana registro 24 grados, los cielos est\u00e1n despejados y el viento en calma. Hoy martes el terral nos\u00a0dar\u00e1\u00a0una peque\u00f1a tregua, los vientos\u00a0ser\u00e1n\u00a0de direcci\u00f3n variable y en la mayor\u00eda de los casos con componente\u00a0mar\u00edtimo. Aunque en algunos momentos se pueden escapar [&hellip;]<\/p>\n","protected":false},"author":16,"featured_media":9157,"comment_status":"open","ping_status":"open","sticky":false,"template":"","format":"standard","meta":[],"categories":[2],"tags":[266,587,624,961,975],"_links":{"self":[{"href":"https:\/\/blogs.diariosur.es\/tormentas-y-rayos\/wp-json\/wp\/v2\/posts\/9148"}],"collection":[{"href":"https:\/\/blogs.diariosur.es\/tormentas-y-rayos\/wp-json\/wp\/v2\/posts"}],"about":[{"href":"https:\/\/blogs.diariosur.es\/tormentas-y-rayos\/wp-json\/wp\/v2\/types\/post"}],"author":[{"embeddable":true,"href":"https:\/\/blogs.diariosur.es\/tormentas-y-rayos\/wp-json\/wp\/v2\/users\/16"}],"replies":[{"embeddable":true,"href":"https:\/\/blogs.diariosur.es\/tormentas-y-rayos\/wp-json\/wp\/v2\/comments?post=9148"}],"version-history":[{"count":0,"href":"https:\/\/blogs.diariosur.es\/tormentas-y-rayos\/wp-json\/wp\/v2\/posts\/9148\/revisions"}],"wp:featuredmedia":[{"embeddable":true,"href":"https:\/\/blogs.diariosur.es\/tormentas-y-rayos\/wp-json\/wp\/v2\/media\/9157"}],"wp:attachment":[{"href":"https:\/\/blogs.diariosur.es\/tormentas-y-rayos\/wp-json\/wp\/v2\/media?parent=9148"}],"wp:term":[{"taxonomy":"category","embeddable":true,"href":"https:\/\/blogs.diariosur.es\/tormentas-y-rayos\/wp-json\/wp\/v2\/categories?post=9148"},{"taxonomy":"post_tag","embeddable":true,"href":"https:\/\/blogs.diariosur.es\/tormentas-y-rayos\/wp-json\/wp\/v2\/tags?post=9148"}],"curies":[{"name":"wp","href":"https:\/\/api.w.org\/{rel}","templated":true}]}}