{"id":9159,"date":"2014-08-13T07:26:26","date_gmt":"2014-08-13T05:26:26","guid":{"rendered":"http:\/\/blogs.diariosur.es\/tormentas-y-rayos\/?p=9159"},"modified":"2014-08-13T07:26:26","modified_gmt":"2014-08-13T05:26:26","slug":"prevision-del-tiempo-en-andalucia-el-terral-y-el-poniente-son-los-protagonistas-hoy-miercoles-aviso-amarillo-por-altas-temperaturas-manana-cambiara-a-sur-sureste","status":"publish","type":"post","link":"https:\/\/blogs.diariosur.es\/tormentas-y-rayos\/2014\/08\/13\/prevision-del-tiempo-en-andalucia-el-terral-y-el-poniente-son-los-protagonistas-hoy-miercoles-aviso-amarillo-por-altas-temperaturas-manana-cambiara-a-sur-sureste\/","title":{"rendered":"Previsi\u00f3n del tiempo en  Andaluc\u00eda. El terral y el poniente son los protagonistas hoy miercoles. Aviso amarillo por altas temperaturas. Ma\u00f1ana cambiara a sur sureste."},"content":{"rendered":"<p><img loading=\"lazy\" class=\"aligncenter\" src=\"https:\/\/farm3.staticflickr.com\/2898\/14371881571_bbae3518b1_q.jpg\" alt=\"\" width=\"150\" height=\"150\" \/><\/p>\n<p>&nbsp;<\/p>\n<p>&nbsp;<\/p>\n<p>&nbsp;<\/p>\n<p>&nbsp;<\/p>\n<p><strong>Buenos dias amigos de la meteo, son las seis de la ma\u00f1ana, registro <span style=\"color: #ff0000;\">28 \u00a0grados<\/span> y el terral es el protagonistas desde hace unas horas en la Capital Malague\u00f1a. <\/strong><\/p>\n<p><strong>En el\u00a0gr\u00e1fico\u00a0del Centro\u00a0Meteorol\u00f3gico\u00a0que tiene la\u00a0Aemet por la zona de Teatinos, se ve perfectamente el subid\u00f3n de temperatura a partir de las doce de la noche. Sobre las dos de la madrugada se registraba en la toda la capital casi los 31 grados.<\/strong><\/p>\n<p><a href=\"https:\/\/blogs.diariosur.es\/tormentas-y-rayos\/2014\/08\/13\/prevision-del-tiempo-en-andalucia-el-terral-y-el-poniente-son-los-protagonistas-hoy-miercoles-aviso-amarillo-por-altas-temperaturas-manana-cambiara-a-sur-sureste\/miercoles-3\/\" rel=\"attachment wp-att-9162\"><img loading=\"lazy\" class=\"aligncenter size-medium wp-image-9162\" title=\"miercoles\" src=\"\/tormentas-y-rayos\/wp-content\/uploads\/sites\/12\/2014\/08\/miercoles.jpg\" alt=\"\" width=\"600\" height=\"254\" srcset=\"https:\/\/static-blogs.diariosur.es\/wp-content\/uploads\/sites\/12\/2014\/08\/miercoles.jpg 721w, https:\/\/static-blogs.diariosur.es\/wp-content\/uploads\/sites\/12\/2014\/08\/miercoles-640x272.jpg 640w\" sizes=\"(max-width: 600px) 100vw, 600px\" \/><\/a><\/p>\n<p>&nbsp;<\/p>\n<p>&nbsp;<\/p>\n<p>&nbsp;<\/p>\n<p>&nbsp;<\/p>\n<p><img loading=\"lazy\" class=\"aligncenter\" src=\"https:\/\/farm6.staticflickr.com\/5576\/14447608476_f8e3d33ca9.jpg\" alt=\"\" width=\"400\" height=\"500\" \/><\/p>\n<p>&nbsp;<\/p>\n<p><strong>Tanto el terral como el poniente soplara moderado, con alguna racha fuerte. La maxima que se espera en la capital malague\u00f1a \u00a0rondara los 37 grados\u00a0seg\u00fan\u00a0las zonas. Por este motivo la Aemet activa el aviso amarillo por altas temperaturas en zonas expuestas a este viento, asi como en el noreste de Almeria ( Valle de Almanzora y los V\u00e9lez). Ya veremos si en la nueva actualizaci\u00f3n de avisos se activa el aviso naranja como paso el lunes pasado.<\/strong><\/p>\n<p><strong>En donde el poniente entre desde el mar, como es el caso Torrox, Nerja, Rinc\u00f3n de la Victoria, Fuengirola, zonas de Marbella, las\u00a0m\u00e1ximas\u00a0no pasaran de los 26 o 28 grados.<\/strong><\/p>\n<p><a href=\"https:\/\/blogs.diariosur.es\/tormentas-y-rayos\/2014\/08\/13\/prevision-del-tiempo-en-andalucia-el-terral-y-el-poniente-son-los-protagonistas-hoy-miercoles-aviso-amarillo-por-altas-temperaturas-manana-cambiara-a-sur-sureste\/captura-389\/\" rel=\"attachment wp-att-9160\"><img loading=\"lazy\" class=\"aligncenter size-medium wp-image-9160\" title=\"Captura\" src=\"\/tormentas-y-rayos\/wp-content\/uploads\/sites\/12\/2014\/08\/Captura8.jpg\" alt=\"\" width=\"600\" height=\"396\" srcset=\"https:\/\/static-blogs.diariosur.es\/wp-content\/uploads\/sites\/12\/2014\/08\/Captura8.jpg 653w, https:\/\/static-blogs.diariosur.es\/wp-content\/uploads\/sites\/12\/2014\/08\/Captura8-606x400.jpg 606w\" sizes=\"(max-width: 600px) 100vw, 600px\" \/><\/a><\/p>\n<p>&nbsp;<\/p>\n<p><strong>En el resto de Andaluc\u00eda bajaran un poco las\u00a0m\u00e1ximas, no creo que en el Valle del Guadalquivir se sobrepasen los 34 grados. <\/strong><\/p>\n<p><span style=\"color: #ff0000;\"><strong>A ultima hora de la noche de hoy, \u00a0o primeras horas de la \u00a0madrugada del jueves, los vientos\u00a0ir\u00e1n\u00a0rolando a sur sureste en el Litoral\u00a0Mediterr\u00e1neo. Este cambio de viento, puede traer de nuevo algunas nieblas y mas tarde nubes bajas de levante.\u00a0<\/strong><\/span><\/p>\n<p><span style=\"color: #ff0000;\"><strong> En el litoral\u00a0atl\u00e1ntico andaluz el viento sera de suroeste y en ocasiones de\u00a0direcci\u00f3n\u00a0variable. Las\u00a0m\u00e1ximas\u00a0subir\u00e1n\u00a0en el Valle del Guadalquivir.<\/strong><\/span><\/p>\n<p><span style=\"color: #0000ff;\"><strong>Poco mas que contar amigos, los primeros dias de feria y hasta el martes 19 no espero terral. El domingo el levante y\u00a0seg\u00fan\u00a0los modelos soplara de moderado a fuerte en el litoral\u00a0mediterr\u00e1neo\u00a0andaluz. A partir del viernes\u00a0ir\u00e9\u00a0dando la predicci\u00f3n para la feria.<\/strong><\/span><\/p>\n<p><strong>Que ganitas tengo de ver un cielo\u00a0as\u00ed amigos, menos mal que con las nieblas he cargado las pilas este verano jijiji.<\/strong><\/p>\n<p>&nbsp;<\/p>\n<p><img loading=\"lazy\" class=\"aligncenter\" src=\"https:\/\/farm4.staticflickr.com\/3072\/3109368243_c1b00a3244_z.jpg?zz=1\" alt=\"\" width=\"640\" height=\"480\" \/><\/p>\n<p>&nbsp;<\/p>\n<p><strong>Os dejo con esta impresionante foto que me ha mandado mi amigo Francisco Jose Rubio desde la Roda de Andaluc\u00eda.<\/strong><\/p>\n<p><a href=\"https:\/\/blogs.diariosur.es\/tormentas-y-rayos\/2014\/08\/13\/prevision-del-tiempo-en-andalucia-el-terral-y-el-poniente-son-los-protagonistas-hoy-miercoles-aviso-amarillo-por-altas-temperaturas-manana-cambiara-a-sur-sureste\/noche-de-luna-llena\/\" rel=\"attachment wp-att-9163\"><img loading=\"lazy\" class=\"aligncenter size-medium wp-image-9163\" title=\"Noche de luna llena\" src=\"\/tormentas-y-rayos\/wp-content\/uploads\/sites\/12\/2014\/08\/Noche-de-luna-llena.jpg\" alt=\"\" width=\"600\" height=\"238\" \/><\/a><\/p>\n<p>&nbsp;<\/p>\n<p>&nbsp;<\/p>\n<p>&nbsp;<\/p>\n<p>&nbsp;<\/p>\n","protected":false},"excerpt":{"rendered":"<p>&nbsp; &nbsp; &nbsp; &nbsp; Buenos dias amigos de la meteo, son las seis de la ma\u00f1ana, registro 28 \u00a0grados y el terral es el protagonistas desde hace unas horas en la Capital Malague\u00f1a. En el\u00a0gr\u00e1fico\u00a0del Centro\u00a0Meteorol\u00f3gico\u00a0que tiene la\u00a0Aemet por la zona de Teatinos, se ve perfectamente el subid\u00f3n de temperatura a partir de las doce [&hellip;]<\/p>\n","protected":false},"author":16,"featured_media":9161,"comment_status":"open","ping_status":"open","sticky":false,"template":"","format":"standard","meta":[],"categories":[2],"tags":[81,94,100,151,809,962,975,980],"_links":{"self":[{"href":"https:\/\/blogs.diariosur.es\/tormentas-y-rayos\/wp-json\/wp\/v2\/posts\/9159"}],"collection":[{"href":"https:\/\/blogs.diariosur.es\/tormentas-y-rayos\/wp-json\/wp\/v2\/posts"}],"about":[{"href":"https:\/\/blogs.diariosur.es\/tormentas-y-rayos\/wp-json\/wp\/v2\/types\/post"}],"author":[{"embeddable":true,"href":"https:\/\/blogs.diariosur.es\/tormentas-y-rayos\/wp-json\/wp\/v2\/users\/16"}],"replies":[{"embeddable":true,"href":"https:\/\/blogs.diariosur.es\/tormentas-y-rayos\/wp-json\/wp\/v2\/comments?post=9159"}],"version-history":[{"count":0,"href":"https:\/\/blogs.diariosur.es\/tormentas-y-rayos\/wp-json\/wp\/v2\/posts\/9159\/revisions"}],"wp:featuredmedia":[{"embeddable":true,"href":"https:\/\/blogs.diariosur.es\/tormentas-y-rayos\/wp-json\/wp\/v2\/media\/9161"}],"wp:attachment":[{"href":"https:\/\/blogs.diariosur.es\/tormentas-y-rayos\/wp-json\/wp\/v2\/media?parent=9159"}],"wp:term":[{"taxonomy":"category","embeddable":true,"href":"https:\/\/blogs.diariosur.es\/tormentas-y-rayos\/wp-json\/wp\/v2\/categories?post=9159"},{"taxonomy":"post_tag","embeddable":true,"href":"https:\/\/blogs.diariosur.es\/tormentas-y-rayos\/wp-json\/wp\/v2\/tags?post=9159"}],"curies":[{"name":"wp","href":"https:\/\/api.w.org\/{rel}","templated":true}]}}