{"id":9164,"date":"2014-08-14T07:13:04","date_gmt":"2014-08-14T05:13:04","guid":{"rendered":"http:\/\/blogs.diariosur.es\/tormentas-y-rayos\/?p=9164"},"modified":"2014-08-14T07:13:04","modified_gmt":"2014-08-14T05:13:04","slug":"velez-malaga-da-la-maxima-de-espana-con-casi-40-grados-el-terral-entro-en-el-rincon-de-la-victoria-394-el-levante-ya-es-protagonista","status":"publish","type":"post","link":"https:\/\/blogs.diariosur.es\/tormentas-y-rayos\/2014\/08\/14\/velez-malaga-da-la-maxima-de-espana-con-casi-40-grados-el-terral-entro-en-el-rincon-de-la-victoria-394-el-levante-ya-es-protagonista\/","title":{"rendered":"Vel\u00e9z M\u00e1laga da la maxima de Espa\u00f1a con casi 40 grados. El terral entro en el Rinc\u00f3n de la Victoria ( 39,4). El levante ya es protagonista."},"content":{"rendered":"<p><img loading=\"lazy\" class=\"aligncenter\" src=\"https:\/\/farm3.staticflickr.com\/2898\/14371881571_bbae3518b1_q.jpg\" alt=\"\" width=\"150\" height=\"150\" \/><\/p>\n<p>&nbsp;<\/p>\n<p>&nbsp;<\/p>\n<p>&nbsp;<\/p>\n<p><span style=\"color: #0000ff;\"><strong>Buenos dias amigos de la meteo, son las seis de la ma\u00f1ana y desde hace unas horas el \u00a0levante es el protagonista en el Litoral Mediterr\u00e1neo\u00a0Andaluz \u00a0y \u00a0Costa Malague\u00f1a.<\/strong><\/span><\/p>\n<p><span style=\"color: #0000ff;\"><strong> Mi estaci\u00f3n marca 25 grados ( <span style=\"color: #ff00ff;\">sensaci\u00f3n termica 31<\/span> ) y los cielos est\u00e1n muy \u00a0nubosos. Hay posibilidad de\u00a0alg\u00fan\u00a0goteo y de nieblas en algunos puntos del \u00a0litoral\u00a0mediterr\u00e1neo.\u00a0<\/strong><\/span><\/p>\n<p><span style=\"color: #0000ff;\"><strong>No os\u00a0quej\u00e9is\u00a0si hoy\u00a0sud\u00e1is\u00a0mucho y\u00a0ten\u00e9is\u00a0bochorno jijiji. Trabajito me ha costado\u00a0convencer\u00a0al terral para que nos de una tregua.<\/strong><\/span><\/p>\n<p><span style=\"color: #0000ff;\"><strong>Fijaros en este\u00a0gr\u00e1fico\u00a0de humedad de la estaci\u00f3n del Puerto , una brutalidad. De estar al 22 % ha subido en poco tiempo casi al 75 %. \u00a0Goterones de sudor se me caen nada mas que lo he visto.\u00a0<\/strong><\/span><\/p>\n<p>&nbsp;<\/p>\n<p><span style=\"color: #0000ff;\"><a href=\"https:\/\/blogs.diariosur.es\/tormentas-y-rayos\/2014\/08\/14\/velez-malaga-da-la-maxima-de-espana-con-casi-40-grados-el-terral-entro-en-el-rincon-de-la-victoria-394-el-levante-ya-es-protagonista\/humedon-2\/\" rel=\"attachment wp-att-9170\"><span style=\"color: #0000ff;\"><img loading=\"lazy\" class=\"aligncenter size-medium wp-image-9170\" title=\"humedon\" src=\"\/tormentas-y-rayos\/wp-content\/uploads\/sites\/12\/2014\/08\/humedon.jpg\" alt=\"\" width=\"600\" height=\"263\" srcset=\"https:\/\/static-blogs.diariosur.es\/wp-content\/uploads\/sites\/12\/2014\/08\/humedon.jpg 740w, https:\/\/static-blogs.diariosur.es\/wp-content\/uploads\/sites\/12\/2014\/08\/humedon-640x281.jpg 640w\" sizes=\"(max-width: 600px) 100vw, 600px\" \/><\/span><\/a><\/span><\/p>\n<p>&nbsp;<\/p>\n<p>&nbsp;<\/p>\n<p>&nbsp;<\/p>\n<p><span style=\"color: #0000ff;\"><img loading=\"lazy\" class=\"aligncenter\" src=\"https:\/\/farm3.staticflickr.com\/2938\/14216709420_875b2cb4e7.jpg\" alt=\"\" width=\"409\" height=\"500\" \/><\/span><\/p>\n<p>&nbsp;<\/p>\n<p><span style=\"color: #0000ff;\"><strong>Os paso de nuevo la tabla de sensaci\u00f3n\u00a0t\u00e9rmica. Realmente si ahora estamos a 25 grados, la sensaci\u00f3n\u00a0t\u00e9rmica\u00a0es de 32 graditos amigos.\u00a0<\/strong><\/span><\/p>\n<p><strong><a href=\"https:\/\/blogs.diariosur.es\/tormentas-y-rayos\/2014\/08\/14\/velez-malaga-da-la-maxima-de-espana-con-casi-40-grados-el-terral-entro-en-el-rincon-de-la-victoria-394-el-levante-ya-es-protagonista\/1146969_10201752516564218_1390901565_o-600x360-2\/\" rel=\"attachment wp-att-9169\"><img loading=\"lazy\" class=\"aligncenter size-full wp-image-9169\" title=\"1146969_10201752516564218_1390901565_o-600x360\" src=\"\/tormentas-y-rayos\/wp-content\/uploads\/sites\/12\/2014\/08\/1146969_10201752516564218_1390901565_o.jpg\" alt=\"\" width=\"600\" height=\"360\" \/><\/a>\u00a0<\/strong><\/p>\n<p>&nbsp;<\/p>\n<p><a href=\"https:\/\/blogs.diariosur.es\/tormentas-y-rayos\/2014\/08\/14\/velez-malaga-da-la-maxima-de-espana-con-casi-40-grados-el-terral-entro-en-el-rincon-de-la-victoria-394-el-levante-ya-es-protagonista\/terralita-17\/\" rel=\"attachment wp-att-9171\"><img loading=\"lazy\" class=\"aligncenter size-medium wp-image-9171\" title=\"terralita\" src=\"\/tormentas-y-rayos\/wp-content\/uploads\/sites\/12\/2014\/08\/terralita.jpg\" alt=\"\" width=\"329\" height=\"400\" srcset=\"https:\/\/static-blogs.diariosur.es\/wp-content\/uploads\/sites\/12\/2014\/08\/terralita.jpg 470w, https:\/\/static-blogs.diariosur.es\/wp-content\/uploads\/sites\/12\/2014\/08\/terralita-330x400.jpg 330w\" sizes=\"(max-width: 329px) 100vw, 329px\" \/><\/a><\/p>\n<p>&nbsp;<\/p>\n<p><strong>Asi esta el cielo cuando son las siete y cuarto de la ma\u00f1ana.<\/strong><\/p>\n<p><a href=\"https:\/\/blogs.diariosur.es\/tormentas-y-rayos\/2014\/08\/14\/velez-malaga-da-la-maxima-de-espana-con-casi-40-grados-el-terral-entro-en-el-rincon-de-la-victoria-394-el-levante-ya-es-protagonista\/003-20\/\" rel=\"attachment wp-att-9172\"><img loading=\"lazy\" class=\"aligncenter size-full wp-image-9172\" title=\"003\" src=\"\/tormentas-y-rayos\/wp-content\/uploads\/sites\/12\/2014\/08\/003.jpg\" alt=\"\" width=\"640\" height=\"427\" srcset=\"https:\/\/static-blogs.diariosur.es\/wp-content\/uploads\/sites\/12\/2014\/08\/003.jpg 640w, https:\/\/static-blogs.diariosur.es\/wp-content\/uploads\/sites\/12\/2014\/08\/003-600x400.jpg 600w\" sizes=\"(max-width: 640px) 100vw, 640px\" \/><\/a><\/p>\n<p>&nbsp;<\/p>\n<p><span style=\"color: #ff0000;\"><strong>Se cumplieron los\u00a0pron\u00f3sticos, y tanto el terral como el poniente fueron los protagonistas. En algunos momentos las rachas de viento fueron fuertes. La maxima de Espa\u00f1a la dio Vel\u00e9z M\u00e1laga con casi 40 grados, concretamente 39.8. \u00a0Mientras, en Torrox Costa que est\u00e1 a pocos\u00a0kil\u00f3metros\u00a0ten\u00edan\u00a011 grados menos.\u00a0<\/strong><\/span><\/p>\n<p><span style=\"color: #ff0000;\"><a href=\"https:\/\/blogs.diariosur.es\/tormentas-y-rayos\/2014\/08\/14\/velez-malaga-da-la-maxima-de-espana-con-casi-40-grados-el-terral-entro-en-el-rincon-de-la-victoria-394-el-levante-ya-es-protagonista\/velez-4\/\" rel=\"attachment wp-att-9165\"><span style=\"color: #ff0000;\"><img loading=\"lazy\" class=\"aligncenter size-full wp-image-9165\" title=\"velez\" src=\"\/tormentas-y-rayos\/wp-content\/uploads\/sites\/12\/2014\/08\/velez.jpg\" alt=\"\" width=\"444\" height=\"178\" \/><\/span><\/a><\/span><\/p>\n<p>&nbsp;<\/p>\n<p><span style=\"color: #ff0000;\"><strong>Otro dato curioso fue que el terral entro en el Rinc\u00f3n de la Victoria, incluso registro mas temperatura que M\u00e1laga Capital. La maxima del\u00a0Rinc\u00f3n\u00a0fue de 39.2 grados. En M\u00e1laga Capital la maxima la dio\u00a0el Aeropuerto \u00a038.4 grados<\/strong><\/span><\/p>\n<p>&nbsp;<\/p>\n<p><span style=\"color: #ff0000;\"><a href=\"https:\/\/blogs.diariosur.es\/tormentas-y-rayos\/2014\/08\/14\/velez-malaga-da-la-maxima-de-espana-con-casi-40-grados-el-terral-entro-en-el-rincon-de-la-victoria-394-el-levante-ya-es-protagonista\/rincon-4\/\" rel=\"attachment wp-att-9166\"><span style=\"color: #ff0000;\"><img loading=\"lazy\" class=\"aligncenter size-full wp-image-9166\" title=\"rinc\u00f3n\" src=\"\/tormentas-y-rayos\/wp-content\/uploads\/sites\/12\/2014\/08\/rinc\u00f3n.jpg\" alt=\"\" width=\"475\" height=\"168\" \/><\/span><\/a><\/span><\/p>\n<p>&nbsp;<\/p>\n<p><span style=\"color: #ff0000;\"><a href=\"https:\/\/blogs.diariosur.es\/tormentas-y-rayos\/2014\/08\/14\/velez-malaga-da-la-maxima-de-espana-con-casi-40-grados-el-terral-entro-en-el-rincon-de-la-victoria-394-el-levante-ya-es-protagonista\/aeropuerto-8\/\" rel=\"attachment wp-att-9167\"><span style=\"color: #ff0000;\"><img loading=\"lazy\" class=\"aligncenter size-full wp-image-9167\" title=\"AEROPUERTO\" src=\"\/tormentas-y-rayos\/wp-content\/uploads\/sites\/12\/2014\/08\/AEROPUERTO.jpg\" alt=\"\" width=\"462\" height=\"112\" \/><\/span><\/a><\/span><\/p>\n<p><span style=\"color: #ff0000;\"><strong>Si amigos&#8230;&#8230;&#8230;&#8230; ya se que muchos de los que\u00a0entr\u00e1is\u00a0por primera vez al blog os extra\u00f1ara que el terral llegue al Rinc\u00f3n. De vez en cuando llega y lo mejor que leais este post que es muy famoso, donde explico el por qu\u00e9 se da esto. Ese dia el Rinc\u00f3n llego a los 41,7.<\/strong><\/span><\/p>\n<p><span style=\"color: #ff0000;\"><strong><a href=\"https:\/\/blogs.diariosur.es\/tormentas-y-rayos\/2012\/07\/16\/porque-el-sabado-el-rincon-de-la-victoria-llego-a-417-grados-record-historico\/\"><span style=\"color: #ff0000;\">PORQUE ENTRA EL TERRAL AL RINC\u00d3N DE LA VICTORIA Y TORRE DE BENAGALB\u00d3N<\/span><\/a>.<\/strong><\/span><\/p>\n<p><span><strong><span style=\"color: #ff0000;\">Otro dato importante es la maxima que dio Fuengirola, tan solo 27 grados a las 8:20 de la ma\u00f1ana. Se\u00f1al evidente de que el terral no llega a esa zona.\u00a0<\/span><\/strong><\/span><\/p>\n<p><span style=\"color: #ff0000;\"><a href=\"https:\/\/blogs.diariosur.es\/tormentas-y-rayos\/2014\/08\/14\/velez-malaga-da-la-maxima-de-espana-con-casi-40-grados-el-terral-entro-en-el-rincon-de-la-victoria-394-el-levante-ya-es-protagonista\/fuengirpola\/\" rel=\"attachment wp-att-9168\"><span style=\"color: #ff0000;\"><img loading=\"lazy\" class=\"aligncenter size-full wp-image-9168\" title=\"fuengirpola\" src=\"\/tormentas-y-rayos\/wp-content\/uploads\/sites\/12\/2014\/08\/fuengirpola.jpg\" alt=\"\" width=\"443\" height=\"173\" \/><\/span><\/a><\/span><\/p>\n<p><span style=\"color: #ff00ff;\"><strong>Un momento amigos de la meteo, acabo de ver actualizado el\u00a0gr\u00e1fico\u00a0y a las\u00a0doce de la noche Fuengirola registro 32 grados, que fuerte. A las diez de la noche ten\u00edan 22 grados. \u00a0 Tendr\u00e9\u00a0que estudiar que ha pasado.<\/strong><\/span><\/p>\n<p>&nbsp;<\/p>\n<p><a href=\"https:\/\/blogs.diariosur.es\/tormentas-y-rayos\/2014\/08\/14\/velez-malaga-da-la-maxima-de-espana-con-casi-40-grados-el-terral-entro-en-el-rincon-de-la-victoria-394-el-levante-ya-es-protagonista\/terral-fuengirola\/\" rel=\"attachment wp-att-9174\"><img loading=\"lazy\" class=\"aligncenter size-medium wp-image-9174\" title=\"terral fuengirola\" src=\"\/tormentas-y-rayos\/wp-content\/uploads\/sites\/12\/2014\/08\/terral-fuengirola.jpg\" alt=\"\" width=\"600\" height=\"262\" srcset=\"https:\/\/static-blogs.diariosur.es\/wp-content\/uploads\/sites\/12\/2014\/08\/terral-fuengirola.jpg 726w, https:\/\/static-blogs.diariosur.es\/wp-content\/uploads\/sites\/12\/2014\/08\/terral-fuengirola-640x280.jpg 640w\" sizes=\"(max-width: 600px) 100vw, 600px\" \/><\/a><\/p>\n<p>&nbsp;<\/p>\n<p><strong>A partir\u00a0de ma\u00f1ana\u00a0ir\u00e9\u00a0dando la previsi\u00f3n del tiempo para \u00a0Feria de M\u00e1laga. Os dejo con esta foto que tome hace unos veranos desde \u00a0Torre de Benagalb\u00f3n. Un impresionante cumulonimbus capillatus se formo en esa zona un 10 Agosto del 2010.\u00a0<\/strong><\/p>\n<p><img loading=\"lazy\" class=\"aligncenter\" src=\"https:\/\/farm5.staticflickr.com\/4073\/4904747510_fc40b48f22_z.jpg\" alt=\"\" width=\"640\" height=\"533\" \/><\/p>\n<p>&nbsp;<\/p>\n","protected":false},"excerpt":{"rendered":"<p>&nbsp; &nbsp; &nbsp; Buenos dias amigos de la meteo, son las seis de la ma\u00f1ana y desde hace unas horas el \u00a0levante es el protagonista en el Litoral Mediterr\u00e1neo\u00a0Andaluz \u00a0y \u00a0Costa Malague\u00f1a. Mi estaci\u00f3n marca 25 grados ( sensaci\u00f3n termica 31 ) y los cielos est\u00e1n muy \u00a0nubosos. Hay posibilidad de\u00a0alg\u00fan\u00a0goteo y de nieblas en [&hellip;]<\/p>\n","protected":false},"author":16,"featured_media":9171,"comment_status":"open","ping_status":"open","sticky":false,"template":"","format":"standard","meta":[],"categories":[2],"tags":[375,624,975,1049],"_links":{"self":[{"href":"https:\/\/blogs.diariosur.es\/tormentas-y-rayos\/wp-json\/wp\/v2\/posts\/9164"}],"collection":[{"href":"https:\/\/blogs.diariosur.es\/tormentas-y-rayos\/wp-json\/wp\/v2\/posts"}],"about":[{"href":"https:\/\/blogs.diariosur.es\/tormentas-y-rayos\/wp-json\/wp\/v2\/types\/post"}],"author":[{"embeddable":true,"href":"https:\/\/blogs.diariosur.es\/tormentas-y-rayos\/wp-json\/wp\/v2\/users\/16"}],"replies":[{"embeddable":true,"href":"https:\/\/blogs.diariosur.es\/tormentas-y-rayos\/wp-json\/wp\/v2\/comments?post=9164"}],"version-history":[{"count":0,"href":"https:\/\/blogs.diariosur.es\/tormentas-y-rayos\/wp-json\/wp\/v2\/posts\/9164\/revisions"}],"wp:featuredmedia":[{"embeddable":true,"href":"https:\/\/blogs.diariosur.es\/tormentas-y-rayos\/wp-json\/wp\/v2\/media\/9171"}],"wp:attachment":[{"href":"https:\/\/blogs.diariosur.es\/tormentas-y-rayos\/wp-json\/wp\/v2\/media?parent=9164"}],"wp:term":[{"taxonomy":"category","embeddable":true,"href":"https:\/\/blogs.diariosur.es\/tormentas-y-rayos\/wp-json\/wp\/v2\/categories?post=9164"},{"taxonomy":"post_tag","embeddable":true,"href":"https:\/\/blogs.diariosur.es\/tormentas-y-rayos\/wp-json\/wp\/v2\/tags?post=9164"}],"curies":[{"name":"wp","href":"https:\/\/api.w.org\/{rel}","templated":true}]}}