{"id":9175,"date":"2014-08-15T08:45:28","date_gmt":"2014-08-15T06:45:28","guid":{"rendered":"http:\/\/blogs.diariosur.es\/tormentas-y-rayos\/?p=9175"},"modified":"2014-08-15T08:45:28","modified_gmt":"2014-08-15T06:45:28","slug":"prevision-del-tiempo-feria-de-malaga-15-de-agosto-ayer-tuvimos-nubes-fantasmas-en-los-cielos-malaguenos","status":"publish","type":"post","link":"https:\/\/blogs.diariosur.es\/tormentas-y-rayos\/2014\/08\/15\/prevision-del-tiempo-feria-de-malaga-15-de-agosto-ayer-tuvimos-nubes-fantasmas-en-los-cielos-malaguenos\/","title":{"rendered":"Previsi\u00f3n del tiempo Feria de M\u00e1laga ( 15 de Agosto) . Ayer tuvimos nubes fantasmas en los cielos malague\u00f1os."},"content":{"rendered":"<p><img loading=\"lazy\" class=\"aligncenter\" src=\"https:\/\/farm3.staticflickr.com\/2898\/14371881571_bbae3518b1_q.jpg\" alt=\"\" width=\"150\" height=\"150\" \/><\/p>\n<p>&nbsp;<\/p>\n<p>&nbsp;<\/p>\n<p>&nbsp;<\/p>\n<p>&nbsp;<\/p>\n<p><strong><span style=\"color: #0000ff;\">Buenos dias amigos de la meteo. Son las ocho de la ma\u00f1ana, registro 25 grados y los cielos malague\u00f1os est\u00e1n adornados con nubes bajas e incluso una bonita niebla.\u00a0Llevo\u00a0en la playa desde las seis y\u00a0media de la ma\u00f1ana, he pasado una noche\u00a0terror\u00edfica,\u00a0y no por las nubes fantasmas, si no por el bochorno que hemos tenido. Cinco kilos he adelgazado de tanto sudar \u00a0jijiji.<\/span><\/strong><\/p>\n<p><span style=\"color: #0000ff;\"><strong>Os paso un par de fotos desde la playa de la misericordia cuando eran las siete y cuarto.<\/strong><\/span><\/p>\n<p><a href=\"https:\/\/blogs.diariosur.es\/tormentas-y-rayos\/2014\/08\/15\/prevision-del-tiempo-feria-de-malaga-15-de-agosto-ayer-tuvimos-nubes-fantasmas-en-los-cielos-malaguenos\/002-16\/\" rel=\"attachment wp-att-9176\"><img loading=\"lazy\" class=\"aligncenter size-full wp-image-9176\" title=\"002\" src=\"\/tormentas-y-rayos\/wp-content\/uploads\/sites\/12\/2014\/08\/002.jpg\" alt=\"\" width=\"640\" height=\"427\" srcset=\"https:\/\/static-blogs.diariosur.es\/wp-content\/uploads\/sites\/12\/2014\/08\/002.jpg 640w, https:\/\/static-blogs.diariosur.es\/wp-content\/uploads\/sites\/12\/2014\/08\/002-600x400.jpg 600w\" sizes=\"(max-width: 640px) 100vw, 640px\" \/><\/a><\/p>\n<p>&nbsp;<\/p>\n<p><a href=\"https:\/\/blogs.diariosur.es\/tormentas-y-rayos\/2014\/08\/15\/prevision-del-tiempo-feria-de-malaga-15-de-agosto-ayer-tuvimos-nubes-fantasmas-en-los-cielos-malaguenos\/010-6\/\" rel=\"attachment wp-att-9177\"><img loading=\"lazy\" class=\"aligncenter size-full wp-image-9177\" title=\"010\" src=\"\/tormentas-y-rayos\/wp-content\/uploads\/sites\/12\/2014\/08\/010.jpg\" alt=\"\" width=\"640\" height=\"427\" srcset=\"https:\/\/static-blogs.diariosur.es\/wp-content\/uploads\/sites\/12\/2014\/08\/010.jpg 640w, https:\/\/static-blogs.diariosur.es\/wp-content\/uploads\/sites\/12\/2014\/08\/010-600x400.jpg 600w\" sizes=\"(max-width: 640px) 100vw, 640px\" \/><\/a><\/p>\n<p>&nbsp;<\/p>\n<p><span style=\"color: #ff00ff;\"><strong>PREVISI\u00d3N DEL TIEMPO FERIA DE M\u00c1LAGA.<\/strong><\/span><\/p>\n<p><a href=\"https:\/\/blogs.diariosur.es\/tormentas-y-rayos\/2014\/08\/15\/prevision-del-tiempo-feria-de-malaga-15-de-agosto-ayer-tuvimos-nubes-fantasmas-en-los-cielos-malaguenos\/captura-390\/\" rel=\"attachment wp-att-9178\"><img loading=\"lazy\" class=\"aligncenter size-full wp-image-9178\" title=\"Captura\" src=\"\/tormentas-y-rayos\/wp-content\/uploads\/sites\/12\/2014\/08\/Captura9.jpg\" alt=\"\" width=\"650\" height=\"464\" srcset=\"https:\/\/static-blogs.diariosur.es\/wp-content\/uploads\/sites\/12\/2014\/08\/Captura9.jpg 650w, https:\/\/static-blogs.diariosur.es\/wp-content\/uploads\/sites\/12\/2014\/08\/Captura9-560x400.jpg 560w\" sizes=\"(max-width: 650px) 100vw, 650px\" \/><\/a><\/p>\n<p>&nbsp;<\/p>\n<p><span><strong><span style=\"color: #ff0000;\">Con esta foto gane en el 2008 el primer premio en el concurso que organizo Cartojal y Diario Sur, como\u00a0pod\u00e9is\u00a0ver tambi\u00e9n estaba nublado.\u00a0Met\u00ed\u00a0en la botella un recorte del\u00a0peri\u00f3dico\u00a0donde\u00a0dec\u00eda\u00a0!!Que\u00a0siga la fiesta!!. &#8230;mensaje en una botella como la\u00a0pel\u00edcula\u00a0jijijij.<\/span><\/strong><\/span><\/p>\n<p><span style=\"color: #ff0000;\"><strong>\u00a0Vamos a lo que vamos, hoy dia 15 el levante\u00a0seguir\u00e1\u00a0de protagonista, esto\u00a0traer\u00e1\u00a0consigo nubes bajas e incluso algo de\u00a0boira. La maxima rondara los 29 grados, con una humedad bastante alta, esto\u00a0har\u00e1\u00a0que la sensaci\u00f3n\u00a0t\u00e9rmica\u00a0sea de mas calor. A la hora de los fuegos los cielos malague\u00f1os\u00a0estar\u00e1n\u00a0nubosos. Por la zona del Estrecho se pueden dar algunos chubascos\u00a0d\u00e9biles.\u00a0<\/strong><\/span><\/p>\n<p><span style=\"color: #ff0000;\"><strong> Ma\u00f1ana antes de entrar al curro os\u00a0dar\u00e9\u00a0la previsi\u00f3n para el\u00a0s\u00e1bado\u00a0y el domingo. Estos dos dias el levante soplara fuerte en el Mar de Alboran y Estrecho, esto\u00a0traer\u00e1\u00a0consigo mar de fondo y resaca.\u00a0Pero esto lo veremos mejor ma\u00f1ana.<\/strong><\/span><\/p>\n<p><span style=\"color: #ff0000;\"><strong>Ayer por la noche aparecieron unas nubes impresionantes, se les llama nubes fantasmas. Aun no est\u00e1n catalogadas, si me dais un par de dias investigare para saber porque se forman.<\/strong><\/span><\/p>\n<p><span style=\"color: #ff0000;\"><img loading=\"lazy\" class=\"aligncenter\" src=\"https:\/\/farm4.staticflickr.com\/3906\/14733362349_24eda5775c_z.jpg\" alt=\"\" width=\"640\" height=\"431\" \/><\/span><\/p>\n<p>&nbsp;<\/p>\n<p><span style=\"color: #ff0000;\"><img loading=\"lazy\" class=\"aligncenter\" src=\"https:\/\/farm4.staticflickr.com\/3865\/14919672512_3a98e2dc02_z.jpg\" alt=\"\" width=\"640\" height=\"428\" \/><\/span><\/p>\n<p>&nbsp;<\/p>\n<p><span style=\"color: #ff0000;\"><img loading=\"lazy\" class=\"aligncenter\" src=\"https:\/\/farm6.staticflickr.com\/5580\/14916944631_7e5a4a2abd_z.jpg\" alt=\"\" width=\"640\" height=\"428\" \/><\/span><\/p>\n<p>&nbsp;<\/p>\n<p><span style=\"color: #ff0000;\"><strong>Poco mas que contar, simplemente deciros que el terral hasta el 19 parece ser que no\u00a0aparecer\u00e1. Os dejo que tiro para Torre de Benagalb\u00f3n, hoy no me toca currar aunque el Corte Ingl\u00e9s abra .<\/strong><\/span><\/p>\n<p>&nbsp;<\/p>\n","protected":false},"excerpt":{"rendered":"<p>&nbsp; &nbsp; &nbsp; &nbsp; Buenos dias amigos de la meteo. Son las ocho de la ma\u00f1ana, registro 25 grados y los cielos malague\u00f1os est\u00e1n adornados con nubes bajas e incluso una bonita niebla.\u00a0Llevo\u00a0en la playa desde las seis y\u00a0media de la ma\u00f1ana, he pasado una noche\u00a0terror\u00edfica,\u00a0y no por las nubes fantasmas, si no por el [&hellip;]<\/p>\n","protected":false},"author":16,"featured_media":9179,"comment_status":"open","ping_status":"open","sticky":false,"template":"","format":"standard","meta":[],"categories":[2],"tags":[255,402,408,587,720,809,980],"_links":{"self":[{"href":"https:\/\/blogs.diariosur.es\/tormentas-y-rayos\/wp-json\/wp\/v2\/posts\/9175"}],"collection":[{"href":"https:\/\/blogs.diariosur.es\/tormentas-y-rayos\/wp-json\/wp\/v2\/posts"}],"about":[{"href":"https:\/\/blogs.diariosur.es\/tormentas-y-rayos\/wp-json\/wp\/v2\/types\/post"}],"author":[{"embeddable":true,"href":"https:\/\/blogs.diariosur.es\/tormentas-y-rayos\/wp-json\/wp\/v2\/users\/16"}],"replies":[{"embeddable":true,"href":"https:\/\/blogs.diariosur.es\/tormentas-y-rayos\/wp-json\/wp\/v2\/comments?post=9175"}],"version-history":[{"count":0,"href":"https:\/\/blogs.diariosur.es\/tormentas-y-rayos\/wp-json\/wp\/v2\/posts\/9175\/revisions"}],"wp:featuredmedia":[{"embeddable":true,"href":"https:\/\/blogs.diariosur.es\/tormentas-y-rayos\/wp-json\/wp\/v2\/media\/9179"}],"wp:attachment":[{"href":"https:\/\/blogs.diariosur.es\/tormentas-y-rayos\/wp-json\/wp\/v2\/media?parent=9175"}],"wp:term":[{"taxonomy":"category","embeddable":true,"href":"https:\/\/blogs.diariosur.es\/tormentas-y-rayos\/wp-json\/wp\/v2\/categories?post=9175"},{"taxonomy":"post_tag","embeddable":true,"href":"https:\/\/blogs.diariosur.es\/tormentas-y-rayos\/wp-json\/wp\/v2\/tags?post=9175"}],"curies":[{"name":"wp","href":"https:\/\/api.w.org\/{rel}","templated":true}]}}