{"id":9180,"date":"2014-08-16T07:41:16","date_gmt":"2014-08-16T05:41:16","guid":{"rendered":"http:\/\/blogs.diariosur.es\/tormentas-y-rayos\/?p=9180"},"modified":"2014-08-16T07:41:16","modified_gmt":"2014-08-16T05:41:16","slug":"prevision-del-tiempo-feria-de-malaga-el-levante-tomara-protagonismo-el-domingo-aviso-amarillo-por-viento-y-fenomenos-costeros-en-el-estrecho","status":"publish","type":"post","link":"https:\/\/blogs.diariosur.es\/tormentas-y-rayos\/2014\/08\/16\/prevision-del-tiempo-feria-de-malaga-el-levante-tomara-protagonismo-el-domingo-aviso-amarillo-por-viento-y-fenomenos-costeros-en-el-estrecho\/","title":{"rendered":"Previsi\u00f3n del tiempo Feria de M\u00e1laga ( 16,17). El levante tomara protagonismo el domingo. Aviso amarillo por viento y fen\u00f3menos costeros en el Estrecho."},"content":{"rendered":"<p><img loading=\"lazy\" class=\"aligncenter\" src=\"https:\/\/farm3.staticflickr.com\/2898\/14371881571_bbae3518b1_q.jpg\" alt=\"\" width=\"150\" height=\"150\" \/><\/p>\n<p>&nbsp;<\/p>\n<p>&nbsp;<\/p>\n<p>&nbsp;<\/p>\n<p>&nbsp;<\/p>\n<p><strong>Buenos d\u00edas amigos de la meteo.<\/strong><\/p>\n<p><strong>Son las seis de la ma\u00f1ana, registro 24 grados \u00a0y \u00a0los cielos malague\u00f1os est\u00e1n algo nubosos. La humedad es del 80 %, \u00a0con lo cual la sensaci\u00f3n\u00a0t\u00e9rmica\u00a0es de 31 grados.<\/strong><\/p>\n<p><strong>La foto de portada de los fuegos no es de anoche, a esa hora estaba intentando conciliar el sue\u00f1o, acompa\u00f1ado de unos sudores que recorr\u00edan todo mi cuerpo, almohada y sabanas jijijij. La foto la tome estando de vacaciones en el Rinc\u00f3n de la Victoria.<\/strong><\/p>\n<p><strong>Bueno amigos, \u00a0hoy se espera bochorno e incluso algunas brumas y nieblas a primera hora de la ma\u00f1ana.. Es decir el sudor sera el protagonista.<\/strong><\/p>\n<p>&nbsp;<\/p>\n<p>&nbsp;<\/p>\n<p>&nbsp;<\/p>\n<p style=\"text-align: center;\"><a href=\"https:\/\/blogs.diariosur.es\/tormentas-y-rayos\/2014\/08\/16\/prevision-del-tiempo-feria-de-malaga-el-levante-tomara-protagonismo-el-domingo-aviso-amarillo-por-viento-y-fenomenos-costeros-en-el-estrecho\/terralita-18\/\" rel=\"attachment wp-att-9184\"><img loading=\"lazy\" class=\"aligncenter  wp-image-9184\" title=\"terralita\" src=\"\/tormentas-y-rayos\/wp-content\/uploads\/sites\/12\/2014\/08\/terralita1.jpg\" alt=\"\" width=\"230\" height=\"280\" srcset=\"https:\/\/static-blogs.diariosur.es\/wp-content\/uploads\/sites\/12\/2014\/08\/terralita1.jpg 470w, https:\/\/static-blogs.diariosur.es\/wp-content\/uploads\/sites\/12\/2014\/08\/terralita1-330x400.jpg 330w\" sizes=\"(max-width: 230px) 100vw, 230px\" \/><\/a><\/p>\n<p>&nbsp;<\/p>\n<p>&nbsp;<\/p>\n<p>&nbsp;<\/p>\n<p><strong>A ultima hora de la noche, el levante tomara protagonismo. El domingo \u00a0soplara con rachas fuertes, sobre todo en la zona del Estrecho. Por este motivo la Aemet activa el aviso amarillo por viento y fen\u00f3menos costeros. En el Valle del Guadalquivir ser\u00e1 por altas temperaturas.<span style=\"color: #ff0000;\"> No hay que descartar algunas gotas, que con mayor probabilidad se\u00a0dar\u00e1n en el Estrecho y zonas cercanas.\u00a0\u00a0<\/span><\/strong><\/p>\n<p>&nbsp;<\/p>\n<p>&nbsp;<\/p>\n<p><a href=\"https:\/\/blogs.diariosur.es\/tormentas-y-rayos\/2014\/08\/16\/prevision-del-tiempo-feria-de-malaga-el-levante-tomara-protagonismo-el-domingo-aviso-amarillo-por-viento-y-fenomenos-costeros-en-el-estrecho\/captura-392\/\" rel=\"attachment wp-att-9181\"><img loading=\"lazy\" class=\"aligncenter size-full wp-image-9181\" title=\"Captura\" src=\"\/tormentas-y-rayos\/wp-content\/uploads\/sites\/12\/2014\/08\/Captura11.jpg\" alt=\"\" width=\"624\" height=\"440\" srcset=\"https:\/\/static-blogs.diariosur.es\/wp-content\/uploads\/sites\/12\/2014\/08\/Captura11.jpg 624w, https:\/\/static-blogs.diariosur.es\/wp-content\/uploads\/sites\/12\/2014\/08\/Captura11-567x400.jpg 567w\" sizes=\"(max-width: 624px) 100vw, 624px\" \/><\/a><\/p>\n<p>&nbsp;<\/p>\n<p>&nbsp;<\/p>\n<p>&nbsp;<\/p>\n<p>&nbsp;<\/p>\n<p><a href=\"https:\/\/blogs.diariosur.es\/tormentas-y-rayos\/2014\/08\/16\/prevision-del-tiempo-feria-de-malaga-el-levante-tomara-protagonismo-el-domingo-aviso-amarillo-por-viento-y-fenomenos-costeros-en-el-estrecho\/levante-19\/\" rel=\"attachment wp-att-9183\"><img loading=\"lazy\" class=\"aligncenter size-full wp-image-9183\" title=\"levante\" src=\"\/tormentas-y-rayos\/wp-content\/uploads\/sites\/12\/2014\/08\/levante.jpg\" alt=\"\" width=\"430\" height=\"526\" srcset=\"https:\/\/static-blogs.diariosur.es\/wp-content\/uploads\/sites\/12\/2014\/08\/levante.jpg 430w, https:\/\/static-blogs.diariosur.es\/wp-content\/uploads\/sites\/12\/2014\/08\/levante-327x400.jpg 327w\" sizes=\"(max-width: 430px) 100vw, 430px\" \/><\/a><\/p>\n<p>&nbsp;<\/p>\n<p>&nbsp;<\/p>\n<p>&nbsp;<\/p>\n<p>&nbsp;<\/p>\n<p>&nbsp;<\/p>\n<p>&nbsp;<\/p>\n<p>&nbsp;<\/p>\n<p>&nbsp;<\/p>\n<p><strong>La madrugada del viernes ha sido para m\u00ed la m\u00e1s calurosa y no porque la temperatura fuese muy alta, si no por la humedad. Os vuelvo a poner la tabla de sensaci\u00f3n t\u00e9rmica, y a continuaci\u00f3n los gr\u00e1ficos de humedad \u00a0y de temperatura que se dieron la pasada madrugada. M\u00e1s del 90 % \u00a0y una temperatura de 25 grados la sensaci\u00f3n\u00a0t\u00e9rmica\u00a0es de 35 graditos amigos. Otro dato a destacar fue el chaparr\u00f3n que cayo en Salobre\u00f1a, mas de un litro.<\/strong><\/p>\n<p>&nbsp;<\/p>\n<p>&nbsp;<\/p>\n<p>&nbsp;<\/p>\n<p>&nbsp;<\/p>\n<p><a href=\"https:\/\/blogs.diariosur.es\/tormentas-y-rayos\/2014\/08\/16\/prevision-del-tiempo-feria-de-malaga-el-levante-tomara-protagonismo-el-domingo-aviso-amarillo-por-viento-y-fenomenos-costeros-en-el-estrecho\/1146969_10201752516564218_1390901565_o-600x360-3\/\" rel=\"attachment wp-att-9185\"><img loading=\"lazy\" class=\"aligncenter size-full wp-image-9185\" title=\"1146969_10201752516564218_1390901565_o-600x360\" src=\"\/tormentas-y-rayos\/wp-content\/uploads\/sites\/12\/2014\/08\/1146969_10201752516564218_1390901565_o.jpg\" alt=\"\" width=\"600\" height=\"360\" \/><\/a><\/p>\n<p>&nbsp;<\/p>\n<p><a href=\"https:\/\/blogs.diariosur.es\/tormentas-y-rayos\/2014\/08\/16\/prevision-del-tiempo-feria-de-malaga-el-levante-tomara-protagonismo-el-domingo-aviso-amarillo-por-viento-y-fenomenos-costeros-en-el-estrecho\/humedada-teatinos\/\" rel=\"attachment wp-att-9186\"><img loading=\"lazy\" class=\"aligncenter size-medium wp-image-9186\" title=\"humedada teatinos\" src=\"\/tormentas-y-rayos\/wp-content\/uploads\/sites\/12\/2014\/08\/humedada-teatinos.jpg\" alt=\"\" width=\"600\" height=\"271\" srcset=\"https:\/\/static-blogs.diariosur.es\/wp-content\/uploads\/sites\/12\/2014\/08\/humedada-teatinos.jpg 723w, https:\/\/static-blogs.diariosur.es\/wp-content\/uploads\/sites\/12\/2014\/08\/humedada-teatinos-640x289.jpg 640w\" sizes=\"(max-width: 600px) 100vw, 600px\" \/><\/a><\/p>\n<p>&nbsp;<\/p>\n<p><a href=\"https:\/\/blogs.diariosur.es\/tormentas-y-rayos\/2014\/08\/16\/prevision-del-tiempo-feria-de-malaga-el-levante-tomara-protagonismo-el-domingo-aviso-amarillo-por-viento-y-fenomenos-costeros-en-el-estrecho\/tempe-teatinos\/\" rel=\"attachment wp-att-9187\"><img loading=\"lazy\" class=\"aligncenter size-medium wp-image-9187\" title=\"tempe teatinos\" src=\"\/tormentas-y-rayos\/wp-content\/uploads\/sites\/12\/2014\/08\/tempe-teatinos.jpg\" alt=\"\" width=\"600\" height=\"247\" srcset=\"https:\/\/static-blogs.diariosur.es\/wp-content\/uploads\/sites\/12\/2014\/08\/tempe-teatinos.jpg 772w, https:\/\/static-blogs.diariosur.es\/wp-content\/uploads\/sites\/12\/2014\/08\/tempe-teatinos-640x264.jpg 640w, https:\/\/static-blogs.diariosur.es\/wp-content\/uploads\/sites\/12\/2014\/08\/tempe-teatinos-768x317.jpg 768w\" sizes=\"(max-width: 600px) 100vw, 600px\" \/><\/a><\/p>\n<p>&nbsp;<\/p>\n<p><strong>Esta pasada madrugada tambi\u00e9n ha sido insoportable, de nuevo la humedad ha sido alta. La sensaci\u00f3n\u00a0t\u00e9rmica\u00a0ha sido de 31 grados. Ahora mismo cuando\u00a0escribo estoy sudando la gota gorda.\u00a0<\/strong><\/p>\n<p><span style=\"color: #ff00ff;\"><strong>Menos mal que el 19 cambia el viento.<\/strong><\/span><\/p>\n<p><strong>Poco m\u00e1s que contar\u00a0amigos de la meteo, os dejo con el resumen\u00a0gr\u00e1fico\u00a0que se dio ayer en\u00a0Andaluc\u00eda, destaca la lluvia recogida en Salobre\u00f1a.<\/strong><\/p>\n<p>&nbsp;<\/p>\n<p>&nbsp;<\/p>\n<p><a href=\"https:\/\/blogs.diariosur.es\/tormentas-y-rayos\/2014\/08\/16\/prevision-del-tiempo-feria-de-malaga-el-levante-tomara-protagonismo-el-domingo-aviso-amarillo-por-viento-y-fenomenos-costeros-en-el-estrecho\/captura-393\/\" rel=\"attachment wp-att-9188\"><img loading=\"lazy\" class=\"aligncenter size-medium wp-image-9188\" title=\"Captura\" src=\"\/tormentas-y-rayos\/wp-content\/uploads\/sites\/12\/2014\/08\/Captura12.jpg\" alt=\"\" width=\"600\" height=\"398\" srcset=\"https:\/\/static-blogs.diariosur.es\/wp-content\/uploads\/sites\/12\/2014\/08\/Captura12.jpg 794w, https:\/\/static-blogs.diariosur.es\/wp-content\/uploads\/sites\/12\/2014\/08\/Captura12-603x400.jpg 603w, https:\/\/static-blogs.diariosur.es\/wp-content\/uploads\/sites\/12\/2014\/08\/Captura12-768x510.jpg 768w\" sizes=\"(max-width: 600px) 100vw, 600px\" \/><\/a><\/p>\n<p>&nbsp;<\/p>\n<p>&nbsp;<\/p>\n<p>&nbsp;<\/p>\n<p><strong>Os dejo por si no la\u00a0hab\u00edais visto alguno a la nube fantasma que se dio el jueves por la noche.<\/strong><\/p>\n<p>&nbsp;<\/p>\n<p>&nbsp;<\/p>\n<p><strong><img loading=\"lazy\" class=\"aligncenter\" src=\"https:\/\/farm4.staticflickr.com\/3865\/14919672512_3a98e2dc02_z.jpg\" alt=\"\" width=\"640\" height=\"428\" \/>\u00a0<\/strong><\/p>\n<p>&nbsp;<\/p>\n","protected":false},"excerpt":{"rendered":"<p>&nbsp; &nbsp; &nbsp; &nbsp; Buenos d\u00edas amigos de la meteo. Son las seis de la ma\u00f1ana, registro 24 grados \u00a0y \u00a0los cielos malague\u00f1os est\u00e1n algo nubosos. La humedad es del 80 %, \u00a0con lo cual la sensaci\u00f3n\u00a0t\u00e9rmica\u00a0es de 31 grados. La foto de portada de los fuegos no es de anoche, a esa hora estaba [&hellip;]<\/p>\n","protected":false},"author":16,"featured_media":9182,"comment_status":"open","ping_status":"open","sticky":false,"template":"","format":"standard","meta":[],"categories":[2],"tags":[94,151,288,406,408,553,587,809,980,1059],"_links":{"self":[{"href":"https:\/\/blogs.diariosur.es\/tormentas-y-rayos\/wp-json\/wp\/v2\/posts\/9180"}],"collection":[{"href":"https:\/\/blogs.diariosur.es\/tormentas-y-rayos\/wp-json\/wp\/v2\/posts"}],"about":[{"href":"https:\/\/blogs.diariosur.es\/tormentas-y-rayos\/wp-json\/wp\/v2\/types\/post"}],"author":[{"embeddable":true,"href":"https:\/\/blogs.diariosur.es\/tormentas-y-rayos\/wp-json\/wp\/v2\/users\/16"}],"replies":[{"embeddable":true,"href":"https:\/\/blogs.diariosur.es\/tormentas-y-rayos\/wp-json\/wp\/v2\/comments?post=9180"}],"version-history":[{"count":0,"href":"https:\/\/blogs.diariosur.es\/tormentas-y-rayos\/wp-json\/wp\/v2\/posts\/9180\/revisions"}],"wp:featuredmedia":[{"embeddable":true,"href":"https:\/\/blogs.diariosur.es\/tormentas-y-rayos\/wp-json\/wp\/v2\/media\/9182"}],"wp:attachment":[{"href":"https:\/\/blogs.diariosur.es\/tormentas-y-rayos\/wp-json\/wp\/v2\/media?parent=9180"}],"wp:term":[{"taxonomy":"category","embeddable":true,"href":"https:\/\/blogs.diariosur.es\/tormentas-y-rayos\/wp-json\/wp\/v2\/categories?post=9180"},{"taxonomy":"post_tag","embeddable":true,"href":"https:\/\/blogs.diariosur.es\/tormentas-y-rayos\/wp-json\/wp\/v2\/tags?post=9180"}],"curies":[{"name":"wp","href":"https:\/\/api.w.org\/{rel}","templated":true}]}}