{"id":9189,"date":"2014-08-18T07:18:01","date_gmt":"2014-08-18T05:18:01","guid":{"rendered":"http:\/\/blogs.diariosur.es\/tormentas-y-rayos\/?p=9189"},"modified":"2014-08-18T07:18:01","modified_gmt":"2014-08-18T05:18:01","slug":"prevision-del-tiempo-limite-48-horas-para-que-el-terral-baile-en-la-feria-de-malaga","status":"publish","type":"post","link":"https:\/\/blogs.diariosur.es\/tormentas-y-rayos\/2014\/08\/18\/prevision-del-tiempo-limite-48-horas-para-que-el-terral-baile-en-la-feria-de-malaga\/","title":{"rendered":"Previsi\u00f3n del tiempo. L\u00edmite 48 horas para que el terral baile en la Feria de M\u00e1laga."},"content":{"rendered":"<p><img loading=\"lazy\" class=\"aligncenter\" src=\"https:\/\/farm6.staticflickr.com\/5566\/14568830453_8e0522e3fc_q.jpg\" alt=\"\" width=\"150\" height=\"150\" \/><\/p>\n<p>&nbsp;<\/p>\n<p>&nbsp;<\/p>\n<p>ULTIMA HORA, SE ACTIVA EL AVISO AMARILLO<\/p>\n<p>POR ALTAS TEMPERATURAS EN MALAGA Y GUADALHORCE<\/p>\n<p><span><strong><span><span style=\"color: #0000ff;\">Buenos d\u00edas amigos de la meteo.\u00a0 Son las seis de la ma\u00f1ana, registro 24 grados y los cielos est\u00e1n muy nubosos. Se registran \u00a0y se han registrado algunos chubascos\u00a0espor\u00e1dicos\u00a0por la provincia malague\u00f1a,\u00a0as\u00ed\u00a0como tambi\u00e9n en algunos puntos de Ja\u00e9n. \u00a0En esta imagen del satelite eumetsat, se ve claramente la nubosidad que nos afecta.<\/span><\/span><\/strong><\/span><\/p>\n<p>&nbsp;<\/p>\n<p><a href=\"https:\/\/blogs.diariosur.es\/tormentas-y-rayos\/2014\/08\/18\/prevision-del-tiempo-limite-48-horas-para-que-el-terral-baile-en-la-feria-de-malaga\/sate-5\/\" rel=\"attachment wp-att-9201\"><img loading=\"lazy\" class=\"aligncenter size-medium wp-image-9201\" title=\"sate\" src=\"\/tormentas-y-rayos\/wp-content\/uploads\/sites\/12\/2014\/08\/sate.jpg\" alt=\"\" width=\"557\" height=\"400\" srcset=\"https:\/\/static-blogs.diariosur.es\/wp-content\/uploads\/sites\/12\/2014\/08\/sate.jpg 724w, https:\/\/static-blogs.diariosur.es\/wp-content\/uploads\/sites\/12\/2014\/08\/sate-558x400.jpg 558w\" sizes=\"(max-width: 557px) 100vw, 557px\" \/><\/a><\/p>\n<p>&nbsp;<\/p>\n<p><a href=\"https:\/\/blogs.diariosur.es\/tormentas-y-rayos\/2014\/08\/18\/prevision-del-tiempo-limite-48-horas-para-que-el-terral-baile-en-la-feria-de-malaga\/003-21\/\" rel=\"attachment wp-att-9204\"><img loading=\"lazy\" class=\"aligncenter size-full wp-image-9204\" title=\"003\" src=\"\/tormentas-y-rayos\/wp-content\/uploads\/sites\/12\/2014\/08\/0031.jpg\" alt=\"\" width=\"640\" height=\"427\" srcset=\"https:\/\/static-blogs.diariosur.es\/wp-content\/uploads\/sites\/12\/2014\/08\/0031.jpg 640w, https:\/\/static-blogs.diariosur.es\/wp-content\/uploads\/sites\/12\/2014\/08\/0031-600x400.jpg 600w\" sizes=\"(max-width: 640px) 100vw, 640px\" \/><\/a><\/p>\n<p>&nbsp;<\/p>\n<p><span style=\"color: #0000ff;\"><strong>De nuevo hemos pasado una madrugada con una sensaci\u00f3n t\u00e9rmica de mucho calor, \u00a0la humedad \u00a0ha \u00a0estado \u00a0rondando al 72 %, es decir 30 grados sudorosos.\u00a0Gr\u00e1fico\u00a0fuente aemet.<\/strong><\/span><\/p>\n<p>&nbsp;<\/p>\n<p><a href=\"https:\/\/blogs.diariosur.es\/tormentas-y-rayos\/2014\/08\/18\/prevision-del-tiempo-limite-48-horas-para-que-el-terral-baile-en-la-feria-de-malaga\/humedad-6\/\" rel=\"attachment wp-att-9200\"><img loading=\"lazy\" class=\"aligncenter size-medium wp-image-9200\" title=\"humedad\" src=\"\/tormentas-y-rayos\/wp-content\/uploads\/sites\/12\/2014\/08\/humedad.jpg\" alt=\"\" width=\"600\" height=\"267\" srcset=\"https:\/\/static-blogs.diariosur.es\/wp-content\/uploads\/sites\/12\/2014\/08\/humedad.jpg 708w, https:\/\/static-blogs.diariosur.es\/wp-content\/uploads\/sites\/12\/2014\/08\/humedad-640x286.jpg 640w\" sizes=\"(max-width: 600px) 100vw, 600px\" \/><\/a><\/p>\n<p><span style=\"color: #0000ff;\"><strong>Pues si amigos, el terral y como &#8220;siempre&#8221; ha hecho visitara la Feria de M\u00e1laga, el l\u00edmite no m\u00e1s de 48 horas jijijij. Que ser\u00eda una Feria de M\u00e1laga sin su terral.<\/strong><\/span><\/p>\n<p>&nbsp;<\/p>\n<p>&nbsp;<\/p>\n<p>&nbsp;<\/p>\n<p><a href=\"https:\/\/blogs.diariosur.es\/tormentas-y-rayos\/2014\/08\/18\/prevision-del-tiempo-limite-48-horas-para-que-el-terral-baile-en-la-feria-de-malaga\/14447608476_f8e3d33ca9-3\/\" rel=\"attachment wp-att-9190\"><img loading=\"lazy\" class=\"aligncenter size-medium wp-image-9190\" title=\"14447608476_f8e3d33ca9\" src=\"\/tormentas-y-rayos\/wp-content\/uploads\/sites\/12\/2014\/08\/14447608476_f8e3d33ca91.jpg\" alt=\"\" width=\"320\" height=\"400\" srcset=\"https:\/\/static-blogs.diariosur.es\/wp-content\/uploads\/sites\/12\/2014\/08\/14447608476_f8e3d33ca91.jpg 400w, https:\/\/static-blogs.diariosur.es\/wp-content\/uploads\/sites\/12\/2014\/08\/14447608476_f8e3d33ca91-320x400.jpg 320w\" sizes=\"(max-width: 320px) 100vw, 320px\" \/><\/a><\/p>\n<p>&nbsp;<\/p>\n<p>&nbsp;<\/p>\n<p>&nbsp;<\/p>\n<p><span><strong><span style=\"color: #0000ff;\">Seg\u00fan los modelos, entrar\u00eda sobre el mediod\u00eda y tomar\u00eda protagonismo por la tarde noche. Espero rachas de moderadas \u00a0por la noche del martes y madrugada del mi\u00e9rcoles. El poniente tambi\u00e9n lo har\u00e1 en las zonas que le son propicias . Sobre que m\u00e1xima\u00a0alcancemos\u00a0no lo tengo muy claro.\u00a0<\/span><\/strong><\/span><\/p>\n<p><a href=\"https:\/\/blogs.diariosur.es\/tormentas-y-rayos\/2014\/08\/18\/prevision-del-tiempo-limite-48-horas-para-que-el-terral-baile-en-la-feria-de-malaga\/1-65\/\" rel=\"attachment wp-att-9191\"><img loading=\"lazy\" class=\"aligncenter size-large wp-image-9191\" title=\"1\" src=\"\/tormentas-y-rayos\/wp-content\/uploads\/sites\/12\/2014\/08\/13.jpg\" alt=\"\" width=\"595\" height=\"600\" srcset=\"https:\/\/static-blogs.diariosur.es\/wp-content\/uploads\/sites\/12\/2014\/08\/13.jpg 780w, https:\/\/static-blogs.diariosur.es\/wp-content\/uploads\/sites\/12\/2014\/08\/13-150x150.jpg 150w, https:\/\/static-blogs.diariosur.es\/wp-content\/uploads\/sites\/12\/2014\/08\/13-397x400.jpg 397w, https:\/\/static-blogs.diariosur.es\/wp-content\/uploads\/sites\/12\/2014\/08\/13-768x774.jpg 768w\" sizes=\"(max-width: 595px) 100vw, 595px\" \/><\/a><\/p>\n<p>&nbsp;<\/p>\n<p>&nbsp;<\/p>\n<p><span style=\"color: #3366ff;\"><strong>Una nueva vaguada se acerca, \u00a0parecida a las que no han estado afectando durante todo el verano. Bajaran las temperaturas en la fachada occidental y las lluvias acompa\u00f1adas de \u00a0tormentas ser\u00e1n las protagonistas de nuevo por el norte.<\/strong><\/span><\/p>\n<p><span style=\"color: #0000ff;\"><strong>De todas formas, ma\u00f1ana martes a primera hora \u00a0cuando actualice el blog, veremos que m\u00e1xima podemos dar, y si llegara a toda la capital, \u00a0o si en trascurso del dia de hoy se activa el aviso amarillo.\u00a0<\/strong><\/span><\/p>\n<p>&nbsp;<\/p>\n<p>&nbsp;<\/p>\n<p><img loading=\"lazy\" class=\"aligncenter\" src=\"https:\/\/farm4.staticflickr.com\/3837\/14396804033_86a3d305c4.jpg\" alt=\"\" width=\"371\" height=\"500\" \/><\/p>\n<p>&nbsp;<\/p>\n<p><span style=\"color: #ff0000;\"><strong>Se cumplieron los\u00a0pron\u00f3sticos\u00a0mas o menos, y el levante fue el protagonista el domingo, asi como algunas gotas que cayeron en la provincia\u00a0malague\u00f1a, como es el caso de \u00c1lora con medio litro. Y digo\u00a0mas o menos porque esperaba mas viento y mas olas en nuestra costa malague\u00f1a, donde mas se noto el viento fue en Estepona y sobre todo en Cadiz, Tarifa y Estrecho. Os paso el\u00a0gr\u00e1fico\u00a0de todos los datos.<\/strong><\/span><\/p>\n<p><span style=\"color: #ff0000;\"><a href=\"https:\/\/blogs.diariosur.es\/tormentas-y-rayos\/2014\/08\/18\/prevision-del-tiempo-limite-48-horas-para-que-el-terral-baile-en-la-feria-de-malaga\/captura-394\/\" rel=\"attachment wp-att-9192\"><span style=\"color: #ff0000;\"><img loading=\"lazy\" class=\"aligncenter size-medium wp-image-9192\" title=\"Captura\" src=\"\/tormentas-y-rayos\/wp-content\/uploads\/sites\/12\/2014\/08\/Captura13.jpg\" alt=\"\" width=\"600\" height=\"373\" srcset=\"https:\/\/static-blogs.diariosur.es\/wp-content\/uploads\/sites\/12\/2014\/08\/Captura13.jpg 799w, https:\/\/static-blogs.diariosur.es\/wp-content\/uploads\/sites\/12\/2014\/08\/Captura13-768x479.jpg 768w\" sizes=\"(max-width: 600px) 100vw, 600px\" \/><\/span><\/a><\/span><\/p>\n<p>&nbsp;<\/p>\n<p>&nbsp;<\/p>\n<p><span style=\"color: #ff0000;\"><strong>Las\u00a0m\u00e1ximas\u00a0no llegaron ayer domingo a los 30 grados, se quedaron sobre los 28 en las tres estaciones que tiene la Aemet en M\u00e1laga Capital. A ello contribuyo las nubes.<\/strong><\/span><\/p>\n<p><span style=\"color: #ff0000;\"><strong>Mi amigo Fernando Fern\u00e1ndez en compa\u00f1\u00eda de varios amigos subieron ayer hasta la Ca\u00f1ada del Lobo. Me comentaba que hacia fresquito a esa hora y que las nubes eran las protagonistas.\u00a0<\/strong><\/span><\/p>\n<p><span style=\"color: #ff0000;\"><a href=\"https:\/\/blogs.diariosur.es\/tormentas-y-rayos\/2014\/08\/18\/prevision-del-tiempo-limite-48-horas-para-que-el-terral-baile-en-la-feria-de-malaga\/canada-del-lobo\/\" rel=\"attachment wp-att-9193\"><span style=\"color: #ff0000;\"><img loading=\"lazy\" class=\"aligncenter size-full wp-image-9193\" title=\"ca\u00f1ada del lobo\" src=\"\/tormentas-y-rayos\/wp-content\/uploads\/sites\/12\/2014\/08\/ca\u00f1ada-del-lobo.jpg\" alt=\"\" width=\"640\" height=\"480\" srcset=\"https:\/\/static-blogs.diariosur.es\/wp-content\/uploads\/sites\/12\/2014\/08\/ca\u00f1ada-del-lobo.jpg 640w, https:\/\/static-blogs.diariosur.es\/wp-content\/uploads\/sites\/12\/2014\/08\/ca\u00f1ada-del-lobo-533x400.jpg 533w\" sizes=\"(max-width: 640px) 100vw, 640px\" \/><\/span><\/a><a href=\"https:\/\/blogs.diariosur.es\/tormentas-y-rayos\/2014\/08\/18\/prevision-del-tiempo-limite-48-horas-para-que-el-terral-baile-en-la-feria-de-malaga\/fernando-fernandez-2\/\" rel=\"attachment wp-att-9194\"><span style=\"color: #ff0000;\"><img loading=\"lazy\" class=\"aligncenter size-full wp-image-9194\" title=\"fernando fern\u00e1ndez\" src=\"\/tormentas-y-rayos\/wp-content\/uploads\/sites\/12\/2014\/08\/fernando-fern\u00e1ndez.jpg\" alt=\"\" width=\"640\" height=\"480\" srcset=\"https:\/\/static-blogs.diariosur.es\/wp-content\/uploads\/sites\/12\/2014\/08\/fernando-fern\u00e1ndez.jpg 640w, https:\/\/static-blogs.diariosur.es\/wp-content\/uploads\/sites\/12\/2014\/08\/fernando-fern\u00e1ndez-533x400.jpg 533w\" sizes=\"(max-width: 640px) 100vw, 640px\" \/><\/span><\/a><\/span><\/p>\n<p><span style=\"color: #ff0000;\"><strong>Nuestra seguidora del blog Paqui Carnero, me mandaba esta bonita\u00a0panor\u00e1mica\u00a0 desde el Puerto.<\/strong><\/span><\/p>\n<p>&nbsp;<\/p>\n<p><span style=\"color: #ff0000;\"><a href=\"https:\/\/blogs.diariosur.es\/tormentas-y-rayos\/2014\/08\/18\/prevision-del-tiempo-limite-48-horas-para-que-el-terral-baile-en-la-feria-de-malaga\/paqui-carnero-12\/\" rel=\"attachment wp-att-9195\"><span style=\"color: #ff0000;\"><img loading=\"lazy\" class=\"aligncenter size-full wp-image-9195\" title=\"paqui carnero\" src=\"\/tormentas-y-rayos\/wp-content\/uploads\/sites\/12\/2014\/08\/paqui-carnero1.jpg\" alt=\"\" width=\"640\" height=\"242\" \/><\/span><\/a><\/span><\/p>\n<p><span style=\"color: #ff0000;\"><strong>En Marbella las nubes tambi\u00e9n eran las protagonistas, mi amigo Jose luis Gil me mandaba esta bonita foto.<\/strong><\/span><\/p>\n<p><span style=\"color: #ff0000;\"><a href=\"https:\/\/blogs.diariosur.es\/tormentas-y-rayos\/2014\/08\/18\/prevision-del-tiempo-limite-48-horas-para-que-el-terral-baile-en-la-feria-de-malaga\/jose-luis-gil-12\/\" rel=\"attachment wp-att-9196\"><span style=\"color: #ff0000;\"><img loading=\"lazy\" class=\"aligncenter size-full wp-image-9196\" title=\"jose luis gil\" src=\"\/tormentas-y-rayos\/wp-content\/uploads\/sites\/12\/2014\/08\/jose-luis-gil.jpg\" alt=\"\" width=\"640\" height=\"384\" \/><\/span><\/a><\/span><\/p>\n<p>&nbsp;<\/p>\n<p><span style=\"color: #ff0000;\"><strong>En Torre de Benagalb\u00f3n tambi\u00e9n se nublo, os paso esta foto desde la zona de la Marina.<\/strong><\/span><\/p>\n<p>&nbsp;<\/p>\n<p><span style=\"color: #ff0000;\"><a href=\"https:\/\/blogs.diariosur.es\/tormentas-y-rayos\/2014\/08\/18\/prevision-del-tiempo-limite-48-horas-para-que-el-terral-baile-en-la-feria-de-malaga\/jose-escudero\/\" rel=\"attachment wp-att-9197\"><span style=\"color: #ff0000;\"><img loading=\"lazy\" class=\"aligncenter size-full wp-image-9197\" title=\"jose escudero\" src=\"\/tormentas-y-rayos\/wp-content\/uploads\/sites\/12\/2014\/08\/jose-escudero.jpg\" alt=\"\" width=\"640\" height=\"360\" \/><\/span><\/a><\/span><\/p>\n<p>&nbsp;<\/p>\n<p>&nbsp;<\/p>\n<p><span style=\"color: #ff0000;\"><strong>Juan Repetto me mandaba esta otra foto desde Guadalmar. Gracias Juan.<\/strong><\/span><\/p>\n<p><a href=\"https:\/\/blogs.diariosur.es\/tormentas-y-rayos\/2014\/08\/18\/prevision-del-tiempo-limite-48-horas-para-que-el-terral-baile-en-la-feria-de-malaga\/juan-repetto-2\/\" rel=\"attachment wp-att-9202\"><img loading=\"lazy\" class=\"aligncenter size-medium wp-image-9202\" title=\"juan repetto\" src=\"\/tormentas-y-rayos\/wp-content\/uploads\/sites\/12\/2014\/08\/juan-repetto1.jpg\" alt=\"\" width=\"533\" height=\"400\" srcset=\"https:\/\/static-blogs.diariosur.es\/wp-content\/uploads\/sites\/12\/2014\/08\/juan-repetto1.jpg 960w, https:\/\/static-blogs.diariosur.es\/wp-content\/uploads\/sites\/12\/2014\/08\/juan-repetto1-533x400.jpg 533w, https:\/\/static-blogs.diariosur.es\/wp-content\/uploads\/sites\/12\/2014\/08\/juan-repetto1-768x576.jpg 768w\" sizes=\"(max-width: 533px) 100vw, 533px\" \/><\/a><\/p>\n<p>&nbsp;<\/p>\n<p><span style=\"color: #ff0000;\"><strong>Poco mas que contar amigos, nos vemos ma\u00f1ana.\u00a0<\/strong><\/span><\/p>\n","protected":false},"excerpt":{"rendered":"<p>&nbsp; &nbsp; ULTIMA HORA, SE ACTIVA EL AVISO AMARILLO POR ALTAS TEMPERATURAS EN MALAGA Y GUADALHORCE Buenos d\u00edas amigos de la meteo.\u00a0 Son las seis de la ma\u00f1ana, registro 24 grados y los cielos est\u00e1n muy nubosos. Se registran \u00a0y se han registrado algunos chubascos\u00a0espor\u00e1dicos\u00a0por la provincia malague\u00f1a,\u00a0as\u00ed\u00a0como tambi\u00e9n en algunos puntos de Ja\u00e9n. \u00a0En [&hellip;]<\/p>\n","protected":false},"author":16,"featured_media":9199,"comment_status":"open","ping_status":"open","sticky":false,"template":"","format":"standard","meta":[],"categories":[2],"tags":[31,408,561,587,809,975,980],"_links":{"self":[{"href":"https:\/\/blogs.diariosur.es\/tormentas-y-rayos\/wp-json\/wp\/v2\/posts\/9189"}],"collection":[{"href":"https:\/\/blogs.diariosur.es\/tormentas-y-rayos\/wp-json\/wp\/v2\/posts"}],"about":[{"href":"https:\/\/blogs.diariosur.es\/tormentas-y-rayos\/wp-json\/wp\/v2\/types\/post"}],"author":[{"embeddable":true,"href":"https:\/\/blogs.diariosur.es\/tormentas-y-rayos\/wp-json\/wp\/v2\/users\/16"}],"replies":[{"embeddable":true,"href":"https:\/\/blogs.diariosur.es\/tormentas-y-rayos\/wp-json\/wp\/v2\/comments?post=9189"}],"version-history":[{"count":0,"href":"https:\/\/blogs.diariosur.es\/tormentas-y-rayos\/wp-json\/wp\/v2\/posts\/9189\/revisions"}],"wp:featuredmedia":[{"embeddable":true,"href":"https:\/\/blogs.diariosur.es\/tormentas-y-rayos\/wp-json\/wp\/v2\/media\/9199"}],"wp:attachment":[{"href":"https:\/\/blogs.diariosur.es\/tormentas-y-rayos\/wp-json\/wp\/v2\/media?parent=9189"}],"wp:term":[{"taxonomy":"category","embeddable":true,"href":"https:\/\/blogs.diariosur.es\/tormentas-y-rayos\/wp-json\/wp\/v2\/categories?post=9189"},{"taxonomy":"post_tag","embeddable":true,"href":"https:\/\/blogs.diariosur.es\/tormentas-y-rayos\/wp-json\/wp\/v2\/tags?post=9189"}],"curies":[{"name":"wp","href":"https:\/\/api.w.org\/{rel}","templated":true}]}}