{"id":9205,"date":"2014-08-19T08:37:52","date_gmt":"2014-08-19T06:37:52","guid":{"rendered":"http:\/\/blogs.diariosur.es\/tormentas-y-rayos\/?p=9205"},"modified":"2014-08-19T08:37:52","modified_gmt":"2014-08-19T06:37:52","slug":"prevision-del-tiempo-feria-de-malaga-el-terral-se-retrasa-y-entrara-por-tarde-noche-posibilidad-de-que-se-desactive-el-aviso-amarillo","status":"publish","type":"post","link":"https:\/\/blogs.diariosur.es\/tormentas-y-rayos\/2014\/08\/19\/prevision-del-tiempo-feria-de-malaga-el-terral-se-retrasa-y-entrara-por-tarde-noche-posibilidad-de-que-se-desactive-el-aviso-amarillo\/","title":{"rendered":"Previsi\u00f3n del tiempo Feria de M\u00e1laga. El terral se retrasa y entrara por tarde noche. Posibilidad de que se desactive el aviso amarillo."},"content":{"rendered":"<p>&nbsp;<\/p>\n<p><img loading=\"lazy\" class=\"aligncenter\" src=\"https:\/\/farm6.staticflickr.com\/5566\/14568830453_8e0522e3fc_q.jpg\" alt=\"\" width=\"150\" height=\"150\" \/><\/p>\n<p>&nbsp;<\/p>\n<p>&nbsp;<\/p>\n<p>&nbsp;<\/p>\n<p><strong>Buenos dias amigos de la meteo. Son las ocho de la ma\u00f1ana, registro 22 grados y los cielos est\u00e1n con brumas y nubes bajas, e incluso niebla. \u00a0La humedad de esta pasada madrugada ha sido bestial, este\u00a0gr\u00e1fico\u00a0lo dice todo. Aun tengo charcos en el suelo de mi habitaci\u00f3n jijijij.<\/strong><\/p>\n<p>&nbsp;<\/p>\n<p><a href=\"https:\/\/blogs.diariosur.es\/tormentas-y-rayos\/2014\/08\/19\/prevision-del-tiempo-feria-de-malaga-el-terral-se-retrasa-y-entrara-por-tarde-noche-posibilidad-de-que-se-desactive-el-aviso-amarillo\/nnn-5\/\" rel=\"attachment wp-att-9212\"><img loading=\"lazy\" class=\"aligncenter size-medium wp-image-9212\" title=\"nnn\" src=\"\/tormentas-y-rayos\/wp-content\/uploads\/sites\/12\/2014\/08\/nnn.jpg\" alt=\"\" width=\"600\" height=\"263\" srcset=\"https:\/\/static-blogs.diariosur.es\/wp-content\/uploads\/sites\/12\/2014\/08\/nnn.jpg 739w, https:\/\/static-blogs.diariosur.es\/wp-content\/uploads\/sites\/12\/2014\/08\/nnn-640x281.jpg 640w\" sizes=\"(max-width: 600px) 100vw, 600px\" \/><\/a><\/p>\n<p><strong> Acabo de llegar de la playa, \u00a0y\u00a0as\u00ed\u00a0amanec\u00eda\u00a0hoy en M\u00e1laga Capital.\u00a0<\/strong><\/p>\n<p>&nbsp;<\/p>\n<p>&nbsp;<\/p>\n<p><a href=\"https:\/\/blogs.diariosur.es\/tormentas-y-rayos\/2014\/08\/19\/prevision-del-tiempo-feria-de-malaga-el-terral-se-retrasa-y-entrara-por-tarde-noche-posibilidad-de-que-se-desactive-el-aviso-amarillo\/001-23\/\" rel=\"attachment wp-att-9206\"><img loading=\"lazy\" class=\"aligncenter size-full wp-image-9206\" title=\"001\" src=\"\/tormentas-y-rayos\/wp-content\/uploads\/sites\/12\/2014\/08\/001.jpg\" alt=\"\" width=\"640\" height=\"427\" srcset=\"https:\/\/static-blogs.diariosur.es\/wp-content\/uploads\/sites\/12\/2014\/08\/001.jpg 640w, https:\/\/static-blogs.diariosur.es\/wp-content\/uploads\/sites\/12\/2014\/08\/001-600x400.jpg 600w\" sizes=\"(max-width: 640px) 100vw, 640px\" \/><\/a><\/p>\n<p>&nbsp;<\/p>\n<p><a href=\"https:\/\/blogs.diariosur.es\/tormentas-y-rayos\/2014\/08\/19\/prevision-del-tiempo-feria-de-malaga-el-terral-se-retrasa-y-entrara-por-tarde-noche-posibilidad-de-que-se-desactive-el-aviso-amarillo\/006-13\/\" rel=\"attachment wp-att-9207\"><img loading=\"lazy\" class=\"aligncenter size-full wp-image-9207\" title=\"006\" src=\"\/tormentas-y-rayos\/wp-content\/uploads\/sites\/12\/2014\/08\/006.jpg\" alt=\"\" width=\"640\" height=\"427\" srcset=\"https:\/\/static-blogs.diariosur.es\/wp-content\/uploads\/sites\/12\/2014\/08\/006.jpg 640w, https:\/\/static-blogs.diariosur.es\/wp-content\/uploads\/sites\/12\/2014\/08\/006-600x400.jpg 600w\" sizes=\"(max-width: 640px) 100vw, 640px\" \/><\/a><\/p>\n<p>&nbsp;<\/p>\n<p>&nbsp;<\/p>\n<p><a href=\"https:\/\/blogs.diariosur.es\/tormentas-y-rayos\/2014\/08\/19\/prevision-del-tiempo-feria-de-malaga-el-terral-se-retrasa-y-entrara-por-tarde-noche-posibilidad-de-que-se-desactive-el-aviso-amarillo\/captura-396\/\" rel=\"attachment wp-att-9213\"><img loading=\"lazy\" class=\"aligncenter size-full wp-image-9213\" title=\"Captura\" src=\"\/tormentas-y-rayos\/wp-content\/uploads\/sites\/12\/2014\/08\/Captura15.jpg\" alt=\"\" width=\"591\" height=\"422\" srcset=\"https:\/\/static-blogs.diariosur.es\/wp-content\/uploads\/sites\/12\/2014\/08\/Captura15.jpg 591w, https:\/\/static-blogs.diariosur.es\/wp-content\/uploads\/sites\/12\/2014\/08\/Captura15-560x400.jpg 560w\" sizes=\"(max-width: 591px) 100vw, 591px\" \/><\/a><\/p>\n<p>&nbsp;<\/p>\n<p><strong>Me da la impresi\u00f3n de que el terral entrara mas tarde,\u00a0as\u00ed\u00a0que casi seguro se desactive el aviso amarillo por altas temperaturas. El viento predominara del suroeste y de poniente, durante el dia de\u00a0hoy si llegase a entrar alguna reboza de terral, seria por la zona de teatinos, Aeropuerto y Valle del Guadalhorce. \u00a0Lo mismo me equivoco y lo tenemos dentro de unas horas bailando por la feria del centro. Durante esta noche y\u00a0pr\u00f3xima\u00a0madrugada si lo tendremos, asi como tambi\u00e9n ma\u00f1ana dia 20 y primeras horas del 21.<\/strong><\/p>\n<p>&nbsp;<\/p>\n<p>&nbsp;<\/p>\n<p><strong>Viendo este mapa, parece que no estamos en verano, mas bien oto\u00f1o. El anticicl\u00f3n de las Azores de nuevo ha desaparecido. Y las vaguadas de nuevo afectaran a la\u00a0pen\u00ednsula, sobre todo en su tercio\u00a0occidental y norte.<\/strong><\/p>\n<p><a href=\"https:\/\/blogs.diariosur.es\/tormentas-y-rayos\/2014\/08\/19\/prevision-del-tiempo-feria-de-malaga-el-terral-se-retrasa-y-entrara-por-tarde-noche-posibilidad-de-que-se-desactive-el-aviso-amarillo\/1-66\/\" rel=\"attachment wp-att-9208\"><img loading=\"lazy\" class=\"aligncenter size-medium wp-image-9208\" title=\"1\" src=\"\/tormentas-y-rayos\/wp-content\/uploads\/sites\/12\/2014\/08\/14.jpg\" alt=\"\" width=\"600\" height=\"397\" srcset=\"https:\/\/static-blogs.diariosur.es\/wp-content\/uploads\/sites\/12\/2014\/08\/14.jpg 1017w, https:\/\/static-blogs.diariosur.es\/wp-content\/uploads\/sites\/12\/2014\/08\/14-604x400.jpg 604w, https:\/\/static-blogs.diariosur.es\/wp-content\/uploads\/sites\/12\/2014\/08\/14-768x508.jpg 768w\" sizes=\"(max-width: 600px) 100vw, 600px\" \/><\/a><\/p>\n<p>&nbsp;<\/p>\n<p><strong>El jueves se esperan unas\u00a0m\u00ednimas\u00a0t\u00edpicas\u00a0de oto\u00f1o por el centro peninsular y norte.\u00a0<\/strong><\/p>\n<p><a href=\"https:\/\/blogs.diariosur.es\/tormentas-y-rayos\/2014\/08\/19\/prevision-del-tiempo-feria-de-malaga-el-terral-se-retrasa-y-entrara-por-tarde-noche-posibilidad-de-que-se-desactive-el-aviso-amarillo\/captura-395\/\" rel=\"attachment wp-att-9209\"><img loading=\"lazy\" class=\"aligncenter size-large wp-image-9209\" title=\"Captura\" src=\"\/tormentas-y-rayos\/wp-content\/uploads\/sites\/12\/2014\/08\/Captura14.jpg\" alt=\"\" width=\"607\" height=\"600\" srcset=\"https:\/\/static-blogs.diariosur.es\/wp-content\/uploads\/sites\/12\/2014\/08\/Captura14.jpg 775w, https:\/\/static-blogs.diariosur.es\/wp-content\/uploads\/sites\/12\/2014\/08\/Captura14-405x400.jpg 405w, https:\/\/static-blogs.diariosur.es\/wp-content\/uploads\/sites\/12\/2014\/08\/Captura14-768x759.jpg 768w\" sizes=\"(max-width: 607px) 100vw, 607px\" \/><\/a><\/p>\n<p>&nbsp;<\/p>\n<p><strong>Poco mas que contar amigos de la meteo. Hoy es festivo en M\u00e1laga Capital, asi que en un rato tirare para Torre de Benagalb\u00f3n, desde alli os tendre imformados por si se adelanta el terral.<\/strong><\/p>\n<p><strong>Un abrazo a todos y os dejo con esta foto de mammatus que se dieron ayer sobre las ocho de la ma\u00f1ana. Est\u00e1n fotografiados desde el Corte Ingl\u00e9s Bah\u00eda M\u00e1laga.<\/strong><\/p>\n<p>&nbsp;<\/p>\n<p><a href=\"https:\/\/blogs.diariosur.es\/tormentas-y-rayos\/2014\/08\/19\/prevision-del-tiempo-feria-de-malaga-el-terral-se-retrasa-y-entrara-por-tarde-noche-posibilidad-de-que-se-desactive-el-aviso-amarillo\/10518618_10203355647470871_5438213669890291336_o\/\" rel=\"attachment wp-att-9210\"><img loading=\"lazy\" class=\"aligncenter size-full wp-image-9210\" title=\"10518618_10203355647470871_5438213669890291336_o\" src=\"\/tormentas-y-rayos\/wp-content\/uploads\/sites\/12\/2014\/08\/10518618_10203355647470871_5438213669890291336_o.jpg\" alt=\"\" width=\"640\" height=\"360\" \/><\/a><\/p>\n","protected":false},"excerpt":{"rendered":"<p>&nbsp; &nbsp; &nbsp; &nbsp; Buenos dias amigos de la meteo. Son las ocho de la ma\u00f1ana, registro 22 grados y los cielos est\u00e1n con brumas y nubes bajas, e incluso niebla. \u00a0La humedad de esta pasada madrugada ha sido bestial, este\u00a0gr\u00e1fico\u00a0lo dice todo. Aun tengo charcos en el suelo de mi habitaci\u00f3n jijijij. &nbsp; Acabo [&hellip;]<\/p>\n","protected":false},"author":16,"featured_media":9211,"comment_status":"open","ping_status":"open","sticky":false,"template":"","format":"standard","meta":[],"categories":[2],"tags":[408,587,809,975,980],"_links":{"self":[{"href":"https:\/\/blogs.diariosur.es\/tormentas-y-rayos\/wp-json\/wp\/v2\/posts\/9205"}],"collection":[{"href":"https:\/\/blogs.diariosur.es\/tormentas-y-rayos\/wp-json\/wp\/v2\/posts"}],"about":[{"href":"https:\/\/blogs.diariosur.es\/tormentas-y-rayos\/wp-json\/wp\/v2\/types\/post"}],"author":[{"embeddable":true,"href":"https:\/\/blogs.diariosur.es\/tormentas-y-rayos\/wp-json\/wp\/v2\/users\/16"}],"replies":[{"embeddable":true,"href":"https:\/\/blogs.diariosur.es\/tormentas-y-rayos\/wp-json\/wp\/v2\/comments?post=9205"}],"version-history":[{"count":0,"href":"https:\/\/blogs.diariosur.es\/tormentas-y-rayos\/wp-json\/wp\/v2\/posts\/9205\/revisions"}],"wp:featuredmedia":[{"embeddable":true,"href":"https:\/\/blogs.diariosur.es\/tormentas-y-rayos\/wp-json\/wp\/v2\/media\/9211"}],"wp:attachment":[{"href":"https:\/\/blogs.diariosur.es\/tormentas-y-rayos\/wp-json\/wp\/v2\/media?parent=9205"}],"wp:term":[{"taxonomy":"category","embeddable":true,"href":"https:\/\/blogs.diariosur.es\/tormentas-y-rayos\/wp-json\/wp\/v2\/categories?post=9205"},{"taxonomy":"post_tag","embeddable":true,"href":"https:\/\/blogs.diariosur.es\/tormentas-y-rayos\/wp-json\/wp\/v2\/tags?post=9205"}],"curies":[{"name":"wp","href":"https:\/\/api.w.org\/{rel}","templated":true}]}}