{"id":9215,"date":"2014-08-20T07:17:34","date_gmt":"2014-08-20T05:17:34","guid":{"rendered":"http:\/\/blogs.diariosur.es\/tormentas-y-rayos\/?p=9215"},"modified":"2014-08-20T07:17:34","modified_gmt":"2014-08-20T05:17:34","slug":"prevision-del-tiempo-contra-el-terral-una-sonrisa-el-viento-malagueno-sera-el-protagonista-tanto-en-el-centro-como-en-el-recinto-ferial","status":"publish","type":"post","link":"https:\/\/blogs.diariosur.es\/tormentas-y-rayos\/2014\/08\/20\/prevision-del-tiempo-contra-el-terral-una-sonrisa-el-viento-malagueno-sera-el-protagonista-tanto-en-el-centro-como-en-el-recinto-ferial\/","title":{"rendered":"Previsi\u00f3n del tiempo. Contra el terral una sonrisa. El viento malague\u00f1o sera el protagonista tanto en el Centro como en el Recinto Ferial."},"content":{"rendered":"<p>&nbsp;<\/p>\n<p><img loading=\"lazy\" class=\"aligncenter\" src=\"https:\/\/farm3.staticflickr.com\/2898\/14371881571_bbae3518b1_q.jpg\" alt=\"\" width=\"150\" height=\"150\" \/><\/p>\n<p>&nbsp;<\/p>\n<p>&nbsp;<\/p>\n<p>&nbsp;<\/p>\n<p style=\"text-align: left;\"><span style=\"color: #0000ff;\"><strong>Buenos d\u00edas amigos de la meteo.<\/strong><\/span><\/p>\n<p style=\"text-align: left;\"><span style=\"color: #0000ff;\"><strong> Son las seis de la ma\u00f1ana, registro 25 grados, y el terral es el protagonista en M\u00e1laga Capital,\u00a0as\u00ed\u00a0como en zonas de la provincia expuestas a este viento. Hoy si llegara a toda la capital, y tanto en \u00a0el\u00a0centro como en el recinto ferial se sobrepasaran los 35 grados, incluso en algunos puntos los 37. \u00a0Se puede dar el caso que en algunos momentos entren rebozas de suroeste en el Puerto y el Palo. La\u00a0t\u00edpica\u00a0lucha que todos\u00a0sab\u00e9is.<\/strong><\/span><\/p>\n<p><span style=\"color: #ff0000;\"><strong>El terral\u00a0seguir\u00e1\u00a0soplando durante la\u00a0pr\u00f3xima\u00a0madrugada y primeras horas del jueves. Nos\u00a0dar\u00e1\u00a0ma\u00f1ana una peque\u00f1a tregua por la tarde del jueves, pero todo hace indicar que el viernes\u00a0volver\u00eda\u00a0de nuevo. Pero esto lo iremos viendo poco a poco.<\/strong><\/span><\/p>\n<p><span style=\"color: #3366ff;\"><strong>Y lo mejor para combatir al terral una\u00a0guap\u00edsima\u00a0sonrisa malague\u00f1a. Foto hecha por Genoveva Lozano.\u00a0<\/strong><\/span><\/p>\n<p>&nbsp;<\/p>\n<p><a href=\"https:\/\/blogs.diariosur.es\/tormentas-y-rayos\/2014\/08\/20\/prevision-del-tiempo-contra-el-terral-una-sonrisa-el-viento-malagueno-sera-el-protagonista-tanto-en-el-centro-como-en-el-recinto-ferial\/olympus-digital-camera-1593\/\" rel=\"attachment wp-att-9216\"><img loading=\"lazy\" class=\"aligncenter size-full wp-image-9216\" title=\"OLYMPUS DIGITAL CAMERA\" src=\"\/tormentas-y-rayos\/wp-content\/uploads\/sites\/12\/2014\/08\/015.jpg\" alt=\"\" width=\"400\" height=\"443\" srcset=\"https:\/\/static-blogs.diariosur.es\/wp-content\/uploads\/sites\/12\/2014\/08\/015.jpg 400w, https:\/\/static-blogs.diariosur.es\/wp-content\/uploads\/sites\/12\/2014\/08\/015-361x400.jpg 361w\" sizes=\"(max-width: 400px) 100vw, 400px\" \/><\/a><\/p>\n<p>&nbsp;<\/p>\n<p>&nbsp;<\/p>\n<p><span style=\"color: #0000ff;\"><strong>\u00a0Mi sobrina Paula me comentaba que en la feria del centro se estaba muy bien ayer, y la temperatura era muy agradable. Muchos comentaban que donde estaba el terral, mi sobrina les dijo &#8230;.es que no le\u00e9is el blog de mi tito Jose.\u00a0<\/strong><\/span><\/p>\n<p><span style=\"color: #0000ff;\"><strong>Pues si amigos, se\u00a0cumpli\u00f3 lo que comentaba en el blog \u00a0y el viento predominante fue el suroeste, aunque por la tarde entro una reboza de terral en la\u00a0zona\u00a0de Teatinos \u00a0y Aeropuerto.\u00a0 Hubo un momento en que entre el Centro Meteorol\u00f3gico y la estaci\u00f3n del Puerto\u00a0hab\u00eda\u00a0casi diez grados de diferencia a la misma hora \u00a0( seis de la tarde). Otro dato curioso fue que la m\u00e1xima en el Puerto se dio a las once de la noche con casi 30 grados.<\/strong><\/span><\/p>\n<p><span style=\"color: #0000ff;\"><strong> Desde primeras horas de la ma\u00f1ana, el color del cielo no anunciaba terral amigos. Muchas veces mirar al cielo sirve para dar un pronostico.<\/strong><\/span><\/p>\n<p><span style=\"color: #0000ff;\"><strong>Os paso unos\u00a0gr\u00e1ficos. Fuente Aemet<\/strong><\/span><\/p>\n<p>&nbsp;<\/p>\n<p>&nbsp;<\/p>\n<p><a href=\"https:\/\/blogs.diariosur.es\/tormentas-y-rayos\/2014\/08\/20\/prevision-del-tiempo-contra-el-terral-una-sonrisa-el-viento-malagueno-sera-el-protagonista-tanto-en-el-centro-como-en-el-recinto-ferial\/once-de-la\/\" rel=\"attachment wp-att-9222\"><img loading=\"lazy\" class=\"aligncenter size-medium wp-image-9222\" title=\"once de la\" src=\"\/tormentas-y-rayos\/wp-content\/uploads\/sites\/12\/2014\/08\/once-de-la.jpg\" alt=\"\" width=\"600\" height=\"240\" srcset=\"https:\/\/static-blogs.diariosur.es\/wp-content\/uploads\/sites\/12\/2014\/08\/once-de-la.jpg 761w, https:\/\/static-blogs.diariosur.es\/wp-content\/uploads\/sites\/12\/2014\/08\/once-de-la-640x257.jpg 640w\" sizes=\"(max-width: 600px) 100vw, 600px\" \/><\/a><\/p>\n<p>&nbsp;<\/p>\n<p><a href=\"https:\/\/blogs.diariosur.es\/tormentas-y-rayos\/2014\/08\/20\/prevision-del-tiempo-contra-el-terral-una-sonrisa-el-viento-malagueno-sera-el-protagonista-tanto-en-el-centro-como-en-el-recinto-ferial\/teatinossssssssss\/\" rel=\"attachment wp-att-9223\"><img loading=\"lazy\" class=\"aligncenter size-medium wp-image-9223\" title=\"teatinossssssssss\" src=\"\/tormentas-y-rayos\/wp-content\/uploads\/sites\/12\/2014\/08\/teatinossssssssss.jpg\" alt=\"\" width=\"600\" height=\"249\" srcset=\"https:\/\/static-blogs.diariosur.es\/wp-content\/uploads\/sites\/12\/2014\/08\/teatinossssssssss.jpg 742w, https:\/\/static-blogs.diariosur.es\/wp-content\/uploads\/sites\/12\/2014\/08\/teatinossssssssss-640x267.jpg 640w\" sizes=\"(max-width: 600px) 100vw, 600px\" \/><\/a><\/p>\n<p>&nbsp;<\/p>\n<p><span style=\"color: #ff0000;\"><strong>Esta pasada madrugada se ha dormido mejor, no he sudado nada y la temperatura era la real. No como estos dias pasados que la sensaci\u00f3n\u00a0t\u00e9rmica\u00a0era de casi 7 grados mas. El\u00a0gr\u00e1fico\u00a0de humedad lo\u00a0dice todo. No hemos llegado al 25 %, los otros dias era del \u00a090 %. Fuente Aemet.<\/strong><\/span><\/p>\n<p><a href=\"https:\/\/blogs.diariosur.es\/tormentas-y-rayos\/2014\/08\/20\/prevision-del-tiempo-contra-el-terral-una-sonrisa-el-viento-malagueno-sera-el-protagonista-tanto-en-el-centro-como-en-el-recinto-ferial\/humedadddd\/\" rel=\"attachment wp-att-9224\"><img loading=\"lazy\" class=\"aligncenter size-medium wp-image-9224\" title=\"humedadddd\" src=\"\/tormentas-y-rayos\/wp-content\/uploads\/sites\/12\/2014\/08\/humedadddd.jpg\" alt=\"\" width=\"600\" height=\"266\" srcset=\"https:\/\/static-blogs.diariosur.es\/wp-content\/uploads\/sites\/12\/2014\/08\/humedadddd.jpg 725w, https:\/\/static-blogs.diariosur.es\/wp-content\/uploads\/sites\/12\/2014\/08\/humedadddd-640x284.jpg 640w\" sizes=\"(max-width: 600px) 100vw, 600px\" \/><\/a><\/p>\n<p>&nbsp;<\/p>\n<p>&nbsp;<\/p>\n<p><a href=\"https:\/\/blogs.diariosur.es\/tormentas-y-rayos\/2014\/08\/20\/prevision-del-tiempo-contra-el-terral-una-sonrisa-el-viento-malagueno-sera-el-protagonista-tanto-en-el-centro-como-en-el-recinto-ferial\/captura-397\/\" rel=\"attachment wp-att-9225\"><img loading=\"lazy\" class=\"aligncenter size-medium wp-image-9225\" title=\"Captura\" src=\"\/tormentas-y-rayos\/wp-content\/uploads\/sites\/12\/2014\/08\/Captura16.jpg\" alt=\"\" width=\"600\" height=\"274\" \/><\/a><\/p>\n<p>&nbsp;<\/p>\n<p>&nbsp;<\/p>\n<p>&nbsp;<\/p>\n<p><span style=\"color: #0000ff;\"><strong>Os dejo con estas dos fotos de mi amigo \u00a0Jose Torres Ruiz. Cuando llegaba al Palo por la ma\u00f1ana el mar\u00a0era\u00a0un plato, luego a partir de las tres el viento de suroeste trajo bastantes olas.<\/strong><\/span><\/p>\n<p>&nbsp;<\/p>\n<p><a href=\"https:\/\/blogs.diariosur.es\/tormentas-y-rayos\/2014\/08\/20\/prevision-del-tiempo-contra-el-terral-una-sonrisa-el-viento-malagueno-sera-el-protagonista-tanto-en-el-centro-como-en-el-recinto-ferial\/10628760_682194328536447_1796818345738266877_o\/\" rel=\"attachment wp-att-9219\"><img loading=\"lazy\" class=\"aligncenter size-full wp-image-9219\" title=\"10628760_682194328536447_1796818345738266877_o\" src=\"\/tormentas-y-rayos\/wp-content\/uploads\/sites\/12\/2014\/08\/10628760_682194328536447_1796818345738266877_o.jpg\" alt=\"\" width=\"640\" height=\"360\" \/><\/a><\/p>\n<p>&nbsp;<\/p>\n<p><a href=\"https:\/\/blogs.diariosur.es\/tormentas-y-rayos\/2014\/08\/20\/prevision-del-tiempo-contra-el-terral-una-sonrisa-el-viento-malagueno-sera-el-protagonista-tanto-en-el-centro-como-en-el-recinto-ferial\/jose-torres-ruiz-2\/\" rel=\"attachment wp-att-9220\"><img loading=\"lazy\" class=\"aligncenter size-full wp-image-9220\" title=\"jose torres ruiz\" src=\"\/tormentas-y-rayos\/wp-content\/uploads\/sites\/12\/2014\/08\/jose-torres-ruiz.jpg\" alt=\"\" width=\"640\" height=\"360\" \/><\/a><\/p>\n<p>&nbsp;<\/p>\n<p>&nbsp;<\/p>\n<p><span><strong><span style=\"color: #ff0000;\">Una cosilla mas amigos de la meteo, parece que el\u00a0pr\u00f3ximo\u00a0fin de semana, de nuevo el levante sera el protagonista.\u00a0<\/span><\/strong><\/span><\/p>\n<p>&nbsp;<\/p>\n<p><img loading=\"lazy\" class=\"aligncenter\" src=\"https:\/\/farm3.staticflickr.com\/2938\/14216709420_e901192f2d_o.jpg\" alt=\"\" width=\"430\" height=\"526\" \/><\/p>\n","protected":false},"excerpt":{"rendered":"<p>&nbsp; &nbsp; &nbsp; &nbsp; Buenos d\u00edas amigos de la meteo. Son las seis de la ma\u00f1ana, registro 25 grados, y el terral es el protagonista en M\u00e1laga Capital,\u00a0as\u00ed\u00a0como en zonas de la provincia expuestas a este viento. Hoy si llegara a toda la capital, y tanto en \u00a0el\u00a0centro como en el recinto ferial se sobrepasaran [&hellip;]<\/p>\n","protected":false},"author":16,"featured_media":9216,"comment_status":"open","ping_status":"open","sticky":false,"template":"","format":"standard","meta":[],"categories":[2],"tags":[408,587,809,975,980],"_links":{"self":[{"href":"https:\/\/blogs.diariosur.es\/tormentas-y-rayos\/wp-json\/wp\/v2\/posts\/9215"}],"collection":[{"href":"https:\/\/blogs.diariosur.es\/tormentas-y-rayos\/wp-json\/wp\/v2\/posts"}],"about":[{"href":"https:\/\/blogs.diariosur.es\/tormentas-y-rayos\/wp-json\/wp\/v2\/types\/post"}],"author":[{"embeddable":true,"href":"https:\/\/blogs.diariosur.es\/tormentas-y-rayos\/wp-json\/wp\/v2\/users\/16"}],"replies":[{"embeddable":true,"href":"https:\/\/blogs.diariosur.es\/tormentas-y-rayos\/wp-json\/wp\/v2\/comments?post=9215"}],"version-history":[{"count":0,"href":"https:\/\/blogs.diariosur.es\/tormentas-y-rayos\/wp-json\/wp\/v2\/posts\/9215\/revisions"}],"wp:featuredmedia":[{"embeddable":true,"href":"https:\/\/blogs.diariosur.es\/tormentas-y-rayos\/wp-json\/wp\/v2\/media\/9216"}],"wp:attachment":[{"href":"https:\/\/blogs.diariosur.es\/tormentas-y-rayos\/wp-json\/wp\/v2\/media?parent=9215"}],"wp:term":[{"taxonomy":"category","embeddable":true,"href":"https:\/\/blogs.diariosur.es\/tormentas-y-rayos\/wp-json\/wp\/v2\/categories?post=9215"},{"taxonomy":"post_tag","embeddable":true,"href":"https:\/\/blogs.diariosur.es\/tormentas-y-rayos\/wp-json\/wp\/v2\/tags?post=9215"}],"curies":[{"name":"wp","href":"https:\/\/api.w.org\/{rel}","templated":true}]}}