{"id":9227,"date":"2014-08-21T07:20:39","date_gmt":"2014-08-21T05:20:39","guid":{"rendered":"http:\/\/blogs.diariosur.es\/tormentas-y-rayos\/?p=9227"},"modified":"2014-08-21T07:20:39","modified_gmt":"2014-08-21T05:20:39","slug":"prevision-del-tiempo-feria-de-malaga-el-terral-nos-dara-un-respiro-a-partir-del-mediodia-pero-promete-volver-el-viernes-estepona-da-la-maxima-de-espana","status":"publish","type":"post","link":"https:\/\/blogs.diariosur.es\/tormentas-y-rayos\/2014\/08\/21\/prevision-del-tiempo-feria-de-malaga-el-terral-nos-dara-un-respiro-a-partir-del-mediodia-pero-promete-volver-el-viernes-estepona-da-la-maxima-de-espana\/","title":{"rendered":"Previsi\u00f3n del tiempo Feria de M\u00e1laga. El terral nos dar\u00e1 un respiro a partir del mediod\u00eda, pero promete volver el viernes. Estepona da la maxima de Espa\u00f1a."},"content":{"rendered":"<p>&nbsp;<\/p>\n<p><img loading=\"lazy\" class=\"aligncenter\" src=\"https:\/\/farm3.staticflickr.com\/2898\/14371881571_bbae3518b1_q.jpg\" alt=\"\" width=\"150\" height=\"150\" \/><\/p>\n<p>&nbsp;<\/p>\n<p>&nbsp;<\/p>\n<p><span style=\"color: #0000ff;\"><strong>Buenos dias amigos de la meteo.<\/strong><\/span><\/p>\n<p><span style=\"color: #0000ff;\"><strong>Son las seis de la ma\u00f1ana, registro 27, 7 grados y los cielos est\u00e1n despejados. Me vais a decir que estoy loco jijiji, pero he dormido perfectamente, ni una gota de sudor. Y es que la humedad ha bajado un mont\u00f3n, esto hace que la temperatura que se registre sea la real. Fuente Aemet.<\/strong><\/span><\/p>\n<p>&nbsp;<\/p>\n<p><a href=\"https:\/\/blogs.diariosur.es\/tormentas-y-rayos\/2014\/08\/21\/prevision-del-tiempo-feria-de-malaga-el-terral-nos-dara-un-respiro-a-partir-del-mediodia-pero-promete-volver-el-viernes-estepona-da-la-maxima-de-espana\/humadad\/\" rel=\"attachment wp-att-9232\"><img loading=\"lazy\" class=\"aligncenter size-medium wp-image-9232\" title=\"humadad\" src=\"\/tormentas-y-rayos\/wp-content\/uploads\/sites\/12\/2014\/08\/humadad.jpg\" alt=\"\" width=\"600\" height=\"262\" srcset=\"https:\/\/static-blogs.diariosur.es\/wp-content\/uploads\/sites\/12\/2014\/08\/humadad.jpg 726w, https:\/\/static-blogs.diariosur.es\/wp-content\/uploads\/sites\/12\/2014\/08\/humadad-640x280.jpg 640w\" sizes=\"(max-width: 600px) 100vw, 600px\" \/><\/a><\/p>\n<p>&nbsp;<\/p>\n<p><span style=\"color: #0000ff;\"><strong>Por el interior de Andaluc\u00eda, las temperaturas que se han dado esta pasada madrugada han sido fresquitas, destaca Granada y Baza con 13,3 grados.<\/strong><\/span><\/p>\n<p><a href=\"https:\/\/blogs.diariosur.es\/tormentas-y-rayos\/2014\/08\/21\/prevision-del-tiempo-feria-de-malaga-el-terral-nos-dara-un-respiro-a-partir-del-mediodia-pero-promete-volver-el-viernes-estepona-da-la-maxima-de-espana\/minimas-10\/\" rel=\"attachment wp-att-9234\"><img loading=\"lazy\" class=\"aligncenter size-medium wp-image-9234\" title=\"minimas\" src=\"\/tormentas-y-rayos\/wp-content\/uploads\/sites\/12\/2014\/08\/minimas.jpg\" alt=\"\" width=\"600\" height=\"370\" srcset=\"https:\/\/static-blogs.diariosur.es\/wp-content\/uploads\/sites\/12\/2014\/08\/minimas.jpg 768w, https:\/\/static-blogs.diariosur.es\/wp-content\/uploads\/sites\/12\/2014\/08\/minimas-640x395.jpg 640w\" sizes=\"(max-width: 600px) 100vw, 600px\" \/><\/a><\/p>\n<p>&nbsp;<\/p>\n<p>&nbsp;<\/p>\n<p><span style=\"color: #0000ff;\"><strong>Hoy\u00a0seguir\u00e1\u00a0soplando nuestro amigo, \u00a0pero<span style=\"color: #ff0000;\"> espero que a partir del mediod\u00eda nos de una peque\u00f1a tregua cuando entre sur sureste con nubes bajas. Si\u00a0<\/span>nada cambia, <span style=\"color: #ff00ff;\">el terral de nuevo seria el protagonista ma\u00f1ana viernes<\/span>. Sobre el viernes hablaremos ma\u00f1ana, lo\u00a0mismo el terral no es muy fuerte y las\u00a0m\u00e1ximas\u00a0no pasaran de los 33 o 35 grados.\u00a0<\/strong><\/span><\/p>\n<p>&nbsp;<\/p>\n<p><strong><a href=\"https:\/\/blogs.diariosur.es\/tormentas-y-rayos\/2014\/08\/20\/prevision-del-tiempo-contra-el-terral-una-sonrisa-el-viento-malagueno-sera-el-protagonista-tanto-en-el-centro-como-en-el-recinto-ferial\/\">La mejor forma de combatirlo con una\u00a0guap\u00edsima\u00a0sonrisa\u00a0malague\u00f1a.<\/a><\/strong><\/p>\n<p>&nbsp;<\/p>\n<p>&nbsp;<\/p>\n<p>&nbsp;<\/p>\n<p><img loading=\"lazy\" class=\"aligncenter\" src=\"https:\/\/farm4.staticflickr.com\/3837\/14396804033_86a3d305c4.jpg\" alt=\"\" width=\"371\" height=\"500\" \/><\/p>\n<p>&nbsp;<\/p>\n<p>&nbsp;<\/p>\n<p><span style=\"color: #ff0000;\"><strong>Ayer se\u00a0cumplieron \u00a0todos mis\u00a0pron\u00f3sticos\u00a0y las\u00a0m\u00e1ximas\u00a0rondaron entre los 35 y 37 grados en la capital. Tambi\u00e9n se\u00a0cumpli\u00f3 las rebozas de sur, sureste que entraron en el Puerto,\u00a0d\u00e1ndose\u00a0bajadas de\u00a0temperaturas. \u00a0Pero enseguida el terral ganaba la lucha.<\/strong><\/span><\/p>\n<p><span style=\"color: #ff0000;\"><strong> Un amigo que estaba en Calle Larios me mando un mensaje\u00a0coment\u00e1ndome que entraba aire fresquito sobre las dos y media de la tarde. Enseguida le conteste que no se hiciera ilusiones, que\u00a0volver\u00eda\u00a0el terral, y\u00a0as\u00ed\u00a0ocurri\u00f3.\u00a0\u00a0Os paso el\u00a0gr\u00e1fico\u00a0de temperatura del Puerto, se ve claramente las rebozas de sur suroeste.\u00a0Buena\u00a0lucha se dio ayer. Fuente Aemet.<\/strong><\/span><\/p>\n<p>&nbsp;<\/p>\n<p><a href=\"https:\/\/blogs.diariosur.es\/tormentas-y-rayos\/2014\/08\/21\/prevision-del-tiempo-feria-de-malaga-el-terral-nos-dara-un-respiro-a-partir-del-mediodia-pero-promete-volver-el-viernes-estepona-da-la-maxima-de-espana\/rebozas\/\" rel=\"attachment wp-att-9233\"><img loading=\"lazy\" class=\"aligncenter size-medium wp-image-9233\" title=\"rebozas\" src=\"\/tormentas-y-rayos\/wp-content\/uploads\/sites\/12\/2014\/08\/rebozas.jpg\" alt=\"\" width=\"600\" height=\"253\" srcset=\"https:\/\/static-blogs.diariosur.es\/wp-content\/uploads\/sites\/12\/2014\/08\/rebozas.jpg 743w, https:\/\/static-blogs.diariosur.es\/wp-content\/uploads\/sites\/12\/2014\/08\/rebozas-640x270.jpg 640w\" sizes=\"(max-width: 600px) 100vw, 600px\" \/><\/a><\/p>\n<p>&nbsp;<\/p>\n<p><a href=\"https:\/\/blogs.diariosur.es\/tormentas-y-rayos\/2014\/08\/21\/prevision-del-tiempo-feria-de-malaga-el-terral-nos-dara-un-respiro-a-partir-del-mediodia-pero-promete-volver-el-viernes-estepona-da-la-maxima-de-espana\/viiiii\/\" rel=\"attachment wp-att-9235\"><img loading=\"lazy\" class=\"aligncenter size-medium wp-image-9235\" title=\"viiiii\" src=\"\/tormentas-y-rayos\/wp-content\/uploads\/sites\/12\/2014\/08\/viiiii.jpg\" alt=\"\" width=\"600\" height=\"265\" srcset=\"https:\/\/static-blogs.diariosur.es\/wp-content\/uploads\/sites\/12\/2014\/08\/viiiii.jpg 726w, https:\/\/static-blogs.diariosur.es\/wp-content\/uploads\/sites\/12\/2014\/08\/viiiii-640x283.jpg 640w\" sizes=\"(max-width: 600px) 100vw, 600px\" \/><\/a><\/p>\n<p><span style=\"color: #ff0000;\"><strong>La m\u00e1xima de la capital la dio el Aeropuerto con 37.5 grados, seguido del Centro\u00a0meteorol\u00f3gico con 36.5, y los \u00a035 del Puerto\u00a0.<\/strong><\/span><\/p>\n<p><a href=\"https:\/\/blogs.diariosur.es\/tormentas-y-rayos\/2014\/08\/21\/prevision-del-tiempo-feria-de-malaga-el-terral-nos-dara-un-respiro-a-partir-del-mediodia-pero-promete-volver-el-viernes-estepona-da-la-maxima-de-espana\/aeropuerto-miercoles\/\" rel=\"attachment wp-att-9228\"><img loading=\"lazy\" class=\"aligncenter size-full wp-image-9228\" title=\"AEROPUERTO MIERCOLES\" src=\"\/tormentas-y-rayos\/wp-content\/uploads\/sites\/12\/2014\/08\/AEROPUERTO-MIERCOLES.jpg\" alt=\"\" width=\"451\" height=\"175\" \/><\/a><\/p>\n<p><span style=\"color: #ff0000;\"><strong>Pero la maxima de Andaluc\u00eda y de Espa\u00f1a se registro en Estepona con 37,7 grados.<\/strong><\/span><\/p>\n<p><a href=\"https:\/\/blogs.diariosur.es\/tormentas-y-rayos\/2014\/08\/21\/prevision-del-tiempo-feria-de-malaga-el-terral-nos-dara-un-respiro-a-partir-del-mediodia-pero-promete-volver-el-viernes-estepona-da-la-maxima-de-espana\/estepona\/\" rel=\"attachment wp-att-9229\"><img loading=\"lazy\" class=\"aligncenter size-full wp-image-9229\" title=\"estepona\" src=\"\/tormentas-y-rayos\/wp-content\/uploads\/sites\/12\/2014\/08\/estepona.jpg\" alt=\"\" width=\"435\" height=\"178\" \/><\/a><\/p>\n<p><a href=\"https:\/\/blogs.diariosur.es\/tormentas-y-rayos\/2014\/08\/21\/prevision-del-tiempo-feria-de-malaga-el-terral-nos-dara-un-respiro-a-partir-del-mediodia-pero-promete-volver-el-viernes-estepona-da-la-maxima-de-espana\/espana\/\" rel=\"attachment wp-att-9230\"><img loading=\"lazy\" class=\"aligncenter size-medium wp-image-9230\" title=\"espa\u00f1a\" src=\"\/tormentas-y-rayos\/wp-content\/uploads\/sites\/12\/2014\/08\/espa\u00f1a.jpg\" alt=\"\" width=\"600\" height=\"300\" srcset=\"https:\/\/static-blogs.diariosur.es\/wp-content\/uploads\/sites\/12\/2014\/08\/espa\u00f1a.jpg 778w, https:\/\/static-blogs.diariosur.es\/wp-content\/uploads\/sites\/12\/2014\/08\/espa\u00f1a-640x321.jpg 640w, https:\/\/static-blogs.diariosur.es\/wp-content\/uploads\/sites\/12\/2014\/08\/espa\u00f1a-768x385.jpg 768w\" sizes=\"(max-width: 600px) 100vw, 600px\" \/><\/a><\/p>\n<p><strong>Poco mas que contar amigos de la meteo. Las\u00a0m\u00ednimas\u00a0ahora mismo en el norte peninsular y sobre todo en Galicia \u00a0son bajas, rondan los 6 y 12 grados, parecen temperaturas oto\u00f1ales.<\/strong><\/p>\n<p><strong>Os dejo con este fot\u00f3n de mi amigo Carlos Castro. <a href=\"https:\/\/www.flickr.com\/photos\/jose_luis_escudero\/\" rel=\"external nofollow\">Y con el enlace a mi galeria de fotos que tengo en flick<\/a><\/strong><\/p>\n<p>&nbsp;<\/p>\n<p>&nbsp;<\/p>\n<p><a href=\"https:\/\/blogs.diariosur.es\/tormentas-y-rayos\/2014\/08\/21\/prevision-del-tiempo-feria-de-malaga-el-terral-nos-dara-un-respiro-a-partir-del-mediodia-pero-promete-volver-el-viernes-estepona-da-la-maxima-de-espana\/10482319_634041036694774_4664339128108070491_o\/\" rel=\"attachment wp-att-9236\"><img loading=\"lazy\" class=\"aligncenter size-full wp-image-9236\" title=\"10482319_634041036694774_4664339128108070491_o\" src=\"\/tormentas-y-rayos\/wp-content\/uploads\/sites\/12\/2014\/08\/10482319_634041036694774_4664339128108070491_o.jpg\" alt=\"\" width=\"640\" height=\"427\" srcset=\"https:\/\/static-blogs.diariosur.es\/wp-content\/uploads\/sites\/12\/2014\/08\/10482319_634041036694774_4664339128108070491_o.jpg 640w, https:\/\/static-blogs.diariosur.es\/wp-content\/uploads\/sites\/12\/2014\/08\/10482319_634041036694774_4664339128108070491_o-600x400.jpg 600w\" sizes=\"(max-width: 640px) 100vw, 640px\" \/><\/a><\/p>\n<p>&nbsp;<\/p>\n<p>&nbsp;<\/p>\n","protected":false},"excerpt":{"rendered":"<p>&nbsp; &nbsp; &nbsp; Buenos dias amigos de la meteo. Son las seis de la ma\u00f1ana, registro 27, 7 grados y los cielos est\u00e1n despejados. Me vais a decir que estoy loco jijiji, pero he dormido perfectamente, ni una gota de sudor. Y es que la humedad ha bajado un mont\u00f3n, esto hace que la temperatura [&hellip;]<\/p>\n","protected":false},"author":16,"featured_media":9231,"comment_status":"open","ping_status":"open","sticky":false,"template":"","format":"standard","meta":[],"categories":[2],"tags":[375,387,408,587,624,809,975,980],"_links":{"self":[{"href":"https:\/\/blogs.diariosur.es\/tormentas-y-rayos\/wp-json\/wp\/v2\/posts\/9227"}],"collection":[{"href":"https:\/\/blogs.diariosur.es\/tormentas-y-rayos\/wp-json\/wp\/v2\/posts"}],"about":[{"href":"https:\/\/blogs.diariosur.es\/tormentas-y-rayos\/wp-json\/wp\/v2\/types\/post"}],"author":[{"embeddable":true,"href":"https:\/\/blogs.diariosur.es\/tormentas-y-rayos\/wp-json\/wp\/v2\/users\/16"}],"replies":[{"embeddable":true,"href":"https:\/\/blogs.diariosur.es\/tormentas-y-rayos\/wp-json\/wp\/v2\/comments?post=9227"}],"version-history":[{"count":0,"href":"https:\/\/blogs.diariosur.es\/tormentas-y-rayos\/wp-json\/wp\/v2\/posts\/9227\/revisions"}],"wp:featuredmedia":[{"embeddable":true,"href":"https:\/\/blogs.diariosur.es\/tormentas-y-rayos\/wp-json\/wp\/v2\/media\/9231"}],"wp:attachment":[{"href":"https:\/\/blogs.diariosur.es\/tormentas-y-rayos\/wp-json\/wp\/v2\/media?parent=9227"}],"wp:term":[{"taxonomy":"category","embeddable":true,"href":"https:\/\/blogs.diariosur.es\/tormentas-y-rayos\/wp-json\/wp\/v2\/categories?post=9227"},{"taxonomy":"post_tag","embeddable":true,"href":"https:\/\/blogs.diariosur.es\/tormentas-y-rayos\/wp-json\/wp\/v2\/tags?post=9227"}],"curies":[{"name":"wp","href":"https:\/\/api.w.org\/{rel}","templated":true}]}}