{"id":9245,"date":"2014-08-23T08:09:22","date_gmt":"2014-08-23T06:09:22","guid":{"rendered":"http:\/\/blogs.diariosur.es\/tormentas-y-rayos\/?p=9245"},"modified":"2014-08-23T08:09:22","modified_gmt":"2014-08-23T06:09:22","slug":"prevision-del-tiempo-feria-de-malaga-hoy-entrara-el-levante-posibilidad-de-nieblas-en-el-litoral-mediterraneo-andaluz-coin-da-la-maxima-de-espana","status":"publish","type":"post","link":"https:\/\/blogs.diariosur.es\/tormentas-y-rayos\/2014\/08\/23\/prevision-del-tiempo-feria-de-malaga-hoy-entrara-el-levante-posibilidad-de-nieblas-en-el-litoral-mediterraneo-andaluz-coin-da-la-maxima-de-espana\/","title":{"rendered":"Previsi\u00f3n del tiempo Feria de M\u00e1laga. Hoy entrara el levante, posibilidad de nieblas en el Litoral Mediterr\u00e1neo Andaluz. Co\u00edn da la maxima de Espa\u00f1a."},"content":{"rendered":"<p><strong>Buenos dias amigos de la meteo, son las siete de la ma\u00f1ana, registro 26,1 grados y el terral es el protagonista en estos momentos.<\/strong><\/p>\n<p><strong> Si nada cambia de ultima hora, espero que el levante entre en la Capital Malague\u00f1a sobre el\u00a0mediod\u00eda, en el momento que entre, \u00a0traer\u00e1\u00a0nubes bajas \u00a0e incluso brumas. Ma\u00f1ana domingo de nuevo las nieblas pueden ser protagonistas en el Litoral Mediterr\u00e1neo Andaluz. Aunque ayer me comentaban que el agua estaba muy caliente, seguro que esta noche al estar soplando terral se ha enfriado de nuevo. Esto\u00a0har\u00e1\u00a0que si sopla sur sureste flojo, traiga\u00a0algunos\u00a0bancos\u00a0de niebla. La humedad\u00a0subir\u00e1,\u00a0<\/strong><strong>y de nuevo por las noches la sensaci\u00f3n\u00a0t\u00e9rmica\u00a0sera de mas calor.<\/strong><\/p>\n<p>&nbsp;<\/p>\n<p><a href=\"https:\/\/blogs.diariosur.es\/tormentas-y-rayos\/2014\/08\/23\/prevision-del-tiempo-feria-de-malaga-hoy-entrara-el-levante-posibilidad-de-nieblas-en-el-litoral-mediterraneo-andaluz-coin-da-la-maxima-de-espana\/terralita-19\/\" rel=\"attachment wp-att-9250\"><img loading=\"lazy\" class=\"aligncenter size-full wp-image-9250\" title=\"terralita\" src=\"\/tormentas-y-rayos\/wp-content\/uploads\/sites\/12\/2014\/08\/terralita2.jpg\" alt=\"\" width=\"470\" height=\"570\" srcset=\"https:\/\/static-blogs.diariosur.es\/wp-content\/uploads\/sites\/12\/2014\/08\/terralita2.jpg 470w, https:\/\/static-blogs.diariosur.es\/wp-content\/uploads\/sites\/12\/2014\/08\/terralita2-330x400.jpg 330w\" sizes=\"(max-width: 470px) 100vw, 470px\" \/><\/a><\/p>\n<p>&nbsp;<\/p>\n<p>&nbsp;<\/p>\n<p><strong>Al final ayer el terral entro mas tarde de lo que yo esperaba, mucho mejor, \u00a0ya que\u00a0as\u00ed\u00a0no\u00a0subi\u00f3\u00a0mucho la temperatura en las horas centrales del dia. <\/strong><\/p>\n<p><strong>En la zona del Puerto y donde la aemet tiene una estaci\u00f3n, la maxima de ayer se dio a las once de la noche con 30.4 grados. Es curioso ver los tres\u00a0gr\u00e1ficos, temperatura, humedad, y viento.<\/strong><\/p>\n<p><strong>Fuente aemet.<\/strong><\/p>\n<p><strong><a href=\"https:\/\/blogs.diariosur.es\/tormentas-y-rayos\/2014\/08\/23\/prevision-del-tiempo-feria-de-malaga-hoy-entrara-el-levante-posibilidad-de-nieblas-en-el-litoral-mediterraneo-andaluz-coin-da-la-maxima-de-espana\/1-68\/\" rel=\"attachment wp-att-9246\"><img loading=\"lazy\" class=\"aligncenter size-medium wp-image-9246\" title=\"1\" src=\"\/tormentas-y-rayos\/wp-content\/uploads\/sites\/12\/2014\/08\/16.jpg\" alt=\"\" width=\"600\" height=\"251\" srcset=\"https:\/\/static-blogs.diariosur.es\/wp-content\/uploads\/sites\/12\/2014\/08\/16.jpg 729w, https:\/\/static-blogs.diariosur.es\/wp-content\/uploads\/sites\/12\/2014\/08\/16-640x269.jpg 640w\" sizes=\"(max-width: 600px) 100vw, 600px\" \/><\/a><\/strong><\/p>\n<p>&nbsp;<\/p>\n<p><strong><a href=\"https:\/\/blogs.diariosur.es\/tormentas-y-rayos\/2014\/08\/23\/prevision-del-tiempo-feria-de-malaga-hoy-entrara-el-levante-posibilidad-de-nieblas-en-el-litoral-mediterraneo-andaluz-coin-da-la-maxima-de-espana\/2-56\/\" rel=\"attachment wp-att-9247\"><img loading=\"lazy\" class=\"aligncenter size-medium wp-image-9247\" title=\"2\" src=\"\/tormentas-y-rayos\/wp-content\/uploads\/sites\/12\/2014\/08\/22.jpg\" alt=\"\" width=\"600\" height=\"258\" srcset=\"https:\/\/static-blogs.diariosur.es\/wp-content\/uploads\/sites\/12\/2014\/08\/22.jpg 718w, https:\/\/static-blogs.diariosur.es\/wp-content\/uploads\/sites\/12\/2014\/08\/22-640x275.jpg 640w\" sizes=\"(max-width: 600px) 100vw, 600px\" \/><\/a><\/strong><\/p>\n<p>&nbsp;<\/p>\n<p><strong><a href=\"https:\/\/blogs.diariosur.es\/tormentas-y-rayos\/2014\/08\/23\/prevision-del-tiempo-feria-de-malaga-hoy-entrara-el-levante-posibilidad-de-nieblas-en-el-litoral-mediterraneo-andaluz-coin-da-la-maxima-de-espana\/3-38\/\" rel=\"attachment wp-att-9248\"><img loading=\"lazy\" class=\"aligncenter size-medium wp-image-9248\" title=\"3\" src=\"\/tormentas-y-rayos\/wp-content\/uploads\/sites\/12\/2014\/08\/3.jpg\" alt=\"\" width=\"600\" height=\"248\" srcset=\"https:\/\/static-blogs.diariosur.es\/wp-content\/uploads\/sites\/12\/2014\/08\/3.jpg 750w, https:\/\/static-blogs.diariosur.es\/wp-content\/uploads\/sites\/12\/2014\/08\/3-640x265.jpg 640w\" sizes=\"(max-width: 600px) 100vw, 600px\" \/><\/a><\/strong><\/p>\n<p>&nbsp;<\/p>\n<p>&nbsp;<\/p>\n<p>&nbsp;<\/p>\n<p><strong>Sin embargo en otros puntos de la provincia el terral si entro antes, como es el caso del Valle del Guadalhorce, Co\u00edn dio la maxima de Espa\u00f1a con 36.1 grados. Seguida de Estepona con 35.5.<\/strong><\/p>\n<p><strong>Mi amigo Paco Alba me comentaba que por Benalmadena tambi\u00e9n entro por la tarde, gracias Paco. Os paso el grafico de lo mas destacado que se dio ayer en la\u00a0pen\u00ednsula. Fuente aemet<\/strong><\/p>\n<p><strong>Fijaros en los litros que cayeron en el noreste y en la minima que se dio en la Gomera jijijij.<\/strong><\/p>\n<p><a href=\"https:\/\/blogs.diariosur.es\/tormentas-y-rayos\/2014\/08\/23\/prevision-del-tiempo-feria-de-malaga-hoy-entrara-el-levante-posibilidad-de-nieblas-en-el-litoral-mediterraneo-andaluz-coin-da-la-maxima-de-espana\/z-30\/\" rel=\"attachment wp-att-9251\"><img loading=\"lazy\" class=\"aligncenter size-medium wp-image-9251\" title=\"z\" src=\"\/tormentas-y-rayos\/wp-content\/uploads\/sites\/12\/2014\/08\/z3.jpg\" alt=\"\" width=\"600\" height=\"293\" srcset=\"https:\/\/static-blogs.diariosur.es\/wp-content\/uploads\/sites\/12\/2014\/08\/z3.jpg 779w, https:\/\/static-blogs.diariosur.es\/wp-content\/uploads\/sites\/12\/2014\/08\/z3-640x313.jpg 640w, https:\/\/static-blogs.diariosur.es\/wp-content\/uploads\/sites\/12\/2014\/08\/z3-768x376.jpg 768w\" sizes=\"(max-width: 600px) 100vw, 600px\" \/><\/a><a href=\"https:\/\/blogs.diariosur.es\/tormentas-y-rayos\/2014\/08\/23\/prevision-del-tiempo-feria-de-malaga-hoy-entrara-el-levante-posibilidad-de-nieblas-en-el-litoral-mediterraneo-andaluz-coin-da-la-maxima-de-espana\/zz-5\/\" rel=\"attachment wp-att-9252\"><img loading=\"lazy\" class=\"aligncenter size-full wp-image-9252\" title=\"zz\" src=\"\/tormentas-y-rayos\/wp-content\/uploads\/sites\/12\/2014\/08\/zz1.jpg\" alt=\"\" width=\"378\" height=\"357\" \/><\/a><\/p>\n<p><strong>Lo de la lluvia esta claro por lo que fue amigos, impresionantes tormentas tuvieron en esas zonas.<\/strong><\/p>\n<p><a href=\"https:\/\/blogs.diariosur.es\/tormentas-y-rayos\/2014\/08\/23\/prevision-del-tiempo-feria-de-malaga-hoy-entrara-el-levante-posibilidad-de-nieblas-en-el-litoral-mediterraneo-andaluz-coin-da-la-maxima-de-espana\/10506939_10203384240945690_533734060725984083_o\/\" rel=\"attachment wp-att-9253\"><img loading=\"lazy\" class=\"aligncenter size-medium wp-image-9253\" title=\"10506939_10203384240945690_533734060725984083_o\" src=\"\/tormentas-y-rayos\/wp-content\/uploads\/sites\/12\/2014\/08\/10506939_10203384240945690_533734060725984083_o.jpg\" alt=\"\" width=\"533\" height=\"400\" srcset=\"https:\/\/static-blogs.diariosur.es\/wp-content\/uploads\/sites\/12\/2014\/08\/10506939_10203384240945690_533734060725984083_o.jpg 2048w, https:\/\/static-blogs.diariosur.es\/wp-content\/uploads\/sites\/12\/2014\/08\/10506939_10203384240945690_533734060725984083_o-533x400.jpg 533w, https:\/\/static-blogs.diariosur.es\/wp-content\/uploads\/sites\/12\/2014\/08\/10506939_10203384240945690_533734060725984083_o-768x576.jpg 768w\" sizes=\"(max-width: 533px) 100vw, 533px\" \/><\/a><\/p>\n<p>&nbsp;<\/p>\n<p><strong>Tambi\u00e9n hubo una sorpresa esta pasada madrugada, y es que en la zona del Mar de Albor\u00e1n se formo una tormentilla. Un amigo que tengo pasando las vacaciones en Motril me ha mandado un mensaje hace unos minutos,\u00a0coment\u00e1ndome\u00a0que\u00a0ve\u00eda\u00a0rel\u00e1mpagos\u00a0sobre las cuatro y media de la madrugada. Y asi ha sido amigos, mirar el radar de rayos y lluvias.<\/strong><\/p>\n<p><a href=\"https:\/\/blogs.diariosur.es\/tormentas-y-rayos\/2014\/08\/23\/prevision-del-tiempo-feria-de-malaga-hoy-entrara-el-levante-posibilidad-de-nieblas-en-el-litoral-mediterraneo-andaluz-coin-da-la-maxima-de-espana\/a-29\/\" rel=\"attachment wp-att-9254\"><img loading=\"lazy\" class=\"aligncenter size-full wp-image-9254\" title=\"a\" src=\"\/tormentas-y-rayos\/wp-content\/uploads\/sites\/12\/2014\/08\/a1.jpg\" alt=\"\" width=\"547\" height=\"583\" srcset=\"https:\/\/static-blogs.diariosur.es\/wp-content\/uploads\/sites\/12\/2014\/08\/a1.jpg 547w, https:\/\/static-blogs.diariosur.es\/wp-content\/uploads\/sites\/12\/2014\/08\/a1-375x400.jpg 375w\" sizes=\"(max-width: 547px) 100vw, 547px\" \/><\/a><\/p>\n<p><a href=\"https:\/\/blogs.diariosur.es\/tormentas-y-rayos\/2014\/08\/23\/prevision-del-tiempo-feria-de-malaga-hoy-entrara-el-levante-posibilidad-de-nieblas-en-el-litoral-mediterraneo-andaluz-coin-da-la-maxima-de-espana\/b-28\/\" rel=\"attachment wp-att-9255\"><img loading=\"lazy\" class=\"aligncenter size-medium wp-image-9255\" title=\"b\" src=\"\/tormentas-y-rayos\/wp-content\/uploads\/sites\/12\/2014\/08\/b.jpg\" alt=\"\" width=\"488\" height=\"400\" srcset=\"https:\/\/static-blogs.diariosur.es\/wp-content\/uploads\/sites\/12\/2014\/08\/b.jpg 783w, https:\/\/static-blogs.diariosur.es\/wp-content\/uploads\/sites\/12\/2014\/08\/b-489x400.jpg 489w, https:\/\/static-blogs.diariosur.es\/wp-content\/uploads\/sites\/12\/2014\/08\/b-768x629.jpg 768w\" sizes=\"(max-width: 488px) 100vw, 488px\" \/><\/a><\/p>\n<p><strong>Bueno amigos, poco mas que contar. Hoy libro y en unos minutos tiramos para Torre de Benagalb\u00f3n. Desde alli os tendre informado cuando entre el levante. Un abrazo y os dejo con esta impresionante tromba marina que se dio en Cogoleto ( Italia) foto de Danilo De Maria.<\/strong><\/p>\n<p><a href=\"https:\/\/blogs.diariosur.es\/tormentas-y-rayos\/2014\/08\/23\/prevision-del-tiempo-feria-de-malaga-hoy-entrara-el-levante-posibilidad-de-nieblas-en-el-litoral-mediterraneo-andaluz-coin-da-la-maxima-de-espana\/danilo-de-maria\/\" rel=\"attachment wp-att-9256\"><img loading=\"lazy\" class=\"aligncenter size-full wp-image-9256\" title=\"danilo de maria\" src=\"\/tormentas-y-rayos\/wp-content\/uploads\/sites\/12\/2014\/08\/danilo-de-maria.jpg\" alt=\"\" width=\"640\" height=\"426\" srcset=\"https:\/\/static-blogs.diariosur.es\/wp-content\/uploads\/sites\/12\/2014\/08\/danilo-de-maria.jpg 640w, https:\/\/static-blogs.diariosur.es\/wp-content\/uploads\/sites\/12\/2014\/08\/danilo-de-maria-601x400.jpg 601w\" sizes=\"(max-width: 640px) 100vw, 640px\" \/><\/a><\/p>\n","protected":false},"excerpt":{"rendered":"<p>Buenos dias amigos de la meteo, son las siete de la ma\u00f1ana, registro 26,1 grados y el terral es el protagonista en estos momentos. Si nada cambia de ultima hora, espero que el levante entre en la Capital Malague\u00f1a sobre el\u00a0mediod\u00eda, en el momento que entre, \u00a0traer\u00e1\u00a0nubes bajas \u00a0e incluso brumas. Ma\u00f1ana domingo de nuevo [&hellip;]<\/p>\n","protected":false},"author":16,"featured_media":9249,"comment_status":"open","ping_status":"open","sticky":false,"template":"","format":"standard","meta":[],"categories":[2],"tags":[266,408,553,587,624,697,809,980],"_links":{"self":[{"href":"https:\/\/blogs.diariosur.es\/tormentas-y-rayos\/wp-json\/wp\/v2\/posts\/9245"}],"collection":[{"href":"https:\/\/blogs.diariosur.es\/tormentas-y-rayos\/wp-json\/wp\/v2\/posts"}],"about":[{"href":"https:\/\/blogs.diariosur.es\/tormentas-y-rayos\/wp-json\/wp\/v2\/types\/post"}],"author":[{"embeddable":true,"href":"https:\/\/blogs.diariosur.es\/tormentas-y-rayos\/wp-json\/wp\/v2\/users\/16"}],"replies":[{"embeddable":true,"href":"https:\/\/blogs.diariosur.es\/tormentas-y-rayos\/wp-json\/wp\/v2\/comments?post=9245"}],"version-history":[{"count":0,"href":"https:\/\/blogs.diariosur.es\/tormentas-y-rayos\/wp-json\/wp\/v2\/posts\/9245\/revisions"}],"wp:featuredmedia":[{"embeddable":true,"href":"https:\/\/blogs.diariosur.es\/tormentas-y-rayos\/wp-json\/wp\/v2\/media\/9249"}],"wp:attachment":[{"href":"https:\/\/blogs.diariosur.es\/tormentas-y-rayos\/wp-json\/wp\/v2\/media?parent=9245"}],"wp:term":[{"taxonomy":"category","embeddable":true,"href":"https:\/\/blogs.diariosur.es\/tormentas-y-rayos\/wp-json\/wp\/v2\/categories?post=9245"},{"taxonomy":"post_tag","embeddable":true,"href":"https:\/\/blogs.diariosur.es\/tormentas-y-rayos\/wp-json\/wp\/v2\/tags?post=9245"}],"curies":[{"name":"wp","href":"https:\/\/api.w.org\/{rel}","templated":true}]}}