{"id":9258,"date":"2014-08-25T07:16:03","date_gmt":"2014-08-25T05:16:03","guid":{"rendered":"http:\/\/blogs.diariosur.es\/tormentas-y-rayos\/?p=9258"},"modified":"2014-08-25T07:16:03","modified_gmt":"2014-08-25T05:16:03","slug":"una-feria-meteorologicamente-tranquila-se-nos-despidio-hasta-el-ano-que-viene-prevision-del-tiempo-ultima-semana-de-agosto-que-viene-que-viene","status":"publish","type":"post","link":"https:\/\/blogs.diariosur.es\/tormentas-y-rayos\/2014\/08\/25\/una-feria-meteorologicamente-tranquila-se-nos-despidio-hasta-el-ano-que-viene-prevision-del-tiempo-ultima-semana-de-agosto-que-viene-que-viene\/","title":{"rendered":"Una feria meteorol\u00f3gicamente tranquila se nos despidi\u00f3 hasta el a\u00f1o que viene. Previsi\u00f3n del tiempo ultima semana de Agosto, que viene, que viene."},"content":{"rendered":"<p><img loading=\"lazy\" class=\"alignright\" src=\"https:\/\/farm3.staticflickr.com\/2898\/14371881571_bbae3518b1_q.jpg\" alt=\"\" width=\"150\" height=\"150\" \/><\/p>\n<p>&nbsp;<\/p>\n<p>&nbsp;<\/p>\n<p>&nbsp;<\/p>\n<p>&nbsp;<\/p>\n<p>&nbsp;<\/p>\n<p><a href=\"https:\/\/blogs.diariosur.es\/tormentas-y-rayos\/2014\/08\/25\/una-feria-meteorologicamente-tranquila-se-nos-despidio-hasta-el-ano-que-viene-prevision-del-tiempo-ultima-semana-de-agosto-que-viene-que-viene\/attachment\/045\/\" rel=\"attachment wp-att-9261\"><img loading=\"lazy\" class=\"aligncenter size-full wp-image-9261\" title=\"045\" src=\"\/tormentas-y-rayos\/wp-content\/uploads\/sites\/12\/2014\/08\/045.jpg\" alt=\"\" width=\"640\" height=\"470\" srcset=\"https:\/\/static-blogs.diariosur.es\/wp-content\/uploads\/sites\/12\/2014\/08\/045.jpg 640w, https:\/\/static-blogs.diariosur.es\/wp-content\/uploads\/sites\/12\/2014\/08\/045-545x400.jpg 545w\" sizes=\"(max-width: 640px) 100vw, 640px\" \/><\/a><\/p>\n<p>&nbsp;<\/p>\n<p>&nbsp;<\/p>\n<p>&nbsp;<\/p>\n<p>&nbsp;<\/p>\n<p>&nbsp;<\/p>\n<p>&nbsp;<\/p>\n<p><span style=\"color: #0000ff;\"><strong>Buenos d\u00edas amigos de la meteo. Son las seis de la ma\u00f1ana, registro 24,8 grados, los cielos est\u00e1n despejados y la humedad esta pasada madrugada no ha bajado del 80 %. Que nochecita mas mala he pasado&#8230;&#8230;.. liao con la fregona recogiendo los sudores jijijiji.<\/strong><\/span><\/p>\n<p><span style=\"color: #ff0000;\"><strong>Antes de nada daros las gracias por las 7352 visitas que ha tenido el blog durante la feria. Han sido muchos d\u00edas dando las previsiones, y como dice en el titulo del post, \u00a0&#8220;la feria meteorol\u00f3gicamente hablando ha sido tranquila &#8220;. Dos d\u00edas entro el terral por la tarde noche y uno solo al mediod\u00eda. El dia m\u00e1s caluroso el 20, donde se llego a los 37 grados. He conocido terrales en la feria de M\u00e1laga de 40 grados e incluso algunas tormentas.\u00a0<\/strong><\/span><\/p>\n<p><span style=\"color: #ff0000;\"><strong>La sonrisa malague\u00f1a pudo con el terral jijijij. Dar las \u00a0gracias a mis sobrin@s Paula, Marta e Iv\u00e1n por servirme de modelos. Un beso a los tres.<\/strong><\/span><\/p>\n<p>&nbsp;<\/p>\n<p>&nbsp;<\/p>\n<p>&nbsp;<\/p>\n<p>&nbsp;<\/p>\n<p>&nbsp;<\/p>\n<p><img loading=\"lazy\" class=\"aligncenter\" src=\"https:\/\/farm6.staticflickr.com\/5596\/15022404975_232ce76973_z.jpg\" alt=\"\" width=\"640\" height=\"569\" \/><\/p>\n<p>&nbsp;<\/p>\n<p>&nbsp;<\/p>\n<p>&nbsp;<\/p>\n<p>&nbsp;<\/p>\n<p>&nbsp;<\/p>\n<p><img loading=\"lazy\" class=\"aligncenter\" src=\"https:\/\/farm4.staticflickr.com\/3923\/15022047662_edac2cdfff_z.jpg\" alt=\"\" width=\"640\" height=\"482\" \/><\/p>\n<p>&nbsp;<\/p>\n<p>&nbsp;<\/p>\n<p>&nbsp;<\/p>\n<p style=\"text-align: center;\">\u00a0<a href=\"https:\/\/blogs.diariosur.es\/tormentas-y-rayos\/2014\/08\/25\/una-feria-meteorologicamente-tranquila-se-nos-despidio-hasta-el-ano-que-viene-prevision-del-tiempo-ultima-semana-de-agosto-que-viene-que-viene\/olympus-digital-camera-1594\/\" rel=\"attachment wp-att-9262\"><img loading=\"lazy\" class=\"size-full wp-image-9262 aligncenter\" title=\"OLYMPUS DIGITAL CAMERA\" src=\"\/tormentas-y-rayos\/wp-content\/uploads\/sites\/12\/2014\/08\/0151.jpg\" alt=\"\" width=\"400\" height=\"443\" srcset=\"https:\/\/static-blogs.diariosur.es\/wp-content\/uploads\/sites\/12\/2014\/08\/0151.jpg 400w, https:\/\/static-blogs.diariosur.es\/wp-content\/uploads\/sites\/12\/2014\/08\/0151-361x400.jpg 361w\" sizes=\"(max-width: 400px) 100vw, 400px\" \/><\/a><\/p>\n<p><span style=\"color: #ff00ff;\">\u00a0<strong>PREVISI\u00d3N DEL TIEMPO ULTIMA SEMANA DE AGOSTO.<\/strong><\/span><\/p>\n<p><span style=\"color: #0000ff;\"><strong>Hoy lunes \u00a0seguir\u00e1\u00a0la misma\u00a0t\u00f3nica en Andaluc\u00eda, viento de levante \u00a0en la zona del Estrecho y Litoral \u00a0Mediterr\u00e1neo Andaluz que\u00a0traer\u00e1\u00a0nubes bajas e incluso brumas o nieblas. Por la tarde noche y de madrugada \u00a0tendr\u00edamos calma chicha, en dos palabras bochorno total. \u00a0<\/strong><strong>En el Valle del\u00a0Guadalquivir\u00a0subir\u00e1n\u00a0las\u00a0m\u00e1ximas, asi como tambi\u00e9n las\u00a0m\u00ednimas. Predominaran las brisas en el Litoral Atlantico Andaluz, el martes por la tarde noche\u00a0empezar\u00eda\u00a0a soplar poniente en esta zona.\u00a0<\/strong><\/span><\/p>\n<p><span style=\"color: #0000ff;\"><strong>Y si amigos &#8230;&#8230;&#8230;&#8230;&#8230;..que viene ,que viene nuestro amigo el terral. De nuevo a partir de ma\u00f1ana martes el noroeste peninsular se\u00a0ver\u00eda\u00a0afectado por otra vaguada y un frente fr\u00edo, que\u00a0traer\u00e1\u00a0a\u00a0Galicia\u00a0lluvias moderadas, asi como una\u00a0en\u00e9sima\u00a0bajada de temperatura. Al cambiar el viento al oeste en\u00a0Andaluc\u00eda, de nuevo el terral seria el protagonista en la Capital Malague\u00f1a y zonas expuestas a este viento. Pero de esto hablaremos ma\u00f1ana martes, para confirmar lo del terral.\u00a0<\/strong><\/span><\/p>\n<p><span style=\"color: #ff0000;\"><strong>Os dejo con estos fotones de mi amigo Albano Guerrero, est\u00e1n tomadas el 27 de julio en Barcelona. Impresionante tromba marina y \u00a0tormenta cazada magistralmente por nuestro amigo Ronde\u00f1o. Muchas gracias Albano, un abrazo desde tu M\u00e1laga.<\/strong><\/span><\/p>\n<p>&nbsp;<\/p>\n<p style=\"text-align: center;\"><a href=\"https:\/\/blogs.diariosur.es\/tormentas-y-rayos\/2014\/08\/25\/una-feria-meteorologicamente-tranquila-se-nos-despidio-hasta-el-ano-que-viene-prevision-del-tiempo-ultima-semana-de-agosto-que-viene-que-viene\/14672864870_66176067d1_c\/\" rel=\"attachment wp-att-9263\"><img loading=\"lazy\" class=\"size-full wp-image-9263 aligncenter\" title=\"14672864870_66176067d1_c\" src=\"\/tormentas-y-rayos\/wp-content\/uploads\/sites\/12\/2014\/08\/14672864870_66176067d1_c.jpg\" alt=\"\" width=\"640\" height=\"428\" srcset=\"https:\/\/static-blogs.diariosur.es\/wp-content\/uploads\/sites\/12\/2014\/08\/14672864870_66176067d1_c.jpg 640w, https:\/\/static-blogs.diariosur.es\/wp-content\/uploads\/sites\/12\/2014\/08\/14672864870_66176067d1_c-598x400.jpg 598w\" sizes=\"(max-width: 640px) 100vw, 640px\" \/><\/a><\/p>\n<p>&nbsp;<\/p>\n<p>&nbsp;<\/p>\n<p style=\"text-align: center;\"><a href=\"https:\/\/blogs.diariosur.es\/tormentas-y-rayos\/2014\/08\/25\/una-feria-meteorologicamente-tranquila-se-nos-despidio-hasta-el-ano-que-viene-prevision-del-tiempo-ultima-semana-de-agosto-que-viene-que-viene\/14859524925_1ddd2eae08_c\/\" rel=\"attachment wp-att-9264\"><img loading=\"lazy\" class=\"size-full wp-image-9264 aligncenter\" title=\"14859524925_1ddd2eae08_c\" src=\"\/tormentas-y-rayos\/wp-content\/uploads\/sites\/12\/2014\/08\/14859524925_1ddd2eae08_c.jpg\" alt=\"\" width=\"640\" height=\"428\" srcset=\"https:\/\/static-blogs.diariosur.es\/wp-content\/uploads\/sites\/12\/2014\/08\/14859524925_1ddd2eae08_c.jpg 640w, https:\/\/static-blogs.diariosur.es\/wp-content\/uploads\/sites\/12\/2014\/08\/14859524925_1ddd2eae08_c-598x400.jpg 598w\" sizes=\"(max-width: 640px) 100vw, 640px\" \/><\/a><\/p>\n<p style=\"text-align: center;\"><a href=\"https:\/\/blogs.diariosur.es\/tormentas-y-rayos\/2014\/08\/25\/una-feria-meteorologicamente-tranquila-se-nos-despidio-hasta-el-ano-que-viene-prevision-del-tiempo-ultima-semana-de-agosto-que-viene-que-viene\/14879424663_4f77b18858_c\/\" rel=\"attachment wp-att-9265\"><img loading=\"lazy\" class=\"aligncenter size-full wp-image-9265\" title=\"14879424663_4f77b18858_c\" src=\"\/tormentas-y-rayos\/wp-content\/uploads\/sites\/12\/2014\/08\/14879424663_4f77b18858_c.jpg\" alt=\"\" width=\"640\" height=\"428\" srcset=\"https:\/\/static-blogs.diariosur.es\/wp-content\/uploads\/sites\/12\/2014\/08\/14879424663_4f77b18858_c.jpg 640w, https:\/\/static-blogs.diariosur.es\/wp-content\/uploads\/sites\/12\/2014\/08\/14879424663_4f77b18858_c-598x400.jpg 598w\" sizes=\"(max-width: 640px) 100vw, 640px\" \/><\/a><\/p>\n","protected":false},"excerpt":{"rendered":"<p>&nbsp; &nbsp; &nbsp; &nbsp; &nbsp; &nbsp; &nbsp; &nbsp; &nbsp; &nbsp; &nbsp; Buenos d\u00edas amigos de la meteo. Son las seis de la ma\u00f1ana, registro 24,8 grados, los cielos est\u00e1n despejados y la humedad esta pasada madrugada no ha bajado del 80 %. Que nochecita mas mala he pasado&#8230;&#8230;.. liao con la fregona recogiendo los sudores [&hellip;]<\/p>\n","protected":false},"author":16,"featured_media":9260,"comment_status":"open","ping_status":"open","sticky":false,"template":"","format":"standard","meta":[],"categories":[2],"tags":[50,809,980],"_links":{"self":[{"href":"https:\/\/blogs.diariosur.es\/tormentas-y-rayos\/wp-json\/wp\/v2\/posts\/9258"}],"collection":[{"href":"https:\/\/blogs.diariosur.es\/tormentas-y-rayos\/wp-json\/wp\/v2\/posts"}],"about":[{"href":"https:\/\/blogs.diariosur.es\/tormentas-y-rayos\/wp-json\/wp\/v2\/types\/post"}],"author":[{"embeddable":true,"href":"https:\/\/blogs.diariosur.es\/tormentas-y-rayos\/wp-json\/wp\/v2\/users\/16"}],"replies":[{"embeddable":true,"href":"https:\/\/blogs.diariosur.es\/tormentas-y-rayos\/wp-json\/wp\/v2\/comments?post=9258"}],"version-history":[{"count":0,"href":"https:\/\/blogs.diariosur.es\/tormentas-y-rayos\/wp-json\/wp\/v2\/posts\/9258\/revisions"}],"wp:featuredmedia":[{"embeddable":true,"href":"https:\/\/blogs.diariosur.es\/tormentas-y-rayos\/wp-json\/wp\/v2\/media\/9260"}],"wp:attachment":[{"href":"https:\/\/blogs.diariosur.es\/tormentas-y-rayos\/wp-json\/wp\/v2\/media?parent=9258"}],"wp:term":[{"taxonomy":"category","embeddable":true,"href":"https:\/\/blogs.diariosur.es\/tormentas-y-rayos\/wp-json\/wp\/v2\/categories?post=9258"},{"taxonomy":"post_tag","embeddable":true,"href":"https:\/\/blogs.diariosur.es\/tormentas-y-rayos\/wp-json\/wp\/v2\/tags?post=9258"}],"curies":[{"name":"wp","href":"https:\/\/api.w.org\/{rel}","templated":true}]}}