{"id":9267,"date":"2014-08-26T07:30:44","date_gmt":"2014-08-26T05:30:44","guid":{"rendered":"http:\/\/blogs.diariosur.es\/tormentas-y-rayos\/?p=9267"},"modified":"2014-08-26T07:30:44","modified_gmt":"2014-08-26T05:30:44","slug":"prevision-del-tiempo-aviso-naranja-y-amarillo-por-altas-temperaturas-en-andalucia-comunidad-valenciana-albacete-y-region-murciana","status":"publish","type":"post","link":"https:\/\/blogs.diariosur.es\/tormentas-y-rayos\/2014\/08\/26\/prevision-del-tiempo-aviso-naranja-y-amarillo-por-altas-temperaturas-en-andalucia-comunidad-valenciana-albacete-y-region-murciana\/","title":{"rendered":"Previsi\u00f3n del tiempo. Aviso naranja y amarillo por altas temperaturas en Andaluc\u00eda, Comunidad Valenciana, Albacete y Regi\u00f3n Murciana."},"content":{"rendered":"<p>&nbsp;<\/p>\n<p>&nbsp;<\/p>\n<p>&nbsp;<\/p>\n<p><img loading=\"lazy\" class=\"aligncenter\" src=\"https:\/\/farm3.staticflickr.com\/2898\/14371881571_bbae3518b1_q.jpg\" alt=\"\" width=\"150\" height=\"150\" \/><\/p>\n<p>&nbsp;<\/p>\n<p><strong>Buenos dias amigos de la meteo. <\/strong><\/p>\n<p><strong>Son las seis de la ma\u00f1ana, registro 24,5 grados y los cielos andaluces est\u00e1n despejados. Hoy en M\u00e1laga \u00a0hay posibilidad de brumas como paso ayer lunes e incluso\u00a0alg\u00fan\u00a0banco de niebla. La maxima rondara los 32 grados, por el interior como es el caso de Antequera y Ronda pueden llegar a los 37. Por la tarde iran girando los vientos al oeste, ya veremos si a ultima hora de la noche o de madrugada entra un poco de terral.<\/strong><\/p>\n<p><strong>Hoy martes el calor sera el protagonista en Andaluc\u00eda, asi como en la Comunidad Valenciana, Albacete \u00a0y Regi\u00f3n de Murcia. Por este motivo la aemet ha activado los avisos amarillos y naranjas por altas temperaturas. En lo que respecta a\u00a0Andaluc\u00eda, las provincias en aviso amarillo son Granada, Huelva, Sevilla,\u00a0C\u00f3rdoba y Ja\u00e9n. En algunos puntos de Andaluc\u00eda \u00a0las\u00a0m\u00e1ximas\u00a0pueden llegar a los 40 grados. Os paso el mapa fuente aemet.<\/strong><\/p>\n<p><a href=\"https:\/\/blogs.diariosur.es\/tormentas-y-rayos\/2014\/08\/26\/prevision-del-tiempo-aviso-naranja-y-amarillo-por-altas-temperaturas-en-andalucia-comunidad-valenciana-albacete-y-region-murciana\/captura-399\/\" rel=\"attachment wp-att-9268\"><img loading=\"lazy\" class=\"aligncenter size-medium wp-image-9268\" title=\"Captura\" src=\"\/tormentas-y-rayos\/wp-content\/uploads\/sites\/12\/2014\/08\/Captura18.jpg\" alt=\"\" width=\"600\" height=\"398\" srcset=\"https:\/\/static-blogs.diariosur.es\/wp-content\/uploads\/sites\/12\/2014\/08\/Captura18.jpg 1239w, https:\/\/static-blogs.diariosur.es\/wp-content\/uploads\/sites\/12\/2014\/08\/Captura18-602x400.jpg 602w, https:\/\/static-blogs.diariosur.es\/wp-content\/uploads\/sites\/12\/2014\/08\/Captura18-768x510.jpg 768w\" sizes=\"(max-width: 600px) 100vw, 600px\" \/><\/a><\/p>\n<p>&nbsp;<\/p>\n<p><strong>Ma\u00f1ana\u00a0mi\u00e9rcoles\u00a0el aviso solo seria de momento \u00a0para Granada ( Cuenca del Genil y Baza), y digo de momento porque aun no esta muy claro si\u00a0entrar\u00eda\u00a0el terral en la provincia malague\u00f1a. Se puede dar el caso de que se quede a las puertas de la capital,\u00a0d\u00e1ndose\u00a0las\u00a0m\u00e1ximas\u00a0mal altas por el Valle del Guadalhorce.\u00a0<\/strong><\/p>\n<p><strong>Mientras, en Galicia siguen con lluvias y temperaturas bajas. Las borrascas que est\u00e1n afectando a las Islas\u00a0Brit\u00e1nicas\u00a0dejan su influencia en esta zona. Y\u00a0as\u00ed\u00a0llevan buena parte del verano. Este mapa\u00a0de superficie lo dice todo. Fuente Aemet , Hirlam.<\/strong><\/p>\n<p><a href=\"https:\/\/blogs.diariosur.es\/tormentas-y-rayos\/2014\/08\/26\/prevision-del-tiempo-aviso-naranja-y-amarillo-por-altas-temperaturas-en-andalucia-comunidad-valenciana-albacete-y-region-murciana\/captura-400\/\" rel=\"attachment wp-att-9270\"><img loading=\"lazy\" class=\"aligncenter size-medium wp-image-9270\" title=\"Captura\" src=\"\/tormentas-y-rayos\/wp-content\/uploads\/sites\/12\/2014\/08\/Captura19.jpg\" alt=\"\" width=\"569\" height=\"400\" srcset=\"https:\/\/static-blogs.diariosur.es\/wp-content\/uploads\/sites\/12\/2014\/08\/Captura19.jpg 758w, https:\/\/static-blogs.diariosur.es\/wp-content\/uploads\/sites\/12\/2014\/08\/Captura19-570x400.jpg 570w\" sizes=\"(max-width: 569px) 100vw, 569px\" \/><\/a><\/p>\n<p><strong>Poco mas que contar, ma\u00f1ana confirmaremos lo del terral, os dejo con estas fotos de hace unos a\u00f1os. Que ganitas tengo de ver un cielo asi.<\/strong><\/p>\n<p>&nbsp;<\/p>\n<p><img loading=\"lazy\" class=\"aligncenter\" src=\"https:\/\/farm8.staticflickr.com\/7049\/7050820663_4267547ca6_z.jpg\" alt=\"\" width=\"640\" height=\"480\" \/><\/p>\n<p>&nbsp;<\/p>\n<p><img loading=\"lazy\" class=\"aligncenter\" src=\"https:\/\/farm8.staticflickr.com\/7047\/8688741221_023ae00e40_z.jpg\" alt=\"\" width=\"640\" height=\"480\" \/><\/p>\n","protected":false},"excerpt":{"rendered":"<p>&nbsp; &nbsp; &nbsp; &nbsp; Buenos dias amigos de la meteo. Son las seis de la ma\u00f1ana, registro 24,5 grados y los cielos andaluces est\u00e1n despejados. Hoy en M\u00e1laga \u00a0hay posibilidad de brumas como paso ayer lunes e incluso\u00a0alg\u00fan\u00a0banco de niebla. La maxima rondara los 32 grados, por el interior como es el caso de Antequera [&hellip;]<\/p>\n","protected":false},"author":16,"featured_media":9269,"comment_status":"open","ping_status":"open","sticky":false,"template":"","format":"standard","meta":[],"categories":[2],"tags":[63,81,91,151,676,809,962,980],"_links":{"self":[{"href":"https:\/\/blogs.diariosur.es\/tormentas-y-rayos\/wp-json\/wp\/v2\/posts\/9267"}],"collection":[{"href":"https:\/\/blogs.diariosur.es\/tormentas-y-rayos\/wp-json\/wp\/v2\/posts"}],"about":[{"href":"https:\/\/blogs.diariosur.es\/tormentas-y-rayos\/wp-json\/wp\/v2\/types\/post"}],"author":[{"embeddable":true,"href":"https:\/\/blogs.diariosur.es\/tormentas-y-rayos\/wp-json\/wp\/v2\/users\/16"}],"replies":[{"embeddable":true,"href":"https:\/\/blogs.diariosur.es\/tormentas-y-rayos\/wp-json\/wp\/v2\/comments?post=9267"}],"version-history":[{"count":0,"href":"https:\/\/blogs.diariosur.es\/tormentas-y-rayos\/wp-json\/wp\/v2\/posts\/9267\/revisions"}],"wp:featuredmedia":[{"embeddable":true,"href":"https:\/\/blogs.diariosur.es\/tormentas-y-rayos\/wp-json\/wp\/v2\/media\/9269"}],"wp:attachment":[{"href":"https:\/\/blogs.diariosur.es\/tormentas-y-rayos\/wp-json\/wp\/v2\/media?parent=9267"}],"wp:term":[{"taxonomy":"category","embeddable":true,"href":"https:\/\/blogs.diariosur.es\/tormentas-y-rayos\/wp-json\/wp\/v2\/categories?post=9267"},{"taxonomy":"post_tag","embeddable":true,"href":"https:\/\/blogs.diariosur.es\/tormentas-y-rayos\/wp-json\/wp\/v2\/tags?post=9267"}],"curies":[{"name":"wp","href":"https:\/\/api.w.org\/{rel}","templated":true}]}}