{"id":9271,"date":"2014-08-27T07:13:42","date_gmt":"2014-08-27T05:13:42","guid":{"rendered":"http:\/\/blogs.diariosur.es\/tormentas-y-rayos\/?p=9271"},"modified":"2014-08-27T07:13:42","modified_gmt":"2014-08-27T05:13:42","slug":"seguira-el-terral-hoy-en-malaga-sorpresa-alora-y-coin-dan-la-maxima-de-andalucia-con-casi-40-grados-aviso-amarillo-por-altas-temperaturas-foto-de-la-minigalerna-del-sabado-en-pedregalejo","status":"publish","type":"post","link":"https:\/\/blogs.diariosur.es\/tormentas-y-rayos\/2014\/08\/27\/seguira-el-terral-hoy-en-malaga-sorpresa-alora-y-coin-dan-la-maxima-de-andalucia-con-casi-40-grados-aviso-amarillo-por-altas-temperaturas-foto-de-la-minigalerna-del-sabado-en-pedregalejo\/","title":{"rendered":"\u00bf Seguira el terral hoy en M\u00e1laga ?. Sorpresa:  \u00c1lora y Co\u00edn dan la maxima de Andaluc\u00eda con casi 40 grados. Aviso amarillo por altas temperaturas. Foto de la minigalerna del s\u00e1bado en Pedregalejo."},"content":{"rendered":"<p><img loading=\"lazy\" class=\"aligncenter\" src=\"https:\/\/farm3.staticflickr.com\/2898\/14371881571_bbae3518b1_q.jpg\" alt=\"\" width=\"150\" height=\"150\" \/><\/p>\n<p>&nbsp;<\/p>\n<p>&nbsp;<\/p>\n<p>&nbsp;<\/p>\n<p><span style=\"color: #0000ff;\"><strong>Buenos dias amigos de la meteo.<\/strong><\/span><\/p>\n<p><strong><span style=\"color: #0000ff;\">Son las seis de la ma\u00f1ana<\/span>, <span style=\"color: #ff0000;\">registro casi 28 grados&#8230;&#8230;&#8230;&#8230;&#8230;\u00a0<\/span><\/strong><\/p>\n<p>&nbsp;<\/p>\n<p><a href=\"https:\/\/blogs.diariosur.es\/tormentas-y-rayos\/2014\/08\/27\/seguira-el-terral-hoy-en-malaga-sorpresa-alora-y-coin-dan-la-maxima-de-andalucia-con-casi-40-grados-aviso-amarillo-por-altas-temperaturas-foto-de-la-minigalerna-del-sabado-en-pedregalejo\/mmmm-5\/\" rel=\"attachment wp-att-9279\"><img loading=\"lazy\" class=\"aligncenter size-full wp-image-9279\" title=\"mmmm\" src=\"\/tormentas-y-rayos\/wp-content\/uploads\/sites\/12\/2014\/08\/mmmm.jpg\" alt=\"\" width=\"493\" height=\"181\" \/><\/a><\/p>\n<p><a href=\"https:\/\/blogs.diariosur.es\/tormentas-y-rayos\/2014\/08\/27\/seguira-el-terral-hoy-en-malaga-sorpresa-alora-y-coin-dan-la-maxima-de-andalucia-con-casi-40-grados-aviso-amarillo-por-altas-temperaturas-foto-de-la-minigalerna-del-sabado-en-pedregalejo\/10570520_10203414834070499_5462148370066518942_n-2\/\" rel=\"attachment wp-att-9275\"><img loading=\"lazy\" class=\"aligncenter size-full wp-image-9275\" title=\"10570520_10203414834070499_5462148370066518942_n\" src=\"\/tormentas-y-rayos\/wp-content\/uploads\/sites\/12\/2014\/08\/10570520_10203414834070499_5462148370066518942_n1.jpg\" alt=\"\" width=\"512\" height=\"512\" srcset=\"https:\/\/static-blogs.diariosur.es\/wp-content\/uploads\/sites\/12\/2014\/08\/10570520_10203414834070499_5462148370066518942_n1.jpg 512w, https:\/\/static-blogs.diariosur.es\/wp-content\/uploads\/sites\/12\/2014\/08\/10570520_10203414834070499_5462148370066518942_n1-150x150.jpg 150w, https:\/\/static-blogs.diariosur.es\/wp-content\/uploads\/sites\/12\/2014\/08\/10570520_10203414834070499_5462148370066518942_n1-400x400.jpg 400w\" sizes=\"(max-width: 512px) 100vw, 512px\" \/><\/a><\/p>\n<p>&nbsp;<\/p>\n<p>&nbsp;<\/p>\n<p><strong><span><span style=\"color: #ff00ff;\">\u00a0<\/span><strong><span style=\"color: #ff00ff;\"><span style=\"color: #ff0000;\">\u00a0Aunque mi amigo Mel Gibson \u00a0y Yo, \u00a0no tenemos muy claro si el terral\u00a0<\/span><span style=\"color: #ff0000;\">seguir\u00e1<\/span><span style=\"color: #ff0000;\">\u00a0durante todo el dia de hoy. \u00a0La\u00a0mayor\u00eda<\/span><span style=\"color: #ff0000;\">\u00a0de los modelos nos\u00a0dan\u00a0una maxima cercana a los 36 grados, pero lo que no me\u00a0cuadra es que tambi\u00e9n se activen los avisos amarillos por altas temperaturas en el Valle del Guadalquivir y Huelva.\u00a0<\/span><\/span><\/strong><\/span><\/strong><\/p>\n<p><a href=\"https:\/\/blogs.diariosur.es\/tormentas-y-rayos\/2014\/08\/27\/seguira-el-terral-hoy-en-malaga-sorpresa-alora-y-coin-dan-la-maxima-de-andalucia-con-casi-40-grados-aviso-amarillo-por-altas-temperaturas-foto-de-la-minigalerna-del-sabado-en-pedregalejo\/captura-401\/\" rel=\"attachment wp-att-9278\"><img loading=\"lazy\" class=\"aligncenter size-medium wp-image-9278\" title=\"Captura\" src=\"\/tormentas-y-rayos\/wp-content\/uploads\/sites\/12\/2014\/08\/Captura20.jpg\" alt=\"\" width=\"592\" height=\"400\" srcset=\"https:\/\/static-blogs.diariosur.es\/wp-content\/uploads\/sites\/12\/2014\/08\/Captura20.jpg 634w, https:\/\/static-blogs.diariosur.es\/wp-content\/uploads\/sites\/12\/2014\/08\/Captura20-593x400.jpg 593w\" sizes=\"(max-width: 592px) 100vw, 592px\" \/><\/a><\/p>\n<p>&nbsp;<\/p>\n<p><strong><span style=\"color: #ff0000;\">Aventur\u00e1ndome un poco, pienso que en un par de horas se quitara, y que sera la zona del Valle del Guadalhorce donde las\u00a0m\u00e1ximas<\/span><span><span style=\"color: #ff0000;\">\u00a0sean mas altas. Los que os\u00a0levant\u00e9is\u00a0mucho mas tarde y\u00a0sint\u00e1is\u00a0el\u00a0terral\u00a0pues os acordareis de mi para bien o para mal jijijiji. Ya veremos que pasa.<\/span><\/span><\/strong><\/p>\n<p>&nbsp;<\/p>\n<p><strong><span><span style=\"color: #ff0000;\">Ma\u00f1ana jueves\u00a0entrar\u00eda\u00a0el levante en la Costa\u00a0Mediterr\u00e1nea. Y adelantando el fin de semana, no espero terral ni poniente. El levante\u00a0seguir\u00eda\u00a0de protagonista.<\/span><\/span><\/strong><\/p>\n<p><strong><span style=\"color: #ff0000;\"><img loading=\"lazy\" class=\"aligncenter\" src=\"https:\/\/farm3.staticflickr.com\/2938\/14216709420_875b2cb4e7.jpg\" alt=\"\" width=\"409\" height=\"500\" \/>\u00a0<\/span><\/strong><\/p>\n<p>&nbsp;<\/p>\n<p>&nbsp;<\/p>\n<p><span style=\"color: #0000ff;\"><strong>No se cumplieron los\u00a0pron\u00f3sticos que daba ayer, \u00a0y las altas temperaturas \u00a0se dieron en el Valle del Guadalhorce, \u00a0y no en el Valle del Guadalquivir. \u00a0Casi 40 grados se registraron en \u00c1lora y Co\u00edn, la meteo siempre da\u00a0sorpresas. El motivo del porqu\u00e9 se dio esto es muy\u00a0f\u00e1cil\u00a0amigos, entro terral. Fuente Aemet.<\/strong><\/span><\/p>\n<p>&nbsp;<\/p>\n<p><a href=\"https:\/\/blogs.diariosur.es\/tormentas-y-rayos\/2014\/08\/27\/seguira-el-terral-hoy-en-malaga-sorpresa-alora-y-coin-dan-la-maxima-de-andalucia-con-casi-40-grados-aviso-amarillo-por-altas-temperaturas-foto-de-la-minigalerna-del-sabado-en-pedregalejo\/maxima-14\/\" rel=\"attachment wp-att-9276\"><img loading=\"lazy\" class=\"aligncenter size-medium wp-image-9276\" title=\"maxima\" src=\"\/tormentas-y-rayos\/wp-content\/uploads\/sites\/12\/2014\/08\/maxima.jpg\" alt=\"\" width=\"600\" height=\"195\" srcset=\"https:\/\/static-blogs.diariosur.es\/wp-content\/uploads\/sites\/12\/2014\/08\/maxima.jpg 780w, https:\/\/static-blogs.diariosur.es\/wp-content\/uploads\/sites\/12\/2014\/08\/maxima-640x208.jpg 640w, https:\/\/static-blogs.diariosur.es\/wp-content\/uploads\/sites\/12\/2014\/08\/maxima-768x250.jpg 768w\" sizes=\"(max-width: 600px) 100vw, 600px\" \/><\/a><\/p>\n<p><span style=\"color: #0000ff;\"><strong>Fijaros en el\u00a0gr\u00e1fico\u00a0de viento.<\/strong><\/span><\/p>\n<p>&nbsp;<\/p>\n<p><a href=\"https:\/\/blogs.diariosur.es\/tormentas-y-rayos\/2014\/08\/27\/seguira-el-terral-hoy-en-malaga-sorpresa-alora-y-coin-dan-la-maxima-de-andalucia-con-casi-40-grados-aviso-amarillo-por-altas-temperaturas-foto-de-la-minigalerna-del-sabado-en-pedregalejo\/ttt\/\" rel=\"attachment wp-att-9277\"><img loading=\"lazy\" class=\"aligncenter size-medium wp-image-9277\" title=\"ttt\" src=\"\/tormentas-y-rayos\/wp-content\/uploads\/sites\/12\/2014\/08\/ttt.jpg\" alt=\"\" width=\"600\" height=\"258\" srcset=\"https:\/\/static-blogs.diariosur.es\/wp-content\/uploads\/sites\/12\/2014\/08\/ttt.jpg 724w, https:\/\/static-blogs.diariosur.es\/wp-content\/uploads\/sites\/12\/2014\/08\/ttt-640x276.jpg 640w\" sizes=\"(max-width: 600px) 100vw, 600px\" \/><\/a><\/p>\n<p>&nbsp;<\/p>\n<p><span style=\"color: #0000ff;\"><strong>La maxima en Malaga Capital se dio en el Aeropuerto con 33,9 grados.<\/strong><\/span><\/p>\n<p>&nbsp;<\/p>\n<p><span style=\"color: #0000ff;\"><strong>Lo que si se cumpli\u00f3 fue la niebla, concretamente se dio en \u00a0la costa de Marbella. En esta zona aun el agua del mar esta un poco mas fr\u00eda.<\/strong><\/span><\/p>\n<p>&nbsp;<\/p>\n<p><span style=\"color: #0000ff;\"><strong>Jose Luis Gil \u00a0 me manda este fot\u00f3n de la niebla que se dio ayer.\u00a0<\/strong><\/span><\/p>\n<p>&nbsp;<\/p>\n<p>&nbsp;<\/p>\n<p><a href=\"https:\/\/blogs.diariosur.es\/tormentas-y-rayos\/2014\/08\/27\/seguira-el-terral-hoy-en-malaga-sorpresa-alora-y-coin-dan-la-maxima-de-andalucia-con-casi-40-grados-aviso-amarillo-por-altas-temperaturas-foto-de-la-minigalerna-del-sabado-en-pedregalejo\/1941613_10203592641929588_799581549287428343_o\/\" rel=\"attachment wp-att-9273\"><img loading=\"lazy\" class=\"aligncenter size-full wp-image-9273\" title=\"1941613_10203592641929588_799581549287428343_o\" src=\"\/tormentas-y-rayos\/wp-content\/uploads\/sites\/12\/2014\/08\/1941613_10203592641929588_799581549287428343_o.jpg\" alt=\"\" width=\"640\" height=\"384\" \/><\/a><\/p>\n<p>&nbsp;<\/p>\n<p>&nbsp;<\/p>\n<p><span style=\"color: #0000ff;\"><strong>Otro dato a destacar fue las altas temperaturas que se dieron en la Comunidad Valenciana. \u00a0Mi amigo Paco Mart\u00edn ( nimbus en los foros de meteo) explica en la Revista Ram el por qu\u00e9 de esto.<\/strong><\/span><\/p>\n<p><strong><a href=\"http:\/\/www.tiempo.com\/ram\/97742\/de-donde-viene-el-aire-caliente-que-ha-afectado-a-la-zona-de-valencia-y-areas-circundantes\/\" rel=\"external nofollow\">\u00bf DE DONDE VIENE EL AIRE CALIENTE QUE HA AFECTADO A LA ZONA DE VALENCIA ?<\/a><\/strong><\/p>\n<p><a href=\"https:\/\/blogs.diariosur.es\/tormentas-y-rayos\/2014\/08\/27\/seguira-el-terral-hoy-en-malaga-sorpresa-alora-y-coin-dan-la-maxima-de-andalucia-con-casi-40-grados-aviso-amarillo-por-altas-temperaturas-foto-de-la-minigalerna-del-sabado-en-pedregalejo\/maximas-amas-altas\/\" rel=\"attachment wp-att-9280\"><img loading=\"lazy\" class=\"aligncenter size-full wp-image-9280\" title=\"maximas amas altas\" src=\"\/tormentas-y-rayos\/wp-content\/uploads\/sites\/12\/2014\/08\/maximas-amas-altas.jpg\" alt=\"\" width=\"388\" height=\"383\" \/><\/a><\/p>\n<p>&nbsp;<\/p>\n<p><span style=\"color: #0000ff;\"><strong>El viernes pasado os comentaba que esperaba una minigalerna el\u00a0s\u00e1bado 23 \u00a0con el cambio de viento de terral a levante. En la zona de Torre de Benagalb\u00f3n se dio alguna racha moderada, pero donde mas se noto fue en Pedregalejo. Mi amigo\u00a0Holand\u00e9s\u00a0<strong>Kornelius Groenewold me manda esta impresionante foto desde Pedregalejo. \u00a0Muchas gracias amigo.<\/strong><\/strong><\/span><\/p>\n<p>&nbsp;<\/p>\n<p>&nbsp;<\/p>\n<p>&nbsp;<\/p>\n<p>&nbsp;<\/p>\n<p><a href=\"https:\/\/blogs.diariosur.es\/tormentas-y-rayos\/2014\/08\/27\/seguira-el-terral-hoy-en-malaga-sorpresa-alora-y-coin-dan-la-maxima-de-andalucia-con-casi-40-grados-aviso-amarillo-por-altas-temperaturas-foto-de-la-minigalerna-del-sabado-en-pedregalejo\/foto-1\/\" rel=\"attachment wp-att-9272\"><img loading=\"lazy\" class=\"aligncenter size-full wp-image-9272\" title=\"foto 1\" src=\"\/tormentas-y-rayos\/wp-content\/uploads\/sites\/12\/2014\/08\/foto-1.jpg\" alt=\"\" width=\"640\" height=\"480\" srcset=\"https:\/\/static-blogs.diariosur.es\/wp-content\/uploads\/sites\/12\/2014\/08\/foto-1.jpg 640w, https:\/\/static-blogs.diariosur.es\/wp-content\/uploads\/sites\/12\/2014\/08\/foto-1-533x400.jpg 533w\" sizes=\"(max-width: 640px) 100vw, 640px\" \/><\/a><\/p>\n<p>&nbsp;<\/p>\n<p><strong>Poco mas que contar amigos de la meteo. Ma\u00f1ana jueves hace un a\u00f1o que se\u00a0muri\u00f3\u00a0mi padre y que como todos sabeis fue el mayor precursor para que me guste tanto la meteorolog\u00eda. Ma\u00f1ana le dedicare un peque\u00f1o post .\u00a0<\/strong><\/p>\n","protected":false},"excerpt":{"rendered":"<p>&nbsp; &nbsp; &nbsp; Buenos dias amigos de la meteo. Son las seis de la ma\u00f1ana, registro casi 28 grados&#8230;&#8230;&#8230;&#8230;&#8230;\u00a0 &nbsp; &nbsp; &nbsp; \u00a0\u00a0Aunque mi amigo Mel Gibson \u00a0y Yo, \u00a0no tenemos muy claro si el terral\u00a0seguir\u00e1\u00a0durante todo el dia de hoy. \u00a0La\u00a0mayor\u00eda\u00a0de los modelos nos\u00a0dan\u00a0una maxima cercana a los 36 grados, pero lo que no [&hellip;]<\/p>\n","protected":false},"author":16,"featured_media":9274,"comment_status":"open","ping_status":"open","sticky":false,"template":"","format":"standard","meta":[],"categories":[2],"tags":[63,78,81,91,100,151,624,962,975],"_links":{"self":[{"href":"https:\/\/blogs.diariosur.es\/tormentas-y-rayos\/wp-json\/wp\/v2\/posts\/9271"}],"collection":[{"href":"https:\/\/blogs.diariosur.es\/tormentas-y-rayos\/wp-json\/wp\/v2\/posts"}],"about":[{"href":"https:\/\/blogs.diariosur.es\/tormentas-y-rayos\/wp-json\/wp\/v2\/types\/post"}],"author":[{"embeddable":true,"href":"https:\/\/blogs.diariosur.es\/tormentas-y-rayos\/wp-json\/wp\/v2\/users\/16"}],"replies":[{"embeddable":true,"href":"https:\/\/blogs.diariosur.es\/tormentas-y-rayos\/wp-json\/wp\/v2\/comments?post=9271"}],"version-history":[{"count":0,"href":"https:\/\/blogs.diariosur.es\/tormentas-y-rayos\/wp-json\/wp\/v2\/posts\/9271\/revisions"}],"wp:featuredmedia":[{"embeddable":true,"href":"https:\/\/blogs.diariosur.es\/tormentas-y-rayos\/wp-json\/wp\/v2\/media\/9274"}],"wp:attachment":[{"href":"https:\/\/blogs.diariosur.es\/tormentas-y-rayos\/wp-json\/wp\/v2\/media?parent=9271"}],"wp:term":[{"taxonomy":"category","embeddable":true,"href":"https:\/\/blogs.diariosur.es\/tormentas-y-rayos\/wp-json\/wp\/v2\/categories?post=9271"},{"taxonomy":"post_tag","embeddable":true,"href":"https:\/\/blogs.diariosur.es\/tormentas-y-rayos\/wp-json\/wp\/v2\/tags?post=9271"}],"curies":[{"name":"wp","href":"https:\/\/api.w.org\/{rel}","templated":true}]}}