{"id":9281,"date":"2014-08-28T07:19:48","date_gmt":"2014-08-28T05:19:48","guid":{"rendered":"http:\/\/blogs.diariosur.es\/tormentas-y-rayos\/?p=9281"},"modified":"2014-08-28T07:19:48","modified_gmt":"2014-08-28T05:19:48","slug":"aviso-amarillo-en-antequera-y-muchos-puntos-de-andalucia-masa-de-aire-calido-africana-alora-da-la-maxima-de-espana-con-414-grados","status":"publish","type":"post","link":"https:\/\/blogs.diariosur.es\/tormentas-y-rayos\/2014\/08\/28\/aviso-amarillo-en-antequera-y-muchos-puntos-de-andalucia-masa-de-aire-calido-africana-alora-da-la-maxima-de-espana-con-414-grados\/","title":{"rendered":"Aviso amarillo  en Antequera y muchos puntos de Andaluc\u00eda ( masa de aire c\u00e1lido africana).  \u00c1lora da la maxima de Espa\u00f1a con 41,4 grados."},"content":{"rendered":"<p><img loading=\"lazy\" class=\"aligncenter\" src=\"https:\/\/farm3.staticflickr.com\/2898\/14371881571_bbae3518b1_q.jpg\" alt=\"\" width=\"150\" height=\"150\" \/><\/p>\n<p>&nbsp;<\/p>\n<p>&nbsp;<\/p>\n<p>&nbsp;<\/p>\n<p>&nbsp;<\/p>\n<p><strong>Buenos dias amigos de la meteo.<\/strong><\/p>\n<p><strong>Hoy quiero dedicar el post a mi padre Juan Luis, gracias a \u00e9l tengo esta pasi\u00f3n por la\u00a0meteorolog\u00eda, \u00a0hace un a\u00f1o que nos dejo, pero cada vez que salgo a la calle y miro al cielo me acuerdo de ti. \u00a0Os paso el\u00a0enlace donde habla de como era \u00c9l.<\/strong><\/p>\n<p><strong><a href=\"https:\/\/blogs.diariosur.es\/tormentas-y-rayos\/2013\/09\/01\/volviste-a-pilotar-esta-vez-para-descansar-entre-las-nubes\/\">VOLVISTE \u00a0A PILOTAR , ESTA VEZ PARA DESCANSAR ENTRE LAS NUBES.<\/a><\/strong><\/p>\n<p><strong>Son las seis de la ma\u00f1ana, registro 24,8 grados con una humedad cercana al 83%. Hoy de nuevo, \u00a0y al enfriarse un poco el agua del mar podemos tener brumas y bancos de niebla.<\/strong><\/p>\n<p><strong>Una masa de aire\u00a0c\u00e1lido\u00a0Africana\u00a0har\u00e1\u00a0que las temperaturas suban en muchos puntos de Andaluc\u00eda. Por este motivo la Aemet ha activado el aviso amarillo en Antequera y provincias de C\u00f3rdoba, \u00a0Sevilla, Ja\u00e9n Granada, Cadiz \u00a0y Huelva. Fuente Aemet.<\/strong><\/p>\n<p><a href=\"https:\/\/blogs.diariosur.es\/tormentas-y-rayos\/2014\/08\/28\/aviso-amarillo-en-antequera-y-muchos-puntos-de-andalucia-masa-de-aire-calido-africana-alora-da-la-maxima-de-espana-con-414-grados\/20140828040000_avi_hoy_ccaa61\/\" rel=\"attachment wp-att-9282\"><img loading=\"lazy\" class=\"aligncenter size-full wp-image-9282\" title=\"20140828040000_avi_hoy_ccaa61\" src=\"\/tormentas-y-rayos\/wp-content\/uploads\/sites\/12\/2014\/08\/20140828040000_avi_hoy_ccaa61.png\" alt=\"\" width=\"500\" height=\"334\" \/><\/a><\/p>\n<p>&nbsp;<\/p>\n<p><strong>La comarca de Antequera rondara los 39 grados. En cambio en M\u00e1laga Capital la maxima no pasara de los 32, pero el bochorno\u00a0har\u00e1\u00a0que la sensaci\u00f3n\u00a0t\u00e9rmica\u00a0sea de mas calor. \u00a0El levante para el que le guste le\u00a0dar\u00e1\u00a0un respiro jijiji. Toca sudar.<\/strong><\/p>\n<p><a href=\"https:\/\/blogs.diariosur.es\/tormentas-y-rayos\/2014\/08\/28\/aviso-amarillo-en-antequera-y-muchos-puntos-de-andalucia-masa-de-aire-calido-africana-alora-da-la-maxima-de-espana-con-414-grados\/14353538456_623f2b5b89_o-2\/\" rel=\"attachment wp-att-9283\"><img loading=\"lazy\" class=\"aligncenter size-medium wp-image-9283\" title=\"14353538456_623f2b5b89_o\" src=\"\/tormentas-y-rayos\/wp-content\/uploads\/sites\/12\/2014\/08\/14353538456_623f2b5b89_o1.jpg\" alt=\"\" width=\"329\" height=\"400\" srcset=\"https:\/\/static-blogs.diariosur.es\/wp-content\/uploads\/sites\/12\/2014\/08\/14353538456_623f2b5b89_o1.jpg 470w, https:\/\/static-blogs.diariosur.es\/wp-content\/uploads\/sites\/12\/2014\/08\/14353538456_623f2b5b89_o1-330x400.jpg 330w\" sizes=\"(max-width: 329px) 100vw, 329px\" \/><\/a><\/p>\n<p>&nbsp;<\/p>\n<p><strong>Ayer\u00a0mi\u00e9rcoles\u00a0de nuevo \u00c1lora dio la maxima no solo de Andaluc\u00eda si no tambi\u00e9n de toda la\u00a0pen\u00ednsula. Me comentaba un amigo que vive\u00a0all\u00ed\u00a0que era insoportable tanto aire caliente \u00a0y que hacia muchos a\u00f1os que no\u00a0se daba este calor. \u00c1lora llego a los 41,4 grados, pero Co\u00edn tambi\u00e9n registro una maxima muy alta, concretamente 40,8 grados<\/strong><\/p>\n<p><a href=\"https:\/\/blogs.diariosur.es\/tormentas-y-rayos\/2014\/08\/28\/aviso-amarillo-en-antequera-y-muchos-puntos-de-andalucia-masa-de-aire-calido-africana-alora-da-la-maxima-de-espana-con-414-grados\/coin-4\/\" rel=\"attachment wp-att-9284\"><img loading=\"lazy\" class=\"aligncenter size-full wp-image-9284\" title=\"coin\" src=\"\/tormentas-y-rayos\/wp-content\/uploads\/sites\/12\/2014\/08\/coin.jpg\" alt=\"\" width=\"396\" height=\"372\" \/><\/a><\/p>\n<p><strong>En lo que respecta a la Capital Malague\u00f1a, la maxima la dio el Centro\u00a0Meteorol\u00f3gico\u00a0con 36 grados, le sigue \u00a0el puerto con 35 y el Aeropuerto con 34,9. \u00a0 Fuente AEMET.<\/strong><\/p>\n<p><a href=\"https:\/\/blogs.diariosur.es\/tormentas-y-rayos\/2014\/08\/28\/aviso-amarillo-en-antequera-y-muchos-puntos-de-andalucia-masa-de-aire-calido-africana-alora-da-la-maxima-de-espana-con-414-grados\/1-69\/\" rel=\"attachment wp-att-9285\"><img loading=\"lazy\" class=\"aligncenter size-medium wp-image-9285\" title=\"1\" src=\"\/tormentas-y-rayos\/wp-content\/uploads\/sites\/12\/2014\/08\/17.jpg\" alt=\"\" width=\"600\" height=\"256\" srcset=\"https:\/\/static-blogs.diariosur.es\/wp-content\/uploads\/sites\/12\/2014\/08\/17.jpg 713w, https:\/\/static-blogs.diariosur.es\/wp-content\/uploads\/sites\/12\/2014\/08\/17-640x274.jpg 640w\" sizes=\"(max-width: 600px) 100vw, 600px\" \/><\/a><\/p>\n<p><a href=\"https:\/\/blogs.diariosur.es\/tormentas-y-rayos\/2014\/08\/28\/aviso-amarillo-en-antequera-y-muchos-puntos-de-andalucia-masa-de-aire-calido-africana-alora-da-la-maxima-de-espana-con-414-grados\/2-57\/\" rel=\"attachment wp-att-9286\"><img loading=\"lazy\" class=\"aligncenter size-medium wp-image-9286\" title=\"2\" src=\"\/tormentas-y-rayos\/wp-content\/uploads\/sites\/12\/2014\/08\/23.jpg\" alt=\"\" width=\"600\" height=\"248\" srcset=\"https:\/\/static-blogs.diariosur.es\/wp-content\/uploads\/sites\/12\/2014\/08\/23.jpg 751w, https:\/\/static-blogs.diariosur.es\/wp-content\/uploads\/sites\/12\/2014\/08\/23-640x265.jpg 640w\" sizes=\"(max-width: 600px) 100vw, 600px\" \/><\/a><\/p>\n<p><a href=\"https:\/\/blogs.diariosur.es\/tormentas-y-rayos\/2014\/08\/28\/aviso-amarillo-en-antequera-y-muchos-puntos-de-andalucia-masa-de-aire-calido-africana-alora-da-la-maxima-de-espana-con-414-grados\/3-39\/\" rel=\"attachment wp-att-9287\"><img loading=\"lazy\" class=\"aligncenter size-medium wp-image-9287\" title=\"3\" src=\"\/tormentas-y-rayos\/wp-content\/uploads\/sites\/12\/2014\/08\/31.jpg\" alt=\"\" width=\"600\" height=\"250\" srcset=\"https:\/\/static-blogs.diariosur.es\/wp-content\/uploads\/sites\/12\/2014\/08\/31.jpg 731w, https:\/\/static-blogs.diariosur.es\/wp-content\/uploads\/sites\/12\/2014\/08\/31-640x267.jpg 640w\" sizes=\"(max-width: 600px) 100vw, 600px\" \/><\/a><\/p>\n<p><strong>Otro dato a destacar fue la direcci\u00f3n del viento, en los\u00a0gr\u00e1ficos\u00a0de todas las estaciones que tiene M\u00e1laga \u00a0la direcci\u00f3n del viento al\u00a0principio era de terral ( noroeste) , luego a partir del\u00a0mediod\u00eda\u00a0cambio a\u00a0sureste. Muchos me\u00a0dir\u00e9is&#8230;. Jose eso fue lo que tu comentabas en tu pronostico, ya lo se amigos, pero la temperatura no bajo mucho, aun se notaba aire caliente y no tengo muy claro el por qu\u00e9.<\/strong><\/p>\n<p><a href=\"https:\/\/blogs.diariosur.es\/tormentas-y-rayos\/2014\/08\/28\/aviso-amarillo-en-antequera-y-muchos-puntos-de-andalucia-masa-de-aire-calido-africana-alora-da-la-maxima-de-espana-con-414-grados\/a-vert-2\/\" rel=\"attachment wp-att-9289\"><img loading=\"lazy\" class=\"aligncenter size-full wp-image-9289\" title=\"a-vert\" src=\"\/tormentas-y-rayos\/wp-content\/uploads\/sites\/12\/2014\/08\/a-vert.jpg\" alt=\"\" width=\"632\" height=\"819\" srcset=\"https:\/\/static-blogs.diariosur.es\/wp-content\/uploads\/sites\/12\/2014\/08\/a-vert.jpg 632w, https:\/\/static-blogs.diariosur.es\/wp-content\/uploads\/sites\/12\/2014\/08\/a-vert-309x400.jpg 309w\" sizes=\"(max-width: 632px) 100vw, 632px\" \/><\/a><\/p>\n<p>&nbsp;<\/p>\n<p>&nbsp;<\/p>\n<p><strong>Poco mas que contar amigos de la meteo, el terral nos\u00a0dar\u00e1\u00a0un respiro y el viento predominante sera el sur sureste hasta el domingo. Del fin de semana hablaremos ma\u00f1ana.\u00a0<\/strong><\/p>\n<p><img loading=\"lazy\" class=\"aligncenter\" src=\"https:\/\/farm3.staticflickr.com\/2938\/14216709420_875b2cb4e7.jpg\" alt=\"\" width=\"409\" height=\"500\" \/><\/p>\n<p><strong>\u00a0<\/strong><\/p>\n<p><strong>Un beso muy grande de todos. Vas a ser bisabuelo<\/strong><\/p>\n<p><img loading=\"lazy\" class=\"aligncenter\" src=\"\/tormentas-y-rayos\/wp-content\/uploads\/sites\/12\/2013\/09\/CONVAR8CONVAR8.jpg\" alt=\"\" width=\"660\" height=\"495\" \/><\/p>\n<p>&nbsp;<\/p>\n<p><img loading=\"lazy\" class=\"aligncenter\" src=\"\/tormentas-y-rayos\/wp-content\/uploads\/sites\/12\/2013\/09\/034034.jpg\" alt=\"\" width=\"533\" height=\"400\" \/><\/p>\n","protected":false},"excerpt":{"rendered":"<p>&nbsp; &nbsp; &nbsp; &nbsp; Buenos dias amigos de la meteo. Hoy quiero dedicar el post a mi padre Juan Luis, gracias a \u00e9l tengo esta pasi\u00f3n por la\u00a0meteorolog\u00eda, \u00a0hace un a\u00f1o que nos dejo, pero cada vez que salgo a la calle y miro al cielo me acuerdo de ti. \u00a0Os paso el\u00a0enlace donde habla [&hellip;]<\/p>\n","protected":false},"author":16,"featured_media":9288,"comment_status":"open","ping_status":"open","sticky":false,"template":"","format":"standard","meta":[],"categories":[2],"tags":[63,81,91,113,151,959],"_links":{"self":[{"href":"https:\/\/blogs.diariosur.es\/tormentas-y-rayos\/wp-json\/wp\/v2\/posts\/9281"}],"collection":[{"href":"https:\/\/blogs.diariosur.es\/tormentas-y-rayos\/wp-json\/wp\/v2\/posts"}],"about":[{"href":"https:\/\/blogs.diariosur.es\/tormentas-y-rayos\/wp-json\/wp\/v2\/types\/post"}],"author":[{"embeddable":true,"href":"https:\/\/blogs.diariosur.es\/tormentas-y-rayos\/wp-json\/wp\/v2\/users\/16"}],"replies":[{"embeddable":true,"href":"https:\/\/blogs.diariosur.es\/tormentas-y-rayos\/wp-json\/wp\/v2\/comments?post=9281"}],"version-history":[{"count":0,"href":"https:\/\/blogs.diariosur.es\/tormentas-y-rayos\/wp-json\/wp\/v2\/posts\/9281\/revisions"}],"wp:featuredmedia":[{"embeddable":true,"href":"https:\/\/blogs.diariosur.es\/tormentas-y-rayos\/wp-json\/wp\/v2\/media\/9288"}],"wp:attachment":[{"href":"https:\/\/blogs.diariosur.es\/tormentas-y-rayos\/wp-json\/wp\/v2\/media?parent=9281"}],"wp:term":[{"taxonomy":"category","embeddable":true,"href":"https:\/\/blogs.diariosur.es\/tormentas-y-rayos\/wp-json\/wp\/v2\/categories?post=9281"},{"taxonomy":"post_tag","embeddable":true,"href":"https:\/\/blogs.diariosur.es\/tormentas-y-rayos\/wp-json\/wp\/v2\/tags?post=9281"}],"curies":[{"name":"wp","href":"https:\/\/api.w.org\/{rel}","templated":true}]}}