{"id":9291,"date":"2014-08-29T07:34:32","date_gmt":"2014-08-29T05:34:32","guid":{"rendered":"http:\/\/blogs.diariosur.es\/tormentas-y-rayos\/?p=9291"},"modified":"2014-08-29T07:34:32","modified_gmt":"2014-08-29T05:34:32","slug":"prevision-del-tiempo-ultimos-dias-de-agosto-posibilidad-de-tormentas-veraniegas-en-los-sistemas-montanosos","status":"publish","type":"post","link":"https:\/\/blogs.diariosur.es\/tormentas-y-rayos\/2014\/08\/29\/prevision-del-tiempo-ultimos-dias-de-agosto-posibilidad-de-tormentas-veraniegas-en-los-sistemas-montanosos\/","title":{"rendered":"Previsi\u00f3n del tiempo \u00faltimos dias de agosto. Posibilidad de tormentas veraniegas en los sistemas monta\u00f1osos."},"content":{"rendered":"<p>&nbsp;<\/p>\n<p><img loading=\"lazy\" class=\"aligncenter\" src=\"https:\/\/farm3.staticflickr.com\/2898\/14371881571_bbae3518b1_q.jpg\" alt=\"\" width=\"150\" height=\"150\" \/><\/p>\n<p>&nbsp;<\/p>\n<p>&nbsp;<\/p>\n<p><strong>Buenos dias amigos de la meteo, buenos dias por decir algo. Yo no se vosotros, pero yo no he pegado ojo en toda la noche, que calorrrrrrrrrrrrrrr, que sudorrrrrrrrr. No puedorrrrrrrrrr masssssssssss.<\/strong><\/p>\n<p><strong>Registro cuando son las seis de la ma\u00f1ana 25,5 grados, la humedad es del 89% en mi estaci\u00f3n, los cielos est\u00e1n algo nubosos y hay algo de niebla en la Costa Malague\u00f1a. Os paso el\u00a0gr\u00e1fico\u00a0de humedad de\u00a0la\u00a0estaci\u00f3n\u00a0que tiene la Aemet en la zona de teatinos. Mas del 92% toda la madrugada.\u00a0<\/strong><\/p>\n<p><a href=\"https:\/\/blogs.diariosur.es\/tormentas-y-rayos\/2014\/08\/29\/prevision-del-tiempo-ultimos-dias-de-agosto-posibilidad-de-tormentas-veraniegas-en-los-sistemas-montanosos\/captura-402\/\" rel=\"attachment wp-att-9299\"><img loading=\"lazy\" class=\"aligncenter size-medium wp-image-9299\" title=\"Captura\" src=\"\/tormentas-y-rayos\/wp-content\/uploads\/sites\/12\/2014\/08\/Captura21.jpg\" alt=\"\" width=\"600\" height=\"264\" srcset=\"https:\/\/static-blogs.diariosur.es\/wp-content\/uploads\/sites\/12\/2014\/08\/Captura21.jpg 725w, https:\/\/static-blogs.diariosur.es\/wp-content\/uploads\/sites\/12\/2014\/08\/Captura21-640x282.jpg 640w\" sizes=\"(max-width: 600px) 100vw, 600px\" \/><\/a><\/p>\n<p>&nbsp;<\/p>\n<p><strong>Hoy viernes los vientos\u00a0ser\u00e1n\u00a0de suroeste en la Costa Malague\u00f1a, bajaran las\u00a0m\u00e1ximas\u00a0por la zona de Antequera y Ronda. Hay posibilidad de alguna peque\u00f1a reboza de terral, ya veremos si se da por la zona del Guadalhorce.<\/strong><\/p>\n<p>&nbsp;<\/p>\n<p><strong>Las temperaturas bajaran un poco en Andaluc\u00eda, sobre todo por el Valle del Guadalquivir e interior. Ayer las m\u00e1ximas\u00a0de la\u00a0pen\u00ednsula\u00a0la dieron C\u00f3rdoba y Granada con 40 grados. Hoy y ma\u00f1ana no creo que lleguen a esas\u00a0m\u00e1ximas. La masa de aire\u00a0c\u00e1lida\u00a0\u00a0africana \u00a0que nos afecto ayer se ha retirado. \u00a0Con esto no quiero decir que no\u00a0har\u00e1\u00a0calor, simplemente que sera mas llevadero en estas zonas. En altura y debido al calor acumulado tenemos una ligera inestabilidad, esto se puede traducir en amagos tormentosos a partir de ma\u00f1ana\u00a0s\u00e1bado\u00a0y el domingo, siendo mas posibles en los\u00a0sistemas monta\u00f1osos.<\/strong><\/p>\n<p><strong> El domingo el levante tomara protagonismo en el Estrecho \u00a0y\u00a0traer\u00e1\u00a0nubes bajas al litoral\u00a0<\/strong><strong>mediterr\u00e1neo andaluz.<\/strong><\/p>\n<p><img loading=\"lazy\" class=\"aligncenter\" src=\"https:\/\/farm3.staticflickr.com\/2938\/14216709420_e901192f2d_o.jpg\" alt=\"\" width=\"430\" height=\"526\" \/><\/p>\n<p>&nbsp;<\/p>\n<p><strong>La maxima de ayer en M\u00e1laga la dio la estaci\u00f3n del Puerto con 31,4 grados. Por la tarde y debido al calor, \u00a0y a una ligera inestabilidad se formaron estos altocumulus, incluso algunos castellanus.<\/strong><\/p>\n<p><strong>Incluso a ultima hora de la noche se registraron algunos goteos por la costa malague\u00f1a. Estos goteos se dieron tambi\u00e9n durante la madrugada en el Mar de Albor\u00e1n.<\/strong><\/p>\n<p><strong>Foto tomada a las seis de la tarde antes de entrar al curro.<\/strong><\/p>\n<p>&nbsp;<\/p>\n<p><a href=\"https:\/\/blogs.diariosur.es\/tormentas-y-rayos\/2014\/08\/29\/prevision-del-tiempo-ultimos-dias-de-agosto-posibilidad-de-tormentas-veraniegas-en-los-sistemas-montanosos\/10506798_10203426012589955_926521650830440526_o-2\/\" rel=\"attachment wp-att-9294\"><img loading=\"lazy\" class=\"aligncenter size-full wp-image-9294\" title=\"10506798_10203426012589955_926521650830440526_o\" src=\"\/tormentas-y-rayos\/wp-content\/uploads\/sites\/12\/2014\/08\/10506798_10203426012589955_926521650830440526_o1.jpg\" alt=\"\" width=\"640\" height=\"360\" \/><\/a><\/p>\n<p>&nbsp;<\/p>\n<p>&nbsp;<\/p>\n<p>&nbsp;<\/p>\n<p><strong>Benjamin Moreno Fernandez, los cazaba desde alta mar, concretamente desde Benajarafe. Preciosas fotos amigo, gracias por compartirlas.<\/strong><\/p>\n<p>&nbsp;<\/p>\n<p>&nbsp;<\/p>\n<p>&nbsp;<\/p>\n<p>&nbsp;<\/p>\n<p><a href=\"https:\/\/blogs.diariosur.es\/tormentas-y-rayos\/2014\/08\/29\/prevision-del-tiempo-ultimos-dias-de-agosto-posibilidad-de-tormentas-veraniegas-en-los-sistemas-montanosos\/benjamin-moreno-fernandez_1\/\" rel=\"attachment wp-att-9295\"><img loading=\"lazy\" class=\"aligncenter size-full wp-image-9295\" title=\"benjamin moreno fernandez_1\" src=\"\/tormentas-y-rayos\/wp-content\/uploads\/sites\/12\/2014\/08\/benjamin-moreno-fernandez_1.jpg\" alt=\"\" width=\"360\" height=\"640\" srcset=\"https:\/\/static-blogs.diariosur.es\/wp-content\/uploads\/sites\/12\/2014\/08\/benjamin-moreno-fernandez_1.jpg 360w, https:\/\/static-blogs.diariosur.es\/wp-content\/uploads\/sites\/12\/2014\/08\/benjamin-moreno-fernandez_1-225x400.jpg 225w\" sizes=\"(max-width: 360px) 100vw, 360px\" \/><\/a><\/p>\n<p>&nbsp;<\/p>\n<p><a href=\"https:\/\/blogs.diariosur.es\/tormentas-y-rayos\/2014\/08\/29\/prevision-del-tiempo-ultimos-dias-de-agosto-posibilidad-de-tormentas-veraniegas-en-los-sistemas-montanosos\/10389144_969663746393202_2296328516557995069_n\/\" rel=\"attachment wp-att-9296\"><img loading=\"lazy\" class=\"aligncenter size-full wp-image-9296\" title=\"10389144_969663746393202_2296328516557995069_n\" src=\"\/tormentas-y-rayos\/wp-content\/uploads\/sites\/12\/2014\/08\/10389144_969663746393202_2296328516557995069_n.jpg\" alt=\"\" width=\"640\" height=\"360\" \/><\/a><\/p>\n<p>&nbsp;<\/p>\n<p>&nbsp;<\/p>\n<p>&nbsp;<\/p>\n<p><strong>Poco mas que contar amigos de la meteo. \u00a0Ma\u00f1ana si hay algo importante\u00a0actualizare\u00a0el blog de nuevo.<\/strong><\/p>\n<p><strong> Os dejo con este fot\u00f3n de mi amiga Aurora Pulido. Me ha encantado.<\/strong><\/p>\n<p>&nbsp;<\/p>\n<p>&nbsp;<\/p>\n<p>&nbsp;<\/p>\n<p><a href=\"https:\/\/blogs.diariosur.es\/tormentas-y-rayos\/2014\/08\/29\/prevision-del-tiempo-ultimos-dias-de-agosto-posibilidad-de-tormentas-veraniegas-en-los-sistemas-montanosos\/aurora-pulido-8\/\" rel=\"attachment wp-att-9297\"><img loading=\"lazy\" class=\"aligncenter size-full wp-image-9297\" title=\"aurora pulido\" src=\"\/tormentas-y-rayos\/wp-content\/uploads\/sites\/12\/2014\/08\/aurora-pulido.jpg\" alt=\"\" width=\"640\" height=\"480\" srcset=\"https:\/\/static-blogs.diariosur.es\/wp-content\/uploads\/sites\/12\/2014\/08\/aurora-pulido.jpg 640w, https:\/\/static-blogs.diariosur.es\/wp-content\/uploads\/sites\/12\/2014\/08\/aurora-pulido-533x400.jpg 533w\" sizes=\"(max-width: 640px) 100vw, 640px\" \/><\/a><\/p>\n<p>&nbsp;<\/p>\n<p>&nbsp;<\/p>\n","protected":false},"excerpt":{"rendered":"<p>&nbsp; &nbsp; &nbsp; Buenos dias amigos de la meteo, buenos dias por decir algo. Yo no se vosotros, pero yo no he pegado ojo en toda la noche, que calorrrrrrrrrrrrrrr, que sudorrrrrrrrr. No puedorrrrrrrrrr masssssssssss. Registro cuando son las seis de la ma\u00f1ana 25,5 grados, la humedad es del 89% en mi estaci\u00f3n, los cielos [&hellip;]<\/p>\n","protected":false},"author":16,"featured_media":9297,"comment_status":"open","ping_status":"open","sticky":false,"template":"","format":"standard","meta":[],"categories":[2],"tags":[50,331,809,980,996,1033],"_links":{"self":[{"href":"https:\/\/blogs.diariosur.es\/tormentas-y-rayos\/wp-json\/wp\/v2\/posts\/9291"}],"collection":[{"href":"https:\/\/blogs.diariosur.es\/tormentas-y-rayos\/wp-json\/wp\/v2\/posts"}],"about":[{"href":"https:\/\/blogs.diariosur.es\/tormentas-y-rayos\/wp-json\/wp\/v2\/types\/post"}],"author":[{"embeddable":true,"href":"https:\/\/blogs.diariosur.es\/tormentas-y-rayos\/wp-json\/wp\/v2\/users\/16"}],"replies":[{"embeddable":true,"href":"https:\/\/blogs.diariosur.es\/tormentas-y-rayos\/wp-json\/wp\/v2\/comments?post=9291"}],"version-history":[{"count":0,"href":"https:\/\/blogs.diariosur.es\/tormentas-y-rayos\/wp-json\/wp\/v2\/posts\/9291\/revisions"}],"wp:featuredmedia":[{"embeddable":true,"href":"https:\/\/blogs.diariosur.es\/tormentas-y-rayos\/wp-json\/wp\/v2\/media\/9297"}],"wp:attachment":[{"href":"https:\/\/blogs.diariosur.es\/tormentas-y-rayos\/wp-json\/wp\/v2\/media?parent=9291"}],"wp:term":[{"taxonomy":"category","embeddable":true,"href":"https:\/\/blogs.diariosur.es\/tormentas-y-rayos\/wp-json\/wp\/v2\/categories?post=9291"},{"taxonomy":"post_tag","embeddable":true,"href":"https:\/\/blogs.diariosur.es\/tormentas-y-rayos\/wp-json\/wp\/v2\/tags?post=9291"}],"curies":[{"name":"wp","href":"https:\/\/api.w.org\/{rel}","templated":true}]}}