{"id":9304,"date":"2014-09-01T07:21:52","date_gmt":"2014-09-01T05:21:52","guid":{"rendered":"http:\/\/blogs.diariosur.es\/tormentas-y-rayos\/?p=9304"},"modified":"2014-09-01T07:21:52","modified_gmt":"2014-09-01T05:21:52","slug":"prevision-del-tiempo-septiembre-comienza-con-la-misma-tonica-de-agosto-levante-bochorno-terral-brumas-y-nieblas-fotos-del-nubarron-del-viernes","status":"publish","type":"post","link":"https:\/\/blogs.diariosur.es\/tormentas-y-rayos\/2014\/09\/01\/prevision-del-tiempo-septiembre-comienza-con-la-misma-tonica-de-agosto-levante-bochorno-terral-brumas-y-nieblas-fotos-del-nubarron-del-viernes\/","title":{"rendered":"Previsi\u00f3n del tiempo. Septiembre comienza con la misma t\u00f3nica de Agosto. Levante, bochorno, terral, brumas y nieblas. Fotos del nubarr\u00f3n del viernes."},"content":{"rendered":"<p>&nbsp;<\/p>\n<p><img loading=\"lazy\" class=\"aligncenter\" src=\"https:\/\/farm3.staticflickr.com\/2898\/14371881571_bbae3518b1_q.jpg\" alt=\"\" width=\"150\" height=\"150\" \/><\/p>\n<p>&nbsp;<\/p>\n<p>&nbsp;<\/p>\n<p>&nbsp;<\/p>\n<p>&nbsp;<\/p>\n<p>&nbsp;<\/p>\n<p><span style=\"color: #0000ff;\"><strong>Buenos dias amigos de la meteo.\u00a0<\/strong><\/span><\/p>\n<p><span style=\"color: #0000ff;\"><strong>Son las cinco y media de la ma\u00f1ana, registro 25.8 \u00a0grados y los cielos\u00a0est\u00e1n \u00a0muy nubosos debido al levante.<\/strong><\/span><\/p>\n<p><span style=\"color: #0000ff;\"><strong> Antes de nada quiero felicitar a mi cu\u00f1ado Jose Guevara ( Fefo) por su cumplea\u00f1os. \u00a0Me hubiera gustado regalarte un terral pero hasta el\u00a0mi\u00e9rcoles\u00a0no\u00a0podr\u00e1\u00a0ser jijijij.\u00a0<\/strong><\/span><\/p>\n<p><a href=\"https:\/\/blogs.diariosur.es\/tormentas-y-rayos\/2014\/09\/01\/prevision-del-tiempo-septiembre-comienza-con-la-misma-tonica-de-agosto-levante-bochorno-terral-brumas-y-nieblas-fotos-del-nubarron-del-viernes\/poliyodef1-5\/\" rel=\"attachment wp-att-9305\"><img loading=\"lazy\" class=\"aligncenter size-medium wp-image-9305\" title=\"PoliYOdef[1]\" src=\"\/tormentas-y-rayos\/wp-content\/uploads\/sites\/12\/2014\/08\/PoliYOdef1.jpg\" alt=\"\" width=\"533\" height=\"400\" srcset=\"https:\/\/static-blogs.diariosur.es\/wp-content\/uploads\/sites\/12\/2014\/08\/PoliYOdef1.jpg 660w, https:\/\/static-blogs.diariosur.es\/wp-content\/uploads\/sites\/12\/2014\/08\/PoliYOdef1-533x400.jpg 533w\" sizes=\"(max-width: 533px) 100vw, 533px\" \/><\/a><\/p>\n<p>&nbsp;<\/p>\n<p><span style=\"color: #0000ff;\"><strong>La humedad ha sido bestial durante toda la noche, tengo hasta charquitos en el suelo jijijji. El nublado que hemos tenido no ha dejado escapar el calor acumulado del dia pasado. Fijaros en el\u00a0gr\u00e1fico\u00a0de Teatinos, la humedad cercana al 90%. Fuente Aemet<\/strong><\/span><\/p>\n<p>&nbsp;<\/p>\n<p><a href=\"https:\/\/blogs.diariosur.es\/tormentas-y-rayos\/2014\/09\/01\/prevision-del-tiempo-septiembre-comienza-con-la-misma-tonica-de-agosto-levante-bochorno-terral-brumas-y-nieblas-fotos-del-nubarron-del-viernes\/humedaddd\/\" rel=\"attachment wp-att-9324\"><img loading=\"lazy\" class=\"aligncenter size-medium wp-image-9324\" title=\"humedaddd\" src=\"\/tormentas-y-rayos\/wp-content\/uploads\/sites\/12\/2014\/09\/humedaddd.jpg\" alt=\"\" width=\"600\" height=\"276\" srcset=\"https:\/\/static-blogs.diariosur.es\/wp-content\/uploads\/sites\/12\/2014\/09\/humedaddd.jpg 721w, https:\/\/static-blogs.diariosur.es\/wp-content\/uploads\/sites\/12\/2014\/09\/humedaddd-640x295.jpg 640w\" sizes=\"(max-width: 600px) 100vw, 600px\" \/><\/a><\/p>\n<p>&nbsp;<\/p>\n<p><span style=\"color: #0000ff;\"><strong>Como os comento en el titulo del post, septiembre comienza con la misma\u00a0t\u00f3nica\u00a0de Agosto. \u00a0Tanto hoy lunes \u00a0como ma\u00f1ana martes \u00a0la\u00a0<\/strong><strong>humedad \u00a0y el bochorno ser\u00e1n\u00a0los\u00a0protagonistas en la Costa\u00a0Mediterr\u00e1nea\u00a0Andaluza, por el interior y Valle del Guadalquivir de nuevo se activaran los avisos amarillos por altas temperaturas.<\/strong><\/span><\/p>\n<p><span style=\"color: #0000ff;\"><strong>El\u00a0mi\u00e9rcoles\u00a0de nuevo el terral\u00a0entrar\u00eda, pero casi seguro que solo durara un dia. El jueves si se ha\u00a0enfriado\u00a0un poco el agua, de nuevo las brumas y bancos de nieblas pueden aparecer en el Litoral\u00a0Mediterr\u00e1neo\u00a0Andaluz. Sobre el terral del\u00a0mi\u00e9rcoles\u00a0hablaremos ma\u00f1ana que libro.\u00a0<\/strong><\/span><\/p>\n<p>&nbsp;<\/p>\n<p>&nbsp;<\/p>\n<p><img loading=\"lazy\" class=\"aligncenter\" src=\"https:\/\/farm4.staticflickr.com\/3904\/14353538456_9a3c31e11a.jpg\" alt=\"\" width=\"412\" height=\"500\" \/><\/p>\n<p>&nbsp;<\/p>\n<p><span style=\"color: #ff0000;\"><strong>Se cumplieron los\u00a0pron\u00f3sticos\u00a0del fin de semana, incluso cayeron algunas gotas por el litoral de Almeria y Granada, muy poca cosa. Tambi\u00e9n se formaron tormentas en la provincia de Granada como\u00a0pod\u00e9is\u00a0ver en el mapa de rayos.<\/strong><\/span><\/p>\n<p><a href=\"https:\/\/blogs.diariosur.es\/tormentas-y-rayos\/2014\/09\/01\/prevision-del-tiempo-septiembre-comienza-con-la-misma-tonica-de-agosto-levante-bochorno-terral-brumas-y-nieblas-fotos-del-nubarron-del-viernes\/captura-403\/\" rel=\"attachment wp-att-9320\"><img loading=\"lazy\" class=\"aligncenter size-full wp-image-9320\" title=\"Captura\" src=\"\/tormentas-y-rayos\/wp-content\/uploads\/sites\/12\/2014\/08\/Captura22.jpg\" alt=\"\" width=\"552\" height=\"601\" srcset=\"https:\/\/static-blogs.diariosur.es\/wp-content\/uploads\/sites\/12\/2014\/08\/Captura22.jpg 552w, https:\/\/static-blogs.diariosur.es\/wp-content\/uploads\/sites\/12\/2014\/08\/Captura22-367x400.jpg 367w\" sizes=\"(max-width: 552px) 100vw, 552px\" \/><\/a><\/p>\n<p><span style=\"color: #ff0000;\"><strong>Las\u00a0m\u00e1ximas\u00a0en Andaluc\u00eda no sobrepasaron los 38 grados el\u00a0s\u00e1bado\u00a0y rondaron los 38 el domingo. Lo mas bonito del domingo fue el amanecer que tuvimos, el sol ya esta casi a punto de salir por el mar. Su hora de salida sobre las ocho menos\u00a0cuarto. Os paso unas cuantas fotos.<a href=\"https:\/\/www.flickr.com\/photos\/jose_luis_escudero\/with\/14910695988\/\" rel=\"external nofollow\"><span style=\"color: #ff0000;\"> Las\u00a0dem\u00e1s\u00a0pod\u00e9is\u00a0verlas en mi galeria de flick<\/span><\/a><\/strong><\/span><\/p>\n<p><img loading=\"lazy\" class=\"aligncenter\" src=\"https:\/\/farm6.staticflickr.com\/5556\/14910699307_8a77b5e52a_z.jpg\" alt=\"\" width=\"640\" height=\"427\" \/><\/p>\n<p>&nbsp;<\/p>\n<p>&nbsp;<\/p>\n<p><img loading=\"lazy\" class=\"aligncenter\" src=\"https:\/\/farm4.staticflickr.com\/3841\/15096888642_844bc50be7_z.jpg\" alt=\"\" width=\"427\" height=\"640\" \/><\/p>\n<p>&nbsp;<\/p>\n<p>&nbsp;<\/p>\n<p><img loading=\"lazy\" class=\"aligncenter\" src=\"https:\/\/farm4.staticflickr.com\/3881\/14910695988_b75bdf1ff3_z.jpg\" alt=\"\" width=\"640\" height=\"427\" \/><\/p>\n<p>&nbsp;<\/p>\n<p><span style=\"color: #ff0000;\"><strong>Os paso el resumen del\u00a0s\u00e1bado\u00a0y del domingo. Fuente Aemet.<\/strong><\/span><\/p>\n<p><a href=\"https:\/\/blogs.diariosur.es\/tormentas-y-rayos\/2014\/09\/01\/prevision-del-tiempo-septiembre-comienza-con-la-misma-tonica-de-agosto-levante-bochorno-terral-brumas-y-nieblas-fotos-del-nubarron-del-viernes\/sabadon\/\" rel=\"attachment wp-att-9321\"><img loading=\"lazy\" class=\"aligncenter size-large wp-image-9321\" title=\"sabadon\" src=\"\/tormentas-y-rayos\/wp-content\/uploads\/sites\/12\/2014\/08\/sabadon.jpg\" alt=\"\" width=\"485\" height=\"600\" srcset=\"https:\/\/static-blogs.diariosur.es\/wp-content\/uploads\/sites\/12\/2014\/08\/sabadon.jpg 781w, https:\/\/static-blogs.diariosur.es\/wp-content\/uploads\/sites\/12\/2014\/08\/sabadon-324x400.jpg 324w, https:\/\/static-blogs.diariosur.es\/wp-content\/uploads\/sites\/12\/2014\/08\/sabadon-768x949.jpg 768w\" sizes=\"(max-width: 485px) 100vw, 485px\" \/><\/a><\/p>\n<p>&nbsp;<\/p>\n<p><a href=\"https:\/\/blogs.diariosur.es\/tormentas-y-rayos\/2014\/09\/01\/prevision-del-tiempo-septiembre-comienza-con-la-misma-tonica-de-agosto-levante-bochorno-terral-brumas-y-nieblas-fotos-del-nubarron-del-viernes\/domingon\/\" rel=\"attachment wp-att-9322\"><img loading=\"lazy\" class=\"aligncenter size-large wp-image-9322\" title=\"domingon\" src=\"\/tormentas-y-rayos\/wp-content\/uploads\/sites\/12\/2014\/08\/domingon.jpg\" alt=\"\" width=\"502\" height=\"600\" srcset=\"https:\/\/static-blogs.diariosur.es\/wp-content\/uploads\/sites\/12\/2014\/08\/domingon.jpg 812w, https:\/\/static-blogs.diariosur.es\/wp-content\/uploads\/sites\/12\/2014\/08\/domingon-335x400.jpg 335w, https:\/\/static-blogs.diariosur.es\/wp-content\/uploads\/sites\/12\/2014\/08\/domingon-768x916.jpg 768w\" sizes=\"(max-width: 502px) 100vw, 502px\" \/><\/a><\/p>\n<p>&nbsp;<\/p>\n<p><span style=\"color: #ff00ff;\"><strong>Hoy me he levantado un poco mas temprano de lo habitual para actualizar el blog, \u00a0y es que tengo que poner un mont\u00f3n de fotos que he recibido de esa\u00a0impresionante\u00a0nube que se dio el viernes a las nueve de la\u00a0noche. Creo que es del genero Altostratus mamma, de todas formas lo confirmare. Yo la\u00a0fotografi\u00e9\u00a0con el\u00a0m\u00f3vil\u00a0saliendo del curro.<\/strong><\/span><\/p>\n<p>&nbsp;<\/p>\n<p><a href=\"https:\/\/blogs.diariosur.es\/tormentas-y-rayos\/2014\/09\/01\/prevision-del-tiempo-septiembre-comienza-con-la-misma-tonica-de-agosto-levante-bochorno-terral-brumas-y-nieblas-fotos-del-nubarron-del-viernes\/10616686_10203439387164311_3844567717494898133_n_1-2\/\" rel=\"attachment wp-att-9306\"><img loading=\"lazy\" class=\"aligncenter size-full wp-image-9306\" title=\"10616686_10203439387164311_3844567717494898133_n_1\" src=\"\/tormentas-y-rayos\/wp-content\/uploads\/sites\/12\/2014\/08\/10616686_10203439387164311_3844567717494898133_n_11.jpg\" alt=\"\" width=\"390\" height=\"693\" srcset=\"https:\/\/static-blogs.diariosur.es\/wp-content\/uploads\/sites\/12\/2014\/08\/10616686_10203439387164311_3844567717494898133_n_11.jpg 390w, https:\/\/static-blogs.diariosur.es\/wp-content\/uploads\/sites\/12\/2014\/08\/10616686_10203439387164311_3844567717494898133_n_11-225x400.jpg 225w\" sizes=\"(max-width: 390px) 100vw, 390px\" \/><\/a><\/p>\n<p>&nbsp;<\/p>\n<p><span style=\"color: #ff00ff;\"><strong>Muchas gracias a tod@s por las fotos que me\u00a0hab\u00e9is\u00a0mandado del viernes, son todas una pasada. Muchas gracias.<\/strong><\/span><\/p>\n<p>&nbsp;<\/p>\n<p><strong>Miguel \u00c1ngel \u00c1vila .<\/strong><\/p>\n<p><a href=\"https:\/\/blogs.diariosur.es\/tormentas-y-rayos\/2014\/09\/01\/prevision-del-tiempo-septiembre-comienza-con-la-misma-tonica-de-agosto-levante-bochorno-terral-brumas-y-nieblas-fotos-del-nubarron-del-viernes\/img_4178\/\" rel=\"attachment wp-att-9323\"><img loading=\"lazy\" class=\"aligncenter size-full wp-image-9323\" title=\"IMG_4178\" src=\"\/tormentas-y-rayos\/wp-content\/uploads\/sites\/12\/2014\/08\/IMG_4178.jpg\" alt=\"\" width=\"640\" height=\"480\" srcset=\"https:\/\/static-blogs.diariosur.es\/wp-content\/uploads\/sites\/12\/2014\/08\/IMG_4178.jpg 640w, https:\/\/static-blogs.diariosur.es\/wp-content\/uploads\/sites\/12\/2014\/08\/IMG_4178-533x400.jpg 533w\" sizes=\"(max-width: 640px) 100vw, 640px\" \/><\/a><\/p>\n<p>&nbsp;<\/p>\n<p>&nbsp;<\/p>\n<p>&nbsp;<\/p>\n<p><strong>Alicia Ramirez.<\/strong><\/p>\n<p>&nbsp;<\/p>\n<p><a href=\"https:\/\/blogs.diariosur.es\/tormentas-y-rayos\/2014\/09\/01\/prevision-del-tiempo-septiembre-comienza-con-la-misma-tonica-de-agosto-levante-bochorno-terral-brumas-y-nieblas-fotos-del-nubarron-del-viernes\/alicia-ramirez-2\/\" rel=\"attachment wp-att-9307\"><img loading=\"lazy\" class=\"aligncenter size-full wp-image-9307\" title=\"alicia ramirez\" src=\"\/tormentas-y-rayos\/wp-content\/uploads\/sites\/12\/2014\/08\/alicia-ramirez.jpg\" alt=\"\" width=\"640\" height=\"480\" srcset=\"https:\/\/static-blogs.diariosur.es\/wp-content\/uploads\/sites\/12\/2014\/08\/alicia-ramirez.jpg 640w, https:\/\/static-blogs.diariosur.es\/wp-content\/uploads\/sites\/12\/2014\/08\/alicia-ramirez-533x400.jpg 533w\" sizes=\"(max-width: 640px) 100vw, 640px\" \/><\/a><\/p>\n<p>&nbsp;<\/p>\n<p><strong>Elena Mart\u00edn.<\/strong><\/p>\n<p><a href=\"https:\/\/blogs.diariosur.es\/tormentas-y-rayos\/2014\/09\/01\/prevision-del-tiempo-septiembre-comienza-con-la-misma-tonica-de-agosto-levante-bochorno-terral-brumas-y-nieblas-fotos-del-nubarron-del-viernes\/elena-mm-martin\/\" rel=\"attachment wp-att-9309\"><img loading=\"lazy\" class=\"aligncenter size-full wp-image-9309\" title=\"ELENA MM MARTIN\" src=\"\/tormentas-y-rayos\/wp-content\/uploads\/sites\/12\/2014\/08\/ELENA-MM-MARTIN.jpg\" alt=\"\" width=\"640\" height=\"480\" srcset=\"https:\/\/static-blogs.diariosur.es\/wp-content\/uploads\/sites\/12\/2014\/08\/ELENA-MM-MARTIN.jpg 640w, https:\/\/static-blogs.diariosur.es\/wp-content\/uploads\/sites\/12\/2014\/08\/ELENA-MM-MARTIN-533x400.jpg 533w\" sizes=\"(max-width: 640px) 100vw, 640px\" \/><\/a><\/p>\n<p>&nbsp;<\/p>\n<p><strong>Eva Casta\u00f1o desde Cadiz.<\/strong><\/p>\n<p>&nbsp;<\/p>\n<p><a href=\"https:\/\/blogs.diariosur.es\/tormentas-y-rayos\/2014\/09\/01\/prevision-del-tiempo-septiembre-comienza-con-la-misma-tonica-de-agosto-levante-bochorno-terral-brumas-y-nieblas-fotos-del-nubarron-del-viernes\/eva-castano-desde-el-palmar-cadiz\/\" rel=\"attachment wp-att-9310\"><img loading=\"lazy\" class=\"aligncenter size-full wp-image-9310\" title=\"eva casta\u00f1o desde el palmar cadiz\" src=\"\/tormentas-y-rayos\/wp-content\/uploads\/sites\/12\/2014\/08\/eva-casta\u00f1o-desde-el-palmar-cadiz.jpg\" alt=\"\" width=\"640\" height=\"480\" srcset=\"https:\/\/static-blogs.diariosur.es\/wp-content\/uploads\/sites\/12\/2014\/08\/eva-casta\u00f1o-desde-el-palmar-cadiz.jpg 640w, https:\/\/static-blogs.diariosur.es\/wp-content\/uploads\/sites\/12\/2014\/08\/eva-casta\u00f1o-desde-el-palmar-cadiz-533x400.jpg 533w\" sizes=\"(max-width: 640px) 100vw, 640px\" \/><\/a><\/p>\n<p>&nbsp;<\/p>\n<p><strong>Jaime Mart\u00edn nos manda la niebla de la ma\u00f1ana y el nubarr\u00f3n de la tarde.<\/strong><\/p>\n<p><a href=\"https:\/\/blogs.diariosur.es\/tormentas-y-rayos\/2014\/09\/01\/prevision-del-tiempo-septiembre-comienza-con-la-misma-tonica-de-agosto-levante-bochorno-terral-brumas-y-nieblas-fotos-del-nubarron-del-viernes\/jaime-marti\/\" rel=\"attachment wp-att-9311\"><img loading=\"lazy\" class=\"aligncenter size-full wp-image-9311\" title=\"jaime marti\" src=\"\/tormentas-y-rayos\/wp-content\/uploads\/sites\/12\/2014\/08\/jaime-marti.jpg\" alt=\"\" width=\"640\" height=\"427\" srcset=\"https:\/\/static-blogs.diariosur.es\/wp-content\/uploads\/sites\/12\/2014\/08\/jaime-marti.jpg 640w, https:\/\/static-blogs.diariosur.es\/wp-content\/uploads\/sites\/12\/2014\/08\/jaime-marti-600x400.jpg 600w\" sizes=\"(max-width: 640px) 100vw, 640px\" \/><\/a><\/p>\n<p>&nbsp;<\/p>\n<p><a href=\"https:\/\/blogs.diariosur.es\/tormentas-y-rayos\/2014\/09\/01\/prevision-del-tiempo-septiembre-comienza-con-la-misma-tonica-de-agosto-levante-bochorno-terral-brumas-y-nieblas-fotos-del-nubarron-del-viernes\/jaime-martin\/\" rel=\"attachment wp-att-9312\"><img loading=\"lazy\" class=\"aligncenter size-full wp-image-9312\" title=\"jaime martin\" src=\"\/tormentas-y-rayos\/wp-content\/uploads\/sites\/12\/2014\/08\/jaime-martin.jpg\" alt=\"\" width=\"640\" height=\"427\" srcset=\"https:\/\/static-blogs.diariosur.es\/wp-content\/uploads\/sites\/12\/2014\/08\/jaime-martin.jpg 640w, https:\/\/static-blogs.diariosur.es\/wp-content\/uploads\/sites\/12\/2014\/08\/jaime-martin-600x400.jpg 600w\" sizes=\"(max-width: 640px) 100vw, 640px\" \/><\/a><\/p>\n<p>&nbsp;<\/p>\n<p>&nbsp;<\/p>\n<p><strong>Lola Martinez.<\/strong><\/p>\n<p><a href=\"https:\/\/blogs.diariosur.es\/tormentas-y-rayos\/2014\/09\/01\/prevision-del-tiempo-septiembre-comienza-con-la-misma-tonica-de-agosto-levante-bochorno-terral-brumas-y-nieblas-fotos-del-nubarron-del-viernes\/lola-martinez-2\/\" rel=\"attachment wp-att-9313\"><img loading=\"lazy\" class=\"aligncenter size-full wp-image-9313\" title=\"lola martinez\" src=\"\/tormentas-y-rayos\/wp-content\/uploads\/sites\/12\/2014\/08\/lola-martinez.jpg\" alt=\"\" width=\"380\" height=\"676\" srcset=\"https:\/\/static-blogs.diariosur.es\/wp-content\/uploads\/sites\/12\/2014\/08\/lola-martinez.jpg 380w, https:\/\/static-blogs.diariosur.es\/wp-content\/uploads\/sites\/12\/2014\/08\/lola-martinez-225x400.jpg 225w\" sizes=\"(max-width: 380px) 100vw, 380px\" \/><\/a><\/p>\n<p><strong>Lui Garcia Marin<\/strong><\/p>\n<p>&nbsp;<\/p>\n<p>&nbsp;<\/p>\n<p><a href=\"https:\/\/blogs.diariosur.es\/tormentas-y-rayos\/2014\/09\/01\/prevision-del-tiempo-septiembre-comienza-con-la-misma-tonica-de-agosto-levante-bochorno-terral-brumas-y-nieblas-fotos-del-nubarron-del-viernes\/lui-garcia-marin\/\" rel=\"attachment wp-att-9314\"><img loading=\"lazy\" class=\"aligncenter size-full wp-image-9314\" title=\"lui garcia marin\" src=\"\/tormentas-y-rayos\/wp-content\/uploads\/sites\/12\/2014\/08\/lui-garcia-marin.jpg\" alt=\"\" width=\"640\" height=\"433\" srcset=\"https:\/\/static-blogs.diariosur.es\/wp-content\/uploads\/sites\/12\/2014\/08\/lui-garcia-marin.jpg 640w, https:\/\/static-blogs.diariosur.es\/wp-content\/uploads\/sites\/12\/2014\/08\/lui-garcia-marin-591x400.jpg 591w\" sizes=\"(max-width: 640px) 100vw, 640px\" \/><\/a><\/p>\n<p>&nbsp;<\/p>\n<p><strong>Manuel Rosa nos manda estas dos.<\/strong><\/p>\n<p>&nbsp;<\/p>\n<p><a href=\"https:\/\/blogs.diariosur.es\/tormentas-y-rayos\/2014\/09\/01\/prevision-del-tiempo-septiembre-comienza-con-la-misma-tonica-de-agosto-levante-bochorno-terral-brumas-y-nieblas-fotos-del-nubarron-del-viernes\/manuel-rosa-2\/\" rel=\"attachment wp-att-9315\"><img loading=\"lazy\" class=\"aligncenter size-full wp-image-9315\" title=\"manuel rosa\" src=\"\/tormentas-y-rayos\/wp-content\/uploads\/sites\/12\/2014\/08\/manuel-rosa.jpg\" alt=\"\" width=\"640\" height=\"427\" srcset=\"https:\/\/static-blogs.diariosur.es\/wp-content\/uploads\/sites\/12\/2014\/08\/manuel-rosa.jpg 640w, https:\/\/static-blogs.diariosur.es\/wp-content\/uploads\/sites\/12\/2014\/08\/manuel-rosa-600x400.jpg 600w\" sizes=\"(max-width: 640px) 100vw, 640px\" \/><\/a><\/p>\n<p>&nbsp;<\/p>\n<p><a href=\"https:\/\/blogs.diariosur.es\/tormentas-y-rayos\/2014\/09\/01\/prevision-del-tiempo-septiembre-comienza-con-la-misma-tonica-de-agosto-levante-bochorno-terral-brumas-y-nieblas-fotos-del-nubarron-del-viernes\/manuel-3\/\" rel=\"attachment wp-att-9316\"><img loading=\"lazy\" class=\"aligncenter size-full wp-image-9316\" title=\"manuel\" src=\"\/tormentas-y-rayos\/wp-content\/uploads\/sites\/12\/2014\/08\/manuel.jpg\" alt=\"\" width=\"450\" height=\"674\" srcset=\"https:\/\/static-blogs.diariosur.es\/wp-content\/uploads\/sites\/12\/2014\/08\/manuel.jpg 450w, https:\/\/static-blogs.diariosur.es\/wp-content\/uploads\/sites\/12\/2014\/08\/manuel-267x400.jpg 267w\" sizes=\"(max-width: 450px) 100vw, 450px\" \/><\/a><\/p>\n<p>&nbsp;<\/p>\n<p><strong>Maria Molina.<\/strong><\/p>\n<p>&nbsp;<\/p>\n<p><a href=\"https:\/\/blogs.diariosur.es\/tormentas-y-rayos\/2014\/09\/01\/prevision-del-tiempo-septiembre-comienza-con-la-misma-tonica-de-agosto-levante-bochorno-terral-brumas-y-nieblas-fotos-del-nubarron-del-viernes\/maria-molina-4\/\" rel=\"attachment wp-att-9317\"><img loading=\"lazy\" class=\"aligncenter size-full wp-image-9317\" title=\"maria molina\" src=\"\/tormentas-y-rayos\/wp-content\/uploads\/sites\/12\/2014\/08\/maria-molina.jpg\" alt=\"\" width=\"640\" height=\"384\" \/><\/a><\/p>\n<p>&nbsp;<\/p>\n<p><strong>Maril\u00f3 Diaz<\/strong><\/p>\n<p>&nbsp;<\/p>\n<p><a href=\"https:\/\/blogs.diariosur.es\/tormentas-y-rayos\/2014\/09\/01\/prevision-del-tiempo-septiembre-comienza-con-la-misma-tonica-de-agosto-levante-bochorno-terral-brumas-y-nieblas-fotos-del-nubarron-del-viernes\/marilo-diaz-6\/\" rel=\"attachment wp-att-9318\"><img loading=\"lazy\" class=\"aligncenter size-full wp-image-9318\" title=\"maril\u00f3 diaz\" src=\"\/tormentas-y-rayos\/wp-content\/uploads\/sites\/12\/2014\/08\/maril\u00f3-diaz.jpg\" alt=\"\" width=\"640\" height=\"480\" srcset=\"https:\/\/static-blogs.diariosur.es\/wp-content\/uploads\/sites\/12\/2014\/08\/maril\u00f3-diaz.jpg 640w, https:\/\/static-blogs.diariosur.es\/wp-content\/uploads\/sites\/12\/2014\/08\/maril\u00f3-diaz-533x400.jpg 533w\" sizes=\"(max-width: 640px) 100vw, 640px\" \/><\/a><\/p>\n<p>&nbsp;<\/p>\n<p><strong>Marilo Moreno Rodriguez<\/strong><\/p>\n<p><a href=\"https:\/\/blogs.diariosur.es\/tormentas-y-rayos\/2014\/09\/01\/prevision-del-tiempo-septiembre-comienza-con-la-misma-tonica-de-agosto-levante-bochorno-terral-brumas-y-nieblas-fotos-del-nubarron-del-viernes\/marilo-moreno-roriguez\/\" rel=\"attachment wp-att-9319\"><img loading=\"lazy\" class=\"aligncenter size-full wp-image-9319\" title=\"marilo moreno roriguez\" src=\"\/tormentas-y-rayos\/wp-content\/uploads\/sites\/12\/2014\/08\/marilo-moreno-roriguez.jpg\" alt=\"\" width=\"480\" height=\"640\" srcset=\"https:\/\/static-blogs.diariosur.es\/wp-content\/uploads\/sites\/12\/2014\/08\/marilo-moreno-roriguez.jpg 480w, https:\/\/static-blogs.diariosur.es\/wp-content\/uploads\/sites\/12\/2014\/08\/marilo-moreno-roriguez-300x400.jpg 300w\" sizes=\"(max-width: 480px) 100vw, 480px\" \/><\/a><\/p>\n<p>&nbsp;<\/p>\n<p>&nbsp;<\/p>\n<p><strong>Maribel RS<\/strong><\/p>\n<p>&nbsp;<\/p>\n<p><a href=\"https:\/\/blogs.diariosur.es\/tormentas-y-rayos\/2014\/09\/01\/prevision-del-tiempo-septiembre-comienza-con-la-misma-tonica-de-agosto-levante-bochorno-terral-brumas-y-nieblas-fotos-del-nubarron-del-viernes\/maribel-rs\/\" rel=\"attachment wp-att-9325\"><img loading=\"lazy\" class=\"aligncenter size-full wp-image-9325\" title=\"Maribel Rs\" src=\"\/tormentas-y-rayos\/wp-content\/uploads\/sites\/12\/2014\/09\/Maribel-Rs.jpg\" alt=\"\" width=\"640\" height=\"480\" srcset=\"https:\/\/static-blogs.diariosur.es\/wp-content\/uploads\/sites\/12\/2014\/09\/Maribel-Rs.jpg 640w, https:\/\/static-blogs.diariosur.es\/wp-content\/uploads\/sites\/12\/2014\/09\/Maribel-Rs-533x400.jpg 533w\" sizes=\"(max-width: 640px) 100vw, 640px\" \/><\/a><\/p>\n<p>&nbsp;<\/p>\n<p>&nbsp;<\/p>\n<p><strong>Ma\u00f1ana como libro intentare fotografiar el amanecer, y digo que intentare porque hoy tenemos balance en mi curro y saldremos muy tarde. De todas formas el blog si lo actualizare para hablar del terral del\u00a0mi\u00e9rcoles.\u00a0<\/strong><\/p>\n<p><span style=\"color: #ff0000;\"><strong>El\u00a0mi\u00e9rcoles\u00a0se\u00a0inaugura \u00a0la primera Exposici\u00f3n Fotogr\u00e1fica a beneficios de Aldeas Infantiles. Los 21 fotografos que colaboramos hemos llevado unas fotos impresionantes, son una pasada de bonitas. Ma\u00f1ana y el miercoles hablaremos mas de esto.<\/strong><\/span><\/p>\n<p><strong><a href=\"https:\/\/blogs.diariosur.es\/tormentas-y-rayos\/2014\/09\/01\/prevision-del-tiempo-septiembre-comienza-con-la-misma-tonica-de-agosto-levante-bochorno-terral-brumas-y-nieblas-fotos-del-nubarron-del-viernes\/aldeas\/\" rel=\"attachment wp-att-9326\"><img loading=\"lazy\" class=\"aligncenter size-full wp-image-9326\" title=\"aldeas\" src=\"\/tormentas-y-rayos\/wp-content\/uploads\/sites\/12\/2014\/09\/aldeas.jpg\" alt=\"\" width=\"640\" height=\"268\" \/><\/a>\u00a0\u00a0<\/strong><\/p>\n<p>&nbsp;<\/p>\n","protected":false},"excerpt":{"rendered":"<p>&nbsp; &nbsp; &nbsp; &nbsp; &nbsp; &nbsp; Buenos dias amigos de la meteo.\u00a0 Son las cinco y media de la ma\u00f1ana, registro 25.8 \u00a0grados y los cielos\u00a0est\u00e1n \u00a0muy nubosos debido al levante. Antes de nada quiero felicitar a mi cu\u00f1ado Jose Guevara ( Fefo) por su cumplea\u00f1os. \u00a0Me hubiera gustado regalarte un terral pero hasta el\u00a0mi\u00e9rcoles\u00a0no\u00a0podr\u00e1\u00a0ser [&hellip;]<\/p>\n","protected":false},"author":16,"featured_media":9327,"comment_status":"open","ping_status":"open","sticky":false,"template":"","format":"standard","meta":[],"categories":[2],"tags":[183,494,553,809,907,975,980],"_links":{"self":[{"href":"https:\/\/blogs.diariosur.es\/tormentas-y-rayos\/wp-json\/wp\/v2\/posts\/9304"}],"collection":[{"href":"https:\/\/blogs.diariosur.es\/tormentas-y-rayos\/wp-json\/wp\/v2\/posts"}],"about":[{"href":"https:\/\/blogs.diariosur.es\/tormentas-y-rayos\/wp-json\/wp\/v2\/types\/post"}],"author":[{"embeddable":true,"href":"https:\/\/blogs.diariosur.es\/tormentas-y-rayos\/wp-json\/wp\/v2\/users\/16"}],"replies":[{"embeddable":true,"href":"https:\/\/blogs.diariosur.es\/tormentas-y-rayos\/wp-json\/wp\/v2\/comments?post=9304"}],"version-history":[{"count":0,"href":"https:\/\/blogs.diariosur.es\/tormentas-y-rayos\/wp-json\/wp\/v2\/posts\/9304\/revisions"}],"wp:featuredmedia":[{"embeddable":true,"href":"https:\/\/blogs.diariosur.es\/tormentas-y-rayos\/wp-json\/wp\/v2\/media\/9327"}],"wp:attachment":[{"href":"https:\/\/blogs.diariosur.es\/tormentas-y-rayos\/wp-json\/wp\/v2\/media?parent=9304"}],"wp:term":[{"taxonomy":"category","embeddable":true,"href":"https:\/\/blogs.diariosur.es\/tormentas-y-rayos\/wp-json\/wp\/v2\/categories?post=9304"},{"taxonomy":"post_tag","embeddable":true,"href":"https:\/\/blogs.diariosur.es\/tormentas-y-rayos\/wp-json\/wp\/v2\/tags?post=9304"}],"curies":[{"name":"wp","href":"https:\/\/api.w.org\/{rel}","templated":true}]}}