{"id":9328,"date":"2014-09-02T09:49:18","date_gmt":"2014-09-02T07:49:18","guid":{"rendered":"http:\/\/blogs.diariosur.es\/tormentas-y-rayos\/?p=9328"},"modified":"2014-09-02T09:49:18","modified_gmt":"2014-09-02T07:49:18","slug":"aviso-amarillo-de-momento-se-confirma-el-terral-en-malaga-para-el-miercoles-bajan-las-maximas-en-muchos-puntos-de-la-peninsula","status":"publish","type":"post","link":"https:\/\/blogs.diariosur.es\/tormentas-y-rayos\/2014\/09\/02\/aviso-amarillo-de-momento-se-confirma-el-terral-en-malaga-para-el-miercoles-bajan-las-maximas-en-muchos-puntos-de-la-peninsula\/","title":{"rendered":"Aviso amarillo de momento. Se confirma el terral en M\u00e1laga para el mi\u00e9rcoles.   Bajan las m\u00e1ximas en muchos puntos de la pen\u00ednsula."},"content":{"rendered":"<p><img loading=\"lazy\" class=\"aligncenter\" src=\"https:\/\/farm3.staticflickr.com\/2898\/14371881571_bbae3518b1_q.jpg\" alt=\"\" width=\"150\" height=\"150\" \/><\/p>\n<p>&nbsp;<\/p>\n<p>&nbsp;<\/p>\n<p>&nbsp;<\/p>\n<p><strong>Buenos dias amigos de la meteo,\u00a0as\u00ed\u00a0amanec\u00eda\u00a0hoy \u00a0dos de\u00a0Septiembre\u00a0en M\u00e1laga Capital. Aunque no\u00a0hab\u00eda\u00a0ni una sola nubecilla, el amanecer ha estado precioso. Pedazo de regalo que os hago ehhhhh, ayer\u00a0salimos\u00a0del curro a las dos de la ma\u00f1ana. Va por todos mis compa\u00f1eros del Corte Ingl\u00e9s\u00a0Bah\u00eda\u00a0M\u00e1laga.<\/strong><\/p>\n<p>&nbsp;<\/p>\n<p><img loading=\"lazy\" class=\"aligncenter\" src=\"https:\/\/farm6.staticflickr.com\/5587\/15114990982_ec66f9aba2_z.jpg\" alt=\"\" width=\"640\" height=\"427\" \/><\/p>\n<p>&nbsp;<\/p>\n<p><img loading=\"lazy\" class=\"aligncenter\" src=\"https:\/\/farm4.staticflickr.com\/3855\/14928806207_6f3747bfd8_z.jpg\" alt=\"\" width=\"640\" height=\"427\" \/><\/p>\n<p>&nbsp;<\/p>\n<p><strong><a href=\"https:\/\/www.flickr.com\/photos\/jose_luis_escudero\/\" rel=\"external nofollow\">SI\u00a0QUER\u00c9IS\u00a0VER MAS PINCHAR AQUI<\/a><\/strong><\/p>\n<p><strong>En estos momentos cuando son las ocho y media de la ma\u00f1ana registro 23,8 grados, la humedad ha bajado un poco y los cielos est\u00e1n despejados. Hoy siguen activos los avisos amarillos por altas temperaturas en muchos puntos de Andaluc\u00eda, Castilla La Mancha, Comunidad de Madrid, Extremadura y Galicia, como es el caso de Ourense que es naranja.<\/strong><\/p>\n<p><a href=\"https:\/\/blogs.diariosur.es\/tormentas-y-rayos\/2014\/09\/02\/aviso-amarillo-de-momento-se-confirma-el-terral-en-malaga-para-el-miercoles-bajan-las-maximas-en-muchos-puntos-de-la-peninsula\/captura-404\/\" rel=\"attachment wp-att-9330\"><img loading=\"lazy\" class=\"aligncenter size-full wp-image-9330\" title=\"Captura\" src=\"\/tormentas-y-rayos\/wp-content\/uploads\/sites\/12\/2014\/09\/Captura.jpg\" alt=\"\" width=\"637\" height=\"412\" srcset=\"https:\/\/static-blogs.diariosur.es\/wp-content\/uploads\/sites\/12\/2014\/09\/Captura.jpg 637w, https:\/\/static-blogs.diariosur.es\/wp-content\/uploads\/sites\/12\/2014\/09\/Captura-618x400.jpg 618w\" sizes=\"(max-width: 637px) 100vw, 637px\" \/><\/a><\/p>\n<p>&nbsp;<\/p>\n<p><strong>Pero \u00a0a estos calores le quedan dos telediarios, ya que ma\u00f1ana\u00a0mi\u00e9rcoles\u00a0una vaguada retirara la masa de aire\u00a0c\u00e1lido\u00a0Africana hacia el este, con la consiguiente bajada de temperaturas. Os paso estas dos mapas de temperaturas a 850 hpa ( 1500) , en el primero que es de ahora mismo se ve claramente \u00a0la dorsal africana abarcando hasta Galicia.\u00a0<\/strong><\/p>\n<p>&nbsp;<\/p>\n<p><a href=\"https:\/\/blogs.diariosur.es\/tormentas-y-rayos\/2014\/09\/02\/aviso-amarillo-de-momento-se-confirma-el-terral-en-malaga-para-el-miercoles-bajan-las-maximas-en-muchos-puntos-de-la-peninsula\/dorsal-africana-2\/\" rel=\"attachment wp-att-9331\"><img loading=\"lazy\" class=\"aligncenter size-medium wp-image-9331\" title=\"dorsal africana\" src=\"\/tormentas-y-rayos\/wp-content\/uploads\/sites\/12\/2014\/09\/dorsal-africana.jpg\" alt=\"\" width=\"600\" height=\"383\" srcset=\"https:\/\/static-blogs.diariosur.es\/wp-content\/uploads\/sites\/12\/2014\/09\/dorsal-africana.jpg 769w, https:\/\/static-blogs.diariosur.es\/wp-content\/uploads\/sites\/12\/2014\/09\/dorsal-africana-626x400.jpg 626w, https:\/\/static-blogs.diariosur.es\/wp-content\/uploads\/sites\/12\/2014\/09\/dorsal-africana-768x490.jpg 768w\" sizes=\"(max-width: 600px) 100vw, 600px\" \/><\/a><\/p>\n<p>&nbsp;<\/p>\n<p>&nbsp;<\/p>\n<p><strong>En este segundo mapa previsto para ma\u00f1ana, la dorsal se retira hacia el este.<\/strong><\/p>\n<p><a href=\"https:\/\/blogs.diariosur.es\/tormentas-y-rayos\/2014\/09\/02\/aviso-amarillo-de-momento-se-confirma-el-terral-en-malaga-para-el-miercoles-bajan-las-maximas-en-muchos-puntos-de-la-peninsula\/va1\/\" rel=\"attachment wp-att-9332\"><img loading=\"lazy\" class=\"aligncenter size-medium wp-image-9332\" title=\"va1\" src=\"\/tormentas-y-rayos\/wp-content\/uploads\/sites\/12\/2014\/09\/va1.jpg\" alt=\"\" width=\"600\" height=\"365\" srcset=\"https:\/\/static-blogs.diariosur.es\/wp-content\/uploads\/sites\/12\/2014\/09\/va1.jpg 761w, https:\/\/static-blogs.diariosur.es\/wp-content\/uploads\/sites\/12\/2014\/09\/va1-640x389.jpg 640w\" sizes=\"(max-width: 600px) 100vw, 600px\" \/><\/a><\/p>\n<p><strong>Esto\u00a0traer\u00e1\u00a0consigo que los vientos soplen del oeste, con lo cual el terral seria el protagonista ma\u00f1ana en M\u00e1laga Capital y zonas expuestas a este viento. Por este motivo la Aemet de momento activa el aviso amarillo\u00a0por\u00a0altas temperaturas.<strong>Septiembre sigue la misma\u00a0t\u00f3nica\u00a0de Agosto, ya os lo comentaba ayer en el post.<\/strong><\/strong><\/p>\n<p>&nbsp;<\/p>\n<p><a href=\"https:\/\/blogs.diariosur.es\/tormentas-y-rayos\/2014\/09\/02\/aviso-amarillo-de-momento-se-confirma-el-terral-en-malaga-para-el-miercoles-bajan-las-maximas-en-muchos-puntos-de-la-peninsula\/aviso-8\/\" rel=\"attachment wp-att-9329\"><img loading=\"lazy\" class=\"aligncenter size-full wp-image-9329\" title=\"aviso\" src=\"\/tormentas-y-rayos\/wp-content\/uploads\/sites\/12\/2014\/09\/aviso.jpg\" alt=\"\" width=\"628\" height=\"422\" srcset=\"https:\/\/static-blogs.diariosur.es\/wp-content\/uploads\/sites\/12\/2014\/09\/aviso.jpg 628w, https:\/\/static-blogs.diariosur.es\/wp-content\/uploads\/sites\/12\/2014\/09\/aviso-595x400.jpg 595w\" sizes=\"(max-width: 628px) 100vw, 628px\" \/><\/a><\/p>\n<p><strong>Seg\u00fan la temperatura que tengamos a 850 hpa, \u00a0el terral sera flojo o algo mas fuerte en temperatura.\u00a0<\/strong><strong>\u00a0Tambi\u00e9n hay que tener en\u00a0cuenta\u00a0la hora de entrada de nuestro querido viento\u00a0malague\u00f1o. <\/strong><\/p>\n<p>&nbsp;<\/p>\n<p><strong>Aunque ma\u00f1ana lo confirmare, el terral se\u00a0quitar\u00eda\u00a0el jueves antes del\u00a0mediod\u00eda.<\/strong><\/p>\n<p>&nbsp;<\/p>\n<p><img loading=\"lazy\" class=\"aligncenter\" src=\"https:\/\/farm6.staticflickr.com\/5576\/14447608476_f8e3d33ca9.jpg\" alt=\"\" width=\"400\" height=\"500\" \/><\/p>\n<p>&nbsp;<\/p>\n<p><strong>Os recuerdo de nuevo que ma\u00f1ana a las ocho de la tarde se inaugura la Primera Exposici\u00f3n\u00a0Fotogr\u00e1fica en beneficio de Aldeas Infantiles.<\/strong><\/p>\n<p>&nbsp;<\/p>\n<p><strong><a href=\"https:\/\/blogs.diariosur.es\/tormentas-y-rayos\/2014\/09\/02\/aviso-amarillo-de-momento-se-confirma-el-terral-en-malaga-para-el-miercoles-bajan-las-maximas-en-muchos-puntos-de-la-peninsula\/captura-405\/\" rel=\"attachment wp-att-9333\"><img loading=\"lazy\" class=\"aligncenter size-medium wp-image-9333\" title=\"Captura\" src=\"\/tormentas-y-rayos\/wp-content\/uploads\/sites\/12\/2014\/09\/Captura1.jpg\" alt=\"\" width=\"600\" height=\"312\" srcset=\"https:\/\/static-blogs.diariosur.es\/wp-content\/uploads\/sites\/12\/2014\/09\/Captura1.jpg 909w, https:\/\/static-blogs.diariosur.es\/wp-content\/uploads\/sites\/12\/2014\/09\/Captura1-640x333.jpg 640w, https:\/\/static-blogs.diariosur.es\/wp-content\/uploads\/sites\/12\/2014\/09\/Captura1-768x400.jpg 768w\" sizes=\"(max-width: 600px) 100vw, 600px\" \/><\/a>\u00a0<\/strong><\/p>\n","protected":false},"excerpt":{"rendered":"<p>&nbsp; &nbsp; &nbsp; Buenos dias amigos de la meteo,\u00a0as\u00ed\u00a0amanec\u00eda\u00a0hoy \u00a0dos de\u00a0Septiembre\u00a0en M\u00e1laga Capital. Aunque no\u00a0hab\u00eda\u00a0ni una sola nubecilla, el amanecer ha estado precioso. Pedazo de regalo que os hago ehhhhh, ayer\u00a0salimos\u00a0del curro a las dos de la ma\u00f1ana. Va por todos mis compa\u00f1eros del Corte Ingl\u00e9s\u00a0Bah\u00eda\u00a0M\u00e1laga. &nbsp; &nbsp; &nbsp; SI\u00a0QUER\u00c9IS\u00a0VER MAS PINCHAR AQUI En estos [&hellip;]<\/p>\n","protected":false},"author":16,"featured_media":9333,"comment_status":"open","ping_status":"open","sticky":false,"template":"","format":"standard","meta":[],"categories":[2],"tags":[63,91,151,587,975],"_links":{"self":[{"href":"https:\/\/blogs.diariosur.es\/tormentas-y-rayos\/wp-json\/wp\/v2\/posts\/9328"}],"collection":[{"href":"https:\/\/blogs.diariosur.es\/tormentas-y-rayos\/wp-json\/wp\/v2\/posts"}],"about":[{"href":"https:\/\/blogs.diariosur.es\/tormentas-y-rayos\/wp-json\/wp\/v2\/types\/post"}],"author":[{"embeddable":true,"href":"https:\/\/blogs.diariosur.es\/tormentas-y-rayos\/wp-json\/wp\/v2\/users\/16"}],"replies":[{"embeddable":true,"href":"https:\/\/blogs.diariosur.es\/tormentas-y-rayos\/wp-json\/wp\/v2\/comments?post=9328"}],"version-history":[{"count":0,"href":"https:\/\/blogs.diariosur.es\/tormentas-y-rayos\/wp-json\/wp\/v2\/posts\/9328\/revisions"}],"wp:featuredmedia":[{"embeddable":true,"href":"https:\/\/blogs.diariosur.es\/tormentas-y-rayos\/wp-json\/wp\/v2\/media\/9333"}],"wp:attachment":[{"href":"https:\/\/blogs.diariosur.es\/tormentas-y-rayos\/wp-json\/wp\/v2\/media?parent=9328"}],"wp:term":[{"taxonomy":"category","embeddable":true,"href":"https:\/\/blogs.diariosur.es\/tormentas-y-rayos\/wp-json\/wp\/v2\/categories?post=9328"},{"taxonomy":"post_tag","embeddable":true,"href":"https:\/\/blogs.diariosur.es\/tormentas-y-rayos\/wp-json\/wp\/v2\/tags?post=9328"}],"curies":[{"name":"wp","href":"https:\/\/api.w.org\/{rel}","templated":true}]}}