{"id":9334,"date":"2014-09-03T07:32:25","date_gmt":"2014-09-03T05:32:25","guid":{"rendered":"http:\/\/blogs.diariosur.es\/tormentas-y-rayos\/?p=9334"},"modified":"2014-09-03T07:32:25","modified_gmt":"2014-09-03T05:32:25","slug":"27-grados-teniamos-a-las-seis-de-la-manana-en-malaga-capital-aviso-amarillo-de-momento-el-terral-el-protagonista","status":"publish","type":"post","link":"https:\/\/blogs.diariosur.es\/tormentas-y-rayos\/2014\/09\/03\/27-grados-teniamos-a-las-seis-de-la-manana-en-malaga-capital-aviso-amarillo-de-momento-el-terral-el-protagonista\/","title":{"rendered":"27 grados ten\u00edamos a las seis de la ma\u00f1ana en M\u00e1laga Capital . \u00daltima hora,aviso naranja. El terral el protagonista."},"content":{"rendered":"<p>&nbsp;<\/p>\n<p>&nbsp;<\/p>\n<p><img loading=\"lazy\" class=\"aligncenter\" src=\"https:\/\/farm6.staticflickr.com\/5566\/14568830453_8e0522e3fc_q.jpg\" alt=\"\" width=\"150\" height=\"150\" \/><\/p>\n<p>&nbsp;<\/p>\n<p><strong>ULTIMA HORA, SE ACTIVA EL AVISO NARANJA<\/strong><\/p>\n<p>&nbsp;<\/p>\n<p>&nbsp;<\/p>\n<p><strong>Buenos dias amigos de la meteo. Son las seis de la ma\u00f1ana, registro<span style=\"color: #000000;\"><span style=\"color: #ff0000;\"> 27,2<\/span> <span style=\"color: #0000ff;\">grados, \u00a0SI AMIGOS 27,2 , esto quiere decir que<span style=\"color: #ff0000;\">..<\/span><\/span><span style=\"color: #ff0000;\">&#8230;&#8230;&#8230;&#8230;&#8230;&#8230;&#8230;&#8230;&#8230;.<\/span><\/span><\/strong><\/p>\n<p>&nbsp;<\/p>\n<p>&nbsp;<\/p>\n<p>&nbsp;<\/p>\n<p>&nbsp;<\/p>\n<p><a href=\"https:\/\/blogs.diariosur.es\/tormentas-y-rayos\/2014\/09\/03\/27-grados-teniamos-a-las-seis-de-la-manana-en-malaga-capital-aviso-amarillo-de-momento-el-terral-el-protagonista\/10570520_10203414834070499_5462148370066518942_n1\/\" rel=\"attachment wp-att-9337\"><img loading=\"lazy\" class=\"aligncenter size-full wp-image-9337\" title=\"10570520_10203414834070499_5462148370066518942_n1\" src=\"\/tormentas-y-rayos\/wp-content\/uploads\/sites\/12\/2014\/09\/10570520_10203414834070499_5462148370066518942_n1.jpg\" alt=\"\" width=\"512\" height=\"512\" srcset=\"https:\/\/static-blogs.diariosur.es\/wp-content\/uploads\/sites\/12\/2014\/09\/10570520_10203414834070499_5462148370066518942_n1.jpg 512w, https:\/\/static-blogs.diariosur.es\/wp-content\/uploads\/sites\/12\/2014\/09\/10570520_10203414834070499_5462148370066518942_n1-150x150.jpg 150w, https:\/\/static-blogs.diariosur.es\/wp-content\/uploads\/sites\/12\/2014\/09\/10570520_10203414834070499_5462148370066518942_n1-400x400.jpg 400w\" sizes=\"(max-width: 512px) 100vw, 512px\" \/><\/a><\/p>\n<p>&nbsp;<\/p>\n<p><span style=\"color: #0000ff;\"><strong>Sobre las dos de la ma\u00f1ana entro en la Capital Malague\u00f1a, aunque antes lo hizo por el Valle del Guadalhorce. En estos\u00a0gr\u00e1ficos de \u00a0temperatura, humedad y viento de la estaci\u00f3n del Puerto se ve claramente. Fuente Aemet.<\/strong><\/span><\/p>\n<p>&nbsp;<\/p>\n<p>&nbsp;<\/p>\n<p><a href=\"https:\/\/blogs.diariosur.es\/tormentas-y-rayos\/2014\/09\/03\/27-grados-teniamos-a-las-seis-de-la-manana-en-malaga-capital-aviso-amarillo-de-momento-el-terral-el-protagonista\/1-vert-17\/\" rel=\"attachment wp-att-9345\"><img loading=\"lazy\" class=\"aligncenter size-full wp-image-9345\" title=\"1-vert\" src=\"\/tormentas-y-rayos\/wp-content\/uploads\/sites\/12\/2014\/09\/1-vert.jpg\" alt=\"\" width=\"627\" height=\"785\" srcset=\"https:\/\/static-blogs.diariosur.es\/wp-content\/uploads\/sites\/12\/2014\/09\/1-vert.jpg 627w, https:\/\/static-blogs.diariosur.es\/wp-content\/uploads\/sites\/12\/2014\/09\/1-vert-319x400.jpg 319w\" sizes=\"(max-width: 627px) 100vw, 627px\" \/><\/a><\/p>\n<p><span style=\"color: #0000ff;\"><strong>Las\u00a0m\u00e1ximas\u00a0mas altas y como viene sucediendo este verano se\u00a0dar\u00e1n\u00a0en el Valle del Guadalhorce ( Co\u00edn, C\u00e1rtama, \u00c1lora etc etc). En la Capital Malague\u00f1a de nuevo\u00a0habr\u00e1\u00a0diferencias entres las tres\u00a0estaciones que tiene la aemet, que son la del Puerto, Aeropuerto y Centro\u00a0Meteorol\u00f3gico\u00a0de teatinos. <\/strong><\/span><\/p>\n<p><strong><span style=\"color: #0000ff;\">Ayer os comentaba que la masa de aire\u00a0c\u00e1lido de la dorsal Africana se retira hacia el este peninsular, sobre la vertical de M\u00e1laga a 850 hpa ( 1500 m )\u00a0habr\u00e1\u00a0una temperatura de 25 grados mas o menos. Esto quiere decir que la maxima en\u00a0alg\u00fan\u00a0momento llegara a los 37 o casi 39 grados\u00a0seg\u00fan\u00a0las zonas.\u00a0<\/span><\/strong><\/p>\n<p><span style=\"color: #0000ff;\"><strong> Ya veremos si la Aemet en el trascurso de la ma\u00f1ana activa el aviso naranja. \u00a0<\/strong><\/span><\/p>\n<p><span style=\"color: #0000ff;\"><strong> Sobre las dos de la tarde\u00a0habr\u00e1\u00a0lucha entre el terral y el sur sureste en la\u00a0Bah\u00eda\u00a0Malague\u00f1a,\u00a0esto\u00a0traer\u00e1\u00a0consigo bajadas\u00a0y\u00a0subidas de las\u00a0m\u00e1ximas. Pero sera el terral el que gane la partida y\u00a0seguir\u00eda\u00a0soplando durante la madrugada del\u00a0mi\u00e9rcoles\u00a0y primeras horas de la ma\u00f1ana.\u00a0Ma\u00f1ana veremos si se quita sobre el\u00a0mediod\u00eda\u00a0o nos da la sorpresa de estar hasta por la tarde.\u00a0<\/strong><\/span><\/p>\n<p><img loading=\"lazy\" class=\"aligncenter\" src=\"https:\/\/farm6.staticflickr.com\/5576\/14447608476_ff058a78a3_o.jpg\" alt=\"\" width=\"430\" height=\"537\" \/><\/p>\n<p><strong>\u00a0<\/strong><\/p>\n<p>&nbsp;<\/p>\n<p><span style=\"color: #ff0000;\"><strong>Ayer se produjo una&#8221; sorpresa\u00a0meteorol\u00f3gica &#8220;en el Golfo de Cad\u00edz, yo fui el primer sorprendido. Una tormenta entro por la zona de Rota y llego hasta Sevilla, aunque solo dejo unos goterones, lo que si se escucharon fueron varios truenos. De todos los modelos que veo a diario solo uno daba esta inestabilizaci\u00f3n pasajera, el GFS dio de pleno. En verano no suelo verlo en forma de lluvias, me fio mas del Hirlam, perooooooo asi es la meteo. Os paso unas capturas.<\/strong><\/span><\/p>\n<p><a href=\"https:\/\/blogs.diariosur.es\/tormentas-y-rayos\/2014\/09\/03\/27-grados-teniamos-a-las-seis-de-la-manana-en-malaga-capital-aviso-amarillo-de-momento-el-terral-el-protagonista\/10620568_10203462513542456_5821730634310353907_n-horz\/\" rel=\"attachment wp-att-9341\"><img loading=\"lazy\" class=\"aligncenter size-full wp-image-9341\" title=\"10620568_10203462513542456_5821730634310353907_n-horz\" src=\"\/tormentas-y-rayos\/wp-content\/uploads\/sites\/12\/2014\/09\/10620568_10203462513542456_5821730634310353907_n-horz.jpg\" alt=\"\" width=\"648\" height=\"576\" srcset=\"https:\/\/static-blogs.diariosur.es\/wp-content\/uploads\/sites\/12\/2014\/09\/10620568_10203462513542456_5821730634310353907_n-horz.jpg 648w, https:\/\/static-blogs.diariosur.es\/wp-content\/uploads\/sites\/12\/2014\/09\/10620568_10203462513542456_5821730634310353907_n-horz-450x400.jpg 450w\" sizes=\"(max-width: 648px) 100vw, 648px\" \/><\/a><a href=\"https:\/\/blogs.diariosur.es\/tormentas-y-rayos\/2014\/09\/03\/27-grados-teniamos-a-las-seis-de-la-manana-en-malaga-capital-aviso-amarillo-de-momento-el-terral-el-protagonista\/10348431_10203462513942466_4810824593344725123_n-horz\/\" rel=\"attachment wp-att-9342\"><img loading=\"lazy\" class=\"aligncenter size-full wp-image-9342\" title=\"10348431_10203462513942466_4810824593344725123_n-horz\" src=\"\/tormentas-y-rayos\/wp-content\/uploads\/sites\/12\/2014\/09\/10348431_10203462513942466_4810824593344725123_n-horz.jpg\" alt=\"\" width=\"634\" height=\"307\" \/><\/a><\/p>\n<p>&nbsp;<\/p>\n<p><span style=\"color: #ff0000;\"><strong>Donde las tormentas fueron un poco mas fuertes y estaban previstas fueron \u00a0por las zonas de Castilla La Mancha, Toledo y Comunidad de Madrid.\u00a0<\/strong><\/span><\/p>\n<div><a href=\"https:\/\/blogs.diariosur.es\/tormentas-y-rayos\/2014\/09\/03\/27-grados-teniamos-a-las-seis-de-la-manana-en-malaga-capital-aviso-amarillo-de-momento-el-terral-el-protagonista\/rayo-2\/\" rel=\"attachment wp-att-9343\"><img loading=\"lazy\" class=\"aligncenter size-full wp-image-9343\" title=\"rayo\" src=\"\/tormentas-y-rayos\/wp-content\/uploads\/sites\/12\/2014\/09\/rayo.jpg\" alt=\"\" width=\"528\" height=\"523\" srcset=\"https:\/\/static-blogs.diariosur.es\/wp-content\/uploads\/sites\/12\/2014\/09\/rayo.jpg 528w, https:\/\/static-blogs.diariosur.es\/wp-content\/uploads\/sites\/12\/2014\/09\/rayo-150x150.jpg 150w, https:\/\/static-blogs.diariosur.es\/wp-content\/uploads\/sites\/12\/2014\/09\/rayo-404x400.jpg 404w\" sizes=\"(max-width: 528px) 100vw, 528px\" \/><\/a><\/div>\n<div><\/div>\n<div>\u00a0<span style=\"color: #ff0000;\"><strong>Mi amigo Villatoro Manso quiere compartir esta preciosa cortina de lluvia.<\/strong><\/span><\/div>\n<div><span style=\"color: #ff0000;\"><strong>\u00a0Me comenta que la hizo un 21 de agosto \u00a0desde La Muela en Alarilla (Guadalajara) un d\u00eda de tormenta, \u00a0es una monta\u00f1a desde donde se lanzan los amantes del parapente.<\/strong><\/span><\/div>\n<div><\/div>\n<div><\/div>\n<p><a href=\"https:\/\/blogs.diariosur.es\/tormentas-y-rayos\/2014\/09\/03\/27-grados-teniamos-a-las-seis-de-la-manana-en-malaga-capital-aviso-amarillo-de-momento-el-terral-el-protagonista\/img_640\/\" rel=\"attachment wp-att-9344\"><img loading=\"lazy\" class=\"aligncenter size-full wp-image-9344\" title=\"IMG_640\" src=\"\/tormentas-y-rayos\/wp-content\/uploads\/sites\/12\/2014\/09\/IMG_640.jpg\" alt=\"\" width=\"640\" height=\"427\" srcset=\"https:\/\/static-blogs.diariosur.es\/wp-content\/uploads\/sites\/12\/2014\/09\/IMG_640.jpg 640w, https:\/\/static-blogs.diariosur.es\/wp-content\/uploads\/sites\/12\/2014\/09\/IMG_640-600x400.jpg 600w\" sizes=\"(max-width: 640px) 100vw, 640px\" \/><\/a><\/p>\n<p>&nbsp;<\/p>\n<p>&nbsp;<\/p>\n<p><span style=\"color: #ff0000;\"><strong>Otro dato a destacar ayer en\u00a0Andaluc\u00eda\u00a0fue la maxima que dio El Aeropuerto de Granada con mas de 41 grados, y le sigue Ourense con mas de 40. La dorsal Africana que iba acompa\u00f1ada de esa masa de aire\u00a0c\u00e1lido\u00a0llego hasta \u00a0Galicia.<\/strong><\/span><\/p>\n<p><a href=\"https:\/\/blogs.diariosur.es\/tormentas-y-rayos\/2014\/09\/03\/27-grados-teniamos-a-las-seis-de-la-manana-en-malaga-capital-aviso-amarillo-de-momento-el-terral-el-protagonista\/captura-407\/\" rel=\"attachment wp-att-9346\"><img loading=\"lazy\" class=\"aligncenter size-full wp-image-9346\" title=\"Captura\" src=\"\/tormentas-y-rayos\/wp-content\/uploads\/sites\/12\/2014\/09\/Captura3.jpg\" alt=\"\" width=\"392\" height=\"378\" \/><\/a><\/p>\n<p>&nbsp;<\/p>\n<p>&nbsp;<\/p>\n<p><span style=\"color: #ff00ff;\"><strong>Os recuerdo que la primera \u00a0exposici\u00f3n en beneficios de Aldeas Infantiles \u00a0se inaugura hoy a las ocho de la tarde.\u00a0<\/strong><\/span><\/p>\n<p>&nbsp;<\/p>\n<p><a href=\"https:\/\/blogs.diariosur.es\/tormentas-y-rayos\/2014\/09\/03\/27-grados-teniamos-a-las-seis-de-la-manana-en-malaga-capital-aviso-amarillo-de-momento-el-terral-el-protagonista\/aldeas-2\/\" rel=\"attachment wp-att-9338\"><img loading=\"lazy\" class=\"aligncenter size-medium wp-image-9338\" title=\"aldeas\" src=\"\/tormentas-y-rayos\/wp-content\/uploads\/sites\/12\/2014\/09\/aldeas1.jpg\" alt=\"\" width=\"600\" height=\"251\" \/><\/a><a href=\"https:\/\/blogs.diariosur.es\/tormentas-y-rayos\/2014\/09\/03\/27-grados-teniamos-a-las-seis-de-la-manana-en-malaga-capital-aviso-amarillo-de-momento-el-terral-el-protagonista\/captura-406\/\" rel=\"attachment wp-att-9339\"><img loading=\"lazy\" class=\"aligncenter size-medium wp-image-9339\" title=\"Captura\" src=\"\/tormentas-y-rayos\/wp-content\/uploads\/sites\/12\/2014\/09\/Captura2.jpg\" alt=\"\" width=\"600\" height=\"312\" srcset=\"https:\/\/static-blogs.diariosur.es\/wp-content\/uploads\/sites\/12\/2014\/09\/Captura2.jpg 909w, https:\/\/static-blogs.diariosur.es\/wp-content\/uploads\/sites\/12\/2014\/09\/Captura2-640x333.jpg 640w, https:\/\/static-blogs.diariosur.es\/wp-content\/uploads\/sites\/12\/2014\/09\/Captura2-768x400.jpg 768w\" sizes=\"(max-width: 600px) 100vw, 600px\" \/><\/a><\/p>\n<p>&nbsp;<\/p>\n<p><a href=\"https:\/\/blogs.diariosur.es\/tormentas-y-rayos\/2014\/09\/03\/27-grados-teniamos-a-las-seis-de-la-manana-en-malaga-capital-aviso-amarillo-de-momento-el-terral-el-protagonista\/zz-7\/\" rel=\"attachment wp-att-9340\"><img loading=\"lazy\" class=\"aligncenter size-medium wp-image-9340\" title=\"zz\" src=\"\/tormentas-y-rayos\/wp-content\/uploads\/sites\/12\/2014\/09\/zz1.jpg\" alt=\"\" width=\"600\" height=\"346\" srcset=\"https:\/\/static-blogs.diariosur.es\/wp-content\/uploads\/sites\/12\/2014\/09\/zz1.jpg 905w, https:\/\/static-blogs.diariosur.es\/wp-content\/uploads\/sites\/12\/2014\/09\/zz1-640x370.jpg 640w, https:\/\/static-blogs.diariosur.es\/wp-content\/uploads\/sites\/12\/2014\/09\/zz1-768x444.jpg 768w\" sizes=\"(max-width: 600px) 100vw, 600px\" \/><\/a><\/p>\n<p>&nbsp;<\/p>\n<p>&nbsp;<\/p>\n<p><strong>Os dejo con estos fotones de mi amigo Jose Antonio Per\u00e9z. Las fotos est\u00e1n hechas en Chipiona.<\/strong><\/p>\n<p>&nbsp;<\/p>\n<p>&nbsp;<\/p>\n<p><a href=\"https:\/\/blogs.diariosur.es\/tormentas-y-rayos\/2014\/09\/03\/27-grados-teniamos-a-las-seis-de-la-manana-en-malaga-capital-aviso-amarillo-de-momento-el-terral-el-protagonista\/jose-antonio-perez-7\/\" rel=\"attachment wp-att-9335\"><img loading=\"lazy\" class=\"aligncenter size-full wp-image-9335\" title=\"jose antonio perez\" src=\"\/tormentas-y-rayos\/wp-content\/uploads\/sites\/12\/2014\/09\/jose-antonio-perez.jpg\" alt=\"\" width=\"640\" height=\"480\" srcset=\"https:\/\/static-blogs.diariosur.es\/wp-content\/uploads\/sites\/12\/2014\/09\/jose-antonio-perez.jpg 640w, https:\/\/static-blogs.diariosur.es\/wp-content\/uploads\/sites\/12\/2014\/09\/jose-antonio-perez-533x400.jpg 533w\" sizes=\"(max-width: 640px) 100vw, 640px\" \/><\/a><\/p>\n<p>&nbsp;<\/p>\n<p><a href=\"https:\/\/blogs.diariosur.es\/tormentas-y-rayos\/2014\/09\/03\/27-grados-teniamos-a-las-seis-de-la-manana-en-malaga-capital-aviso-amarillo-de-momento-el-terral-el-protagonista\/jose-perez-antonio\/\" rel=\"attachment wp-att-9336\"><img loading=\"lazy\" class=\"aligncenter size-full wp-image-9336\" title=\"jose perez antonio\" src=\"\/tormentas-y-rayos\/wp-content\/uploads\/sites\/12\/2014\/09\/jose-perez-antonio.jpg\" alt=\"\" width=\"640\" height=\"425\" srcset=\"https:\/\/static-blogs.diariosur.es\/wp-content\/uploads\/sites\/12\/2014\/09\/jose-perez-antonio.jpg 640w, https:\/\/static-blogs.diariosur.es\/wp-content\/uploads\/sites\/12\/2014\/09\/jose-perez-antonio-602x400.jpg 602w\" sizes=\"(max-width: 640px) 100vw, 640px\" \/><\/a><\/p>\n","protected":false},"excerpt":{"rendered":"<p>&nbsp; &nbsp; &nbsp; ULTIMA HORA, SE ACTIVA EL AVISO NARANJA &nbsp; &nbsp; Buenos dias amigos de la meteo. Son las seis de la ma\u00f1ana, registro 27,2 grados, \u00a0SI AMIGOS 27,2 , esto quiere decir que..&#8230;&#8230;&#8230;&#8230;&#8230;&#8230;&#8230;&#8230;&#8230;. &nbsp; &nbsp; &nbsp; &nbsp; &nbsp; Sobre las dos de la ma\u00f1ana entro en la Capital Malague\u00f1a, aunque antes lo hizo [&hellip;]<\/p>\n","protected":false},"author":16,"featured_media":9337,"comment_status":"open","ping_status":"open","sticky":false,"template":"","format":"standard","meta":[],"categories":[2],"tags":[63,81,91,151,962,975],"_links":{"self":[{"href":"https:\/\/blogs.diariosur.es\/tormentas-y-rayos\/wp-json\/wp\/v2\/posts\/9334"}],"collection":[{"href":"https:\/\/blogs.diariosur.es\/tormentas-y-rayos\/wp-json\/wp\/v2\/posts"}],"about":[{"href":"https:\/\/blogs.diariosur.es\/tormentas-y-rayos\/wp-json\/wp\/v2\/types\/post"}],"author":[{"embeddable":true,"href":"https:\/\/blogs.diariosur.es\/tormentas-y-rayos\/wp-json\/wp\/v2\/users\/16"}],"replies":[{"embeddable":true,"href":"https:\/\/blogs.diariosur.es\/tormentas-y-rayos\/wp-json\/wp\/v2\/comments?post=9334"}],"version-history":[{"count":0,"href":"https:\/\/blogs.diariosur.es\/tormentas-y-rayos\/wp-json\/wp\/v2\/posts\/9334\/revisions"}],"wp:featuredmedia":[{"embeddable":true,"href":"https:\/\/blogs.diariosur.es\/tormentas-y-rayos\/wp-json\/wp\/v2\/media\/9337"}],"wp:attachment":[{"href":"https:\/\/blogs.diariosur.es\/tormentas-y-rayos\/wp-json\/wp\/v2\/media?parent=9334"}],"wp:term":[{"taxonomy":"category","embeddable":true,"href":"https:\/\/blogs.diariosur.es\/tormentas-y-rayos\/wp-json\/wp\/v2\/categories?post=9334"},{"taxonomy":"post_tag","embeddable":true,"href":"https:\/\/blogs.diariosur.es\/tormentas-y-rayos\/wp-json\/wp\/v2\/tags?post=9334"}],"curies":[{"name":"wp","href":"https:\/\/api.w.org\/{rel}","templated":true}]}}