{"id":9348,"date":"2014-09-04T07:15:55","date_gmt":"2014-09-04T05:15:55","guid":{"rendered":"http:\/\/blogs.diariosur.es\/tormentas-y-rayos\/?p=9348"},"modified":"2014-09-04T07:15:55","modified_gmt":"2014-09-04T05:15:55","slug":"prevision-del-tiempo-aviso-amarillo-coin-con-394-grados-y-malaga-aeropuerto-con-384-dan-las-maximas-de-espana-seguiremos-con-terral","status":"publish","type":"post","link":"https:\/\/blogs.diariosur.es\/tormentas-y-rayos\/2014\/09\/04\/prevision-del-tiempo-aviso-amarillo-coin-con-394-grados-y-malaga-aeropuerto-con-384-dan-las-maximas-de-espana-seguiremos-con-terral\/","title":{"rendered":"Previsi\u00f3n del tiempo. Aviso amarillo. Co\u00edn con 39,4 grados y M\u00e1laga ( Aeropuerto) con 38,4 dan las m\u00e1ximas de Espa\u00f1a. Seguiremos con terral."},"content":{"rendered":"<p><img loading=\"lazy\" class=\"aligncenter\" src=\"https:\/\/farm3.staticflickr.com\/2898\/14371881571_bbae3518b1_q.jpg\" alt=\"\" width=\"150\" height=\"150\" \/><\/p>\n<p>&nbsp;<\/p>\n<p>&nbsp;<\/p>\n<p style=\"text-align: left;\"><span style=\"color: #0000ff;\"><strong>Buenos dias amigos de la meteo. <\/strong><\/span><\/p>\n<p style=\"text-align: left;\"><strong><span style=\"color: #0000ff;\">Son las seis de la ma\u00f1ana, registro<\/span> <span style=\"color: #ff0000;\">27,9<\/span> \u00a0<span style=\"color: #0000ff;\">grados en mi estaci\u00f3n, en el Aeropuerto hace un rato<\/span> <span style=\"color: #ff0000;\">28.4<\/span> <span style=\"color: #0000ff;\">\u00a0y en \u00a0Teatinos<\/span> <span style=\"color: #ff0000;\">26,8<\/span> ,<span style=\"color: #0000ff;\">si amigos de nuevo hace&#8230;&#8230;<\/span><\/strong><\/p>\n<p style=\"text-align: left;\">\n<p style=\"text-align: left;\"><a href=\"https:\/\/blogs.diariosur.es\/tormentas-y-rayos\/2014\/09\/04\/prevision-del-tiempo-aviso-amarillo-coin-con-394-grados-y-malaga-aeropuerto-con-384-dan-las-maximas-de-espana-seguiremos-con-terral\/10570520_10203414834070499_5462148370066518942_n1-2\/\" rel=\"attachment wp-att-9352\"><img loading=\"lazy\" class=\"aligncenter size-full wp-image-9352\" title=\"10570520_10203414834070499_5462148370066518942_n1\" src=\"\/tormentas-y-rayos\/wp-content\/uploads\/sites\/12\/2014\/09\/10570520_10203414834070499_5462148370066518942_n11.jpg\" alt=\"\" width=\"512\" height=\"512\" srcset=\"https:\/\/static-blogs.diariosur.es\/wp-content\/uploads\/sites\/12\/2014\/09\/10570520_10203414834070499_5462148370066518942_n11.jpg 512w, https:\/\/static-blogs.diariosur.es\/wp-content\/uploads\/sites\/12\/2014\/09\/10570520_10203414834070499_5462148370066518942_n11-150x150.jpg 150w, https:\/\/static-blogs.diariosur.es\/wp-content\/uploads\/sites\/12\/2014\/09\/10570520_10203414834070499_5462148370066518942_n11-400x400.jpg 400w\" sizes=\"(max-width: 512px) 100vw, 512px\" \/><\/a><\/p>\n<p style=\"text-align: left;\">\n<p style=\"text-align: left;\">\n<p style=\"text-align: left;\"><a href=\"https:\/\/blogs.diariosur.es\/tormentas-y-rayos\/2014\/09\/04\/prevision-del-tiempo-aviso-amarillo-coin-con-394-grados-y-malaga-aeropuerto-con-384-dan-las-maximas-de-espana-seguiremos-con-terral\/captura-408\/\" rel=\"attachment wp-att-9353\"><img loading=\"lazy\" class=\"aligncenter size-full wp-image-9353\" title=\"Captura\" src=\"\/tormentas-y-rayos\/wp-content\/uploads\/sites\/12\/2014\/09\/Captura4.jpg\" alt=\"\" width=\"569\" height=\"171\" \/><\/a><a href=\"https:\/\/blogs.diariosur.es\/tormentas-y-rayos\/2014\/09\/04\/prevision-del-tiempo-aviso-amarillo-coin-con-394-grados-y-malaga-aeropuerto-con-384-dan-las-maximas-de-espana-seguiremos-con-terral\/aeropuerto-9\/\" rel=\"attachment wp-att-9354\"><img loading=\"lazy\" class=\"aligncenter size-medium wp-image-9354\" title=\"aeropuerto\" src=\"\/tormentas-y-rayos\/wp-content\/uploads\/sites\/12\/2014\/09\/aeropuerto.jpg\" alt=\"\" width=\"600\" height=\"252\" srcset=\"https:\/\/static-blogs.diariosur.es\/wp-content\/uploads\/sites\/12\/2014\/09\/aeropuerto.jpg 719w, https:\/\/static-blogs.diariosur.es\/wp-content\/uploads\/sites\/12\/2014\/09\/aeropuerto-640x269.jpg 640w\" sizes=\"(max-width: 600px) 100vw, 600px\" \/><\/a><\/p>\n<p style=\"text-align: left;\">\n<p style=\"text-align: left;\"><strong><span style=\"color: #0000ff;\">La humedad en estos momentos en mi estaci\u00f3n es del 38 %, como todos\u00a0sab\u00e9is\u00a0el terral hace\u00a0bajar la humedad,\u00a0as\u00ed\u00a0como la sensaci\u00f3n\u00a0t\u00e9rmica\u00a0de calor. Hoy de nuevo el terral\u00a0seguir\u00e1\u00a0de protagonista,\u00a0not\u00e1ndose\u00a0mas por el Valle del Guadalhorce, \u00a0as\u00ed\u00a0como zonas de M\u00e1laga Capital como son\u00a0Aeropuerto\u00a0y Teatinos . \u00a0La temperatura a 850 hpa ( 1500 ) \u00a0rondara hoy, \u00a0y ma\u00f1ana viernes los 24 grados, si se cumple esto no creo que pasemos de los 34 a 37 grados\u00a0seg\u00fan\u00a0las zonas.<span style=\"color: #ff00ff;\">\u00a0A esto\u00a0habr\u00e1\u00a0que unirle alguna reboza de sur sureste que\u00a0har\u00e1\u00a0bajar las\u00a0m\u00e1ximas.\u00a0<\/span><\/span><\/strong><\/p>\n<p style=\"text-align: left;\"><strong><span style=\"color: #0000ff;\">De nuevo la aemet activa el aviso amarillo. Si os\u00a0fij\u00e1is\u00a0el umbral es de 36. Aunque segun las zonas se puede superar.<\/span><\/strong><\/p>\n<p style=\"text-align: left;\"><a href=\"https:\/\/blogs.diariosur.es\/tormentas-y-rayos\/2014\/09\/04\/prevision-del-tiempo-aviso-amarillo-coin-con-394-grados-y-malaga-aeropuerto-con-384-dan-las-maximas-de-espana-seguiremos-con-terral\/aviso-9\/\" rel=\"attachment wp-att-9355\"><img loading=\"lazy\" class=\"aligncenter size-full wp-image-9355\" title=\"aviso\" src=\"\/tormentas-y-rayos\/wp-content\/uploads\/sites\/12\/2014\/09\/aviso1.jpg\" alt=\"\" width=\"494\" height=\"140\" \/><\/a><\/p>\n<p style=\"text-align: left;\">\n<p style=\"text-align: left;\">\n<p style=\"text-align: left;\"><span style=\"color: #0000ff;\"><strong>Aunque ma\u00f1ana viernes actualizare el blog, hay una alta probabilidad de que siga el terral flojo. Si se cumple esto seria la primera vez en el verano que durase los famosos <span style=\"color: #ff0000;\">tres dias.<\/span><\/strong><\/span><\/p>\n<p style=\"text-align: left;\"><img loading=\"lazy\" class=\"aligncenter\" src=\"https:\/\/farm6.staticflickr.com\/5576\/14447608476_ff058a78a3_o.jpg\" alt=\"\" width=\"430\" height=\"537\" \/><\/p>\n<p>&nbsp;<\/p>\n<p>&nbsp;<\/p>\n<p><strong><span style=\"color: #ff0000;\">Se cumplieron los\u00a0pron\u00f3sticos\u00a0mas o menos y el terral fue el protagonista. En el post de ayer comentaba que esperaba una reboza de sur sureste sobre las dos de la tarde, y\u00a0as\u00ed\u00a0sucedi\u00f3. Donde mas se noto fue en el Puerto, seguida del Centro\u00a0Meteorol\u00f3gico\u00a0en Teatinos, en cambio no llego al Aeropuerto. Fue en el Aeropuerto donde se registro la maxima de la Capital con 38,4 grados, seguida de Teatinos con 37,2 y los 35,1 del Puerto. Os paso los tres\u00a0gr\u00e1ficos\u00a0de las tres estaciones. Fuente Aemet.<\/span><\/strong><\/p>\n<p>&nbsp;<\/p>\n<p><a href=\"https:\/\/blogs.diariosur.es\/tormentas-y-rayos\/2014\/09\/04\/prevision-del-tiempo-aviso-amarillo-coin-con-394-grados-y-malaga-aeropuerto-con-384-dan-las-maximas-de-espana-seguiremos-con-terral\/puerto-vert\/\" rel=\"attachment wp-att-9349\"><img loading=\"lazy\" class=\"aligncenter size-full wp-image-9349\" title=\"puerto-vert\" src=\"\/tormentas-y-rayos\/wp-content\/uploads\/sites\/12\/2014\/09\/puerto-vert.jpg\" alt=\"\" width=\"638\" height=\"810\" srcset=\"https:\/\/static-blogs.diariosur.es\/wp-content\/uploads\/sites\/12\/2014\/09\/puerto-vert.jpg 638w, https:\/\/static-blogs.diariosur.es\/wp-content\/uploads\/sites\/12\/2014\/09\/puerto-vert-315x400.jpg 315w\" sizes=\"(max-width: 638px) 100vw, 638px\" \/><\/a><\/p>\n<p>&nbsp;<\/p>\n<p><span style=\"color: #ff0000;\"><strong>Pero la maxima de Andaluc\u00eda y de Espa\u00f1a la dio de nuevo Co\u00edn con 39,4 grados, os paso los datos.<\/strong><\/span><\/p>\n<p>&nbsp;<\/p>\n<p><a href=\"https:\/\/blogs.diariosur.es\/tormentas-y-rayos\/2014\/09\/04\/prevision-del-tiempo-aviso-amarillo-coin-con-394-grados-y-malaga-aeropuerto-con-384-dan-las-maximas-de-espana-seguiremos-con-terral\/1-70\/\" rel=\"attachment wp-att-9350\"><img loading=\"lazy\" class=\"aligncenter size-full wp-image-9350\" title=\"1\" src=\"\/tormentas-y-rayos\/wp-content\/uploads\/sites\/12\" alt=\"\" width=\"397\" height=\"398\" \/><\/a><\/p>\n<p>&nbsp;<\/p>\n<p><span style=\"color: #ff0000;\"><strong>Otro dato a destacar fueron las tormentas que dieron en Segovia, Soria y Castell\u00f3n. Mi amigo Adrian Escobar Burgue\u00f1o me manda este pedazo de foto, una pasada amigo. Se trata de un cumulonimbus capillatus cazado en Segovia al atardecer.<\/strong><\/span><\/p>\n<p><a href=\"https:\/\/blogs.diariosur.es\/tormentas-y-rayos\/2014\/09\/04\/prevision-del-tiempo-aviso-amarillo-coin-con-394-grados-y-malaga-aeropuerto-con-384-dan-las-maximas-de-espana-seguiremos-con-terral\/adrian-escobar-burgueno\/\" rel=\"attachment wp-att-9351\"><img loading=\"lazy\" class=\"aligncenter size-full wp-image-9351\" title=\"adrian escobar burgue\u00f1o\" src=\"\/tormentas-y-rayos\/wp-content\/uploads\/sites\/12\/2014\/09\/adrian-escobar-burgue\u00f1o.jpg\" alt=\"\" width=\"640\" height=\"480\" srcset=\"https:\/\/static-blogs.diariosur.es\/wp-content\/uploads\/sites\/12\/2014\/09\/adrian-escobar-burgue\u00f1o.jpg 640w, https:\/\/static-blogs.diariosur.es\/wp-content\/uploads\/sites\/12\/2014\/09\/adrian-escobar-burgue\u00f1o-533x400.jpg 533w\" sizes=\"(max-width: 640px) 100vw, 640px\" \/><\/a><\/p>\n<p>&nbsp;<\/p>\n<p>&nbsp;<\/p>\n<p>&nbsp;<\/p>\n<p><span style=\"color: #0000ff;\">\u00a0<strong>A TODOS MIS SEGUIDORES:<\/strong><\/span><\/p>\n<p><a href=\"https:\/\/blogs.diariosur.es\/tormentas-y-rayos\/2014\/09\/04\/prevision-del-tiempo-aviso-amarillo-coin-con-394-grados-y-malaga-aeropuerto-con-384-dan-las-maximas-de-espana-seguiremos-con-terral\/captura-409\/\" rel=\"attachment wp-att-9356\"><img loading=\"lazy\" class=\"aligncenter size-full wp-image-9356\" title=\"Captura\" src=\"\/tormentas-y-rayos\/wp-content\/uploads\/sites\/12\/2014\/09\/Captura5.jpg\" alt=\"\" width=\"643\" height=\"204\" srcset=\"https:\/\/static-blogs.diariosur.es\/wp-content\/uploads\/sites\/12\/2014\/09\/Captura5.jpg 643w, https:\/\/static-blogs.diariosur.es\/wp-content\/uploads\/sites\/12\/2014\/09\/Captura5-640x203.jpg 640w\" sizes=\"(max-width: 643px) 100vw, 643px\" \/><\/a><\/p>\n<p>&nbsp;<\/p>\n<p><strong><span style=\"color: #0000ff;\"> DESDE HACE TIEMPO HAY PROBLEMAS CON EL BLOG A LA HORA DE COMENTAR Y NO SOLO ESO. \u00a0ESPERO QUE SE RESUELVA PRONTO. mUCHAS GRACIAS ANTONIO Y PERD\u00d3N POR LAS\u00a0MAY\u00daSCULAS,\u00a0LO MISMO GRITANDO SE ENTERAN EN VOCENTO.<\/span><\/strong><\/p>\n<p>&nbsp;<\/p>\n<p><span style=\"color: #ff00ff;\"><strong>Os dejo con unas cuantas fotos del amanecer del martes pasado, por si alguno aun no las\u00a0hab\u00eda\u00a0visto.<\/strong><\/span><\/p>\n<p>&nbsp;<\/p>\n<p><img loading=\"lazy\" class=\"aligncenter\" src=\"https:\/\/farm6.staticflickr.com\/5556\/14928805857_d425a8498e_z.jpg\" alt=\"\" width=\"640\" height=\"427\" \/><\/p>\n<p>&nbsp;<\/p>\n<p><img loading=\"lazy\" class=\"aligncenter\" src=\"https:\/\/farm6.staticflickr.com\/5586\/15114990612_1d41c97c52_z.jpg\" alt=\"\" width=\"428\" height=\"640\" \/><\/p>\n<p>&nbsp;<\/p>\n<p><img loading=\"lazy\" class=\"aligncenter\" src=\"https:\/\/farm6.staticflickr.com\/5572\/14928669149_a9846bce1f_z.jpg\" alt=\"\" width=\"640\" height=\"427\" \/><\/p>\n<p>&nbsp;<\/p>\n<p>&nbsp;<\/p>\n<p><img loading=\"lazy\" class=\"aligncenter\" src=\"https:\/\/farm4.staticflickr.com\/3890\/15092368656_e9c519cdab_z.jpg\" alt=\"\" width=\"640\" height=\"421\" \/><\/p>\n","protected":false},"excerpt":{"rendered":"<p>&nbsp; &nbsp; Buenos dias amigos de la meteo. Son las seis de la ma\u00f1ana, registro 27,9 \u00a0grados en mi estaci\u00f3n, en el Aeropuerto hace un rato 28.4 \u00a0y en \u00a0Teatinos 26,8 ,si amigos de nuevo hace&#8230;&#8230; La humedad en estos momentos en mi estaci\u00f3n es del 38 %, como todos\u00a0sab\u00e9is\u00a0el terral hace\u00a0bajar la humedad,\u00a0as\u00ed\u00a0como la [&hellip;]<\/p>\n","protected":false},"author":16,"featured_media":9351,"comment_status":"open","ping_status":"open","sticky":false,"template":"","format":"standard","meta":[],"categories":[2],"tags":[81,94,151,266,375,587,627,962,975],"_links":{"self":[{"href":"https:\/\/blogs.diariosur.es\/tormentas-y-rayos\/wp-json\/wp\/v2\/posts\/9348"}],"collection":[{"href":"https:\/\/blogs.diariosur.es\/tormentas-y-rayos\/wp-json\/wp\/v2\/posts"}],"about":[{"href":"https:\/\/blogs.diariosur.es\/tormentas-y-rayos\/wp-json\/wp\/v2\/types\/post"}],"author":[{"embeddable":true,"href":"https:\/\/blogs.diariosur.es\/tormentas-y-rayos\/wp-json\/wp\/v2\/users\/16"}],"replies":[{"embeddable":true,"href":"https:\/\/blogs.diariosur.es\/tormentas-y-rayos\/wp-json\/wp\/v2\/comments?post=9348"}],"version-history":[{"count":0,"href":"https:\/\/blogs.diariosur.es\/tormentas-y-rayos\/wp-json\/wp\/v2\/posts\/9348\/revisions"}],"wp:featuredmedia":[{"embeddable":true,"href":"https:\/\/blogs.diariosur.es\/tormentas-y-rayos\/wp-json\/wp\/v2\/media\/9351"}],"wp:attachment":[{"href":"https:\/\/blogs.diariosur.es\/tormentas-y-rayos\/wp-json\/wp\/v2\/media?parent=9348"}],"wp:term":[{"taxonomy":"category","embeddable":true,"href":"https:\/\/blogs.diariosur.es\/tormentas-y-rayos\/wp-json\/wp\/v2\/categories?post=9348"},{"taxonomy":"post_tag","embeddable":true,"href":"https:\/\/blogs.diariosur.es\/tormentas-y-rayos\/wp-json\/wp\/v2\/tags?post=9348"}],"curies":[{"name":"wp","href":"https:\/\/api.w.org\/{rel}","templated":true}]}}