{"id":9357,"date":"2014-09-05T07:42:31","date_gmt":"2014-09-05T05:42:31","guid":{"rendered":"http:\/\/blogs.diariosur.es\/tormentas-y-rayos\/?p=9357"},"modified":"2014-09-05T07:42:31","modified_gmt":"2014-09-05T05:42:31","slug":"prevision-del-tiempo-el-terral-y-el-levante-se-hacen-pareja-de-hecho-coin-y-estepona-dan-la-maxima-de-espana","status":"publish","type":"post","link":"https:\/\/blogs.diariosur.es\/tormentas-y-rayos\/2014\/09\/05\/prevision-del-tiempo-el-terral-y-el-levante-se-hacen-pareja-de-hecho-coin-y-estepona-dan-la-maxima-de-espana\/","title":{"rendered":"Previsi\u00f3n del tiempo. El terral y el levante se hacen pareja de hecho. Co\u00edn y Estepona dan la maxima de Espa\u00f1a."},"content":{"rendered":"<p>&nbsp;<\/p>\n<p><img loading=\"lazy\" class=\"aligncenter\" src=\"https:\/\/farm3.staticflickr.com\/2898\/14371881571_bbae3518b1_q.jpg\" alt=\"\" width=\"150\" height=\"150\" \/><\/p>\n<p>&nbsp;<\/p>\n<p>&nbsp;<\/p>\n<p><strong>Buenos dias amigos de la meteo, son las seis de la ma\u00f1ana, registro 27,8 grados y el terral es\u00a0de nuevo\u00a0el protagonista. Pero como paso ayer, sobre el\u00a0mediod\u00eda\u00a0entrara una reboza de sureste y vuelta a lo mismo. Esto no es una lucha como en otras ocasiones, es un hermanamiento total entre los principales vientos malague\u00f1os que se llevan a muerte jijijij.\u00a0<\/strong><\/p>\n<p><strong>Mi amigo Mel Gibson esta hasta el mo\u00f1o de tanto cambio.<\/strong><\/p>\n<p><a href=\"https:\/\/blogs.diariosur.es\/tormentas-y-rayos\/2014\/09\/05\/prevision-del-tiempo-el-terral-y-el-levante-se-hacen-pareja-de-hecho-coin-y-estepona-dan-la-maxima-de-espana\/10570520_10203414834070499_5462148370066518942_n1-2-2\/\" rel=\"attachment wp-att-9366\"><img loading=\"lazy\" class=\"aligncenter size-full wp-image-9366\" title=\"10570520_10203414834070499_5462148370066518942_n1 (2)\" src=\"\/tormentas-y-rayos\/wp-content\/uploads\/sites\/12\/2014\/09\/10570520_10203414834070499_5462148370066518942_n1-2.jpg\" alt=\"\" width=\"512\" height=\"512\" srcset=\"https:\/\/static-blogs.diariosur.es\/wp-content\/uploads\/sites\/12\/2014\/09\/10570520_10203414834070499_5462148370066518942_n1-2.jpg 512w, https:\/\/static-blogs.diariosur.es\/wp-content\/uploads\/sites\/12\/2014\/09\/10570520_10203414834070499_5462148370066518942_n1-2-150x150.jpg 150w, https:\/\/static-blogs.diariosur.es\/wp-content\/uploads\/sites\/12\/2014\/09\/10570520_10203414834070499_5462148370066518942_n1-2-400x400.jpg 400w\" sizes=\"(max-width: 512px) 100vw, 512px\" \/><\/a><\/p>\n<p><strong>Muchos os preguntareis, \u00a0y hasta yo mismo que es lo que esta pasando con este terral un poco \u00a0raro raro raro. Primero comentaros que no se debe al paso de un frente o una borrasca cerca de las Islas\u00a0Brit\u00e1nicas como es habitual, si no a un embolsamiento de aire\u00a0fr\u00edo\u00a0 que esta frente a Portugal. Os paso un mapa de ayer y otro previsto para hoy.<\/strong><\/p>\n<p>&nbsp;<\/p>\n<p><a href=\"https:\/\/blogs.diariosur.es\/tormentas-y-rayos\/2014\/09\/05\/prevision-del-tiempo-el-terral-y-el-levante-se-hacen-pareja-de-hecho-coin-y-estepona-dan-la-maxima-de-espana\/1-71\/\" rel=\"attachment wp-att-9358\"><img loading=\"lazy\" class=\"aligncenter size-medium wp-image-9358\" title=\"1\" src=\"\/tormentas-y-rayos\/wp-content\/uploads\/sites\/12\/2014\/09\/11.jpg\" alt=\"\" width=\"555\" height=\"400\" srcset=\"https:\/\/static-blogs.diariosur.es\/wp-content\/uploads\/sites\/12\/2014\/09\/11.jpg 737w, https:\/\/static-blogs.diariosur.es\/wp-content\/uploads\/sites\/12\/2014\/09\/11-555x400.jpg 555w\" sizes=\"(max-width: 555px) 100vw, 555px\" \/><\/a><a href=\"https:\/\/blogs.diariosur.es\/tormentas-y-rayos\/2014\/09\/05\/prevision-del-tiempo-el-terral-y-el-levante-se-hacen-pareja-de-hecho-coin-y-estepona-dan-la-maxima-de-espana\/2-58\/\" rel=\"attachment wp-att-9359\"><img loading=\"lazy\" class=\"aligncenter size-medium wp-image-9359\" title=\"2\" src=\"\/tormentas-y-rayos\/wp-content\/uploads\/sites\/12\/2014\/09\/2.jpg\" alt=\"\" width=\"578\" height=\"400\" srcset=\"https:\/\/static-blogs.diariosur.es\/wp-content\/uploads\/sites\/12\/2014\/09\/2.jpg 763w, https:\/\/static-blogs.diariosur.es\/wp-content\/uploads\/sites\/12\/2014\/09\/2-578x400.jpg 578w\" sizes=\"(max-width: 578px) 100vw, 578px\" \/><\/a><\/p>\n<p><strong>Esta\u00a0situaci\u00f3n\u00a0hace que en el Valle del Guadalquivir los vientos sean del suroeste y oeste, con la consiguiente bajada de temperaturas y ademas aportando \u00a0humedad y nubes bajas. <\/strong><\/p>\n<p><strong>Este viento si traspasa las monta\u00f1as que rodean la Provincia Malague\u00f1a hace que se caliente por compresi\u00f3n adiab\u00e1tica, hasta aqui todo normal. Perooooooo porqu\u00e9 &#8230;.. \u00a0c<\/strong><strong>omo todos\u00a0hab\u00e9is\u00a0notado estos dos dias, \u00a0y hoy casi seguro que vuelva a ocurrir, de pronto sobre la una de la tarde \u00a0cambia el viento a sureste que hace bajar la temperatura, tanto en el Puerto como en la\u00a0Estaci\u00f3n\u00a0de Teatinos. \u00a0Y no hablo de reboza, ya que el sureste o levante sigue hasta ultima hora, a partir de las nueve o las diez de la noche vuelve el terral y se mantiene durante la madrugada y primeras horas de la ma\u00f1ana del dia siguiente.<\/strong><\/p>\n<p><strong>Voy a intentar explicarlo pero lo mismo meto la pata, ya que solo soy un aficionado a la\u00a0meteorolog\u00eda.\u00a0<\/strong><\/p>\n<p><strong>Los terrales habituales son debidos a pasos de frentes y borrascas cercanas a las Islas\u00a0Brit\u00e1nicas, pero como os he explicado mas arriba este terral se debe a la baja o embolsamiento\u00a0fr\u00edo\u00a0que os he\u00a0se\u00f1alado en el mapa. Desde esta posici\u00f3n los vientos son mas del suroeste y \u00a0no \u00a0de noroeste . \u00a0Pienso que ocurre una cosa, \u00a0y es que aunque soplen de suroeste son capaces de\u00a0traspasar\u00a0los\u00a0sistemas monta\u00f1osos que rodean a\u00a0M\u00e1laga,\u00a0 con lo cual al bajar las monta\u00f1as \u00a0llegan recalentados por el Valle del Guadalhorce. Como la baja se mueve de posici\u00f3n, \u00a0 hace que tengamos momentos que la velocidad \u00a0del viento se calme un\u00a0poco \u00a0y cambie de direcci\u00f3n. Con lo cual entra el sur suroeste en la\u00a0Bah\u00eda\u00a0Malague\u00f1a. Mientras en el Valle del Guadalhorce aunque el viento ha logrado seguir traspasando los sistemas monta\u00f1osos, viene con menor velocidad, aun asi llegan hasta la zona del Aeropuerto.\u00a0<\/strong><\/p>\n<p><strong> Donde menos se nota, \u00a0y ayer\u00a0volvi\u00f3\u00a0a pasar es en el Aeropuerto ya que en esa zona aun bajan recalentados desde el Valle del Guadalhorce.\u00a0<\/strong><\/p>\n<p><strong>Lo que si que \u00a0no entiendo es lo de Estepona amigos de la meteo, en esa zona y hasta casi las dos de la tarde soplaba el viento del este sureste y de pronto cambio a oeste y con rachas muy fuertes. \u00a0En cambio en M\u00e1laga a la misma hora era levante.<\/strong><\/p>\n<p>&nbsp;<\/p>\n<p><a href=\"https:\/\/blogs.diariosur.es\/tormentas-y-rayos\/2014\/09\/05\/prevision-del-tiempo-el-terral-y-el-levante-se-hacen-pareja-de-hecho-coin-y-estepona-dan-la-maxima-de-espana\/estepona-2\/\" rel=\"attachment wp-att-9370\"><img loading=\"lazy\" class=\"aligncenter size-medium wp-image-9370\" title=\"estepona\" src=\"\/tormentas-y-rayos\/wp-content\/uploads\/sites\/12\/2014\/09\/estepona.jpg\" alt=\"\" width=\"600\" height=\"272\" srcset=\"https:\/\/static-blogs.diariosur.es\/wp-content\/uploads\/sites\/12\/2014\/09\/estepona.jpg 717w, https:\/\/static-blogs.diariosur.es\/wp-content\/uploads\/sites\/12\/2014\/09\/estepona-640x291.jpg 640w\" sizes=\"(max-width: 600px) 100vw, 600px\" \/><\/a><\/p>\n<p><strong>No se si me explicado bien, lo mismo es por otros motivos. Os paso los\u00a0gr\u00e1ficos de temperatura y viento del Puerto y Teatinos .<\/strong><\/p>\n<p><strong> Fijaros a que hora se dan las\u00a0m\u00e1ximas\u00a0en cada estaci\u00f3n, y como en teatinos sobre las nueve de la noche \u00a0empez\u00f3\u00a0de nuevo el\u00a0terral. y mas tarde llego al Puerto. A las doce de la noche el Puerto registraba mas temperatura que a las siete de la tarde.<\/strong><\/p>\n<p><strong> Fuente Aemet.<\/strong><\/p>\n<p><strong>\u00a0<\/strong><\/p>\n<p><a href=\"https:\/\/blogs.diariosur.es\/tormentas-y-rayos\/2014\/09\/05\/prevision-del-tiempo-el-terral-y-el-levante-se-hacen-pareja-de-hecho-coin-y-estepona-dan-la-maxima-de-espana\/zzpuerto\/\" rel=\"attachment wp-att-9367\"><img loading=\"lazy\" class=\"aligncenter size-medium wp-image-9367\" title=\"zzpuerto\" src=\"\/tormentas-y-rayos\/wp-content\/uploads\/sites\/12\/2014\/09\/zzpuerto.jpg\" alt=\"\" width=\"471\" height=\"400\" srcset=\"https:\/\/static-blogs.diariosur.es\/wp-content\/uploads\/sites\/12\/2014\/09\/zzpuerto.jpg 756w, https:\/\/static-blogs.diariosur.es\/wp-content\/uploads\/sites\/12\/2014\/09\/zzpuerto-471x400.jpg 471w\" sizes=\"(max-width: 471px) 100vw, 471px\" \/><\/a><\/p>\n<p>&nbsp;<\/p>\n<p><a href=\"https:\/\/blogs.diariosur.es\/tormentas-y-rayos\/2014\/09\/05\/prevision-del-tiempo-el-terral-y-el-levante-se-hacen-pareja-de-hecho-coin-y-estepona-dan-la-maxima-de-espana\/zzzteatinos\/\" rel=\"attachment wp-att-9368\"><img loading=\"lazy\" class=\"aligncenter size-medium wp-image-9368\" title=\"zzzteatinos\" src=\"\/tormentas-y-rayos\/wp-content\/uploads\/sites\/12\/2014\/09\/zzzteatinos.jpg\" alt=\"\" width=\"440\" height=\"400\" srcset=\"https:\/\/static-blogs.diariosur.es\/wp-content\/uploads\/sites\/12\/2014\/09\/zzzteatinos.jpg 705w, https:\/\/static-blogs.diariosur.es\/wp-content\/uploads\/sites\/12\/2014\/09\/zzzteatinos-441x400.jpg 441w\" sizes=\"(max-width: 440px) 100vw, 440px\" \/><\/a><\/p>\n<p>&nbsp;<\/p>\n<p><strong>\u00a0Mientras tengamos esa baja o bolsa de aire fr\u00edo frente a Portugal mas arriba o mas abajo\u00a0seguir\u00e1\u00a0pasando lo mismo. Y\u00a0seg\u00fan\u00a0los modelos a partir de ma\u00f1ana\u00a0s\u00e1bado y el domingo se\u00a0situar\u00eda\u00a0al oeste de Galicia, con lo cual el terral\u00a0seguir\u00eda\u00a0entrando en M\u00e1laga Capital y zonas expuestas a este viento. Lo bueno es que la temperatura a 850 hpa ( 1500 m) no es muy alta, con lo cual las\u00a0m\u00e1ximas\u00a0no\u00a0ser\u00e1n\u00a0muy altas.\u00a0<\/strong><\/p>\n<p>&nbsp;<\/p>\n<p>&nbsp;<\/p>\n<p><a href=\"https:\/\/blogs.diariosur.es\/tormentas-y-rayos\/2014\/09\/05\/prevision-del-tiempo-el-terral-y-el-levante-se-hacen-pareja-de-hecho-coin-y-estepona-dan-la-maxima-de-espana\/14216709420_875b2cb4e7_n-horz-3\/\" rel=\"attachment wp-att-9373\"><img loading=\"lazy\" class=\"aligncenter size-full wp-image-9373\" title=\"14216709420_875b2cb4e7_n-horz\" src=\"\/tormentas-y-rayos\/wp-content\/uploads\/sites\/12\/2014\/09\/14216709420_875b2cb4e7_n-horz2.jpg\" alt=\"\" width=\"648\" height=\"400\" srcset=\"https:\/\/static-blogs.diariosur.es\/wp-content\/uploads\/sites\/12\/2014\/09\/14216709420_875b2cb4e7_n-horz2.jpg 648w, https:\/\/static-blogs.diariosur.es\/wp-content\/uploads\/sites\/12\/2014\/09\/14216709420_875b2cb4e7_n-horz2-640x395.jpg 640w\" sizes=\"(max-width: 648px) 100vw, 648px\" \/><\/a><\/p>\n<p>&nbsp;<\/p>\n<p>&nbsp;<\/p>\n<p><strong>De todas formas ma\u00f1ana\u00a0s\u00e1bado\u00a0actualizare el blog de nuevo.<\/strong><\/p>\n<p>&nbsp;<\/p>\n<p><strong>Os paso el resumen del dia de ayer en cuanto a temperaturas\u00a0m\u00e1ximas\u00a0que se dieron en toda Espa\u00f1a.\u00a0Fuente\u00a0Aemet.<\/strong><\/p>\n<p>&nbsp;<\/p>\n<p><a href=\"https:\/\/blogs.diariosur.es\/tormentas-y-rayos\/2014\/09\/05\/prevision-del-tiempo-el-terral-y-el-levante-se-hacen-pareja-de-hecho-coin-y-estepona-dan-la-maxima-de-espana\/maximassss\/\" rel=\"attachment wp-att-9362\"><img loading=\"lazy\" class=\"aligncenter size-full wp-image-9362\" title=\"maximassss\" src=\"\/tormentas-y-rayos\/wp-content\/uploads\/sites\/12\/2014\/09\/maximassss.jpg\" alt=\"\" width=\"382\" height=\"395\" \/><\/a><\/p>\n<p>&nbsp;<\/p>\n<p><strong>Y unas fotos preciosas de unos altocumulus que adornaron los cielos malague\u00f1os a primeras horas de la ma\u00f1ama.<\/strong><\/p>\n<p><strong>Mi amiga Maribel los cazo desde M\u00e1laga Capital.<\/strong><\/p>\n<p>&nbsp;<\/p>\n<p><a href=\"https:\/\/blogs.diariosur.es\/tormentas-y-rayos\/2014\/09\/05\/prevision-del-tiempo-el-terral-y-el-levante-se-hacen-pareja-de-hecho-coin-y-estepona-dan-la-maxima-de-espana\/maribel-rs-3\/\" rel=\"attachment wp-att-9364\"><img loading=\"lazy\" class=\"aligncenter size-full wp-image-9364\" title=\"Maribel RS\" src=\"\/tormentas-y-rayos\/wp-content\/uploads\/sites\/12\/2014\/09\/Maribel-RS1.jpg\" alt=\"\" width=\"640\" height=\"480\" srcset=\"https:\/\/static-blogs.diariosur.es\/wp-content\/uploads\/sites\/12\/2014\/09\/Maribel-RS1.jpg 640w, https:\/\/static-blogs.diariosur.es\/wp-content\/uploads\/sites\/12\/2014\/09\/Maribel-RS1-533x400.jpg 533w\" sizes=\"(max-width: 640px) 100vw, 640px\" \/><\/a><\/p>\n<p>&nbsp;<\/p>\n<p>&nbsp;<\/p>\n<p>&nbsp;<\/p>\n<p><strong>Y Jose Luis Gil desde Marbella\u00a0<\/strong><\/p>\n<p>&nbsp;<\/p>\n<p><a href=\"https:\/\/blogs.diariosur.es\/tormentas-y-rayos\/2014\/09\/05\/prevision-del-tiempo-el-terral-y-el-levante-se-hacen-pareja-de-hecho-coin-y-estepona-dan-la-maxima-de-espana\/10523328_10203666884025594_9198063169311766045_o\/\" rel=\"attachment wp-att-9365\"><img loading=\"lazy\" class=\"aligncenter size-full wp-image-9365\" title=\"10523328_10203666884025594_9198063169311766045_o\" src=\"\/tormentas-y-rayos\/wp-content\/uploads\/sites\/12\/2014\/09\/10523328_10203666884025594_9198063169311766045_o.jpg\" alt=\"\" width=\"640\" height=\"384\" \/><\/a><\/p>\n<p>&nbsp;<\/p>\n<p><strong>Mas tarde el cielo cogio un bonito color, mi amiga Maria Jose Moyano Ponce nos manda esta foto.<\/strong><\/p>\n<p><a href=\"https:\/\/blogs.diariosur.es\/tormentas-y-rayos\/2014\/09\/05\/prevision-del-tiempo-el-terral-y-el-levante-se-hacen-pareja-de-hecho-coin-y-estepona-dan-la-maxima-de-espana\/maria-jose-moyano\/\" rel=\"attachment wp-att-9369\"><img loading=\"lazy\" class=\"aligncenter size-full wp-image-9369\" title=\"MARIA JOSE mOYANO\" src=\"\/tormentas-y-rayos\/wp-content\/uploads\/sites\/12\/2014\/09\/MARIA-JOSE-mOYANO.jpg\" alt=\"\" width=\"403\" height=\"537\" srcset=\"https:\/\/static-blogs.diariosur.es\/wp-content\/uploads\/sites\/12\/2014\/09\/MARIA-JOSE-mOYANO.jpg 403w, https:\/\/static-blogs.diariosur.es\/wp-content\/uploads\/sites\/12\/2014\/09\/MARIA-JOSE-mOYANO-300x400.jpg 300w\" sizes=\"(max-width: 403px) 100vw, 403px\" \/><\/a><\/p>\n","protected":false},"excerpt":{"rendered":"<p>&nbsp; &nbsp; &nbsp; Buenos dias amigos de la meteo, son las seis de la ma\u00f1ana, registro 27,8 grados y el terral es\u00a0de nuevo\u00a0el protagonista. Pero como paso ayer, sobre el\u00a0mediod\u00eda\u00a0entrara una reboza de sureste y vuelta a lo mismo. Esto no es una lucha como en otras ocasiones, es un hermanamiento total entre los principales [&hellip;]<\/p>\n","protected":false},"author":16,"featured_media":9372,"comment_status":"open","ping_status":"open","sticky":false,"template":"","format":"standard","meta":[],"categories":[2],"tags":[375,553,753,809,975,980],"_links":{"self":[{"href":"https:\/\/blogs.diariosur.es\/tormentas-y-rayos\/wp-json\/wp\/v2\/posts\/9357"}],"collection":[{"href":"https:\/\/blogs.diariosur.es\/tormentas-y-rayos\/wp-json\/wp\/v2\/posts"}],"about":[{"href":"https:\/\/blogs.diariosur.es\/tormentas-y-rayos\/wp-json\/wp\/v2\/types\/post"}],"author":[{"embeddable":true,"href":"https:\/\/blogs.diariosur.es\/tormentas-y-rayos\/wp-json\/wp\/v2\/users\/16"}],"replies":[{"embeddable":true,"href":"https:\/\/blogs.diariosur.es\/tormentas-y-rayos\/wp-json\/wp\/v2\/comments?post=9357"}],"version-history":[{"count":0,"href":"https:\/\/blogs.diariosur.es\/tormentas-y-rayos\/wp-json\/wp\/v2\/posts\/9357\/revisions"}],"wp:featuredmedia":[{"embeddable":true,"href":"https:\/\/blogs.diariosur.es\/tormentas-y-rayos\/wp-json\/wp\/v2\/media\/9372"}],"wp:attachment":[{"href":"https:\/\/blogs.diariosur.es\/tormentas-y-rayos\/wp-json\/wp\/v2\/media?parent=9357"}],"wp:term":[{"taxonomy":"category","embeddable":true,"href":"https:\/\/blogs.diariosur.es\/tormentas-y-rayos\/wp-json\/wp\/v2\/categories?post=9357"},{"taxonomy":"post_tag","embeddable":true,"href":"https:\/\/blogs.diariosur.es\/tormentas-y-rayos\/wp-json\/wp\/v2\/tags?post=9357"}],"curies":[{"name":"wp","href":"https:\/\/api.w.org\/{rel}","templated":true}]}}