{"id":9375,"date":"2014-09-06T07:34:16","date_gmt":"2014-09-06T05:34:16","guid":{"rendered":"http:\/\/blogs.diariosur.es\/tormentas-y-rayos\/?p=9375"},"modified":"2014-09-06T07:34:16","modified_gmt":"2014-09-06T05:34:16","slug":"prevision-del-tiempo-andalucia-el-terral-y-el-poniente-acompanados-de-tormentas-seran-los-protagonistas-coin-de-nuevo-da-la-maxima-de-espana","status":"publish","type":"post","link":"https:\/\/blogs.diariosur.es\/tormentas-y-rayos\/2014\/09\/06\/prevision-del-tiempo-andalucia-el-terral-y-el-poniente-acompanados-de-tormentas-seran-los-protagonistas-coin-de-nuevo-da-la-maxima-de-espana\/","title":{"rendered":"Previsi\u00f3n del tiempo Andaluc\u00eda. El terral y el poniente acompa\u00f1ados de tormentas ser\u00e1n los protagonistas. Co\u00edn de nuevo da la maxima de Espa\u00f1a."},"content":{"rendered":"<p>&nbsp;<\/p>\n<p><img loading=\"lazy\" class=\"aligncenter\" src=\"https:\/\/farm3.staticflickr.com\/2898\/14371881571_bbae3518b1_q.jpg\" alt=\"\" width=\"150\" height=\"150\" \/><\/p>\n<p>&nbsp;<\/p>\n<p>&nbsp;<\/p>\n<p>&nbsp;<\/p>\n<p><strong>Buenos dias amigos \u00a0de la meteo. Son las seis de la ma\u00f1ana, registro 25 grados, \u00a0y ya estoy\u00a0harto\u00a0de decir por cuarto dia consecutivo lo mismo, hace &#8230;&#8230;.<\/strong><\/p>\n<p>&nbsp;<\/p>\n<p><a href=\"https:\/\/blogs.diariosur.es\/tormentas-y-rayos\/2014\/09\/06\/prevision-del-tiempo-andalucia-el-terral-y-el-poniente-acompanados-de-tormentas-seran-los-protagonistas-coin-de-nuevo-da-la-maxima-de-espana\/10570520_10203414834070499_5462148370066518942_n1-2-3\/\" rel=\"attachment wp-att-9377\"><img loading=\"lazy\" class=\"aligncenter size-full wp-image-9377\" title=\"10570520_10203414834070499_5462148370066518942_n1 (2)\" src=\"\/tormentas-y-rayos\/wp-content\/uploads\/sites\/12\/2014\/09\/10570520_10203414834070499_5462148370066518942_n1-21.jpg\" alt=\"\" width=\"512\" height=\"512\" srcset=\"https:\/\/static-blogs.diariosur.es\/wp-content\/uploads\/sites\/12\/2014\/09\/10570520_10203414834070499_5462148370066518942_n1-21.jpg 512w, https:\/\/static-blogs.diariosur.es\/wp-content\/uploads\/sites\/12\/2014\/09\/10570520_10203414834070499_5462148370066518942_n1-21-150x150.jpg 150w, https:\/\/static-blogs.diariosur.es\/wp-content\/uploads\/sites\/12\/2014\/09\/10570520_10203414834070499_5462148370066518942_n1-21-400x400.jpg 400w\" sizes=\"(max-width: 512px) 100vw, 512px\" \/><\/a><\/p>\n<p><strong>Y no\u00a0porque\u00a0no me guste el terral ( normalito) \u00a0si no\u00a0porque me ha puesto los cuernos con el levante jijijiji . Ayer ya tuvieron la primera discusi\u00f3n los\u00a0reci\u00e9n\u00a0casados \u00a0y en el Puerto ya hubo \u00a0bajadas y subidas de temperaturas como\u00a0pod\u00e9is\u00a0ver en\u00a0estos \u00a0gr\u00e1ficos de temperatura y direcci\u00f3n del viento. \u00a0Ya mismo se divorcian, o se quieren durante todo\u00a0septiembre\u00a0jijijij.<\/strong><\/p>\n<p>&nbsp;<\/p>\n<p><a href=\"https:\/\/blogs.diariosur.es\/tormentas-y-rayos\/2014\/09\/06\/prevision-del-tiempo-andalucia-el-terral-y-el-poniente-acompanados-de-tormentas-seran-los-protagonistas-coin-de-nuevo-da-la-maxima-de-espana\/rebozas-2\/\" rel=\"attachment wp-att-9384\"><img loading=\"lazy\" class=\"aligncenter size-medium wp-image-9384\" title=\"rebozas\" src=\"\/tormentas-y-rayos\/wp-content\/uploads\/sites\/12\/2014\/09\/rebozas.jpg\" alt=\"\" width=\"600\" height=\"257\" srcset=\"https:\/\/static-blogs.diariosur.es\/wp-content\/uploads\/sites\/12\/2014\/09\/rebozas.jpg 737w, https:\/\/static-blogs.diariosur.es\/wp-content\/uploads\/sites\/12\/2014\/09\/rebozas-640x274.jpg 640w\" sizes=\"(max-width: 600px) 100vw, 600px\" \/><\/a><\/p>\n<p><a href=\"https:\/\/blogs.diariosur.es\/tormentas-y-rayos\/2014\/09\/06\/prevision-del-tiempo-andalucia-el-terral-y-el-poniente-acompanados-de-tormentas-seran-los-protagonistas-coin-de-nuevo-da-la-maxima-de-espana\/rebo\/\" rel=\"attachment wp-att-9385\"><img loading=\"lazy\" class=\"aligncenter size-medium wp-image-9385\" title=\"rebo\" src=\"\/tormentas-y-rayos\/wp-content\/uploads\/sites\/12\/2014\/09\/rebo.jpg\" alt=\"\" width=\"600\" height=\"259\" srcset=\"https:\/\/static-blogs.diariosur.es\/wp-content\/uploads\/sites\/12\/2014\/09\/rebo.jpg 727w, https:\/\/static-blogs.diariosur.es\/wp-content\/uploads\/sites\/12\/2014\/09\/rebo-640x276.jpg 640w\" sizes=\"(max-width: 600px) 100vw, 600px\" \/><\/a><\/p>\n<p>&nbsp;<\/p>\n<p>&nbsp;<\/p>\n<p>&nbsp;<\/p>\n<p>&nbsp;<\/p>\n<p><a href=\"https:\/\/blogs.diariosur.es\/tormentas-y-rayos\/2014\/09\/06\/prevision-del-tiempo-andalucia-el-terral-y-el-poniente-acompanados-de-tormentas-seran-los-protagonistas-coin-de-nuevo-da-la-maxima-de-espana\/14216709420_875b2cb4e7_n-horz-4\/\" rel=\"attachment wp-att-9378\"><img loading=\"lazy\" class=\"aligncenter size-medium wp-image-9378\" title=\"14216709420_875b2cb4e7_n-horz\" src=\"\/tormentas-y-rayos\/wp-content\/uploads\/sites\/12\/2014\/09\/14216709420_875b2cb4e7_n-horz3.jpg\" alt=\"\" width=\"600\" height=\"370\" srcset=\"https:\/\/static-blogs.diariosur.es\/wp-content\/uploads\/sites\/12\/2014\/09\/14216709420_875b2cb4e7_n-horz3.jpg 648w, https:\/\/static-blogs.diariosur.es\/wp-content\/uploads\/sites\/12\/2014\/09\/14216709420_875b2cb4e7_n-horz3-640x395.jpg 640w\" sizes=\"(max-width: 600px) 100vw, 600px\" \/><\/a><\/p>\n<p>&nbsp;<\/p>\n<p><span style=\"color: #0000ff;\"><strong>Bueno amigos,\u00a0despu\u00e9s\u00a0de un poco de humor toca dar la previsi\u00f3n del tiempo, que este fin de semana es bastante\u00a0dif\u00edcil\u00a0en lo que respecta a Andaluc\u00eda.<\/strong><\/span><\/p>\n<p><span style=\"color: #0000ff;\"><strong>Como os comentaba ayer en el post, una bolsa de aire\u00a0fr\u00edo\u00a0situada\u00a0frente a las costas portuguesas se acerca mas a la\u00a0<\/strong><strong>pen\u00ednsula. Os paso un mapa de superficie de hoy y otro de 500 hpa ( 5500 m).<\/strong><\/span><\/p>\n<p><span style=\"color: #0000ff;\"><a href=\"https:\/\/blogs.diariosur.es\/tormentas-y-rayos\/2014\/09\/06\/prevision-del-tiempo-andalucia-el-terral-y-el-poniente-acompanados-de-tormentas-seran-los-protagonistas-coin-de-nuevo-da-la-maxima-de-espana\/1-72\/\" rel=\"attachment wp-att-9379\"><span style=\"color: #0000ff;\"><img loading=\"lazy\" class=\"aligncenter size-medium wp-image-9379\" title=\"1\" src=\"\/tormentas-y-rayos\/wp-content\/uploads\/sites\/12\/2014\/09\/12.jpg\" alt=\"\" width=\"557\" height=\"400\" srcset=\"https:\/\/static-blogs.diariosur.es\/wp-content\/uploads\/sites\/12\/2014\/09\/12.jpg 739w, https:\/\/static-blogs.diariosur.es\/wp-content\/uploads\/sites\/12\/2014\/09\/12-558x400.jpg 558w\" sizes=\"(max-width: 557px) 100vw, 557px\" \/><\/span><\/a><a href=\"https:\/\/blogs.diariosur.es\/tormentas-y-rayos\/2014\/09\/06\/prevision-del-tiempo-andalucia-el-terral-y-el-poniente-acompanados-de-tormentas-seran-los-protagonistas-coin-de-nuevo-da-la-maxima-de-espana\/2-59\/\" rel=\"attachment wp-att-9380\"><span style=\"color: #0000ff;\"><img loading=\"lazy\" class=\"aligncenter size-medium wp-image-9380\" title=\"2\" src=\"\/tormentas-y-rayos\/wp-content\/uploads\/sites\/12\/2014\/09\/21.jpg\" alt=\"\" width=\"560\" height=\"400\" srcset=\"https:\/\/static-blogs.diariosur.es\/wp-content\/uploads\/sites\/12\/2014\/09\/21.jpg 763w, https:\/\/static-blogs.diariosur.es\/wp-content\/uploads\/sites\/12\/2014\/09\/21-560x400.jpg 560w\" sizes=\"(max-width: 560px) 100vw, 560px\" \/><\/span><\/a><\/span><\/p>\n<p><span><strong><span style=\"color: #0000ff;\">Estro\u00a0traer\u00e1\u00a0consigo que \u00a0hoy\u00a0s\u00e1bado \u00a0siga el terral, y que de nuevo el sur sureste entre sobre el\u00a0mediod\u00eda, es decir, repetici\u00f3n de la jugada por cuarto dia. De todas formas las\u00a0m\u00e1ximas\u00a0no creo que pasen de los 35\u00a0grados\u00a0seg\u00fan\u00a0las zonas. <span style=\"color: #ff00ff;\">Si el cambio de viento se produce antes del\u00a0mediod\u00eda, incluso\u00a0podr\u00edan\u00a0entrar brumas o algo de niebla, ya que de nuevo se ha\u00a0enfriado\u00a0el agua.<\/span><\/span><\/strong><\/span><\/p>\n<p><span style=\"color: #0000ff;\"><strong> En la zona del Valle del Guadalquivir al soplar de\u00a0componente\u00a0mar\u00edtimo\u00a0har\u00e1\u00a0bajar las\u00a0m\u00e1ximas\u00a0y las brumas pueden ser las protagonistas.\u00a0<\/strong><\/span><\/p>\n<p><span><strong><span><span style=\"color: #ff0000;\">El domingo se complica la cosa amigos de la meteo, \u00a0ya que el aire fr\u00edo en altura ( vaguada) empezar\u00eda\u00a0a entrar por el oeste de Andaluc\u00eda, dejando chubascos por la zona de Huelva e incluso de \u00a0Sevilla en forma de tormentas que \u00a0con mayor probabilidad se\u00a0dar\u00e1n\u00a0 en los sistemas monta\u00f1osos, sin descartar zonas cercanas. En esta imagen del\u00a0sat\u00e9lite\u00a0eumetsat se aprecian las lineas de inestabilidad que afectaran el\u00a0Domingo a Andaluc\u00eda. \u00a0<\/span><\/span><\/strong><\/span><strong><span><span style=\"color: #ff0000;\">Tambi\u00e9n se ven las que ya afectan por el norte, en la zona de Arag\u00f3n y Catalu\u00f1a se\u00a0dar\u00e1n\u00a0fuertes tormentas.\u00a0Est\u00e1n\u00a0en aviso naranja.<\/span><\/span><\/strong><\/p>\n<p>&nbsp;<\/p>\n<p>&nbsp;<\/p>\n<p><a href=\"https:\/\/blogs.diariosur.es\/tormentas-y-rayos\/2014\/09\/06\/prevision-del-tiempo-andalucia-el-terral-y-el-poniente-acompanados-de-tormentas-seran-los-protagonistas-coin-de-nuevo-da-la-maxima-de-espana\/captura-411\/\" rel=\"attachment wp-att-9386\"><img loading=\"lazy\" class=\"aligncenter size-medium wp-image-9386\" title=\"Captura\" src=\"\/tormentas-y-rayos\/wp-content\/uploads\/sites\/12\/2014\/09\/Captura7.jpg\" alt=\"\" width=\"551\" height=\"400\" srcset=\"https:\/\/static-blogs.diariosur.es\/wp-content\/uploads\/sites\/12\/2014\/09\/Captura7.jpg 745w, https:\/\/static-blogs.diariosur.es\/wp-content\/uploads\/sites\/12\/2014\/09\/Captura7-552x400.jpg 552w\" sizes=\"(max-width: 551px) 100vw, 551px\" \/><\/a><\/p>\n<p>&nbsp;<\/p>\n<p>&nbsp;<\/p>\n<p><span><strong><span style=\"color: #ff0000;\">\u00a0Estas tormentas tambi\u00e9n se\u00a0podr\u00edan\u00a0dar en las monta\u00f1as de Andaluc\u00eda Oriental. \u00a0El terral y el poniente\u00a0ser\u00e1n protagonistas en el Litoral\u00a0Mediterr\u00e1neo\u00a0Andaluz\u00a0y del suroeste en la zona\u00a0Atl\u00e1ntica\u00a0Andaluza.<\/span><\/strong><\/span><\/p>\n<p><strong><span style=\"color: #ff00ff;\">Como ma\u00f1ana Domingo curro porque abrimos todos los Corte Ingl\u00e9s, antes de\u00a0entrar\u00a0a trabajar\u00a0actualizare\u00a0el blog \u00a0y os \u00a0dar\u00e9\u00a0la ultima hora de lo que se espera para el domingo y el lunes que es fiesta. El Domingo\u00a0por\u00a0la\u00a0noche tirare para Torre de Benagalb\u00f3n, \u00a0para\u00a0disfrutar\u00a0del \u00a0lunes que como todos\u00a0sab\u00e9is<\/span><span style=\"color: #ff00ff;\">\u00a0es festivo en M\u00e1laga Capital.<\/span><\/strong><\/p>\n<p>&nbsp;<\/p>\n<p><strong>Ayer viernes de nuevo la maxima de Espa\u00f1a la dio Co\u00edn \u00a0con \u00a038,1 grados, seguida de \u00c1lora \u00a0con 36,6. Fijaros en las\u00a0m\u00ednimas\u00a0que se dieron en algunos puntos de la meseta.<\/strong><\/p>\n<p>&nbsp;<\/p>\n<p><a href=\"https:\/\/blogs.diariosur.es\/tormentas-y-rayos\/2014\/09\/06\/prevision-del-tiempo-andalucia-el-terral-y-el-poniente-acompanados-de-tormentas-seran-los-protagonistas-coin-de-nuevo-da-la-maxima-de-espana\/captura-410\/\" rel=\"attachment wp-att-9382\"><img loading=\"lazy\" class=\"aligncenter size-medium wp-image-9382\" title=\"Captura\" src=\"\/tormentas-y-rayos\/wp-content\/uploads\/sites\/12\/2014\/09\/Captura6.jpg\" alt=\"\" width=\"600\" height=\"304\" srcset=\"https:\/\/static-blogs.diariosur.es\/wp-content\/uploads\/sites\/12\/2014\/09\/Captura6.jpg 784w, https:\/\/static-blogs.diariosur.es\/wp-content\/uploads\/sites\/12\/2014\/09\/Captura6-640x325.jpg 640w, https:\/\/static-blogs.diariosur.es\/wp-content\/uploads\/sites\/12\/2014\/09\/Captura6-768x390.jpg 768w\" sizes=\"(max-width: 600px) 100vw, 600px\" \/><\/a><\/p>\n<p>&nbsp;<\/p>\n<p>&nbsp;<\/p>\n<p><strong>\u00a0 Y que\u00a0opin\u00e1is\u00a0de \u00a0este \u00a0impresionante, maravilloso etc etc \u00a0shelf cloud captado en Green Bay (Wisconsin, EEUU) \u00a0por David Troup el pasado dia 4.\u00a0<\/strong><\/p>\n<p>&nbsp;<\/p>\n<p><a href=\"https:\/\/blogs.diariosur.es\/tormentas-y-rayos\/2014\/09\/06\/prevision-del-tiempo-andalucia-el-terral-y-el-poniente-acompanados-de-tormentas-seran-los-protagonistas-coin-de-nuevo-da-la-maxima-de-espana\/10688250_646565272123340_3037591274589453854_o\/\" rel=\"attachment wp-att-9381\"><img loading=\"lazy\" class=\"aligncenter size-full wp-image-9381\" title=\"10688250_646565272123340_3037591274589453854_o\" src=\"\/tormentas-y-rayos\/wp-content\/uploads\/sites\/12\/2014\/09\/10688250_646565272123340_3037591274589453854_o.png\" alt=\"\" width=\"640\" height=\"236\" \/><\/a><\/p>\n<p><strong>\u00a0<\/strong><\/p>\n<p><strong>Una pasada, \u00a0verdad que si amigos de la meteo , pues \u00a0lo vamos a completar con esta nube fantasma que fotografi\u00e9 hace un par de semanas desde la terraza , ojala asuste al verano y se vaya \u00a0a tomar por saco.<\/strong><\/p>\n<p>&nbsp;<\/p>\n<p>&nbsp;<\/p>\n<p><img loading=\"lazy\" class=\"aligncenter\" src=\"https:\/\/farm4.staticflickr.com\/3906\/14733362349_24eda5775c_z.jpg\" alt=\"\" width=\"640\" height=\"431\" \/><\/p>\n<p>&nbsp;<\/p>\n<p><img loading=\"lazy\" class=\"aligncenter\" src=\"https:\/\/farm4.staticflickr.com\/3865\/14919672512_3a98e2dc02_z.jpg\" alt=\"\" width=\"640\" height=\"428\" \/><\/p>\n<p>&nbsp;<\/p>\n<p><strong>Ma\u00f1ana os pasare el resumen climatol\u00f3gico de Agosto en\u00a0<\/strong><strong>Andaluc\u00eda, asi como el de toda Espa\u00f1a. Os dejo que en un rato tirare para el curro.<\/strong><\/p>\n","protected":false},"excerpt":{"rendered":"<p>&nbsp; &nbsp; &nbsp; &nbsp; Buenos dias amigos \u00a0de la meteo. Son las seis de la ma\u00f1ana, registro 25 grados, \u00a0y ya estoy\u00a0harto\u00a0de decir por cuarto dia consecutivo lo mismo, hace &#8230;&#8230;. &nbsp; Y no\u00a0porque\u00a0no me guste el terral ( normalito) \u00a0si no\u00a0porque me ha puesto los cuernos con el levante jijijiji . Ayer ya tuvieron [&hellip;]<\/p>\n","protected":false},"author":16,"featured_media":9381,"comment_status":"open","ping_status":"open","sticky":false,"template":"","format":"standard","meta":[],"categories":[2],"tags":[100,266,624,791,809,961,975,980,996],"_links":{"self":[{"href":"https:\/\/blogs.diariosur.es\/tormentas-y-rayos\/wp-json\/wp\/v2\/posts\/9375"}],"collection":[{"href":"https:\/\/blogs.diariosur.es\/tormentas-y-rayos\/wp-json\/wp\/v2\/posts"}],"about":[{"href":"https:\/\/blogs.diariosur.es\/tormentas-y-rayos\/wp-json\/wp\/v2\/types\/post"}],"author":[{"embeddable":true,"href":"https:\/\/blogs.diariosur.es\/tormentas-y-rayos\/wp-json\/wp\/v2\/users\/16"}],"replies":[{"embeddable":true,"href":"https:\/\/blogs.diariosur.es\/tormentas-y-rayos\/wp-json\/wp\/v2\/comments?post=9375"}],"version-history":[{"count":0,"href":"https:\/\/blogs.diariosur.es\/tormentas-y-rayos\/wp-json\/wp\/v2\/posts\/9375\/revisions"}],"wp:featuredmedia":[{"embeddable":true,"href":"https:\/\/blogs.diariosur.es\/tormentas-y-rayos\/wp-json\/wp\/v2\/media\/9381"}],"wp:attachment":[{"href":"https:\/\/blogs.diariosur.es\/tormentas-y-rayos\/wp-json\/wp\/v2\/media?parent=9375"}],"wp:term":[{"taxonomy":"category","embeddable":true,"href":"https:\/\/blogs.diariosur.es\/tormentas-y-rayos\/wp-json\/wp\/v2\/categories?post=9375"},{"taxonomy":"post_tag","embeddable":true,"href":"https:\/\/blogs.diariosur.es\/tormentas-y-rayos\/wp-json\/wp\/v2\/tags?post=9375"}],"curies":[{"name":"wp","href":"https:\/\/api.w.org\/{rel}","templated":true}]}}