{"id":9422,"date":"2014-09-10T08:02:18","date_gmt":"2014-09-10T06:02:18","guid":{"rendered":"http:\/\/blogs.diariosur.es\/tormentas-y-rayos\/?p=9422"},"modified":"2014-09-10T08:02:18","modified_gmt":"2014-09-10T06:02:18","slug":"prevision-del-tiempo-andalucia-se-confirma-el-terral-y-el-poniente-para-el-jueves-que-no-cunda-el-panico-posibles-chubascos-en-huelva-hoy-por-la-tarde-y-manana-en-cadiz","status":"publish","type":"post","link":"https:\/\/blogs.diariosur.es\/tormentas-y-rayos\/2014\/09\/10\/prevision-del-tiempo-andalucia-se-confirma-el-terral-y-el-poniente-para-el-jueves-que-no-cunda-el-panico-posibles-chubascos-en-huelva-hoy-por-la-tarde-y-manana-en-cadiz\/","title":{"rendered":"Previsi\u00f3n del tiempo Andaluc\u00eda. Se confirma el terral y el poniente para el jueves ( QUE NO CUNDA EL P\u00c1NICO) . Posibles chubascos en Huelva hoy por la tarde y ma\u00f1ana en C\u00e1diz."},"content":{"rendered":"<p><img loading=\"lazy\" class=\"aligncenter\" src=\"https:\/\/farm3.staticflickr.com\/2898\/14371881571_bbae3518b1_q.jpg\" alt=\"\" width=\"150\" height=\"150\" \/><\/p>\n<p>&nbsp;<\/p>\n<p>&nbsp;<\/p>\n<p>&nbsp;<\/p>\n<p>&nbsp;<\/p>\n<p>&nbsp;<\/p>\n<p><span style=\"color: #0000ff;\"><strong>Buenos dias amigos de la meteo, son las seis de la ma\u00f1ana, registro 24 grados en mi estaci\u00f3n, con una humedad que ha estado rondando esta pasada madrugada el 61%. De nuevo otra madrugada sudorosa.<\/strong><\/span><\/p>\n<p><strong><span style=\"color: #0000ff;\">La borrasca de la que\u00a0habl\u00e1bamos\u00a0ayer martes\u00a0traer\u00e1\u00a0consigo un cambio de viento al\u00a0Litoral\u00a0Mediterr\u00e1neo\u00a0Andaluz, nuevamente el terral y el poniente\u00a0ser\u00e1n\u00a0protagonistas. Las\u00a0m\u00e1ximas\u00a0mas altas se\u00a0dar\u00e1n\u00a0como en otras ocasiones \u00a0en Co\u00edn, \u00c1lora, Pizarra, ( Valle del Guadalhorce). En M\u00e1laga Capital rondaran los 30 y 33 grados, con posibles rebozas de sur sureste que\u00a0har\u00e1n\u00a0que bajen en en la zona del puerto. En el Valle del Guadalquivir los cielos\u00a0estar\u00e1n\u00a0nubosos y bajaran las\u00a0m\u00e1ximas.\u00a0<\/span><\/strong><\/p>\n<p><span style=\"color: #3366ff;\"><strong>Os presento a nuestra amiga. Fijaros en la presi\u00f3n, 986 hpa.<\/strong><\/span><\/p>\n<p>&nbsp;<\/p>\n<p>&nbsp;<\/p>\n<p>&nbsp;<\/p>\n<p>&nbsp;<\/p>\n<p><a href=\"https:\/\/blogs.diariosur.es\/tormentas-y-rayos\/2014\/09\/10\/prevision-del-tiempo-andalucia-se-confirma-el-terral-y-el-poniente-para-el-jueves-que-no-cunda-el-panico-posibles-chubascos-en-huelva-hoy-por-la-tarde-y-manana-en-cadiz\/previsto-superficie\/\" rel=\"attachment wp-att-9424\"><img loading=\"lazy\" class=\"aligncenter size-medium wp-image-9424\" title=\"previsto superficie\" src=\"\/tormentas-y-rayos\/wp-content\/uploads\/sites\/12\/2014\/09\/previsto-superficie.jpg\" alt=\"\" width=\"564\" height=\"400\" srcset=\"https:\/\/static-blogs.diariosur.es\/wp-content\/uploads\/sites\/12\/2014\/09\/previsto-superficie.jpg 745w, https:\/\/static-blogs.diariosur.es\/wp-content\/uploads\/sites\/12\/2014\/09\/previsto-superficie-564x400.jpg 564w\" sizes=\"(max-width: 564px) 100vw, 564px\" \/><\/a><\/p>\n<p>&nbsp;<\/p>\n<p><span style=\"color: #0000ff;\"><strong>Una pena que esta borrasca se quede casi en ese mismo sitio algunos dias.<\/strong><\/span><\/p>\n<p><a href=\"https:\/\/blogs.diariosur.es\/tormentas-y-rayos\/2014\/09\/10\/prevision-del-tiempo-andalucia-se-confirma-el-terral-y-el-poniente-para-el-jueves-que-no-cunda-el-panico-posibles-chubascos-en-huelva-hoy-por-la-tarde-y-manana-en-cadiz\/gfs-0-36_xyt3\/\" rel=\"attachment wp-att-9425\"><img loading=\"lazy\" class=\"aligncenter size-medium wp-image-9425\" title=\"gfs-0-36_xyt3\" src=\"\/tormentas-y-rayos\/wp-content\/uploads\/sites\/12\/2014\/09\/gfs-0-36_xyt3.png\" alt=\"\" width=\"600\" height=\"400\" srcset=\"https:\/\/static-blogs.diariosur.es\/wp-content\/uploads\/sites\/12\/2014\/09\/gfs-0-36_xyt3.png 768w, https:\/\/static-blogs.diariosur.es\/wp-content\/uploads\/sites\/12\/2014\/09\/gfs-0-36_xyt3-600x400.png 600w\" sizes=\"(max-width: 600px) 100vw, 600px\" \/><\/a><\/p>\n<p>&nbsp;<\/p>\n<p>&nbsp;<\/p>\n<p>&nbsp;<\/p>\n<p><span style=\"color: #0000ff;\"><strong>Lo\u00a0\u00fanico\u00a0que\u00a0traer\u00e1\u00a0\u00a0ser\u00e1n\u00a0algunos chubascos a la zona de Huelva, que empezaran a darse a ultima hora de la tarde noche de hoy debido a las lineas de inestabilidad.. Tambi\u00e9n\u00a0podr\u00edan\u00a0darse ma\u00f1ana jueves en el Litoral de Gaditano. Fuente meteogalicia eumetsat.<\/strong><\/span><\/p>\n<p><a href=\"https:\/\/blogs.diariosur.es\/tormentas-y-rayos\/2014\/09\/10\/prevision-del-tiempo-andalucia-se-confirma-el-terral-y-el-poniente-para-el-jueves-que-no-cunda-el-panico-posibles-chubascos-en-huelva-hoy-por-la-tarde-y-manana-en-cadiz\/captura-414\/\" rel=\"attachment wp-att-9429\"><img loading=\"lazy\" class=\"aligncenter size-medium wp-image-9429\" title=\"Captura\" src=\"\/tormentas-y-rayos\/wp-content\/uploads\/sites\/12\/2014\/09\/Captura10.jpg\" alt=\"\" width=\"561\" height=\"400\" srcset=\"https:\/\/static-blogs.diariosur.es\/wp-content\/uploads\/sites\/12\/2014\/09\/Captura10.jpg 733w, https:\/\/static-blogs.diariosur.es\/wp-content\/uploads\/sites\/12\/2014\/09\/Captura10-562x400.jpg 562w\" sizes=\"(max-width: 561px) 100vw, 561px\" \/><\/a><\/p>\n<p>&nbsp;<\/p>\n<p>&nbsp;<\/p>\n<p>&nbsp;<\/p>\n<p><span style=\"color: #0000ff;\"><strong>Este tipo de situaci\u00f3n puede traer de nuevo y como ocurri\u00f3 la semana pasada un casamiento entre el terral y el sur sureste jijijiji. \u00a0No lo tengo muy claro, \u00a0ya lo iremos viendo. Os paso el enlace de la semana pasada:<\/strong><\/span><\/p>\n<p>&nbsp;<\/p>\n<p><span style=\"color: #ff0000;\"><strong><a href=\"https:\/\/blogs.diariosur.es\/tormentas-y-rayos\/2014\/09\/05\/prevision-del-tiempo-el-terral-y-el-levante-se-hacen-pareja-de-hecho-coin-y-estepona-dan-la-maxima-de-espana\/\"><span style=\"color: #ff0000;\">EL TERRAL Y EL LEVANTE SE HACEN PAREJA DE HECHO.<\/span><\/a><\/strong><\/span><\/p>\n<p>&nbsp;<\/p>\n<p><strong><a href=\"https:\/\/blogs.diariosur.es\/tormentas-y-rayos\/2014\/09\/10\/prevision-del-tiempo-andalucia-se-confirma-el-terral-y-el-poniente-para-el-jueves-que-no-cunda-el-panico-posibles-chubascos-en-huelva-hoy-por-la-tarde-y-manana-en-cadiz\/14216709420_875b2cb4e7_n-horz-5\/\" rel=\"attachment wp-att-9426\"><img loading=\"lazy\" class=\"aligncenter size-full wp-image-9426\" title=\"14216709420_875b2cb4e7_n-horz\" src=\"\/tormentas-y-rayos\/wp-content\/uploads\/sites\/12\/2014\/09\/14216709420_875b2cb4e7_n-horz4.jpg\" alt=\"\" width=\"648\" height=\"400\" srcset=\"https:\/\/static-blogs.diariosur.es\/wp-content\/uploads\/sites\/12\/2014\/09\/14216709420_875b2cb4e7_n-horz4.jpg 648w, https:\/\/static-blogs.diariosur.es\/wp-content\/uploads\/sites\/12\/2014\/09\/14216709420_875b2cb4e7_n-horz4-640x395.jpg 640w\" sizes=\"(max-width: 648px) 100vw, 648px\" \/><\/a>\u00a0<\/strong><\/p>\n<p>&nbsp;<\/p>\n<p><span style=\"color: #ff00ff;\"><strong>Ma\u00f1ana jueves hay posibilidad de que por la ma\u00f1ana tengamos candilazo y podamos ver el cielo\u00a0as\u00ed\u00a0como el domingo pasado. A ver si soy capaz de fotografiar al\u00a0trasatl\u00e1ntico mas grande del mundo \u00a0que llega ma\u00f1ana al Puerto Malague\u00f1o. \u00a0No\u00a0tendr\u00e1\u00a0que ver nada\u00a0con el de esta foto del domingo jijiji.<\/strong><\/span><\/p>\n<p><img loading=\"lazy\" class=\"aligncenter\" src=\"https:\/\/farm4.staticflickr.com\/3866\/14993594239_26d967f299_z.jpg\" alt=\"\" width=\"640\" height=\"427\" \/><\/p>\n<p>&nbsp;<\/p>\n<p>&nbsp;<\/p>\n<p><span style=\"color: #ff0000;\"><strong>Aunque aun es muy pronto, hay posibilidad de que para la semana que viene tengamos algunos cambios. El viernes os comentare algo mas.\u00a0<\/strong><\/span><\/p>\n<p>&nbsp;<\/p>\n<p><strong><span style=\"color: #0000ff;\">Os paso los datos mas destacados que se dieron ayer en Andaluc\u00eda. Las\u00a0m\u00e1ximas\u00a0se dieron en Granada, C\u00f3rdoba y \u00c1lora. Fuente Aemet.<\/span><\/strong><\/p>\n<p><a href=\"https:\/\/blogs.diariosur.es\/tormentas-y-rayos\/2014\/09\/10\/prevision-del-tiempo-andalucia-se-confirma-el-terral-y-el-poniente-para-el-jueves-que-no-cunda-el-panico-posibles-chubascos-en-huelva-hoy-por-la-tarde-y-manana-en-cadiz\/captura-413\/\" rel=\"attachment wp-att-9428\"><img loading=\"lazy\" class=\"aligncenter size-medium wp-image-9428\" title=\"Captura\" src=\"\/tormentas-y-rayos\/wp-content\/uploads\/sites\/12\/2014\/09\/Captura9.jpg\" alt=\"\" width=\"600\" height=\"178\" srcset=\"https:\/\/static-blogs.diariosur.es\/wp-content\/uploads\/sites\/12\/2014\/09\/Captura9.jpg 782w, https:\/\/static-blogs.diariosur.es\/wp-content\/uploads\/sites\/12\/2014\/09\/Captura9-640x191.jpg 640w, https:\/\/static-blogs.diariosur.es\/wp-content\/uploads\/sites\/12\/2014\/09\/Captura9-768x229.jpg 768w\" sizes=\"(max-width: 600px) 100vw, 600px\" \/><\/a><\/p>\n<p>&nbsp;<\/p>\n<p>&nbsp;<\/p>\n<p>&nbsp;<\/p>\n<p><span style=\"color: #0000ff;\"><strong>Os dejo con la superluna que cazo anoche mi amiga Alicia Ram\u00edrez, una pasada de bonita.<\/strong><\/span><\/p>\n<p><a href=\"https:\/\/blogs.diariosur.es\/tormentas-y-rayos\/2014\/09\/10\/prevision-del-tiempo-andalucia-se-confirma-el-terral-y-el-poniente-para-el-jueves-que-no-cunda-el-panico-posibles-chubascos-en-huelva-hoy-por-la-tarde-y-manana-en-cadiz\/alicia-ramirez-3\/\" rel=\"attachment wp-att-9427\"><img loading=\"lazy\" class=\"aligncenter size-medium wp-image-9427\" title=\"alicia ramirez\" src=\"\/tormentas-y-rayos\/wp-content\/uploads\/sites\/12\/2014\/09\/alicia-ramirez.jpg\" alt=\"\" width=\"593\" height=\"400\" srcset=\"https:\/\/static-blogs.diariosur.es\/wp-content\/uploads\/sites\/12\/2014\/09\/alicia-ramirez.jpg 800w, https:\/\/static-blogs.diariosur.es\/wp-content\/uploads\/sites\/12\/2014\/09\/alicia-ramirez-594x400.jpg 594w, https:\/\/static-blogs.diariosur.es\/wp-content\/uploads\/sites\/12\/2014\/09\/alicia-ramirez-768x517.jpg 768w\" sizes=\"(max-width: 593px) 100vw, 593px\" \/><\/a><\/p>\n<p>&nbsp;<\/p>\n<p>&nbsp;<\/p>\n<p>&nbsp;<\/p>\n<p>&nbsp;<\/p>\n<p>&nbsp;<\/p>\n","protected":false},"excerpt":{"rendered":"<p>&nbsp; &nbsp; &nbsp; &nbsp; &nbsp; Buenos dias amigos de la meteo, son las seis de la ma\u00f1ana, registro 24 grados en mi estaci\u00f3n, con una humedad que ha estado rondando esta pasada madrugada el 61%. De nuevo otra madrugada sudorosa. La borrasca de la que\u00a0habl\u00e1bamos\u00a0ayer martes\u00a0traer\u00e1\u00a0consigo un cambio de viento al\u00a0Litoral\u00a0Mediterr\u00e1neo\u00a0Andaluz, nuevamente el terral y [&hellip;]<\/p>\n","protected":false},"author":16,"featured_media":9430,"comment_status":"open","ping_status":"open","sticky":false,"template":"","format":"standard","meta":[],"categories":[2],"tags":[791,809,975,980],"_links":{"self":[{"href":"https:\/\/blogs.diariosur.es\/tormentas-y-rayos\/wp-json\/wp\/v2\/posts\/9422"}],"collection":[{"href":"https:\/\/blogs.diariosur.es\/tormentas-y-rayos\/wp-json\/wp\/v2\/posts"}],"about":[{"href":"https:\/\/blogs.diariosur.es\/tormentas-y-rayos\/wp-json\/wp\/v2\/types\/post"}],"author":[{"embeddable":true,"href":"https:\/\/blogs.diariosur.es\/tormentas-y-rayos\/wp-json\/wp\/v2\/users\/16"}],"replies":[{"embeddable":true,"href":"https:\/\/blogs.diariosur.es\/tormentas-y-rayos\/wp-json\/wp\/v2\/comments?post=9422"}],"version-history":[{"count":0,"href":"https:\/\/blogs.diariosur.es\/tormentas-y-rayos\/wp-json\/wp\/v2\/posts\/9422\/revisions"}],"wp:featuredmedia":[{"embeddable":true,"href":"https:\/\/blogs.diariosur.es\/tormentas-y-rayos\/wp-json\/wp\/v2\/media\/9430"}],"wp:attachment":[{"href":"https:\/\/blogs.diariosur.es\/tormentas-y-rayos\/wp-json\/wp\/v2\/media?parent=9422"}],"wp:term":[{"taxonomy":"category","embeddable":true,"href":"https:\/\/blogs.diariosur.es\/tormentas-y-rayos\/wp-json\/wp\/v2\/categories?post=9422"},{"taxonomy":"post_tag","embeddable":true,"href":"https:\/\/blogs.diariosur.es\/tormentas-y-rayos\/wp-json\/wp\/v2\/tags?post=9422"}],"curies":[{"name":"wp","href":"https:\/\/api.w.org\/{rel}","templated":true}]}}