{"id":9433,"date":"2014-09-11T08:47:37","date_gmt":"2014-09-11T06:47:37","guid":{"rendered":"http:\/\/blogs.diariosur.es\/tormentas-y-rayos\/?p=9433"},"modified":"2014-09-11T08:47:37","modified_gmt":"2014-09-11T06:47:37","slug":"prevision-del-tiempo-una-borrasca-profunda-traera-durante-varios-dias-poniente-y-terral-a-la-costa-mediterranea-andaluza","status":"publish","type":"post","link":"https:\/\/blogs.diariosur.es\/tormentas-y-rayos\/2014\/09\/11\/prevision-del-tiempo-una-borrasca-profunda-traera-durante-varios-dias-poniente-y-terral-a-la-costa-mediterranea-andaluza\/","title":{"rendered":"Previsi\u00f3n del tiempo. Una borrasca profunda traer\u00e1 durante varios dias poniente y terral a la Costa Mediterr\u00e1nea Andaluza."},"content":{"rendered":"<p><img loading=\"lazy\" class=\"aligncenter\" src=\"https:\/\/farm6.staticflickr.com\/5566\/14568830453_8e0522e3fc_q.jpg\" alt=\"\" width=\"150\" height=\"150\" \/><\/p>\n<p>&nbsp;<\/p>\n<p>&nbsp;<\/p>\n<p>&nbsp;<\/p>\n<p><strong>Buenos dias amigos de la meteo.<\/strong><\/p>\n<p><strong>Son las seis y media de la ma\u00f1ana, registro 22,2 grados y el terral \u00a0ha empezado a\u00a0soplar\u00a0desde hace una media hora mas o menos. Las nubes que esperaba me han puesto los cuernos, asi que no tendremos candilazo. Hasta hace fresquito jijijiji.<\/strong><\/p>\n<p>&nbsp;<\/p>\n<p>&nbsp;<\/p>\n<p><strong>Antes de nada dar las gracias al programa El despertador de Radio Victoria por cargarme las pilas jijij, lo pase ayer genial \u00a0hablando del tiempo. Nadia Carbajo, Rocio del Pozo, Roberto L\u00f3pez, Kiko, Sergio Laguna y Alvaro Carrero un beso muy grande a todos.\u00a0<\/strong><strong>En cuanta tenga el posdcat lo pongo aqui.\u00a0<\/strong><\/p>\n<p><img loading=\"lazy\" class=\"aligncenter\" src=\"https:\/\/farm4.staticflickr.com\/3856\/15177763056_4bbe56d6ba_z.jpg\" alt=\"\" width=\"640\" height=\"427\" \/><\/p>\n<p>&nbsp;<\/p>\n<p><img loading=\"lazy\" class=\"aligncenter\" src=\"https:\/\/farm4.staticflickr.com\/3878\/15197750051_074444fcfd_z.jpg\" alt=\"\" width=\"640\" height=\"427\" \/><\/p>\n<p>&nbsp;<\/p>\n<p><strong>Bueno amigos de la meteo, muy\u00a0r\u00e1pidamente\u00a0hoy, \u00a0ya que quiero ir a la playa de la misericordia para ver entrar al mayor\u00a0transatl\u00e1ntico\u00a0del mundo para hacerle unas cuantas fotos amaneciendo.<\/strong><\/p>\n<p><strong>Se cumplen las previsiones y el terral sera el protagonista durante varios dias. La borrasca situada frente a Portugal \u00a0 se quedara casi\u00a0est\u00e1tica\u00a0en esa zona, esto \u00a0har\u00e1\u00a0que los vientos entren de poniente y en otras ocasiones de\u00a0sur\u00a0suroeste . Es decir que de nuevo la pareja de hecho sera noticia.\u00a0<\/strong><\/p>\n<p><a href=\"https:\/\/blogs.diariosur.es\/tormentas-y-rayos\/2014\/09\/11\/prevision-del-tiempo-una-borrasca-profunda-traera-durante-varios-dias-poniente-y-terral-a-la-costa-mediterranea-andaluza\/14216709420_875b2cb4e7_n-horz-6\/\" rel=\"attachment wp-att-9434\"><img loading=\"lazy\" class=\"aligncenter size-medium wp-image-9434\" title=\"14216709420_875b2cb4e7_n-horz\" src=\"\/tormentas-y-rayos\/wp-content\/uploads\/sites\/12\/2014\/09\/14216709420_875b2cb4e7_n-horz5.jpg\" alt=\"\" width=\"600\" height=\"370\" srcset=\"https:\/\/static-blogs.diariosur.es\/wp-content\/uploads\/sites\/12\/2014\/09\/14216709420_875b2cb4e7_n-horz5.jpg 648w, https:\/\/static-blogs.diariosur.es\/wp-content\/uploads\/sites\/12\/2014\/09\/14216709420_875b2cb4e7_n-horz5-640x395.jpg 640w\" sizes=\"(max-width: 600px) 100vw, 600px\" \/><\/a><\/p>\n<p>&nbsp;<\/p>\n<p><strong>Os paso esta impresionante imagen de la borrasca de hace poco minutos. Fuente Meteogalicia Eumetsat.<\/strong><\/p>\n<p>&nbsp;<\/p>\n<p>&nbsp;<\/p>\n<p><a href=\"https:\/\/blogs.diariosur.es\/tormentas-y-rayos\/2014\/09\/11\/prevision-del-tiempo-una-borrasca-profunda-traera-durante-varios-dias-poniente-y-terral-a-la-costa-mediterranea-andaluza\/webexterna_ir87_04-30-12\/\" rel=\"attachment wp-att-9436\"><img loading=\"lazy\" class=\"aligncenter size-medium wp-image-9436\" title=\"webexterna_IR87_[04-30]\" src=\"\/tormentas-y-rayos\/wp-content\/uploads\/sites\/12\/2014\/09\/webexterna_IR87_04-30.jpg\" alt=\"\" width=\"579\" height=\"400\" srcset=\"https:\/\/static-blogs.diariosur.es\/wp-content\/uploads\/sites\/12\/2014\/09\/webexterna_IR87_04-30.jpg 750w, https:\/\/static-blogs.diariosur.es\/wp-content\/uploads\/sites\/12\/2014\/09\/webexterna_IR87_04-30-579x400.jpg 579w\" sizes=\"(max-width: 579px) 100vw, 579px\" \/><\/a><\/p>\n<p><strong>De todas formas no creo que las\u00a0m\u00e1ximas\u00a0alcancen en la Capital Malague\u00f1a mas de 32 o 33 grados. \u00a0Pasara algo parecido a la semana pasada, durante unas horas soplara el terral y luego el sur sureste. Esperemos que todos estos movimientos de piezas que se est\u00e1n dando desemboquen la semana que viene en un cambio.<\/strong><\/p>\n<p>&nbsp;<\/p>\n<p><strong>Os dejo que tiro para la playa para fotografiar al Oasis.<\/strong><\/p>\n<p><strong>Ya aqui de nuevo, y por lo visto hoy no es mi dia amigos, el barquito tambi\u00e9n me ha puesto los cuernos. Cuando he llegado a la playa de la misericordia a las siete y cuarto ya\u00a0hab\u00eda\u00a0pasado y estaba atracando en el Puerto.<\/strong><\/p>\n<p><strong>En la foto se puede\u00a0distinguir\u00a0al oasis\u00a0al lado\u00a0 de las\u00a0gr\u00faas del Puerto. De todas formas me lo esperaba mas grande, cuando lo comparaban con las\u00a0gr\u00faas estos dias pasados. Me supongo que se\u00a0refer\u00edan\u00a0a las bases de las gru\u00e1s<\/strong><\/p>\n<p><strong>Dentro de un rato tirare para el Puerto y le\u00a0har\u00e9\u00a0mejores fotos.<\/strong><\/p>\n<p>&nbsp;<\/p>\n<p>&nbsp;<\/p>\n<p><a href=\"https:\/\/blogs.diariosur.es\/tormentas-y-rayos\/2014\/09\/11\/prevision-del-tiempo-una-borrasca-profunda-traera-durante-varios-dias-poniente-y-terral-a-la-costa-mediterranea-andaluza\/001-24\/\" rel=\"attachment wp-att-9437\"><img loading=\"lazy\" class=\"aligncenter size-full wp-image-9437\" title=\"001\" src=\"\/tormentas-y-rayos\/wp-content\/uploads\/sites\/12\/2014\/09\/001.jpg\" alt=\"\" width=\"640\" height=\"482\" srcset=\"https:\/\/static-blogs.diariosur.es\/wp-content\/uploads\/sites\/12\/2014\/09\/001.jpg 640w, https:\/\/static-blogs.diariosur.es\/wp-content\/uploads\/sites\/12\/2014\/09\/001-531x400.jpg 531w\" sizes=\"(max-width: 640px) 100vw, 640px\" \/><\/a><\/p>\n<p><strong>En esta foto de mi amigo Salvador Salas se ve\u00a0much\u00edsimo\u00a0mejor y parece mas grande.<\/strong><\/p>\n<p><a href=\"https:\/\/blogs.diariosur.es\/tormentas-y-rayos\/2014\/09\/11\/prevision-del-tiempo-una-borrasca-profunda-traera-durante-varios-dias-poniente-y-terral-a-la-costa-mediterranea-andaluza\/oasis-dircto-575x323\/\" rel=\"attachment wp-att-9438\"><img loading=\"lazy\" class=\"aligncenter size-full wp-image-9438\" title=\"oasis-dircto--575x323\" src=\"\/tormentas-y-rayos\/wp-content\/uploads\/sites\/12\/2014\/09\/oasis-dircto.jpg\" alt=\"\" width=\"575\" height=\"323\" \/><\/a><\/p>\n<p>&nbsp;<\/p>\n<p><strong>Sobre los posibles cambios que se puedan dar a partir de la semana que viene, aun no esta muy claro de como\u00a0afectar\u00eda\u00a0a Andaluc\u00eda.\u00a0As\u00ed\u00a0que toca esperar amigos, todos los dias cambian los modelos para bien o para mal en lo\u00a0que respecta a nuestra regi\u00f3n.<\/strong><\/p>\n<p><strong>Os dejo con este fot\u00f3n de mi amigo Carlos Castro, la superluna saliendo desde Torre del Mar.<\/strong><\/p>\n<p><a href=\"https:\/\/blogs.diariosur.es\/tormentas-y-rayos\/2014\/09\/11\/prevision-del-tiempo-una-borrasca-profunda-traera-durante-varios-dias-poniente-y-terral-a-la-costa-mediterranea-andaluza\/10572043_644467845652093_206994275924973946_o\/\" rel=\"attachment wp-att-9439\"><img loading=\"lazy\" class=\"aligncenter size-full wp-image-9439\" title=\"10572043_644467845652093_206994275924973946_o\" src=\"\/tormentas-y-rayos\/wp-content\/uploads\/sites\/12\/2014\/09\/10572043_644467845652093_206994275924973946_o.jpg\" alt=\"\" width=\"640\" height=\"427\" srcset=\"https:\/\/static-blogs.diariosur.es\/wp-content\/uploads\/sites\/12\/2014\/09\/10572043_644467845652093_206994275924973946_o.jpg 640w, https:\/\/static-blogs.diariosur.es\/wp-content\/uploads\/sites\/12\/2014\/09\/10572043_644467845652093_206994275924973946_o-600x400.jpg 600w\" sizes=\"(max-width: 640px) 100vw, 640px\" \/><\/a><\/p>\n<p>&nbsp;<\/p>\n","protected":false},"excerpt":{"rendered":"<p>&nbsp; &nbsp; &nbsp; Buenos dias amigos de la meteo. Son las seis y media de la ma\u00f1ana, registro 22,2 grados y el terral \u00a0ha empezado a\u00a0soplar\u00a0desde hace una media hora mas o menos. Las nubes que esperaba me han puesto los cuernos, asi que no tendremos candilazo. Hasta hace fresquito jijijiji. &nbsp; &nbsp; Antes de [&hellip;]<\/p>\n","protected":false},"author":16,"featured_media":9440,"comment_status":"open","ping_status":"open","sticky":false,"template":"","format":"standard","meta":[],"categories":[2],"tags":[188,791,809,821,975,980],"_links":{"self":[{"href":"https:\/\/blogs.diariosur.es\/tormentas-y-rayos\/wp-json\/wp\/v2\/posts\/9433"}],"collection":[{"href":"https:\/\/blogs.diariosur.es\/tormentas-y-rayos\/wp-json\/wp\/v2\/posts"}],"about":[{"href":"https:\/\/blogs.diariosur.es\/tormentas-y-rayos\/wp-json\/wp\/v2\/types\/post"}],"author":[{"embeddable":true,"href":"https:\/\/blogs.diariosur.es\/tormentas-y-rayos\/wp-json\/wp\/v2\/users\/16"}],"replies":[{"embeddable":true,"href":"https:\/\/blogs.diariosur.es\/tormentas-y-rayos\/wp-json\/wp\/v2\/comments?post=9433"}],"version-history":[{"count":0,"href":"https:\/\/blogs.diariosur.es\/tormentas-y-rayos\/wp-json\/wp\/v2\/posts\/9433\/revisions"}],"wp:featuredmedia":[{"embeddable":true,"href":"https:\/\/blogs.diariosur.es\/tormentas-y-rayos\/wp-json\/wp\/v2\/media\/9440"}],"wp:attachment":[{"href":"https:\/\/blogs.diariosur.es\/tormentas-y-rayos\/wp-json\/wp\/v2\/media?parent=9433"}],"wp:term":[{"taxonomy":"category","embeddable":true,"href":"https:\/\/blogs.diariosur.es\/tormentas-y-rayos\/wp-json\/wp\/v2\/categories?post=9433"},{"taxonomy":"post_tag","embeddable":true,"href":"https:\/\/blogs.diariosur.es\/tormentas-y-rayos\/wp-json\/wp\/v2\/tags?post=9433"}],"curies":[{"name":"wp","href":"https:\/\/api.w.org\/{rel}","templated":true}]}}