{"id":9459,"date":"2014-09-13T07:36:30","date_gmt":"2014-09-13T05:36:30","guid":{"rendered":"http:\/\/blogs.diariosur.es\/tormentas-y-rayos\/?p=9459"},"modified":"2014-09-13T07:36:30","modified_gmt":"2014-09-13T05:36:30","slug":"prevision-del-tiempo-la-pareja-de-hecho-levante-y-terral-siguen-de-luna-de-miely-vuelven-a-salir-a-bailar-malaga-capital-registrar-la-maxima-de-andalucia-con-355-grados","status":"publish","type":"post","link":"https:\/\/blogs.diariosur.es\/tormentas-y-rayos\/2014\/09\/13\/prevision-del-tiempo-la-pareja-de-hecho-levante-y-terral-siguen-de-luna-de-miely-vuelven-a-salir-a-bailar-malaga-capital-registrar-la-maxima-de-andalucia-con-355-grados\/","title":{"rendered":"Previsi\u00f3n del tiempo: La pareja  de hecho, levante y terral siguen de luna de miel,y  vuelven a salir a bailar. M\u00e1laga Capital registrar la maxima de Andaluc\u00eda con 35,5 grados."},"content":{"rendered":"<p><img loading=\"lazy\" class=\"aligncenter\" src=\"https:\/\/farm3.staticflickr.com\/2898\/14371881571_bbae3518b1_q.jpg\" alt=\"\" width=\"150\" height=\"150\" \/><\/p>\n<p>&nbsp;<\/p>\n<p>&nbsp;<\/p>\n<p>&nbsp;<\/p>\n<p>&nbsp;<\/p>\n<p>&nbsp;<\/p>\n<p><strong>Buenos dias amigos de la meteo, son las seis de la ma\u00f1ana, registro 24,5 grados y de nuevo el terral es el protagonista en estos momentos. Lo malo de todo esto es que la humedad es alta. \u00a0Aunque el puro terral es el que sopla de noroeste y baja mucho la humedad, estos dias y debido a la borrasca sopla mas de direcci\u00f3n oeste. Por este motivo la humedad es\u00a0mayor, asi como la sensaci\u00f3n\u00a0t\u00e9rmica.<\/strong><\/p>\n<p><strong> Os paso el\u00a0gr\u00e1fico\u00a0de humedad de Teatinos y el de viento del Puerto. Fuente Aemet.<\/strong><\/p>\n<p><a href=\"https:\/\/blogs.diariosur.es\/tormentas-y-rayos\/2014\/09\/13\/prevision-del-tiempo-la-pareja-de-hecho-levante-y-terral-siguen-de-luna-de-miely-vuelven-a-salir-a-bailar-malaga-capital-registrar-la-maxima-de-andalucia-con-355-grados\/humedad-7\/\" rel=\"attachment wp-att-9461\"><img loading=\"lazy\" class=\"aligncenter size-medium wp-image-9461\" title=\"humedad\" src=\"\/tormentas-y-rayos\/wp-content\/uploads\/sites\/12\/2014\/09\/humedad.jpg\" alt=\"\" width=\"600\" height=\"255\" srcset=\"https:\/\/static-blogs.diariosur.es\/wp-content\/uploads\/sites\/12\/2014\/09\/humedad.jpg 746w, https:\/\/static-blogs.diariosur.es\/wp-content\/uploads\/sites\/12\/2014\/09\/humedad-640x273.jpg 640w\" sizes=\"(max-width: 600px) 100vw, 600px\" \/><\/a><\/p>\n<p>&nbsp;<\/p>\n<p><a href=\"https:\/\/blogs.diariosur.es\/tormentas-y-rayos\/2014\/09\/13\/prevision-del-tiempo-la-pareja-de-hecho-levante-y-terral-siguen-de-luna-de-miely-vuelven-a-salir-a-bailar-malaga-capital-registrar-la-maxima-de-andalucia-con-355-grados\/viento-33\/\" rel=\"attachment wp-att-9462\"><img loading=\"lazy\" class=\"aligncenter size-medium wp-image-9462\" title=\"viento\" src=\"\/tormentas-y-rayos\/wp-content\/uploads\/sites\/12\/2014\/09\/viento.jpg\" alt=\"\" width=\"600\" height=\"256\" srcset=\"https:\/\/static-blogs.diariosur.es\/wp-content\/uploads\/sites\/12\/2014\/09\/viento.jpg 741w, https:\/\/static-blogs.diariosur.es\/wp-content\/uploads\/sites\/12\/2014\/09\/viento-640x274.jpg 640w\" sizes=\"(max-width: 600px) 100vw, 600px\" \/><\/a><\/p>\n<p>&nbsp;<\/p>\n<p>&nbsp;<\/p>\n<p><strong>Esta mezcla de\u00a0matrimonio nos esta dejando a mas de uno fuera de combate aunque<a href=\"https:\/\/blogs.diariosur.es\/tormentas-y-rayos\/2014\/09\/12\/prevision-del-tiempo-si-estas-harto-de-tanto-terral-y-bochorno-dale-la-vuelta-a-la-tortilla-impresionantes-fotos-desde-dentro-y-fuera-del-mayor-barco-del-mundo-oasis-of-the-seas\/\"> le demos la vuelta a la tortilla<\/a>. Solo mirar el\u00a0gr\u00e1fico de temperatura \u00a0del Puerto me deja sin palabras. A las once de la noche de nuevo entro el terral.<\/strong><\/p>\n<p>&nbsp;<\/p>\n<p><a href=\"https:\/\/blogs.diariosur.es\/tormentas-y-rayos\/2014\/09\/13\/prevision-del-tiempo-la-pareja-de-hecho-levante-y-terral-siguen-de-luna-de-miely-vuelven-a-salir-a-bailar-malaga-capital-registrar-la-maxima-de-andalucia-con-355-grados\/puerto-17\/\" rel=\"attachment wp-att-9463\"><img loading=\"lazy\" class=\"aligncenter size-medium wp-image-9463\" title=\"puerto\" src=\"\/tormentas-y-rayos\/wp-content\/uploads\/sites\/12\/2014\/09\/puerto2.jpg\" alt=\"\" width=\"600\" height=\"264\" srcset=\"https:\/\/static-blogs.diariosur.es\/wp-content\/uploads\/sites\/12\/2014\/09\/puerto2.jpg 717w, https:\/\/static-blogs.diariosur.es\/wp-content\/uploads\/sites\/12\/2014\/09\/puerto2-640x282.jpg 640w\" sizes=\"(max-width: 600px) 100vw, 600px\" \/><\/a><\/p>\n<p>&nbsp;<\/p>\n<p><strong>Hoy\u00a0s\u00e1bado sera muy parecido al dia de ayer,\u00a0seguir\u00e1\u00a0el terral pero a partir del\u00a0mediod\u00eda\u00a0entrar\u00eda \u00a0el sur sureste que incluso llegar\u00eda a la zona de teatinos y aeropuerto pasadas unas horas. Mas tarde\u00a0habr\u00eda\u00a0una calma chicha.\u00a0<\/strong><\/p>\n<p>&nbsp;<\/p>\n<p><strong>Ma\u00f1ana domingo y a tan solo unas horas no tengo muy clara la previsi\u00f3n con lo que respecta al viento. Asi que lo mismo actualizo de nuevo el blog. De todas formas no espero rachas muy fuerte ni de poniente ni de terral.<\/strong><\/p>\n<p>&nbsp;<\/p>\n<p><strong>El Centro\u00a0Meteorol\u00f3gico\u00a0de Teatinos dio la maxima de Andaluc\u00eda ayer viernes\u00a0 con 35,5 grados, yo pensaba que no se\u00a0sobrepasar\u00eda\u00a0los 33. \u00a0Os paso los datos mas destacados.<\/strong><\/p>\n<p><a href=\"https:\/\/blogs.diariosur.es\/tormentas-y-rayos\/2014\/09\/13\/prevision-del-tiempo-la-pareja-de-hecho-levante-y-terral-siguen-de-luna-de-miely-vuelven-a-salir-a-bailar-malaga-capital-registrar-la-maxima-de-andalucia-con-355-grados\/1-73\/\" rel=\"attachment wp-att-9464\"><img loading=\"lazy\" class=\"aligncenter size-medium wp-image-9464\" title=\"1\" src=\"\/tormentas-y-rayos\/wp-content\/uploads\/sites\/12\/2014\/09\/13.jpg\" alt=\"\" width=\"600\" height=\"175\" srcset=\"https:\/\/static-blogs.diariosur.es\/wp-content\/uploads\/sites\/12\/2014\/09\/13.jpg 794w, https:\/\/static-blogs.diariosur.es\/wp-content\/uploads\/sites\/12\/2014\/09\/13-640x187.jpg 640w, https:\/\/static-blogs.diariosur.es\/wp-content\/uploads\/sites\/12\/2014\/09\/13-768x224.jpg 768w\" sizes=\"(max-width: 600px) 100vw, 600px\" \/><\/a><\/p>\n<p>&nbsp;<\/p>\n<p>&nbsp;<\/p>\n<p><strong>La pareja de hecho\u00a0siguen\u00a0de luna de miel y de nuevo se ponen de acuerdo para bailar. Si sigue esta\u00a0t\u00f3nica en M\u00e1laga Capital, septiembre puede ser el mas caluroso desde que se tienen registros. De todas formas aun estamos a 13 de septiembre.\u00a0<\/strong><\/p>\n<p><a href=\"https:\/\/blogs.diariosur.es\/tormentas-y-rayos\/2014\/09\/13\/prevision-del-tiempo-la-pareja-de-hecho-levante-y-terral-siguen-de-luna-de-miely-vuelven-a-salir-a-bailar-malaga-capital-registrar-la-maxima-de-andalucia-con-355-grados\/14216709420_875b2cb4e7_n-horz-7\/\" rel=\"attachment wp-att-9460\"><img loading=\"lazy\" class=\"aligncenter size-medium wp-image-9460\" title=\"14216709420_875b2cb4e7_n-horz\" src=\"\/tormentas-y-rayos\/wp-content\/uploads\/sites\/12\/2014\/09\/14216709420_875b2cb4e7_n-horz6.jpg\" alt=\"\" width=\"600\" height=\"370\" srcset=\"https:\/\/static-blogs.diariosur.es\/wp-content\/uploads\/sites\/12\/2014\/09\/14216709420_875b2cb4e7_n-horz6.jpg 648w, https:\/\/static-blogs.diariosur.es\/wp-content\/uploads\/sites\/12\/2014\/09\/14216709420_875b2cb4e7_n-horz6-640x395.jpg 640w\" sizes=\"(max-width: 600px) 100vw, 600px\" \/><\/a><\/p>\n<p>&nbsp;<\/p>\n<p><strong>Nuestra amiga la borrasca sigue casi en el mismo sitio, sera el lunes cuando empezara ha acercarse lentamente a la\u00a0pen\u00ednsula. Os paso de nuevo una imagen reciente de la borrasca. Fuente Meteogalicia, Eumetsat<\/strong><\/p>\n<p><a href=\"https:\/\/blogs.diariosur.es\/tormentas-y-rayos\/2014\/09\/13\/prevision-del-tiempo-la-pareja-de-hecho-levante-y-terral-siguen-de-luna-de-miely-vuelven-a-salir-a-bailar-malaga-capital-registrar-la-maxima-de-andalucia-con-355-grados\/borrasca-34\/\" rel=\"attachment wp-att-9465\"><img loading=\"lazy\" class=\"aligncenter size-medium wp-image-9465\" title=\"borrasca\" src=\"\/tormentas-y-rayos\/wp-content\/uploads\/sites\/12\/2014\/09\/borrasca.jpg\" alt=\"\" width=\"580\" height=\"400\" srcset=\"https:\/\/static-blogs.diariosur.es\/wp-content\/uploads\/sites\/12\/2014\/09\/borrasca.jpg 754w, https:\/\/static-blogs.diariosur.es\/wp-content\/uploads\/sites\/12\/2014\/09\/borrasca-580x400.jpg 580w\" sizes=\"(max-width: 580px) 100vw, 580px\" \/><\/a><\/p>\n<p>&nbsp;<\/p>\n<p><strong>El lunes y\u00a0seg\u00fan\u00a0la\u00a0mayor\u00eda\u00a0 de modelos la\u00a0sit\u00faan\u00a0casi en frente de la nariz de Portugal.<\/strong><\/p>\n<p><a href=\"https:\/\/blogs.diariosur.es\/tormentas-y-rayos\/2014\/09\/13\/prevision-del-tiempo-la-pareja-de-hecho-levante-y-terral-siguen-de-luna-de-miely-vuelven-a-salir-a-bailar-malaga-capital-registrar-la-maxima-de-andalucia-con-355-grados\/cerca-de-portugal\/\" rel=\"attachment wp-att-9466\"><img loading=\"lazy\" class=\"aligncenter size-medium wp-image-9466\" title=\"CERCA DE PORTUGAL\" src=\"\/tormentas-y-rayos\/wp-content\/uploads\/sites\/12\/2014\/09\/CERCA-DE-PORTUGAL.jpg\" alt=\"\" width=\"532\" height=\"400\" srcset=\"https:\/\/static-blogs.diariosur.es\/wp-content\/uploads\/sites\/12\/2014\/09\/CERCA-DE-PORTUGAL.jpg 751w, https:\/\/static-blogs.diariosur.es\/wp-content\/uploads\/sites\/12\/2014\/09\/CERCA-DE-PORTUGAL-533x400.jpg 533w\" sizes=\"(max-width: 532px) 100vw, 532px\" \/><\/a><\/p>\n<p><strong>Desde esa posici\u00f3n seria muy buena para los intereses andaluces con lo que respecta a la lluvia, peroooooooo \u00a0los frentes que generase la borrasca se\u00a0ver\u00edan\u00a0frenados a partir de la zona del Estrecho, ya que de momento la dorsal Africana\u00a0tendr\u00eda\u00a0fuerza seg\u00fan algunos modelos. \u00a0De todas formas aun no hay nada decidido y hasta el lunes no sabremos como nos afectara. Lo que si esta claro que la \u00a0beneficiada seria Huelva de momento.<\/strong><\/p>\n<p><strong>Para poner la guinda al pastel de\u00a0emociones fijaros que aparece por el\u00a0Atl\u00e1ntico\u00a0a la izquierda de las Azores \u00a0sobre el jueves. \u00a0Alguno\u00a0sabr\u00eda\u00a0decirme que es ? jijijijij. \u00a0<\/strong><\/p>\n<p><img loading=\"lazy\" class=\"aligncenter\" src=\"https:\/\/farm4.staticflickr.com\/3888\/15035129929_4694b93b6b.jpg\" alt=\"\" width=\"500\" height=\"313\" \/><\/p>\n<p>&nbsp;<\/p>\n<p><strong>Os dejo con esta imagen oto\u00f1al que fotografi\u00e9 hace unos a\u00f1os.<\/strong><\/p>\n<p><img loading=\"lazy\" class=\"aligncenter\" src=\"https:\/\/farm6.staticflickr.com\/5107\/5678819299_e3e4cdd1d6_z.jpg\" alt=\"\" width=\"640\" height=\"480\" \/><\/p>\n<p>&nbsp;<\/p>\n","protected":false},"excerpt":{"rendered":"<p>&nbsp; &nbsp; &nbsp; &nbsp; &nbsp; Buenos dias amigos de la meteo, son las seis de la ma\u00f1ana, registro 24,5 grados y de nuevo el terral es el protagonista en estos momentos. Lo malo de todo esto es que la humedad es alta. \u00a0Aunque el puro terral es el que sopla de noroeste y baja mucho [&hellip;]<\/p>\n","protected":false},"author":16,"featured_media":9468,"comment_status":"open","ping_status":"open","sticky":false,"template":"","format":"standard","meta":[],"categories":[2],"tags":[553,753,809,975,980],"_links":{"self":[{"href":"https:\/\/blogs.diariosur.es\/tormentas-y-rayos\/wp-json\/wp\/v2\/posts\/9459"}],"collection":[{"href":"https:\/\/blogs.diariosur.es\/tormentas-y-rayos\/wp-json\/wp\/v2\/posts"}],"about":[{"href":"https:\/\/blogs.diariosur.es\/tormentas-y-rayos\/wp-json\/wp\/v2\/types\/post"}],"author":[{"embeddable":true,"href":"https:\/\/blogs.diariosur.es\/tormentas-y-rayos\/wp-json\/wp\/v2\/users\/16"}],"replies":[{"embeddable":true,"href":"https:\/\/blogs.diariosur.es\/tormentas-y-rayos\/wp-json\/wp\/v2\/comments?post=9459"}],"version-history":[{"count":0,"href":"https:\/\/blogs.diariosur.es\/tormentas-y-rayos\/wp-json\/wp\/v2\/posts\/9459\/revisions"}],"wp:featuredmedia":[{"embeddable":true,"href":"https:\/\/blogs.diariosur.es\/tormentas-y-rayos\/wp-json\/wp\/v2\/media\/9468"}],"wp:attachment":[{"href":"https:\/\/blogs.diariosur.es\/tormentas-y-rayos\/wp-json\/wp\/v2\/media?parent=9459"}],"wp:term":[{"taxonomy":"category","embeddable":true,"href":"https:\/\/blogs.diariosur.es\/tormentas-y-rayos\/wp-json\/wp\/v2\/categories?post=9459"},{"taxonomy":"post_tag","embeddable":true,"href":"https:\/\/blogs.diariosur.es\/tormentas-y-rayos\/wp-json\/wp\/v2\/tags?post=9459"}],"curies":[{"name":"wp","href":"https:\/\/api.w.org\/{rel}","templated":true}]}}