{"id":9469,"date":"2014-09-14T08:43:13","date_gmt":"2014-09-14T06:43:13","guid":{"rendered":"http:\/\/blogs.diariosur.es\/tormentas-y-rayos\/?p=9469"},"modified":"2014-09-14T08:43:13","modified_gmt":"2014-09-14T06:43:13","slug":"prevision-del-tiempo-la-borrasca-empezara-a-acercarse-a-la-peninsula-manana-estare-en-directo-en-el-canto-del-gallo-radio-miramar-107-9-fm","status":"publish","type":"post","link":"https:\/\/blogs.diariosur.es\/tormentas-y-rayos\/2014\/09\/14\/prevision-del-tiempo-la-borrasca-empezara-a-acercarse-a-la-peninsula-manana-estare-en-directo-en-el-canto-del-gallo-radio-miramar-107-9-fm\/","title":{"rendered":"Previsi\u00f3n del tiempo: La borrasca empezar\u00e1 a acercarse a la pen\u00ednsula. Ma\u00f1ana estar\u00e9 en directo en el Canto del Gallo (Radio Miramar 107.9 FM)"},"content":{"rendered":"<p><img loading=\"lazy\" class=\"aligncenter\" src=\"https:\/\/farm6.staticflickr.com\/5566\/14568830453_8e0522e3fc_q.jpg\" alt=\"\" width=\"150\" height=\"150\" \/><\/p>\n<p>&nbsp;<\/p>\n<p>&nbsp;<\/p>\n<p>&nbsp;<\/p>\n<p>&nbsp;<\/p>\n<p><strong>Buenos dias amigos de la meteo, son las siete de la ma\u00f1ana, registro 24,4 grados y los cielos est\u00e1n despejados. De todas formas dentro de unos veinte minutos tirare para la playa aunque no tengamos candilazo, pero por lo menos cargare las pilas.<\/strong><\/p>\n<p><strong>Ma\u00f1ana domingo a las ocho de la ma\u00f1ana mi amigo Jose Manuel Blanco me entrevistara en el su programa El Canto del Gallo de Radio Miramar 107,9 FM.\u00a0<\/strong><\/p>\n<p><strong>Hoy domingo sera parecido al dia de ayer, primeras horas con un poco de terral, para luego mas tarde entrar sur sureste. La maximas en la Capital Malague\u00f1a rondaron \u00a0ayer sabado los 32 grados, destaca en la provincia Co\u00edn con 34,2 y Manilva con 33,7. En el Valle del Guadalquivir rondaron los 32.<\/strong><\/p>\n<p>&nbsp;<\/p>\n<p><a href=\"https:\/\/blogs.diariosur.es\/tormentas-y-rayos\/2014\/09\/14\/prevision-del-tiempo-la-borrasca-empezara-a-acercarse-a-la-peninsula-manana-estare-en-directo-en-el-canto-del-gallo-radio-miramar-107-9-fm\/maximas-7\/\" rel=\"attachment wp-att-9470\"><img loading=\"lazy\" class=\"aligncenter size-medium wp-image-9470\" title=\"maximas\" src=\"\/tormentas-y-rayos\/wp-content\/uploads\/sites\/12\/2014\/09\/maximas.jpg\" alt=\"\" width=\"600\" height=\"180\" srcset=\"https:\/\/static-blogs.diariosur.es\/wp-content\/uploads\/sites\/12\/2014\/09\/maximas.jpg 784w, https:\/\/static-blogs.diariosur.es\/wp-content\/uploads\/sites\/12\/2014\/09\/maximas-640x193.jpg 640w, https:\/\/static-blogs.diariosur.es\/wp-content\/uploads\/sites\/12\/2014\/09\/maximas-768x231.jpg 768w\" sizes=\"(max-width: 600px) 100vw, 600px\" \/><\/a><\/p>\n<p>&nbsp;<\/p>\n<p>&nbsp;<\/p>\n<p><strong>Los cielos se adornaron de cirrus a partir del mediodia. Yo fotografi\u00e9 estos cirrus spissatus por la tarde antes de entrar al curro.<\/strong><\/p>\n<p>&nbsp;<\/p>\n<p><a href=\"https:\/\/blogs.diariosur.es\/tormentas-y-rayos\/2014\/09\/14\/prevision-del-tiempo-la-borrasca-empezara-a-acercarse-a-la-peninsula-manana-estare-en-directo-en-el-canto-del-gallo-radio-miramar-107-9-fm\/1557360_10203550226655229_8147274535404896292_o\/\" rel=\"attachment wp-att-9471\"><img loading=\"lazy\" class=\"aligncenter size-full wp-image-9471\" title=\"1557360_10203550226655229_8147274535404896292_o\" src=\"\/tormentas-y-rayos\/wp-content\/uploads\/sites\/12\/2014\/09\/1557360_10203550226655229_8147274535404896292_o.jpg\" alt=\"\" width=\"640\" height=\"360\" \/><\/a><\/p>\n<p>&nbsp;<\/p>\n<p>&nbsp;<\/p>\n<p>&nbsp;<\/p>\n<p><strong>Mi amiga Macu Prieto los cazo al atardecer, preciosa foto amiga.<\/strong><\/p>\n<p>&nbsp;<\/p>\n<p><a href=\"https:\/\/blogs.diariosur.es\/tormentas-y-rayos\/2014\/09\/14\/prevision-del-tiempo-la-borrasca-empezara-a-acercarse-a-la-peninsula-manana-estare-en-directo-en-el-canto-del-gallo-radio-miramar-107-9-fm\/macu-prieto-2\/\" rel=\"attachment wp-att-9472\"><img loading=\"lazy\" class=\"aligncenter size-full wp-image-9472\" title=\"macu prieto\" src=\"\/tormentas-y-rayos\/wp-content\/uploads\/sites\/12\/2014\/09\/macu-prieto.jpg\" alt=\"\" width=\"640\" height=\"359\" \/><\/a><\/p>\n<p>&nbsp;<\/p>\n<p><strong>Os dejo unos minutos y tiro para la playa, en cuanto venga sobre las ocho y cuarto os\u00a0pondr\u00e9\u00a0la foto.<\/strong><\/p>\n<p><strong>Ni una sola nube jijijij, tampoco ha estado muy mal que digamos, yo he cargado las pila os paso un par de fotos.<\/strong><\/p>\n<p><img loading=\"lazy\" class=\"aligncenter\" src=\"https:\/\/farm4.staticflickr.com\/3903\/15045883478_a5eec9bc68_z.jpg\" alt=\"\" width=\"640\" height=\"427\" \/><\/p>\n<p>&nbsp;<\/p>\n<p><img loading=\"lazy\" class=\"aligncenter\" src=\"https:\/\/farm4.staticflickr.com\/3839\/15045692379_d253a95e86_z.jpg\" alt=\"\" width=\"640\" height=\"427\" \/><\/p>\n<p>&nbsp;<\/p>\n<p><strong>Bueno amigos de la meteo, despues de cargar las pilas hablemos de la famosa borrasca que lleva tantos y tantos dias en el mismo sitio. En estos momentos se esta rellenando, es decir , pierde fuerza. En este mapa de superficie \u00a0de hoy se ve claramente.<\/strong><\/p>\n<p><a href=\"https:\/\/blogs.diariosur.es\/tormentas-y-rayos\/2014\/09\/14\/prevision-del-tiempo-la-borrasca-empezara-a-acercarse-a-la-peninsula-manana-estare-en-directo-en-el-canto-del-gallo-radio-miramar-107-9-fm\/1-74\/\" rel=\"attachment wp-att-9473\"><img loading=\"lazy\" class=\"aligncenter size-medium wp-image-9473\" title=\"1\" src=\"\/tormentas-y-rayos\/wp-content\/uploads\/sites\/12\/2014\/09\/14.jpg\" alt=\"\" width=\"566\" height=\"400\" srcset=\"https:\/\/static-blogs.diariosur.es\/wp-content\/uploads\/sites\/12\/2014\/09\/14.jpg 746w, https:\/\/static-blogs.diariosur.es\/wp-content\/uploads\/sites\/12\/2014\/09\/14-566x400.jpg 566w\" sizes=\"(max-width: 566px) 100vw, 566px\" \/><\/a><\/p>\n<p>&nbsp;<\/p>\n<p><strong>Pero\u00a0tranquilos\u00a0que a partir de ma\u00f1ana \u00a0de nuevo ira cogiendo fuerza y se acercara mucho mas al oeste de Portugal.<\/strong><\/p>\n<p><a href=\"https:\/\/blogs.diariosur.es\/tormentas-y-rayos\/2014\/09\/14\/prevision-del-tiempo-la-borrasca-empezara-a-acercarse-a-la-peninsula-manana-estare-en-directo-en-el-canto-del-gallo-radio-miramar-107-9-fm\/2-60\/\" rel=\"attachment wp-att-9474\"><img loading=\"lazy\" class=\"aligncenter size-medium wp-image-9474\" title=\"2\" src=\"\/tormentas-y-rayos\/wp-content\/uploads\/sites\/12\/2014\/09\/22.jpg\" alt=\"\" width=\"555\" height=\"400\" srcset=\"https:\/\/static-blogs.diariosur.es\/wp-content\/uploads\/sites\/12\/2014\/09\/22.jpg 736w, https:\/\/static-blogs.diariosur.es\/wp-content\/uploads\/sites\/12\/2014\/09\/22-555x400.jpg 555w\" sizes=\"(max-width: 555px) 100vw, 555px\" \/><\/a><\/p>\n<p>&nbsp;<\/p>\n<p><strong>Pero a\u00a0tan\u00a0pocas horas seguimos sin tener claro como\u00a0afectar\u00eda\u00a0a M\u00e1laga, en lo que respecta a Huelva, Cadiz y Sevilla para ser que si\u00a0tendr\u00edan\u00a0mas chubascos como indican ya una gran\u00a0mayor\u00eda\u00a0de modelos, mas no os puedo decir amigos. Ma\u00f1ana lunes tendremos algo mas claro si las lluvias\u00a0o chubascos\u00a0llegar\u00edan\u00a0a nuestra provincia malague\u00f1a.\u00a0<\/strong><\/p>\n<p><strong>Os dejo que en un rato tiro para Torre de Benaga\u00f1b\u00f3n.<\/strong><\/p>\n<p>&nbsp;<\/p>\n","protected":false},"excerpt":{"rendered":"<p>&nbsp; &nbsp; &nbsp; &nbsp; Buenos dias amigos de la meteo, son las siete de la ma\u00f1ana, registro 24,4 grados y los cielos est\u00e1n despejados. De todas formas dentro de unos veinte minutos tirare para la playa aunque no tengamos candilazo, pero por lo menos cargare las pilas. Ma\u00f1ana domingo a las ocho de la ma\u00f1ana [&hellip;]<\/p>\n","protected":false},"author":16,"featured_media":9475,"comment_status":"open","ping_status":"open","sticky":false,"template":"","format":"standard","meta":[],"categories":[2],"tags":[188,352,809,841,842,980],"_links":{"self":[{"href":"https:\/\/blogs.diariosur.es\/tormentas-y-rayos\/wp-json\/wp\/v2\/posts\/9469"}],"collection":[{"href":"https:\/\/blogs.diariosur.es\/tormentas-y-rayos\/wp-json\/wp\/v2\/posts"}],"about":[{"href":"https:\/\/blogs.diariosur.es\/tormentas-y-rayos\/wp-json\/wp\/v2\/types\/post"}],"author":[{"embeddable":true,"href":"https:\/\/blogs.diariosur.es\/tormentas-y-rayos\/wp-json\/wp\/v2\/users\/16"}],"replies":[{"embeddable":true,"href":"https:\/\/blogs.diariosur.es\/tormentas-y-rayos\/wp-json\/wp\/v2\/comments?post=9469"}],"version-history":[{"count":0,"href":"https:\/\/blogs.diariosur.es\/tormentas-y-rayos\/wp-json\/wp\/v2\/posts\/9469\/revisions"}],"wp:featuredmedia":[{"embeddable":true,"href":"https:\/\/blogs.diariosur.es\/tormentas-y-rayos\/wp-json\/wp\/v2\/media\/9475"}],"wp:attachment":[{"href":"https:\/\/blogs.diariosur.es\/tormentas-y-rayos\/wp-json\/wp\/v2\/media?parent=9469"}],"wp:term":[{"taxonomy":"category","embeddable":true,"href":"https:\/\/blogs.diariosur.es\/tormentas-y-rayos\/wp-json\/wp\/v2\/categories?post=9469"},{"taxonomy":"post_tag","embeddable":true,"href":"https:\/\/blogs.diariosur.es\/tormentas-y-rayos\/wp-json\/wp\/v2\/tags?post=9469"}],"curies":[{"name":"wp","href":"https:\/\/api.w.org\/{rel}","templated":true}]}}