{"id":9477,"date":"2014-09-15T07:32:42","date_gmt":"2014-09-15T05:32:42","guid":{"rendered":"http:\/\/blogs.diariosur.es\/tormentas-y-rayos\/?p=9477"},"modified":"2014-09-15T07:32:42","modified_gmt":"2014-09-15T05:32:42","slug":"prevision-del-tiempo-seguimiento-especial-borrasca-al-oeste-de-portugal-y-huracan-edouard-atlantico-norte-central-poque-lleva-tantos-dias-la-borrasca-frente-a-portugal","status":"publish","type":"post","link":"https:\/\/blogs.diariosur.es\/tormentas-y-rayos\/2014\/09\/15\/prevision-del-tiempo-seguimiento-especial-borrasca-al-oeste-de-portugal-y-huracan-edouard-atlantico-norte-central-poque-lleva-tantos-dias-la-borrasca-frente-a-portugal\/","title":{"rendered":"Previsi\u00f3n del tiempo. Seguimiento especial Borrasca al oeste de Portugal y Hurac\u00e1n Edouard Atl\u00e1ntico Norte Central. \u00bf Poqu\u00e9 lleva tantos dias la borrasca frente a Portugal?"},"content":{"rendered":"<p>&nbsp;<\/p>\n<p>&nbsp;<\/p>\n<p>&nbsp;<\/p>\n<p>&nbsp;<\/p>\n<p><strong><img loading=\"lazy\" class=\"aligncenter\" src=\"https:\/\/farm3.staticflickr.com\/2898\/14371881571_bbae3518b1_q.jpg\" alt=\"\" width=\"150\" height=\"150\" \/>Buenos dias amigos de la meteo. Son las seis de la ma\u00f1ana, registro 24 grados y los cielos est\u00e1n poco nubosos. Os recuerdo que hoy lunes a las ocho de la ma\u00f1ana\u00a0estar\u00e9\u00a0en directo\u00a0v\u00eda\u00a0telefono en el programa de Radio El Canto\u00a0del Gallo de Radio Miramar.\u00a0<\/strong><\/p>\n<p><strong>Hoy de nuevo el terral sera el protagonista, sobre el\u00a0mediod\u00eda\u00a0entrar\u00eda\u00a0el sur sureste y poco a poco\u00a0entrar\u00eda\u00a0en toda la capital. Para ma\u00f1ana martes no espero terral y el levante empezaria a soplar a partir del mediodia, pero esto lo veremos mejor ma\u00f1ana.<\/strong><\/p>\n<p>&nbsp;<\/p>\n<p><strong>Durante estos primeros dias de la semana haremos un seguimiento especial de esta famosa borrasca que lleva dias y dias y mas dias&#8230;.. casi en el mismo lugar, pienso que ha batido hasta un\u00a0r\u00e9cord\u00a0\u00a0jijijij. Muchos os preguntareis el por qu\u00e9 lleva tanto tiempo en ese mismo lugar, muy\u00a0f\u00e1cil\u00a0amigos.\u00a0<\/strong><\/p>\n<p><strong>El anticicl\u00f3n que domina Las Islas\u00a0Brit\u00e1nicas\u00a0 y buena parte de Europa, junto a la dorsal Africana no la dejan pasar. Hasta aqui se entiende verdad ?, pero lo normal es que durase un par de dias y al final se desgastase. Pero no es\u00a0as\u00ed\u00a0amigos, por la zona norte de la borrasca le entra de vez en cuando aire\u00a0fr\u00edo\u00a0inestable, esto hace que de nuevo coja fuerza y baje su presi\u00f3n. En dos palabras amigos de la meteo, desde la\u00a0latitudes\u00a0muy altas le llega\u00a0combustible\u00a0para seguir viva.<\/strong><\/p>\n<p>&nbsp;<\/p>\n<p>&nbsp;<\/p>\n<p><a href=\"https:\/\/blogs.diariosur.es\/tormentas-y-rayos\/2014\/09\/15\/prevision-del-tiempo-seguimiento-especial-borrasca-al-oeste-de-portugal-y-huracan-edouard-atlantico-norte-central-poque-lleva-tantos-dias-la-borrasca-frente-a-portugal\/captura-421\/\" rel=\"attachment wp-att-9482\"><img loading=\"lazy\" class=\"aligncenter size-medium wp-image-9482\" title=\"Captura\" src=\"\/tormentas-y-rayos\/wp-content\/uploads\/sites\/12\/2014\/09\/Captura17.jpg\" alt=\"\" width=\"600\" height=\"355\" srcset=\"https:\/\/static-blogs.diariosur.es\/wp-content\/uploads\/sites\/12\/2014\/09\/Captura17.jpg 761w, https:\/\/static-blogs.diariosur.es\/wp-content\/uploads\/sites\/12\/2014\/09\/Captura17-640x379.jpg 640w\" sizes=\"(max-width: 600px) 100vw, 600px\" \/><\/a><\/p>\n<p>&nbsp;<\/p>\n<p><strong>Esta borrasca y como comentaba ayer se acerca un poco mas al oeste de Portugal, ademas se refuerza bajando su presi\u00f3n. Las lineas de inestabilidad \u00a0o frentes afectaran mayormente al tercio mas occidental, ya que la pu\u00f1etera dorsal africana frena su avance. En esta imagen del satelite Eumetsat se ve claramente.<\/strong><\/p>\n<p><a href=\"https:\/\/blogs.diariosur.es\/tormentas-y-rayos\/2014\/09\/15\/prevision-del-tiempo-seguimiento-especial-borrasca-al-oeste-de-portugal-y-huracan-edouard-atlantico-norte-central-poque-lleva-tantos-dias-la-borrasca-frente-a-portugal\/captura-422\/\" rel=\"attachment wp-att-9485\"><img loading=\"lazy\" class=\"aligncenter size-medium wp-image-9485\" title=\"Captura\" src=\"\/tormentas-y-rayos\/wp-content\/uploads\/sites\/12\/2014\/09\/Captura18.jpg\" alt=\"\" width=\"549\" height=\"400\" srcset=\"https:\/\/static-blogs.diariosur.es\/wp-content\/uploads\/sites\/12\/2014\/09\/Captura18.jpg 752w, https:\/\/static-blogs.diariosur.es\/wp-content\/uploads\/sites\/12\/2014\/09\/Captura18-550x400.jpg 550w\" sizes=\"(max-width: 549px) 100vw, 549px\" \/><\/a><\/p>\n<p>&nbsp;<\/p>\n<p><strong>\u00a0Nuestra querida borrasca\u00a0estar\u00e1\u00a0ma\u00f1ana martes casi en frente de la nariz de Portugal como\u00a0pod\u00e9is\u00a0ver en este mapa previsto. Los chubascos\u00a0empezar\u00edan\u00a0por Huelva, Sevilla y C\u00e1diz ma\u00f1ana martes a partir del\u00a0mediod\u00eda. Y si la dorsal\u00a0lo permite\u00a0podr\u00edan\u00a0llegar incluso a nuestra provincia.\u00a0<\/strong><\/p>\n<p><a href=\"https:\/\/blogs.diariosur.es\/tormentas-y-rayos\/2014\/09\/15\/prevision-del-tiempo-seguimiento-especial-borrasca-al-oeste-de-portugal-y-huracan-edouard-atlantico-norte-central-poque-lleva-tantos-dias-la-borrasca-frente-a-portugal\/fren-3\/\" rel=\"attachment wp-att-9486\"><img loading=\"lazy\" class=\"aligncenter size-medium wp-image-9486\" title=\"fren\" src=\"\/tormentas-y-rayos\/wp-content\/uploads\/sites\/12\/2014\/09\/fren.jpg\" alt=\"\" width=\"592\" height=\"400\" srcset=\"https:\/\/static-blogs.diariosur.es\/wp-content\/uploads\/sites\/12\/2014\/09\/fren.jpg 776w, https:\/\/static-blogs.diariosur.es\/wp-content\/uploads\/sites\/12\/2014\/09\/fren-592x400.jpg 592w, https:\/\/static-blogs.diariosur.es\/wp-content\/uploads\/sites\/12\/2014\/09\/fren-768x519.jpg 768w\" sizes=\"(max-width: 592px) 100vw, 592px\" \/><\/a><\/p>\n<p>&nbsp;<\/p>\n<p><strong>Pero fijaros en este siguiente mapa de superficie que os pongo previsto para el jueves, la pu\u00f1etera sigue viva frente a las Costas Gallegas y Portuguesas. Y ademas a la derecha aparece Edouard,\u00a0 Eduardo \u00a0para los amigos, os\u00a0acord\u00e1is de la pregunta del otro dia? el dia pasado era tormenta tropical y ayer se\u00a0convirti\u00f3\u00a0en\u00a0hurac\u00e1n\u00a0de\u00a0categor\u00eda\u00a01 y parece que casi 2.\u00a0Tambi\u00e9n\u00a0 seguiremos a Eduardo y iremos viendo su evoluci\u00f3n. Hay posibilidad de que se acerque a las Islas Azores como tormenta post tropical.<\/strong><\/p>\n<p>&nbsp;<\/p>\n<p><a href=\"https:\/\/blogs.diariosur.es\/tormentas-y-rayos\/2014\/09\/15\/prevision-del-tiempo-seguimiento-especial-borrasca-al-oeste-de-portugal-y-huracan-edouard-atlantico-norte-central-poque-lleva-tantos-dias-la-borrasca-frente-a-portugal\/eduardo\/\" rel=\"attachment wp-att-9487\"><img loading=\"lazy\" class=\"aligncenter size-medium wp-image-9487\" title=\"eduardo\" src=\"\/tormentas-y-rayos\/wp-content\/uploads\/sites\/12\/2014\/09\/eduardo.jpg\" alt=\"\" width=\"553\" height=\"400\" srcset=\"https:\/\/static-blogs.diariosur.es\/wp-content\/uploads\/sites\/12\/2014\/09\/eduardo.jpg 788w, https:\/\/static-blogs.diariosur.es\/wp-content\/uploads\/sites\/12\/2014\/09\/eduardo-554x400.jpg 554w, https:\/\/static-blogs.diariosur.es\/wp-content\/uploads\/sites\/12\/2014\/09\/eduardo-768x555.jpg 768w\" sizes=\"(max-width: 553px) 100vw, 553px\" \/><\/a><\/p>\n<p>&nbsp;<\/p>\n<p><a href=\"https:\/\/blogs.diariosur.es\/tormentas-y-rayos\/2014\/09\/15\/prevision-del-tiempo-seguimiento-especial-borrasca-al-oeste-de-portugal-y-huracan-edouard-atlantico-norte-central-poque-lleva-tantos-dias-la-borrasca-frente-a-portugal\/captura-423\/\" rel=\"attachment wp-att-9488\"><img loading=\"lazy\" class=\"aligncenter size-medium wp-image-9488\" title=\"Captura\" src=\"\/tormentas-y-rayos\/wp-content\/uploads\/sites\/12\/2014\/09\/Captura19.jpg\" alt=\"\" width=\"595\" height=\"400\" srcset=\"https:\/\/static-blogs.diariosur.es\/wp-content\/uploads\/sites\/12\/2014\/09\/Captura19.jpg 713w, https:\/\/static-blogs.diariosur.es\/wp-content\/uploads\/sites\/12\/2014\/09\/Captura19-595x400.jpg 595w\" sizes=\"(max-width: 595px) 100vw, 595px\" \/><\/a><\/p>\n<p>&nbsp;<\/p>\n<p>&nbsp;<\/p>\n<p><strong>Os hago un peque\u00f1o resumen de ayer\u00a0domingo. Lo primero que aunque esperaba terral, la sorpresa fue la maxima que se dio de 35 grados en Teatinos. En el Puerto y como es habitual dio menos registro, de nuevo entro una reboza de sur suroeste en vez de levante. Os paso el\u00a0gr\u00e1fico\u00a0de temperatura del Puerto y los datos mas destacados de Andaluc\u00eda.<\/strong><\/p>\n<p><a href=\"https:\/\/blogs.diariosur.es\/tormentas-y-rayos\/2014\/09\/15\/prevision-del-tiempo-seguimiento-especial-borrasca-al-oeste-de-portugal-y-huracan-edouard-atlantico-norte-central-poque-lleva-tantos-dias-la-borrasca-frente-a-portugal\/1-75\/\" rel=\"attachment wp-att-9483\"><img loading=\"lazy\" class=\"aligncenter size-full wp-image-9483\" title=\"1\" src=\"\/tormentas-y-rayos\/wp-content\/uploads\/sites\/12\/2014\/09\/15.jpg\" alt=\"\" width=\"393\" height=\"251\" \/><\/a><\/p>\n<p>&nbsp;<\/p>\n<p><strong>Los cielos por la ma\u00f1ana amanecieron despejados, pero a ultima hora de la tarde aparecieron cirrus, yo los fotografi\u00e9 desde la terraza.<\/strong><\/p>\n<p>&nbsp;<\/p>\n<p>&nbsp;<\/p>\n<p>&nbsp;<\/p>\n<p><a href=\"https:\/\/blogs.diariosur.es\/tormentas-y-rayos\/2014\/09\/15\/prevision-del-tiempo-seguimiento-especial-borrasca-al-oeste-de-portugal-y-huracan-edouard-atlantico-norte-central-poque-lleva-tantos-dias-la-borrasca-frente-a-portugal\/10660270_10203557683521646_7685773487645911679_n\/\" rel=\"attachment wp-att-9478\"><img loading=\"lazy\" class=\"aligncenter size-full wp-image-9478\" title=\"10660270_10203557683521646_7685773487645911679_n\" src=\"\/tormentas-y-rayos\/wp-content\/uploads\/sites\/12\/2014\/09\/10660270_10203557683521646_7685773487645911679_n.jpg\" alt=\"\" width=\"640\" height=\"360\" \/><\/a><\/p>\n<p><strong>Mi amigo Antonio Vazquez los cazaba\u00a0magistralmente\u00a0desde Chipiona ( C\u00e1diz ).<\/strong><\/p>\n<p>&nbsp;<\/p>\n<p><a href=\"https:\/\/blogs.diariosur.es\/tormentas-y-rayos\/2014\/09\/15\/prevision-del-tiempo-seguimiento-especial-borrasca-al-oeste-de-portugal-y-huracan-edouard-atlantico-norte-central-poque-lleva-tantos-dias-la-borrasca-frente-a-portugal\/antonio-vazquez_1\/\" rel=\"attachment wp-att-9479\"><img loading=\"lazy\" class=\"aligncenter size-full wp-image-9479\" title=\"antonio vazquez_1\" src=\"\/tormentas-y-rayos\/wp-content\/uploads\/sites\/12\/2014\/09\/antonio-vazquez_1.jpg\" alt=\"\" width=\"640\" height=\"384\" \/><\/a><\/p>\n<p>&nbsp;<\/p>\n<p><strong>Mi amiga Fuensanta Villalobos \u00a0cazo el candilazo, pero me comentaba que unos minutos antes los cirros\u00a0desaparec\u00edan\u00a0poco a poco. De todas formas muy bonito amiga.<\/strong><\/p>\n<p>&nbsp;<\/p>\n<p>&nbsp;<\/p>\n<p><a href=\"https:\/\/blogs.diariosur.es\/tormentas-y-rayos\/2014\/09\/15\/prevision-del-tiempo-seguimiento-especial-borrasca-al-oeste-de-portugal-y-huracan-edouard-atlantico-norte-central-poque-lleva-tantos-dias-la-borrasca-frente-a-portugal\/fuensanta-villalobois\/\" rel=\"attachment wp-att-9480\"><img loading=\"lazy\" class=\"aligncenter size-full wp-image-9480\" title=\"fuensanta villalobois\" src=\"\/tormentas-y-rayos\/wp-content\/uploads\/sites\/12\/2014\/09\/fuensanta-villalobois.jpg\" alt=\"\" width=\"640\" height=\"346\" \/><\/a><\/p>\n<p>&nbsp;<\/p>\n<p><strong>Poco mas que contar amigos, ma\u00f1ana veremos si por lo menos caen algunas gotas en nuestra provincia. Hasta ma\u00f1ana martes.<\/strong><\/p>\n","protected":false},"excerpt":{"rendered":"<p>&nbsp; &nbsp; &nbsp; &nbsp; Buenos dias amigos de la meteo. Son las seis de la ma\u00f1ana, registro 24 grados y los cielos est\u00e1n poco nubosos. Os recuerdo que hoy lunes a las ocho de la ma\u00f1ana\u00a0estar\u00e9\u00a0en directo\u00a0v\u00eda\u00a0telefono en el programa de Radio El Canto\u00a0del Gallo de Radio Miramar.\u00a0 Hoy de nuevo el terral sera el [&hellip;]<\/p>\n","protected":false},"author":16,"featured_media":9489,"comment_status":"open","ping_status":"open","sticky":false,"template":"","format":"standard","meta":[],"categories":[2],"tags":[188,350,496,809,901,980],"_links":{"self":[{"href":"https:\/\/blogs.diariosur.es\/tormentas-y-rayos\/wp-json\/wp\/v2\/posts\/9477"}],"collection":[{"href":"https:\/\/blogs.diariosur.es\/tormentas-y-rayos\/wp-json\/wp\/v2\/posts"}],"about":[{"href":"https:\/\/blogs.diariosur.es\/tormentas-y-rayos\/wp-json\/wp\/v2\/types\/post"}],"author":[{"embeddable":true,"href":"https:\/\/blogs.diariosur.es\/tormentas-y-rayos\/wp-json\/wp\/v2\/users\/16"}],"replies":[{"embeddable":true,"href":"https:\/\/blogs.diariosur.es\/tormentas-y-rayos\/wp-json\/wp\/v2\/comments?post=9477"}],"version-history":[{"count":0,"href":"https:\/\/blogs.diariosur.es\/tormentas-y-rayos\/wp-json\/wp\/v2\/posts\/9477\/revisions"}],"wp:featuredmedia":[{"embeddable":true,"href":"https:\/\/blogs.diariosur.es\/tormentas-y-rayos\/wp-json\/wp\/v2\/media\/9489"}],"wp:attachment":[{"href":"https:\/\/blogs.diariosur.es\/tormentas-y-rayos\/wp-json\/wp\/v2\/media?parent=9477"}],"wp:term":[{"taxonomy":"category","embeddable":true,"href":"https:\/\/blogs.diariosur.es\/tormentas-y-rayos\/wp-json\/wp\/v2\/categories?post=9477"},{"taxonomy":"post_tag","embeddable":true,"href":"https:\/\/blogs.diariosur.es\/tormentas-y-rayos\/wp-json\/wp\/v2\/tags?post=9477"}],"curies":[{"name":"wp","href":"https:\/\/api.w.org\/{rel}","templated":true}]}}