{"id":9490,"date":"2014-09-16T07:11:48","date_gmt":"2014-09-16T05:11:48","guid":{"rendered":"http:\/\/blogs.diariosur.es\/tormentas-y-rayos\/?p=9490"},"modified":"2014-09-16T07:11:48","modified_gmt":"2014-09-16T05:11:48","slug":"aviso-amarillo-tormentas-en-huelva-cadiz-sevilla-granada-y-jaen-posibilidad-de-chubascos-en-la-provincia-malaguena-el-huracan-edouard-ya-es-categoria-2","status":"publish","type":"post","link":"https:\/\/blogs.diariosur.es\/tormentas-y-rayos\/2014\/09\/16\/aviso-amarillo-tormentas-en-huelva-cadiz-sevilla-granada-y-jaen-posibilidad-de-chubascos-en-la-provincia-malaguena-el-huracan-edouard-ya-es-categoria-2\/","title":{"rendered":"Aviso amarillo por tormentas en Huelva, C\u00e1diz, Sevilla, Granada y Ja\u00e9n. Posibilidad de chubascos en la Provincia Malague\u00f1a. El Hurac\u00e1n Edouard ya es categor\u00eda 2."},"content":{"rendered":"<p><img loading=\"lazy\" class=\"alignright\" src=\"https:\/\/farm3.staticflickr.com\/2898\/14371881571_bbae3518b1_q.jpg\" alt=\"\" width=\"150\" height=\"150\" \/><\/p>\n<p>&nbsp;<\/p>\n<p>&nbsp;<\/p>\n<p>&nbsp;<\/p>\n<p>&nbsp;<\/p>\n<p>&nbsp;<\/p>\n<p><strong>Muy buenos dias amigos de la meteo, y digo buenos porque registro 20,8 grados y he dormido de maravilla jijiji. Por la zona del Aeropuerto y Centro\u00a0Meteorol\u00f3gico\u00a0se registran 18 grados.<\/strong><\/p>\n<p><strong>Se me olvidaba una cosa, son las seis de la ma\u00f1ana y los cielos est\u00e1n nubosos. Posible candilazo.<\/strong><\/p>\n<p><span style=\"color: #ff0000;\"><strong>Os paso la entrevista que me hizo mi amigo Jose Manuel Blanco en Radio Miramar , en el programa El Canto del Gallo. Un abrazo Jose.<\/strong><\/span><\/p>\n<p><a href=\"http:\/\/www.ivoox.com\/entrevista-jose-luis-escudero-tormentas-rayos-audios-mp3_rf_3497027_1.html\" rel=\"external nofollow\">ENTREVISTA<\/a><\/p>\n<p>&nbsp;<\/p>\n<p>&nbsp;<\/p>\n<p>&nbsp;<\/p>\n<p><strong>La Aemet ha activado el aviso amarillo por lluvias y tormentas en las provincias andaluzas que\u00a0pod\u00e9is\u00a0ver en este mapa.\u00a0<\/strong><\/p>\n<p><a href=\"https:\/\/blogs.diariosur.es\/tormentas-y-rayos\/2014\/09\/16\/aviso-amarillo-tormentas-en-huelva-cadiz-sevilla-granada-y-jaen-posibilidad-de-chubascos-en-la-provincia-malaguena-el-huracan-edouard-ya-es-categoria-2\/20140915193000_avi_mna_ccaa61\/\" rel=\"attachment wp-att-9491\"><img loading=\"lazy\" class=\"aligncenter size-full wp-image-9491\" title=\"20140915193000_avi_mna_ccaa61\" src=\"\/tormentas-y-rayos\/wp-content\/uploads\/sites\/12\/2014\/09\/20140915193000_avi_mna_ccaa61.png\" alt=\"\" width=\"500\" height=\"334\" \/><\/a><\/p>\n<p><strong>Nuestra amiga la borrasca se centra ahora mismo frente a la nariz de Portugal, su presi\u00f3n es de 995 hpa. Fuente Aemet, Hirlam<\/strong><\/p>\n<p><a href=\"https:\/\/blogs.diariosur.es\/tormentas-y-rayos\/2014\/09\/16\/aviso-amarillo-tormentas-en-huelva-cadiz-sevilla-granada-y-jaen-posibilidad-de-chubascos-en-la-provincia-malaguena-el-huracan-edouard-ya-es-categoria-2\/captura-424\/\" rel=\"attachment wp-att-9492\"><img loading=\"lazy\" class=\"aligncenter size-medium wp-image-9492\" title=\"Captura\" src=\"\/tormentas-y-rayos\/wp-content\/uploads\/sites\/12\/2014\/09\/Captura20.jpg\" alt=\"\" width=\"600\" height=\"358\" srcset=\"https:\/\/static-blogs.diariosur.es\/wp-content\/uploads\/sites\/12\/2014\/09\/Captura20.jpg 819w, https:\/\/static-blogs.diariosur.es\/wp-content\/uploads\/sites\/12\/2014\/09\/Captura20-640x383.jpg 640w, https:\/\/static-blogs.diariosur.es\/wp-content\/uploads\/sites\/12\/2014\/09\/Captura20-768x459.jpg 768w\" sizes=\"(max-width: 600px) 100vw, 600px\" \/><\/a><\/p>\n<p><strong>Durante la pasada madrugada y ahora ya se registran algunas gotas en la zona mas occidental andaluza. Lo que es un\u00a0espect\u00e1culo\u00a0son los rayos que se est\u00e1n dando frente a Portugal. Fuente Aemet<\/strong><\/p>\n<p><a href=\"https:\/\/blogs.diariosur.es\/tormentas-y-rayos\/2014\/09\/16\/aviso-amarillo-tormentas-en-huelva-cadiz-sevilla-granada-y-jaen-posibilidad-de-chubascos-en-la-provincia-malaguena-el-huracan-edouard-ya-es-categoria-2\/rayos-16\/\" rel=\"attachment wp-att-9498\"><img loading=\"lazy\" class=\"aligncenter size-full wp-image-9498\" title=\"rayos\" src=\"\/tormentas-y-rayos\/wp-content\/uploads\/sites\/12\/2014\/09\/rayos.jpg\" alt=\"\" width=\"505\" height=\"502\" srcset=\"https:\/\/static-blogs.diariosur.es\/wp-content\/uploads\/sites\/12\/2014\/09\/rayos.jpg 505w, https:\/\/static-blogs.diariosur.es\/wp-content\/uploads\/sites\/12\/2014\/09\/rayos-150x150.jpg 150w, https:\/\/static-blogs.diariosur.es\/wp-content\/uploads\/sites\/12\/2014\/09\/rayos-402x400.jpg 402w\" sizes=\"(max-width: 505px) 100vw, 505px\" \/><\/a><\/p>\n<p>&nbsp;<\/p>\n<p><strong>En la imagen de vapor de agua del\u00a0sat\u00e9lite\u00a0Eumetsat, se\u00a0distinguen\u00a0perfectamente esas tormentas.<\/strong><\/p>\n<p>&nbsp;<\/p>\n<p><a href=\"https:\/\/blogs.diariosur.es\/tormentas-y-rayos\/2014\/09\/16\/aviso-amarillo-tormentas-en-huelva-cadiz-sevilla-granada-y-jaen-posibilidad-de-chubascos-en-la-provincia-malaguena-el-huracan-edouard-ya-es-categoria-2\/vapor-de-agua\/\" rel=\"attachment wp-att-9499\"><img loading=\"lazy\" class=\"aligncenter size-medium wp-image-9499\" title=\"vapor de agua\" src=\"\/tormentas-y-rayos\/wp-content\/uploads\/sites\/12\/2014\/09\/vapor-de-agua.jpg\" alt=\"\" width=\"584\" height=\"400\" srcset=\"https:\/\/static-blogs.diariosur.es\/wp-content\/uploads\/sites\/12\/2014\/09\/vapor-de-agua.jpg 755w, https:\/\/static-blogs.diariosur.es\/wp-content\/uploads\/sites\/12\/2014\/09\/vapor-de-agua-584x400.jpg 584w\" sizes=\"(max-width: 584px) 100vw, 584px\" \/><\/a><\/p>\n<p>&nbsp;<\/p>\n<p>&nbsp;<\/p>\n<p><strong>Con un poco de suerte hay posibilidad de que en nuestra provincia e incluso en la Capital Malague\u00f1a se registren algunos chubascos por la tarde. Por el interior pueden tener origen tormentoso. Las nubes altas desde primeras horas de hoy\u00a0ser\u00e1n\u00a0las protagonistas.\u00a0<\/strong><\/p>\n<p><strong>Sobre el Hurac\u00e1n Eduardo comentaros que ya es categor\u00eda 2. Os paso una impresionante\u00a0imagen.<\/strong><\/p>\n<p><a href=\"https:\/\/blogs.diariosur.es\/tormentas-y-rayos\/2014\/09\/16\/aviso-amarillo-tormentas-en-huelva-cadiz-sevilla-granada-y-jaen-posibilidad-de-chubascos-en-la-provincia-malaguena-el-huracan-edouard-ya-es-categoria-2\/adu1\/\" rel=\"attachment wp-att-9493\"><img loading=\"lazy\" class=\"aligncenter size-full wp-image-9493\" title=\"adu1\" src=\"\/tormentas-y-rayos\/wp-content\/uploads\/sites\/12\/2014\/09\/adu1.jpg\" alt=\"\" width=\"591\" height=\"593\" srcset=\"https:\/\/static-blogs.diariosur.es\/wp-content\/uploads\/sites\/12\/2014\/09\/adu1.jpg 591w, https:\/\/static-blogs.diariosur.es\/wp-content\/uploads\/sites\/12\/2014\/09\/adu1-150x150.jpg 150w, https:\/\/static-blogs.diariosur.es\/wp-content\/uploads\/sites\/12\/2014\/09\/adu1-399x400.jpg 399w\" sizes=\"(max-width: 591px) 100vw, 591px\" \/><\/a><\/p>\n<p>&nbsp;<\/p>\n<p>&nbsp;<\/p>\n<p><strong>Eduardo una vez que llegue a aguas mas\u00a0fr\u00edas\u00a0 se\u00a0convertir\u00e1\u00a0en tormenta post tropical. Lo que no esta muy claro aun es que direcci\u00f3n tomara y si se\u00a0interaccionara con nuestra borrasca. Todo esto lo iremos viendo poco a poco.\u00a0<\/strong><\/p>\n<p>&nbsp;<\/p>\n<p><strong>Os hago un peque\u00f1o resumen de ayer lunes.<\/strong><\/p>\n<p><strong>Ayer lunes las estelas de los aviones fueron las protagonistas a primeras horas de la ma\u00f1ana. Se\u00f1an de que tenemos aire fr\u00edo en altura e inestable. Y no que nos fumigan con los famosos\u00a0chemitrails. La semana que viene os\u00a0pondr\u00e9\u00a0un articulo\u00a0cient\u00edfico\u00a0que habla de este tema.<\/strong><\/p>\n<p><strong>Yo antes de entrar al curro fotografi\u00e9 estas.<\/strong><\/p>\n<p><a href=\"https:\/\/blogs.diariosur.es\/tormentas-y-rayos\/2014\/09\/16\/aviso-amarillo-tormentas-en-huelva-cadiz-sevilla-granada-y-jaen-posibilidad-de-chubascos-en-la-provincia-malaguena-el-huracan-edouard-ya-es-categoria-2\/10687995_10203566186654219_6624525823615627633_o\/\" rel=\"attachment wp-att-9494\"><img loading=\"lazy\" class=\"aligncenter size-full wp-image-9494\" title=\"10687995_10203566186654219_6624525823615627633_o\" src=\"\/tormentas-y-rayos\/wp-content\/uploads\/sites\/12\/2014\/09\/10687995_10203566186654219_6624525823615627633_o.jpg\" alt=\"\" width=\"640\" height=\"360\" \/><\/a><\/p>\n<p>&nbsp;<\/p>\n<p><strong>Mas tarde el cielo se lleno de estelas. Mi amigo Jose Luis Gil me mandaba esta desde Marbella.<\/strong><\/p>\n<p><a href=\"https:\/\/blogs.diariosur.es\/tormentas-y-rayos\/2014\/09\/16\/aviso-amarillo-tormentas-en-huelva-cadiz-sevilla-granada-y-jaen-posibilidad-de-chubascos-en-la-provincia-malaguena-el-huracan-edouard-ya-es-categoria-2\/jose-luis-gil-14\/\" rel=\"attachment wp-att-9495\"><img loading=\"lazy\" class=\"aligncenter size-full wp-image-9495\" title=\"jose luis gil\" src=\"\/tormentas-y-rayos\/wp-content\/uploads\/sites\/12\/2014\/09\/jose-luis-gil1.jpg\" alt=\"\" width=\"640\" height=\"384\" \/><\/a><\/p>\n<p>&nbsp;<\/p>\n<p><strong>Beatriz Maria me mandaba la misma imagen pero tomada desde M\u00e1laga.<\/strong><\/p>\n<p><a href=\"https:\/\/blogs.diariosur.es\/tormentas-y-rayos\/2014\/09\/16\/aviso-amarillo-tormentas-en-huelva-cadiz-sevilla-granada-y-jaen-posibilidad-de-chubascos-en-la-provincia-malaguena-el-huracan-edouard-ya-es-categoria-2\/beatriz-maria\/\" rel=\"attachment wp-att-9496\"><img loading=\"lazy\" class=\"aligncenter size-full wp-image-9496\" title=\"beatriz maria\" src=\"\/tormentas-y-rayos\/wp-content\/uploads\/sites\/12\/2014\/09\/beatriz-maria.jpg\" alt=\"\" width=\"640\" height=\"360\" \/><\/a><\/p>\n<p>&nbsp;<\/p>\n<p><strong>La maxima de M\u00e1laga se dio en Teatinos con 33 grados. De nuevo en el Puerto tuvimos lucha, el\u00a0gr\u00e1fico\u00a0es alto\u00a0elocuente, sobre todo por el\u00a0baj\u00f3n\u00a0que \u00a0se dio a partir de las siete de la tarde. A las nueve de la noche el Puerto registraba\u00a021 grados.<\/strong><\/p>\n<p>&nbsp;<\/p>\n<p><a href=\"https:\/\/blogs.diariosur.es\/tormentas-y-rayos\/2014\/09\/16\/aviso-amarillo-tormentas-en-huelva-cadiz-sevilla-granada-y-jaen-posibilidad-de-chubascos-en-la-provincia-malaguena-el-huracan-edouard-ya-es-categoria-2\/puerto-18\/\" rel=\"attachment wp-att-9497\"><img loading=\"lazy\" class=\"aligncenter size-medium wp-image-9497\" title=\"puerto\" src=\"\/tormentas-y-rayos\/wp-content\/uploads\/sites\/12\/2014\/09\/puerto3.jpg\" alt=\"\" width=\"600\" height=\"243\" srcset=\"https:\/\/static-blogs.diariosur.es\/wp-content\/uploads\/sites\/12\/2014\/09\/puerto3.jpg 770w, https:\/\/static-blogs.diariosur.es\/wp-content\/uploads\/sites\/12\/2014\/09\/puerto3-640x259.jpg 640w, https:\/\/static-blogs.diariosur.es\/wp-content\/uploads\/sites\/12\/2014\/09\/puerto3-768x311.jpg 768w\" sizes=\"(max-width: 600px) 100vw, 600px\" \/><\/a><\/p>\n<p>&nbsp;<\/p>\n<p>&nbsp;<\/p>\n<p><strong>Poco mas que contar amigos, ma\u00f1ana mi\u00e9rcoles de nuevo actualizare el blog . Os dejo que tiro para la playa, el amanecer puede ser precioso. Cuando salga del curro a comer y si me da tiempo os\u00a0subir\u00e9\u00a0algunas fotos a facebook. Sera \u00a0ma\u00f1ana\u00a0cuando las pongo en el blog.<\/strong><\/p>\n<p>&nbsp;<\/p>\n","protected":false},"excerpt":{"rendered":"<p>&nbsp; &nbsp; &nbsp; &nbsp; &nbsp; Muy buenos dias amigos de la meteo, y digo buenos porque registro 20,8 grados y he dormido de maravilla jijiji. Por la zona del Aeropuerto y Centro\u00a0Meteorol\u00f3gico\u00a0se registran 18 grados. Se me olvidaba una cosa, son las seis de la ma\u00f1ana y los cielos est\u00e1n nubosos. Posible candilazo. Os paso [&hellip;]<\/p>\n","protected":false},"author":16,"featured_media":9491,"comment_status":"open","ping_status":"open","sticky":false,"template":"","format":"standard","meta":[],"categories":[2],"tags":[63,91,151,204,350,491,496,569,910,996],"_links":{"self":[{"href":"https:\/\/blogs.diariosur.es\/tormentas-y-rayos\/wp-json\/wp\/v2\/posts\/9490"}],"collection":[{"href":"https:\/\/blogs.diariosur.es\/tormentas-y-rayos\/wp-json\/wp\/v2\/posts"}],"about":[{"href":"https:\/\/blogs.diariosur.es\/tormentas-y-rayos\/wp-json\/wp\/v2\/types\/post"}],"author":[{"embeddable":true,"href":"https:\/\/blogs.diariosur.es\/tormentas-y-rayos\/wp-json\/wp\/v2\/users\/16"}],"replies":[{"embeddable":true,"href":"https:\/\/blogs.diariosur.es\/tormentas-y-rayos\/wp-json\/wp\/v2\/comments?post=9490"}],"version-history":[{"count":0,"href":"https:\/\/blogs.diariosur.es\/tormentas-y-rayos\/wp-json\/wp\/v2\/posts\/9490\/revisions"}],"wp:featuredmedia":[{"embeddable":true,"href":"https:\/\/blogs.diariosur.es\/tormentas-y-rayos\/wp-json\/wp\/v2\/media\/9491"}],"wp:attachment":[{"href":"https:\/\/blogs.diariosur.es\/tormentas-y-rayos\/wp-json\/wp\/v2\/media?parent=9490"}],"wp:term":[{"taxonomy":"category","embeddable":true,"href":"https:\/\/blogs.diariosur.es\/tormentas-y-rayos\/wp-json\/wp\/v2\/categories?post=9490"},{"taxonomy":"post_tag","embeddable":true,"href":"https:\/\/blogs.diariosur.es\/tormentas-y-rayos\/wp-json\/wp\/v2\/tags?post=9490"}],"curies":[{"name":"wp","href":"https:\/\/api.w.org\/{rel}","templated":true}]}}