{"id":9500,"date":"2014-09-17T07:17:22","date_gmt":"2014-09-17T05:17:22","guid":{"rendered":"http:\/\/blogs.diariosur.es\/tormentas-y-rayos\/?p=9500"},"modified":"2014-09-17T07:17:22","modified_gmt":"2014-09-17T05:17:22","slug":"prevision-del-tiempo-andalucia-aviso-amarillo-por-tormentas-el-huracan-edouard-llego-a-categoria-3-fotos-huracan-y-candilazo","status":"publish","type":"post","link":"https:\/\/blogs.diariosur.es\/tormentas-y-rayos\/2014\/09\/17\/prevision-del-tiempo-andalucia-aviso-amarillo-por-tormentas-el-huracan-edouard-llego-a-categoria-3-fotos-huracan-y-candilazo\/","title":{"rendered":"Previsi\u00f3n del tiempo Andaluc\u00eda. Aviso amarillo por tormentas. El Hurac\u00e1n  Edouard llego a categor\u00eda 3. Fotos hurac\u00e1n y candilazo."},"content":{"rendered":"<p><img loading=\"lazy\" class=\"aligncenter\" src=\"https:\/\/farm6.staticflickr.com\/5566\/14568830453_8e0522e3fc_q.jpg\" alt=\"\" width=\"150\" height=\"150\" \/><\/p>\n<p>&nbsp;<\/p>\n<p>&nbsp;<\/p>\n<p>&nbsp;<\/p>\n<p>&nbsp;<\/p>\n<p><strong>Buenos dias amigos de la meteo. Son las seis de la ma\u00f1ana, registro 22 grados y los cielos est\u00e1n nubosos,\u00a0as\u00ed\u00a0que\u00a0har\u00e9\u00a0lo mismo que ayer, tirare con traje y corbata para la playa.\u00a0Ten\u00edais\u00a0que ver a los que pasean antes del\u00a0amanecer\u00a0cuando me ven vestido asi jijijij. Comentaros que solo cayo una gota y media en la provincia y media gota en M\u00e1laga Capital, esa media gota la sufrio Juan Meneses y mi cu\u00f1ado Fefo jijij ahhhhhh y mi moto que se puso marr\u00f3n.<\/strong><\/p>\n<p><strong>En estos momentos llueve moderadamente en C\u00e1diz, C\u00f3doba y Sevilla, en algunos puntos llevan mas de 15 litros. Os paso el radar.<\/strong><\/p>\n<p>&nbsp;<\/p>\n<p>&nbsp;<\/p>\n<p><a href=\"https:\/\/blogs.diariosur.es\/tormentas-y-rayos\/2014\/09\/17\/prevision-del-tiempo-andalucia-aviso-amarillo-por-tormentas-el-huracan-edouard-llego-a-categoria-3-fotos-huracan-y-candilazo\/radar-31\/\" rel=\"attachment wp-att-9513\"><img loading=\"lazy\" class=\"aligncenter size-medium wp-image-9513\" title=\"radar\" src=\"\/tormentas-y-rayos\/wp-content\/uploads\/sites\/12\/2014\/09\/radar.jpg\" alt=\"\" width=\"556\" height=\"400\" srcset=\"https:\/\/static-blogs.diariosur.es\/wp-content\/uploads\/sites\/12\/2014\/09\/radar.jpg 782w, https:\/\/static-blogs.diariosur.es\/wp-content\/uploads\/sites\/12\/2014\/09\/radar-557x400.jpg 557w, https:\/\/static-blogs.diariosur.es\/wp-content\/uploads\/sites\/12\/2014\/09\/radar-768x552.jpg 768w\" sizes=\"(max-width: 556px) 100vw, 556px\" \/><\/a><\/p>\n<p>&nbsp;<\/p>\n<p><strong>Mientras que siga la borrasca en esta posici\u00f3n, la probabilidad de lluvias en la Provincia Malague\u00f1a es baja.<\/strong><\/p>\n<p><a href=\"https:\/\/blogs.diariosur.es\/tormentas-y-rayos\/2014\/09\/17\/prevision-del-tiempo-andalucia-aviso-amarillo-por-tormentas-el-huracan-edouard-llego-a-categoria-3-fotos-huracan-y-candilazo\/z-32\/\" rel=\"attachment wp-att-9511\"><img loading=\"lazy\" class=\"aligncenter size-medium wp-image-9511\" title=\"z\" src=\"\/tormentas-y-rayos\/wp-content\/uploads\/sites\/12\/2014\/09\/z1.jpg\" alt=\"\" width=\"571\" height=\"400\" srcset=\"https:\/\/static-blogs.diariosur.es\/wp-content\/uploads\/sites\/12\/2014\/09\/z1.jpg 693w, https:\/\/static-blogs.diariosur.es\/wp-content\/uploads\/sites\/12\/2014\/09\/z1-572x400.jpg 572w\" sizes=\"(max-width: 571px) 100vw, 571px\" \/><\/a><\/p>\n<p>&nbsp;<\/p>\n<p>&nbsp;<\/p>\n<p>&nbsp;<\/p>\n<p>&nbsp;<\/p>\n<p><strong>Y viendo mapas previstos\u00a0seguir\u00eda\u00a0en esa zona hasta el viernes, ya es raro en mi, pero le estoy cogiendo\u00a0man\u00eda\u00a0a la joia borrasca. <span style=\"color: #ff0000;\">Desde esa posici\u00f3n los vientos en M\u00e1laga Capital entran \u00a0un poco aterralados. \u00a0Conque bajase unos\u00a0kil\u00f3metros\u00a0se\u00a0podr\u00edan\u00a0 producir mas chubascos en la provincia malague\u00f1a. Esperemos que se den hoy.<\/span><\/strong><\/p>\n<p><strong>En cambio las provincias occidentales como es el caso de Huelva, Cadiz etc etc, el viento es mas de suroeste, es decir mas\u00a0h\u00famedo. Hoy de nuevo la borrasca genera en estos momentos lineas de inestabilidad que afectan \u00a0a esta zona. La aemet activa de nuevo el aviso amarillo por tormentas y lluvias en Huelva, C\u00e1diz, Sevilla y C\u00f3rdoba.<\/strong><\/p>\n<p><a href=\"https:\/\/blogs.diariosur.es\/tormentas-y-rayos\/2014\/09\/17\/prevision-del-tiempo-andalucia-aviso-amarillo-por-tormentas-el-huracan-edouard-llego-a-categoria-3-fotos-huracan-y-candilazo\/captura-425\/\" rel=\"attachment wp-att-9512\"><img loading=\"lazy\" class=\"aligncenter size-medium wp-image-9512\" title=\"Captura\" src=\"\/tormentas-y-rayos\/wp-content\/uploads\/sites\/12\/2014\/09\/Captura21.jpg\" alt=\"\" width=\"542\" height=\"400\" srcset=\"https:\/\/static-blogs.diariosur.es\/wp-content\/uploads\/sites\/12\/2014\/09\/Captura21.jpg 560w, https:\/\/static-blogs.diariosur.es\/wp-content\/uploads\/sites\/12\/2014\/09\/Captura21-542x400.jpg 542w\" sizes=\"(max-width: 542px) 100vw, 542px\" \/><\/a><\/p>\n<p>&nbsp;<\/p>\n<p>&nbsp;<\/p>\n<p><strong>Nuestro amigo Eduardo se\u00a0convirti\u00f3\u00a0ayer en categor\u00eda 3, desde hace unas horas esta perdiendo fuerza y en estos momentos es categor\u00eda 2. Os paso unas\u00a0im\u00e1genes\u00a0de\u00a0sat\u00e9lite\u00a0del bicho es cuesti\u00f3n jijijij.\u00a0<\/strong><\/p>\n<p><a href=\"https:\/\/blogs.diariosur.es\/tormentas-y-rayos\/2014\/09\/17\/prevision-del-tiempo-andalucia-aviso-amarillo-por-tormentas-el-huracan-edouard-llego-a-categoria-3-fotos-huracan-y-candilazo\/1-78\/\" rel=\"attachment wp-att-9515\"><img loading=\"lazy\" class=\"aligncenter size-medium wp-image-9515\" title=\"1\" src=\"\/tormentas-y-rayos\/wp-content\/uploads\/sites\/12\/2014\/09\/18.jpg\" alt=\"\" width=\"600\" height=\"393\" srcset=\"https:\/\/static-blogs.diariosur.es\/wp-content\/uploads\/sites\/12\/2014\/09\/18.jpg 726w, https:\/\/static-blogs.diariosur.es\/wp-content\/uploads\/sites\/12\/2014\/09\/18-610x400.jpg 610w\" sizes=\"(max-width: 600px) 100vw, 600px\" \/><\/a><\/p>\n<p>&nbsp;<\/p>\n<p>&nbsp;<\/p>\n<p>&nbsp;<\/p>\n<p><a href=\"https:\/\/blogs.diariosur.es\/tormentas-y-rayos\/2014\/09\/17\/prevision-del-tiempo-andalucia-aviso-amarillo-por-tormentas-el-huracan-edouard-llego-a-categoria-3-fotos-huracan-y-candilazo\/2-61\/\" rel=\"attachment wp-att-9516\"><img loading=\"lazy\" class=\"aligncenter size-medium wp-image-9516\" title=\"2\" src=\"\/tormentas-y-rayos\/wp-content\/uploads\/sites\/12\/2014\/09\/23.jpg\" alt=\"\" width=\"589\" height=\"400\" srcset=\"https:\/\/static-blogs.diariosur.es\/wp-content\/uploads\/sites\/12\/2014\/09\/23.jpg 713w, https:\/\/static-blogs.diariosur.es\/wp-content\/uploads\/sites\/12\/2014\/09\/23-589x400.jpg 589w\" sizes=\"(max-width: 589px) 100vw, 589px\" \/><\/a><\/p>\n<p>&nbsp;<\/p>\n<p><a href=\"https:\/\/blogs.diariosur.es\/tormentas-y-rayos\/2014\/09\/17\/prevision-del-tiempo-andalucia-aviso-amarillo-por-tormentas-el-huracan-edouard-llego-a-categoria-3-fotos-huracan-y-candilazo\/3-40\/\" rel=\"attachment wp-att-9517\"><img loading=\"lazy\" class=\"aligncenter size-large wp-image-9517\" title=\"3\" src=\"\/tormentas-y-rayos\/wp-content\/uploads\/sites\/12\/2014\/09\/3.jpg\" alt=\"\" width=\"651\" height=\"600\" srcset=\"https:\/\/static-blogs.diariosur.es\/wp-content\/uploads\/sites\/12\/2014\/09\/3.jpg 919w, https:\/\/static-blogs.diariosur.es\/wp-content\/uploads\/sites\/12\/2014\/09\/3-434x400.jpg 434w, https:\/\/static-blogs.diariosur.es\/wp-content\/uploads\/sites\/12\/2014\/09\/3-768x708.jpg 768w\" sizes=\"(max-width: 651px) 100vw, 651px\" \/><\/a><\/p>\n<p>&nbsp;<\/p>\n<p><strong>Seguiremos su evoluci\u00f3n y ya veremos que camino coge cuando se convierta en tormenta postropical.<\/strong><\/p>\n<p>&nbsp;<\/p>\n<p>&nbsp;<\/p>\n<p>&nbsp;<\/p>\n<p><strong>Os hago un peque\u00f1o resumen del dia de ayer.<\/strong><\/p>\n<p>&nbsp;<\/p>\n<p>&nbsp;<\/p>\n<p>&nbsp;<\/p>\n<p><strong>Lo mas destacado de ayer dos cosas nada mas, el candilazo que tuvimos al amanecer y de nuevo la alta temperatura que registro M\u00e1laga con 31 grados, concretamente se dio en el Puerto.<\/strong><\/p>\n<p>&nbsp;<\/p>\n<p><a href=\"https:\/\/blogs.diariosur.es\/tormentas-y-rayos\/2014\/09\/17\/prevision-del-tiempo-andalucia-aviso-amarillo-por-tormentas-el-huracan-edouard-llego-a-categoria-3-fotos-huracan-y-candilazo\/1-77\/\" rel=\"attachment wp-att-9502\"><img loading=\"lazy\" class=\"aligncenter size-full wp-image-9502\" title=\"1\" src=\"\/tormentas-y-rayos\/wp-content\/uploads\/sites\/12\/2014\/09\/17.jpg\" alt=\"\" width=\"456\" height=\"177\" \/><\/a><\/p>\n<p>&nbsp;<\/p>\n<p><a href=\"https:\/\/blogs.diariosur.es\/tormentas-y-rayos\/2014\/09\/17\/prevision-del-tiempo-andalucia-aviso-amarillo-por-tormentas-el-huracan-edouard-llego-a-categoria-3-fotos-huracan-y-candilazo\/aaa-2\/\" rel=\"attachment wp-att-9518\"><img loading=\"lazy\" class=\"aligncenter size-medium wp-image-9518\" title=\"aaa\" src=\"\/tormentas-y-rayos\/wp-content\/uploads\/sites\/12\/2014\/09\/aaa.jpg\" alt=\"\" width=\"502\" height=\"400\" srcset=\"https:\/\/static-blogs.diariosur.es\/wp-content\/uploads\/sites\/12\/2014\/09\/aaa.jpg 786w, https:\/\/static-blogs.diariosur.es\/wp-content\/uploads\/sites\/12\/2014\/09\/aaa-502x400.jpg 502w, https:\/\/static-blogs.diariosur.es\/wp-content\/uploads\/sites\/12\/2014\/09\/aaa-768x612.jpg 768w\" sizes=\"(max-width: 502px) 100vw, 502px\" \/><\/a><\/p>\n<p>&nbsp;<\/p>\n<p><strong>Lo mejor de ayer el candilazo.<\/strong><\/p>\n<p>&nbsp;<\/p>\n<p><strong>Os paso tres fotos que hice ayer martes en la playa de la misericordia.<\/strong><\/p>\n<p><img loading=\"lazy\" class=\"aligncenter\" src=\"https:\/\/farm4.staticflickr.com\/3904\/15260456642_e97dabb596_z.jpg\" alt=\"\" width=\"640\" height=\"427\" \/><\/p>\n<p>&nbsp;<\/p>\n<p><img loading=\"lazy\" class=\"aligncenter\" src=\"https:\/\/farm6.staticflickr.com\/5565\/15260848015_a87c176284_z.jpg\" alt=\"\" width=\"640\" height=\"427\" \/><\/p>\n<p>&nbsp;<\/p>\n<p><img loading=\"lazy\" class=\"aligncenter\" src=\"https:\/\/farm4.staticflickr.com\/3885\/15260455882_6f977ffa93_z.jpg\" alt=\"\" width=\"640\" height=\"427\" \/><\/p>\n<p>&nbsp;<\/p>\n<p>&nbsp;<\/p>\n<p><strong>No\u00a0sab\u00e9is\u00a0amigos de la meteo, la\u00a0alegr\u00eda\u00a0que me da cuando me\u00a0mand\u00e1is\u00a0fotos. De nuevo he recibido muchas, y todas son una pasada de bonitas. Pongo los nombres de los autores y de nuevo daros las gracias amigos.<\/strong><\/p>\n<p><strong>Alejandro Ponce Garcia desde Cuevas del Becerro.<\/strong><\/p>\n<p>&nbsp;<\/p>\n<p>&nbsp;<\/p>\n<p><a href=\"https:\/\/blogs.diariosur.es\/tormentas-y-rayos\/2014\/09\/17\/prevision-del-tiempo-andalucia-aviso-amarillo-por-tormentas-el-huracan-edouard-llego-a-categoria-3-fotos-huracan-y-candilazo\/alejandro-ponce-garcia-4\/\" rel=\"attachment wp-att-9505\"><img loading=\"lazy\" class=\"aligncenter size-full wp-image-9505\" title=\"alejandro ponce garcia\" src=\"\/tormentas-y-rayos\/wp-content\/uploads\/sites\/12\/2014\/09\/alejandro-ponce-garcia1.jpg\" alt=\"\" width=\"640\" height=\"373\" \/><\/a><\/p>\n<p>&nbsp;<\/p>\n<p>&nbsp;<\/p>\n<p>&nbsp;<\/p>\n<p><strong>Elena Mart\u00edn muy cerca de donde yo las tomaba.<\/strong><\/p>\n<p>&nbsp;<\/p>\n<p>&nbsp;<\/p>\n<p>&nbsp;<\/p>\n<p><a href=\"https:\/\/blogs.diariosur.es\/tormentas-y-rayos\/2014\/09\/17\/prevision-del-tiempo-andalucia-aviso-amarillo-por-tormentas-el-huracan-edouard-llego-a-categoria-3-fotos-huracan-y-candilazo\/elena-mm-maratin\/\" rel=\"attachment wp-att-9504\"><img loading=\"lazy\" class=\"aligncenter size-full wp-image-9504\" title=\"elena mm maratin\" src=\"\/tormentas-y-rayos\/wp-content\/uploads\/sites\/12\/2014\/09\/elena-mm-maratin.jpg\" alt=\"\" width=\"640\" height=\"480\" srcset=\"https:\/\/static-blogs.diariosur.es\/wp-content\/uploads\/sites\/12\/2014\/09\/elena-mm-maratin.jpg 640w, https:\/\/static-blogs.diariosur.es\/wp-content\/uploads\/sites\/12\/2014\/09\/elena-mm-maratin-533x400.jpg 533w\" sizes=\"(max-width: 640px) 100vw, 640px\" \/><\/a><\/p>\n<p><strong>Eva Molina desde ciudad jard\u00edn<\/strong><\/p>\n<p>&nbsp;<\/p>\n<p><a href=\"https:\/\/blogs.diariosur.es\/tormentas-y-rayos\/2014\/09\/17\/prevision-del-tiempo-andalucia-aviso-amarillo-por-tormentas-el-huracan-edouard-llego-a-categoria-3-fotos-huracan-y-candilazo\/eva-molina-2\/\" rel=\"attachment wp-att-9506\"><img loading=\"lazy\" class=\"aligncenter size-full wp-image-9506\" title=\"eva molina\" src=\"\/tormentas-y-rayos\/wp-content\/uploads\/sites\/12\/2014\/09\/eva-molina.jpg\" alt=\"\" width=\"640\" height=\"480\" srcset=\"https:\/\/static-blogs.diariosur.es\/wp-content\/uploads\/sites\/12\/2014\/09\/eva-molina.jpg 640w, https:\/\/static-blogs.diariosur.es\/wp-content\/uploads\/sites\/12\/2014\/09\/eva-molina-533x400.jpg 533w\" sizes=\"(max-width: 640px) 100vw, 640px\" \/><\/a><\/p>\n<p><strong>Fuensanta Villalobos.<\/strong><\/p>\n<p><a href=\"https:\/\/blogs.diariosur.es\/tormentas-y-rayos\/2014\/09\/17\/prevision-del-tiempo-andalucia-aviso-amarillo-por-tormentas-el-huracan-edouard-llego-a-categoria-3-fotos-huracan-y-candilazo\/fuensanta-villalobos-bernal-2\/\" rel=\"attachment wp-att-9507\"><img loading=\"lazy\" class=\"aligncenter size-full wp-image-9507\" title=\"fuensanta villalobos bernal\" src=\"\/tormentas-y-rayos\/wp-content\/uploads\/sites\/12\/2014\/09\/fuensanta-villalobos-bernal.jpg\" alt=\"\" width=\"640\" height=\"427\" srcset=\"https:\/\/static-blogs.diariosur.es\/wp-content\/uploads\/sites\/12\/2014\/09\/fuensanta-villalobos-bernal.jpg 640w, https:\/\/static-blogs.diariosur.es\/wp-content\/uploads\/sites\/12\/2014\/09\/fuensanta-villalobos-bernal-600x400.jpg 600w\" sizes=\"(max-width: 640px) 100vw, 640px\" \/><\/a><\/p>\n<p>&nbsp;<\/p>\n<p><strong>Gema Reventos desde Cuevas del Becerro.<\/strong><\/p>\n<p><a href=\"https:\/\/blogs.diariosur.es\/tormentas-y-rayos\/2014\/09\/17\/prevision-del-tiempo-andalucia-aviso-amarillo-por-tormentas-el-huracan-edouard-llego-a-categoria-3-fotos-huracan-y-candilazo\/gema-reventos-puchol\/\" rel=\"attachment wp-att-9508\"><img loading=\"lazy\" class=\"aligncenter size-full wp-image-9508\" title=\"gema reventos puchol\" src=\"\/tormentas-y-rayos\/wp-content\/uploads\/sites\/12\/2014\/09\/gema-reventos-puchol.jpg\" alt=\"\" width=\"640\" height=\"480\" srcset=\"https:\/\/static-blogs.diariosur.es\/wp-content\/uploads\/sites\/12\/2014\/09\/gema-reventos-puchol.jpg 640w, https:\/\/static-blogs.diariosur.es\/wp-content\/uploads\/sites\/12\/2014\/09\/gema-reventos-puchol-533x400.jpg 533w\" sizes=\"(max-width: 640px) 100vw, 640px\" \/><\/a><\/p>\n<p><strong>Nacho Gutierrez<\/strong><\/p>\n<p>&nbsp;<\/p>\n<p><a href=\"https:\/\/blogs.diariosur.es\/tormentas-y-rayos\/2014\/09\/17\/prevision-del-tiempo-andalucia-aviso-amarillo-por-tormentas-el-huracan-edouard-llego-a-categoria-3-fotos-huracan-y-candilazo\/nacho-gutierrez\/\" rel=\"attachment wp-att-9509\"><img loading=\"lazy\" class=\"aligncenter size-full wp-image-9509\" title=\"nacho gutierrez\" src=\"\/tormentas-y-rayos\/wp-content\/uploads\/sites\/12\/2014\/09\/nacho-gutierrez.jpg\" alt=\"\" width=\"640\" height=\"480\" srcset=\"https:\/\/static-blogs.diariosur.es\/wp-content\/uploads\/sites\/12\/2014\/09\/nacho-gutierrez.jpg 640w, https:\/\/static-blogs.diariosur.es\/wp-content\/uploads\/sites\/12\/2014\/09\/nacho-gutierrez-533x400.jpg 533w\" sizes=\"(max-width: 640px) 100vw, 640px\" \/><\/a><\/p>\n<p>&nbsp;<\/p>\n<p><strong>Maricarmen Dominguez Trigo<\/strong><\/p>\n<p>&nbsp;<\/p>\n<p><a href=\"https:\/\/blogs.diariosur.es\/tormentas-y-rayos\/2014\/09\/17\/prevision-del-tiempo-andalucia-aviso-amarillo-por-tormentas-el-huracan-edouard-llego-a-categoria-3-fotos-huracan-y-candilazo\/10695373_4658448795446_1641013176_n\/\" rel=\"attachment wp-att-9510\"><img loading=\"lazy\" class=\"aligncenter size-full wp-image-9510\" title=\"10695373_4658448795446_1641013176_n\" src=\"\/tormentas-y-rayos\/wp-content\/uploads\/sites\/12\/2014\/09\/10695373_4658448795446_1641013176_n.jpg\" alt=\"\" width=\"640\" height=\"480\" srcset=\"https:\/\/static-blogs.diariosur.es\/wp-content\/uploads\/sites\/12\/2014\/09\/10695373_4658448795446_1641013176_n.jpg 640w, https:\/\/static-blogs.diariosur.es\/wp-content\/uploads\/sites\/12\/2014\/09\/10695373_4658448795446_1641013176_n-533x400.jpg 533w\" sizes=\"(max-width: 640px) 100vw, 640px\" \/><\/a><\/p>\n<p>&nbsp;<\/p>\n<p>&nbsp;<\/p>\n<p><strong>Aurora Pulido.<\/strong><\/p>\n<p><a href=\"https:\/\/blogs.diariosur.es\/tormentas-y-rayos\/2014\/09\/17\/prevision-del-tiempo-andalucia-aviso-amarillo-por-tormentas-el-huracan-edouard-llego-a-categoria-3-fotos-huracan-y-candilazo\/aurora-pulido-9\/\" rel=\"attachment wp-att-9514\"><img loading=\"lazy\" class=\"aligncenter size-full wp-image-9514\" title=\"aurora pulido\" src=\"\/tormentas-y-rayos\/wp-content\/uploads\/sites\/12\/2014\/09\/aurora-pulido.jpg\" alt=\"\" width=\"640\" height=\"480\" srcset=\"https:\/\/static-blogs.diariosur.es\/wp-content\/uploads\/sites\/12\/2014\/09\/aurora-pulido.jpg 640w, https:\/\/static-blogs.diariosur.es\/wp-content\/uploads\/sites\/12\/2014\/09\/aurora-pulido-533x400.jpg 533w\" sizes=\"(max-width: 640px) 100vw, 640px\" \/><\/a><\/p>\n","protected":false},"excerpt":{"rendered":"<p>&nbsp; &nbsp; &nbsp; &nbsp; Buenos dias amigos de la meteo. Son las seis de la ma\u00f1ana, registro 22 grados y los cielos est\u00e1n nubosos,\u00a0as\u00ed\u00a0que\u00a0har\u00e9\u00a0lo mismo que ayer, tirare con traje y corbata para la playa.\u00a0Ten\u00edais\u00a0que ver a los que pasean antes del\u00a0amanecer\u00a0cuando me ven vestido asi jijijij. Comentaros que solo cayo una gota y media [&hellip;]<\/p>\n","protected":false},"author":16,"featured_media":9517,"comment_status":"open","ping_status":"open","sticky":false,"template":"","format":"standard","meta":[],"categories":[2],"tags":[94,100,151,220,350,424,496,809,980,996],"_links":{"self":[{"href":"https:\/\/blogs.diariosur.es\/tormentas-y-rayos\/wp-json\/wp\/v2\/posts\/9500"}],"collection":[{"href":"https:\/\/blogs.diariosur.es\/tormentas-y-rayos\/wp-json\/wp\/v2\/posts"}],"about":[{"href":"https:\/\/blogs.diariosur.es\/tormentas-y-rayos\/wp-json\/wp\/v2\/types\/post"}],"author":[{"embeddable":true,"href":"https:\/\/blogs.diariosur.es\/tormentas-y-rayos\/wp-json\/wp\/v2\/users\/16"}],"replies":[{"embeddable":true,"href":"https:\/\/blogs.diariosur.es\/tormentas-y-rayos\/wp-json\/wp\/v2\/comments?post=9500"}],"version-history":[{"count":0,"href":"https:\/\/blogs.diariosur.es\/tormentas-y-rayos\/wp-json\/wp\/v2\/posts\/9500\/revisions"}],"wp:featuredmedia":[{"embeddable":true,"href":"https:\/\/blogs.diariosur.es\/tormentas-y-rayos\/wp-json\/wp\/v2\/media\/9517"}],"wp:attachment":[{"href":"https:\/\/blogs.diariosur.es\/tormentas-y-rayos\/wp-json\/wp\/v2\/media?parent=9500"}],"wp:term":[{"taxonomy":"category","embeddable":true,"href":"https:\/\/blogs.diariosur.es\/tormentas-y-rayos\/wp-json\/wp\/v2\/categories?post=9500"},{"taxonomy":"post_tag","embeddable":true,"href":"https:\/\/blogs.diariosur.es\/tormentas-y-rayos\/wp-json\/wp\/v2\/tags?post=9500"}],"curies":[{"name":"wp","href":"https:\/\/api.w.org\/{rel}","templated":true}]}}