{"id":9537,"date":"2014-09-19T07:11:54","date_gmt":"2014-09-19T05:11:54","guid":{"rendered":"http:\/\/blogs.diariosur.es\/tormentas-y-rayos\/?p=9537"},"modified":"2014-09-19T07:11:54","modified_gmt":"2014-09-19T05:11:54","slug":"prevision-del-tiempo-andalucia-nuevo-aviso-amarillo-por-tormentas-en-la-zona-occidental-andaluza-edouard-ya-es-tormenta-post-tropical","status":"publish","type":"post","link":"https:\/\/blogs.diariosur.es\/tormentas-y-rayos\/2014\/09\/19\/prevision-del-tiempo-andalucia-nuevo-aviso-amarillo-por-tormentas-en-la-zona-occidental-andaluza-edouard-ya-es-tormenta-post-tropical\/","title":{"rendered":"Previsi\u00f3n del tiempo Andaluc\u00eda. Nuevo aviso amarillo por tormentas en la zona occidental andaluza. Edouard ya es tormenta POST-TROPICAL."},"content":{"rendered":"<p><img loading=\"lazy\" class=\"aligncenter\" src=\"https:\/\/farm6.staticflickr.com\/5566\/14568830453_8e0522e3fc_q.jpg\" alt=\"\" width=\"150\" height=\"150\" \/><\/p>\n<p>&nbsp;<\/p>\n<p><strong>Buenos d\u00edas amigos de la meteo, son las seis de la ma\u00f1ana, registro 20 grados y los cielos est\u00e1n nubosos. En cuanto actualice el blog, tirare para la playa para cazar el candilazo.<\/strong><\/p>\n<p><strong>Impresionante la imagen del satelite Eumetsat<\/strong><\/p>\n<p><a href=\"https:\/\/blogs.diariosur.es\/tormentas-y-rayos\/2014\/09\/19\/prevision-del-tiempo-andalucia-nuevo-aviso-amarillo-por-tormentas-en-la-zona-occidental-andaluza-edouard-ya-es-tormenta-post-tropical\/captura-428\/\" rel=\"attachment wp-att-9549\"><img loading=\"lazy\" class=\"aligncenter size-medium wp-image-9549\" title=\"Captura\" src=\"\/tormentas-y-rayos\/wp-content\/uploads\/sites\/12\/2014\/09\/Captura24.jpg\" alt=\"\" width=\"574\" height=\"400\" srcset=\"https:\/\/static-blogs.diariosur.es\/wp-content\/uploads\/sites\/12\/2014\/09\/Captura24.jpg 753w, https:\/\/static-blogs.diariosur.es\/wp-content\/uploads\/sites\/12\/2014\/09\/Captura24-575x400.jpg 575w\" sizes=\"(max-width: 574px) 100vw, 574px\" \/><\/a><\/p>\n<p>&nbsp;<\/p>\n<p><strong>De nuevo las zona occidental andaluza entra en aviso amarillo por lluvias y tormentas.<\/strong><\/p>\n<p>&nbsp;<\/p>\n<p>&nbsp;<\/p>\n<p>&nbsp;<\/p>\n<p><a href=\"https:\/\/blogs.diariosur.es\/tormentas-y-rayos\/2014\/09\/19\/prevision-del-tiempo-andalucia-nuevo-aviso-amarillo-por-tormentas-en-la-zona-occidental-andaluza-edouard-ya-es-tormenta-post-tropical\/captura-427\/\" rel=\"attachment wp-att-9541\"><img loading=\"lazy\" class=\"aligncenter size-full wp-image-9541\" title=\"Captura\" src=\"\/tormentas-y-rayos\/wp-content\/uploads\/sites\/12\/2014\/09\/Captura23.jpg\" alt=\"\" width=\"538\" height=\"369\" \/><\/a><\/p>\n<p>&nbsp;<\/p>\n<p>&nbsp;<\/p>\n<p>&nbsp;<\/p>\n<p>&nbsp;<\/p>\n<p><strong>Nuestra amiga quiere dar los \u00faltimos coletazos, y vuelve a mandar una l\u00ednea de inestabilidad que afecta \u00a0en mayor medida a Huelva en estos momentos. Dentro de unas horas llegaran las lluvias a las\u00a0dem\u00e1s provincias que\u00a0est\u00e1n\u00a0en\u00a0aviso amarillo.\u00a0<\/strong><\/p>\n<p><strong>Os paso el radar fuente aemet.<\/strong><\/p>\n<p><a href=\"https:\/\/blogs.diariosur.es\/tormentas-y-rayos\/2014\/09\/19\/prevision-del-tiempo-andalucia-nuevo-aviso-amarillo-por-tormentas-en-la-zona-occidental-andaluza-edouard-ya-es-tormenta-post-tropical\/radar-32\/\" rel=\"attachment wp-att-9547\"><img loading=\"lazy\" class=\"aligncenter size-medium wp-image-9547\" title=\"radar\" src=\"\/tormentas-y-rayos\/wp-content\/uploads\/sites\/12\/2014\/09\/radar1.jpg\" alt=\"\" width=\"467\" height=\"400\" srcset=\"https:\/\/static-blogs.diariosur.es\/wp-content\/uploads\/sites\/12\/2014\/09\/radar1.jpg 675w, https:\/\/static-blogs.diariosur.es\/wp-content\/uploads\/sites\/12\/2014\/09\/radar1-468x400.jpg 468w\" sizes=\"(max-width: 467px) 100vw, 467px\" \/><\/a><\/p>\n<p><strong> Poco a poco \u00a0y como comentaba ayer, \u00a0la borrasca ira rellen\u00e1ndose y de estar ahora mismo a 997 mb pasara ma\u00f1ana s\u00e1bado a 1009.\u00a0<\/strong><\/p>\n<p><strong>Hoy de nuevo en M\u00e1laga llegaremos a los treinta grados, si se produce alg\u00fan chubasco seria en la zona mas occidental malague\u00f1a.\u00a0<\/strong><\/p>\n<p><strong>El\u00a0s\u00e1bado\u00a0ir\u00eda\u00a0bajando la probabilidad de lluvias en el tercio occidental, siendo los chubascos mas\u00a0espor\u00e1dicos.\u00a0A primera\u00a0hora de la ma\u00f1ana pueden caer gotas en la Costa de Granada y en la de M\u00e1laga.<\/strong><\/p>\n<p><strong> <span style=\"color: #ff0000;\">Durante el\u00a0s\u00e1bado\u00a0los restos de la borrasca o mejor dicho el aire fr\u00edo en altura que tiene se\u00a0acercar\u00eda\u00a0a la zona del Cabo de San Vicente, esto puede traer consigo que se formen tormentas en la provincia malague\u00f1a, asi como que se den chubascos en la Capital. El viento\u00a0rolar\u00eda\u00a0a sur sureste. Pero esto lo veremos mejor ma\u00f1ana cuando de nuevo actualice el blog.\u00a0<\/span><\/strong><\/p>\n<p><strong>Como os comento en el titulo del post, Eduardo ya ha pasado a ser tormenta postropical. Dejara lluvias y vientos fuertes en las Azores, para mas tarde\u00a0reintegrarse\u00a0a la\u00a0circulaci\u00f3n\u00a0general como borrasca.<\/strong><\/p>\n<p>&nbsp;<\/p>\n<p><a href=\"https:\/\/blogs.diariosur.es\/tormentas-y-rayos\/2014\/09\/19\/prevision-del-tiempo-andalucia-nuevo-aviso-amarillo-por-tormentas-en-la-zona-occidental-andaluza-edouard-ya-es-tormenta-post-tropical\/eduardo-2\/\" rel=\"attachment wp-att-9548\"><img loading=\"lazy\" class=\"aligncenter size-medium wp-image-9548\" title=\"eduardo\" src=\"\/tormentas-y-rayos\/wp-content\/uploads\/sites\/12\/2014\/09\/eduardo1.jpg\" alt=\"\" width=\"567\" height=\"400\" srcset=\"https:\/\/static-blogs.diariosur.es\/wp-content\/uploads\/sites\/12\/2014\/09\/eduardo1.jpg 743w, https:\/\/static-blogs.diariosur.es\/wp-content\/uploads\/sites\/12\/2014\/09\/eduardo1-567x400.jpg 567w\" sizes=\"(max-width: 567px) 100vw, 567px\" \/><\/a><\/p>\n<p>&nbsp;<\/p>\n<p><strong>Os hago un peque\u00f1o resumen de ayer jueves en M\u00e1laga.<\/strong><\/p>\n<p><strong>Lo mas destacado de ayer \u00a0fue de nuevo la maxima que registro la capital malague\u00f1a con 30 grados, y a ultima hora una peque\u00f1a tormenta que se formo en el\u00a0interior\u00a0de la provincia sobre las siete de la tarde.<\/strong><\/p>\n<p>&nbsp;<\/p>\n<p><a href=\"https:\/\/blogs.diariosur.es\/tormentas-y-rayos\/2014\/09\/19\/prevision-del-tiempo-andalucia-nuevo-aviso-amarillo-por-tormentas-en-la-zona-occidental-andaluza-edouard-ya-es-tormenta-post-tropical\/zz-9\/\" rel=\"attachment wp-att-9542\"><img loading=\"lazy\" class=\"aligncenter size-full wp-image-9542\" title=\"zz\" src=\"\/tormentas-y-rayos\/wp-content\/uploads\/sites\/12\/2014\/09\/zz3.jpg\" alt=\"\" width=\"489\" height=\"193\" \/><\/a><\/p>\n<p>&nbsp;<\/p>\n<p><a href=\"https:\/\/blogs.diariosur.es\/tormentas-y-rayos\/2014\/09\/19\/prevision-del-tiempo-andalucia-nuevo-aviso-amarillo-por-tormentas-en-la-zona-occidental-andaluza-edouard-ya-es-tormenta-post-tropical\/1-79\/\" rel=\"attachment wp-att-9543\"><img loading=\"lazy\" class=\"aligncenter size-full wp-image-9543\" title=\"1\" src=\"\/tormentas-y-rayos\/wp-content\/uploads\/sites\/12\/2014\/09\/19.jpg\" alt=\"\" width=\"578\" height=\"530\" srcset=\"https:\/\/static-blogs.diariosur.es\/wp-content\/uploads\/sites\/12\/2014\/09\/19.jpg 578w, https:\/\/static-blogs.diariosur.es\/wp-content\/uploads\/sites\/12\/2014\/09\/19-436x400.jpg 436w\" sizes=\"(max-width: 578px) 100vw, 578px\" \/><\/a><a href=\"https:\/\/blogs.diariosur.es\/tormentas-y-rayos\/2014\/09\/19\/prevision-del-tiempo-andalucia-nuevo-aviso-amarillo-por-tormentas-en-la-zona-occidental-andaluza-edouard-ya-es-tormenta-post-tropical\/201409181730_r8ml\/\" rel=\"attachment wp-att-9544\"><img loading=\"lazy\" class=\"aligncenter size-full wp-image-9544\" title=\"201409181730_r8ml\" src=\"\/tormentas-y-rayos\/wp-content\/uploads\/sites\/12\/2014\/09\/201409181730_r8ml.gif\" alt=\"\" width=\"480\" height=\"530\" \/><\/a><\/p>\n<p>&nbsp;<\/p>\n<p><strong>En el post de ayer ya os puse unas cuantas fotos del candilazo que tuvimos. Os pongo una nueva.<\/strong><\/p>\n<p><a href=\"https:\/\/blogs.diariosur.es\/tormentas-y-rayos\/2014\/09\/19\/prevision-del-tiempo-andalucia-nuevo-aviso-amarillo-por-tormentas-en-la-zona-occidental-andaluza-edouard-ya-es-tormenta-post-tropical\/005-9\/\" rel=\"attachment wp-att-9545\"><img loading=\"lazy\" class=\"aligncenter size-full wp-image-9545\" title=\"005\" src=\"\/tormentas-y-rayos\/wp-content\/uploads\/sites\/12\/2014\/09\/005.jpg\" alt=\"\" width=\"640\" height=\"337\" \/><\/a><\/p>\n<p>&nbsp;<\/p>\n<p><strong>Como libraba aproveche y tire para el Espig\u00f3n de la\u00a0T\u00e9rmica, hacia tiempo que no fotografiaba por esa zona. El mar estaba calmado y un halo solar era el protagonista.<\/strong><\/p>\n<p>&nbsp;<\/p>\n<p><a href=\"https:\/\/blogs.diariosur.es\/tormentas-y-rayos\/2014\/09\/19\/prevision-del-tiempo-andalucia-nuevo-aviso-amarillo-por-tormentas-en-la-zona-occidental-andaluza-edouard-ya-es-tormenta-post-tropical\/027-4\/\" rel=\"attachment wp-att-9538\"><img loading=\"lazy\" class=\"aligncenter size-full wp-image-9538\" title=\"027\" src=\"\/tormentas-y-rayos\/wp-content\/uploads\/sites\/12\/2014\/09\/027.jpg\" alt=\"\" width=\"640\" height=\"427\" srcset=\"https:\/\/static-blogs.diariosur.es\/wp-content\/uploads\/sites\/12\/2014\/09\/027.jpg 640w, https:\/\/static-blogs.diariosur.es\/wp-content\/uploads\/sites\/12\/2014\/09\/027-600x400.jpg 600w\" sizes=\"(max-width: 640px) 100vw, 640px\" \/><\/a><\/p>\n<p>&nbsp;<\/p>\n<p>&nbsp;<\/p>\n<p>&nbsp;<\/p>\n<p>&nbsp;<\/p>\n<p>&nbsp;<\/p>\n<p><a href=\"https:\/\/blogs.diariosur.es\/tormentas-y-rayos\/2014\/09\/19\/prevision-del-tiempo-andalucia-nuevo-aviso-amarillo-por-tormentas-en-la-zona-occidental-andaluza-edouard-ya-es-tormenta-post-tropical\/attachment\/028\/\" rel=\"attachment wp-att-9540\"><img loading=\"lazy\" class=\"aligncenter size-full wp-image-9540\" title=\"028\" src=\"\/tormentas-y-rayos\/wp-content\/uploads\/sites\/12\/2014\/09\/028.jpg\" alt=\"\" width=\"640\" height=\"427\" srcset=\"https:\/\/static-blogs.diariosur.es\/wp-content\/uploads\/sites\/12\/2014\/09\/028.jpg 640w, https:\/\/static-blogs.diariosur.es\/wp-content\/uploads\/sites\/12\/2014\/09\/028-600x400.jpg 600w\" sizes=\"(max-width: 640px) 100vw, 640px\" \/><\/a><\/p>\n<p>&nbsp;<\/p>\n<p>&nbsp;<\/p>\n<p><a href=\"https:\/\/blogs.diariosur.es\/tormentas-y-rayos\/2014\/09\/19\/prevision-del-tiempo-andalucia-nuevo-aviso-amarillo-por-tormentas-en-la-zona-occidental-andaluza-edouard-ya-es-tormenta-post-tropical\/029-3\/\" rel=\"attachment wp-att-9546\"><img loading=\"lazy\" class=\"aligncenter size-full wp-image-9546\" title=\"029\" src=\"\/tormentas-y-rayos\/wp-content\/uploads\/sites\/12\/2014\/09\/029.jpg\" alt=\"\" width=\"640\" height=\"427\" srcset=\"https:\/\/static-blogs.diariosur.es\/wp-content\/uploads\/sites\/12\/2014\/09\/029.jpg 640w, https:\/\/static-blogs.diariosur.es\/wp-content\/uploads\/sites\/12\/2014\/09\/029-600x400.jpg 600w\" sizes=\"(max-width: 640px) 100vw, 640px\" \/><\/a><\/p>\n<p>&nbsp;<\/p>\n<p>&nbsp;<\/p>\n<p>&nbsp;<\/p>\n<p><strong>Poco mas que contar sobre el dia de ayer. Os dejo que en un rato tiro para el curro. Ma\u00f1ana con mas seguridad\u00a0dar\u00e9\u00a0la\u00a0previsi\u00f3n\u00a0para el domingo. Ma\u00f1ana el post ira acompa\u00f1ado con unas impresionantes fotos de mi amigo Jose A. Gallego.<\/strong><\/p>\n","protected":false},"excerpt":{"rendered":"<p>&nbsp; Buenos d\u00edas amigos de la meteo, son las seis de la ma\u00f1ana, registro 20 grados y los cielos est\u00e1n nubosos. En cuanto actualice el blog, tirare para la playa para cazar el candilazo. Impresionante la imagen del satelite Eumetsat &nbsp; De nuevo las zona occidental andaluza entra en aviso amarillo por lluvias y tormentas. [&hellip;]<\/p>\n","protected":false},"author":16,"featured_media":9541,"comment_status":"open","ping_status":"open","sticky":false,"template":"","format":"standard","meta":[],"categories":[2],"tags":[63,91,100,151,350,795,809,980,992,996],"_links":{"self":[{"href":"https:\/\/blogs.diariosur.es\/tormentas-y-rayos\/wp-json\/wp\/v2\/posts\/9537"}],"collection":[{"href":"https:\/\/blogs.diariosur.es\/tormentas-y-rayos\/wp-json\/wp\/v2\/posts"}],"about":[{"href":"https:\/\/blogs.diariosur.es\/tormentas-y-rayos\/wp-json\/wp\/v2\/types\/post"}],"author":[{"embeddable":true,"href":"https:\/\/blogs.diariosur.es\/tormentas-y-rayos\/wp-json\/wp\/v2\/users\/16"}],"replies":[{"embeddable":true,"href":"https:\/\/blogs.diariosur.es\/tormentas-y-rayos\/wp-json\/wp\/v2\/comments?post=9537"}],"version-history":[{"count":0,"href":"https:\/\/blogs.diariosur.es\/tormentas-y-rayos\/wp-json\/wp\/v2\/posts\/9537\/revisions"}],"wp:featuredmedia":[{"embeddable":true,"href":"https:\/\/blogs.diariosur.es\/tormentas-y-rayos\/wp-json\/wp\/v2\/media\/9541"}],"wp:attachment":[{"href":"https:\/\/blogs.diariosur.es\/tormentas-y-rayos\/wp-json\/wp\/v2\/media?parent=9537"}],"wp:term":[{"taxonomy":"category","embeddable":true,"href":"https:\/\/blogs.diariosur.es\/tormentas-y-rayos\/wp-json\/wp\/v2\/categories?post=9537"},{"taxonomy":"post_tag","embeddable":true,"href":"https:\/\/blogs.diariosur.es\/tormentas-y-rayos\/wp-json\/wp\/v2\/tags?post=9537"}],"curies":[{"name":"wp","href":"https:\/\/api.w.org\/{rel}","templated":true}]}}