{"id":9551,"date":"2014-09-20T07:12:33","date_gmt":"2014-09-20T05:12:33","guid":{"rendered":"http:\/\/blogs.diariosur.es\/tormentas-y-rayos\/?p=9551"},"modified":"2014-09-20T07:12:33","modified_gmt":"2014-09-20T05:12:33","slug":"prevision-del-tiempo-los-chubascos-tormentosos-protagonistas-en-andalucia-el-domingo-impresionante-supercelula-fotos-cazada-por-jose-a-gallego-y-jose-a-quirantes-en-aragon","status":"publish","type":"post","link":"https:\/\/blogs.diariosur.es\/tormentas-y-rayos\/2014\/09\/20\/prevision-del-tiempo-los-chubascos-tormentosos-protagonistas-en-andalucia-el-domingo-impresionante-supercelula-fotos-cazada-por-jose-a-gallego-y-jose-a-quirantes-en-aragon\/","title":{"rendered":"Previsi\u00f3n del tiempo. Los chubascos tormentosos protagonistas en Andaluc\u00eda el domingo. Impresionante superc\u00e9lula (fotos) cazada por Jose A Gallego y Jose A Quirantes en Arag\u00f3n."},"content":{"rendered":"<p><img loading=\"lazy\" class=\"aligncenter\" src=\"https:\/\/farm3.staticflickr.com\/2898\/14371881571_bbae3518b1_q.jpg\" alt=\"\" width=\"150\" height=\"150\" \/><\/p>\n<p>&nbsp;<\/p>\n<p>&nbsp;<\/p>\n<p>&nbsp;<\/p>\n<p>&nbsp;<\/p>\n<p><strong>Buenos dias amigos de la meteo. Son las seis de la ma\u00f1ana, registro 21 grados y los cielos est\u00e1n \u00a0nubosos. Seguro que de nuevo tendremos candilazo<\/strong><\/p>\n<p>&nbsp;<\/p>\n<p><strong>Ayer me entere que nuestra querida borrasca tiene nombre, po si amigos se llama Elisabeth. Que pena que no se hubiera hecho pareja de hecho con Ex Eduardo jijijij.<\/strong><\/p>\n<p><strong><a href=\"https:\/\/blogs.diariosur.es\/tormentas-y-rayos\/2014\/09\/20\/prevision-del-tiempo-los-chubascos-tormentosos-protagonistas-en-andalucia-el-domingo-impresionante-supercelula-fotos-cazada-por-jose-a-gallego-y-jose-a-quirantes-en-aragon\/captura-430\/\" rel=\"attachment wp-att-9565\"><img loading=\"lazy\" class=\"aligncenter size-medium wp-image-9565\" title=\"Captura\" src=\"\/tormentas-y-rayos\/wp-content\/uploads\/sites\/12\/2014\/09\/Captura26.jpg\" alt=\"\" width=\"525\" height=\"400\" srcset=\"https:\/\/static-blogs.diariosur.es\/wp-content\/uploads\/sites\/12\/2014\/09\/Captura26.jpg 1136w, https:\/\/static-blogs.diariosur.es\/wp-content\/uploads\/sites\/12\/2014\/09\/Captura26-525x400.jpg 525w, https:\/\/static-blogs.diariosur.es\/wp-content\/uploads\/sites\/12\/2014\/09\/Captura26-768x585.jpg 768w\" sizes=\"(max-width: 525px) 100vw, 525px\" \/><\/a>\u00a0<\/strong><\/p>\n<p>&nbsp;<\/p>\n<p><strong>Pues Elisabeth como os comentaba ayer se ira rellenando, si ahora mismo su presi\u00f3n es de 1004 mb, ma\u00f1ana domingo sera de 1010. Es decir pierde reflejo en altura. A ultima hora de esta noche se acercara al Cabo de San Vicente y durante el domingo parece ser que \u00a0cruzar\u00eda\u00a0la\u00a0pen\u00ednsula. En estos momentos los modelos no se ponen muy de acuerdo por donde\u00a0pasar\u00eda\u00a0ese aire\u00a0fr\u00edo\u00a0en altura que lleva. Incluso puede variar la posici\u00f3n de Elizabeth y estar mas cercana al Golfo de C\u00e1diz. <\/strong><\/p>\n<p><strong>Os paso un mapa a 500 hpa ( 5500 m) Fuente Aemet ,Hirlam<\/strong><\/p>\n<p>&nbsp;<\/p>\n<p><a href=\"https:\/\/blogs.diariosur.es\/tormentas-y-rayos\/2014\/09\/20\/prevision-del-tiempo-los-chubascos-tormentosos-protagonistas-en-andalucia-el-domingo-impresionante-supercelula-fotos-cazada-por-jose-a-gallego-y-jose-a-quirantes-en-aragon\/nivel-2\/\" rel=\"attachment wp-att-9566\"><img loading=\"lazy\" class=\"aligncenter size-medium wp-image-9566\" title=\"nivel\" src=\"\/tormentas-y-rayos\/wp-content\/uploads\/sites\/12\/2014\/09\/nivel.jpg\" alt=\"\" width=\"511\" height=\"400\" srcset=\"https:\/\/static-blogs.diariosur.es\/wp-content\/uploads\/sites\/12\/2014\/09\/nivel.jpg 741w, https:\/\/static-blogs.diariosur.es\/wp-content\/uploads\/sites\/12\/2014\/09\/nivel-511x400.jpg 511w\" sizes=\"(max-width: 511px) 100vw, 511px\" \/><\/a><\/p>\n<p>&nbsp;<\/p>\n<p><strong>Estas situaciones son muy\u00a0dif\u00edciles\u00a0de modelizar, espero que entre \u00a0el levante en la Costa Malague\u00f1a y que ma\u00f1ana por lo menos nos caigan unos litrillos. \u00a0Ma\u00f1ana\u00a0dar\u00e9\u00a0la ultima hora y de nuevo actualizare el blog.\u00a0<\/strong><\/p>\n<p>&nbsp;<\/p>\n<p><span style=\"color: #ff0000;\"><strong>Os hago un peque\u00f1o resumen de ayer viernes.<\/strong><\/span><\/p>\n<p><span style=\"color: #ff0000;\"><strong>De nuevo y como viene siendo habitual desde hace unos dias y gracias a nuestra querida borrasca Elizabeth , estamos teniendo unos bonitos candilazos. Os paso un par de fotos de ayer.<\/strong><\/span><\/p>\n<p><span style=\"color: #ff0000;\"><img loading=\"lazy\" class=\"aligncenter\" src=\"https:\/\/farm4.staticflickr.com\/3924\/15102104008_60471b144a_z.jpg\" alt=\"\" width=\"640\" height=\"427\" \/><\/span><\/p>\n<p>&nbsp;<\/p>\n<p><span style=\"color: #ff0000;\"><img loading=\"lazy\" class=\"aligncenter\" src=\"https:\/\/farm6.staticflickr.com\/5567\/15101909679_38775310c7_z.jpg\" alt=\"\" width=\"640\" height=\"380\" \/><\/span><\/p>\n<p>&nbsp;<\/p>\n<p><span style=\"color: #ff0000;\"><strong>La maxima se dio en el Aeropuerto con 28 grados, yo pensaba que\u00a0llegar\u00edamos\u00a0a los 30. Solo cayeron algunas gotas en la zona mas occidental de nuestra provincia, muy poca cosa. Donde si\u00a0llovi\u00f3\u00a0mas fue en Huelva, en algunos puntos superaron los 20 litros. Las demas provincias occidentales andaluzas tambien registraron chaparrones que iban acompa\u00f1ados de tormentas.<\/strong><\/span><\/p>\n<p><span style=\"color: #ff0000;\"><strong>Las nubes en M\u00e1laga pasaban de largo como\u00a0pod\u00e9is\u00a0ver en esta bonita foto que nos manda Paqui Carnero.<\/strong><\/span><\/p>\n<p><span style=\"color: #ff0000;\"><a href=\"https:\/\/blogs.diariosur.es\/tormentas-y-rayos\/2014\/09\/20\/prevision-del-tiempo-los-chubascos-tormentosos-protagonistas-en-andalucia-el-domingo-impresionante-supercelula-fotos-cazada-por-jose-a-gallego-y-jose-a-quirantes-en-aragon\/10685345_10202723669243810_8752622641784298715_n\/\" rel=\"attachment wp-att-9552\"><span style=\"color: #ff0000;\"><img loading=\"lazy\" class=\"aligncenter size-full wp-image-9552\" title=\"10685345_10202723669243810_8752622641784298715_n\" src=\"\/tormentas-y-rayos\/wp-content\/uploads\/sites\/12\/2014\/09\/10685345_10202723669243810_8752622641784298715_n.jpg\" alt=\"\" width=\"640\" height=\"454\" srcset=\"https:\/\/static-blogs.diariosur.es\/wp-content\/uploads\/sites\/12\/2014\/09\/10685345_10202723669243810_8752622641784298715_n.jpg 640w, https:\/\/static-blogs.diariosur.es\/wp-content\/uploads\/sites\/12\/2014\/09\/10685345_10202723669243810_8752622641784298715_n-564x400.jpg 564w\" sizes=\"(max-width: 640px) 100vw, 640px\" \/><\/span><\/a><\/span><\/p>\n<p>&nbsp;<\/p>\n<p><span style=\"color: #ff0000;\"><strong>Por la tarde los\u00a0cirros y altocumulos\u00a0\u00a0eran los protagonistas en los cielos malague\u00f1os.<\/strong><\/span><\/p>\n<p><span style=\"color: #ff0000;\"><a href=\"https:\/\/blogs.diariosur.es\/tormentas-y-rayos\/2014\/09\/20\/prevision-del-tiempo-los-chubascos-tormentosos-protagonistas-en-andalucia-el-domingo-impresionante-supercelula-fotos-cazada-por-jose-a-gallego-y-jose-a-quirantes-en-aragon\/011-7\/\" rel=\"attachment wp-att-9553\"><span style=\"color: #ff0000;\"><img loading=\"lazy\" class=\"aligncenter size-full wp-image-9553\" title=\"011\" src=\"\/tormentas-y-rayos\/wp-content\/uploads\/sites\/12\/2014\/09\/011.jpg\" alt=\"\" width=\"640\" height=\"427\" srcset=\"https:\/\/static-blogs.diariosur.es\/wp-content\/uploads\/sites\/12\/2014\/09\/011.jpg 640w, https:\/\/static-blogs.diariosur.es\/wp-content\/uploads\/sites\/12\/2014\/09\/011-600x400.jpg 600w\" sizes=\"(max-width: 640px) 100vw, 640px\" \/><\/span><\/a><\/span><\/p>\n<p>&nbsp;<\/p>\n<p><span style=\"color: #ff0000;\"><a href=\"https:\/\/blogs.diariosur.es\/tormentas-y-rayos\/2014\/09\/20\/prevision-del-tiempo-los-chubascos-tormentosos-protagonistas-en-andalucia-el-domingo-impresionante-supercelula-fotos-cazada-por-jose-a-gallego-y-jose-a-quirantes-en-aragon\/10682451_10203590126852709_3651715992028100488_o\/\" rel=\"attachment wp-att-9557\"><span style=\"color: #ff0000;\"><img loading=\"lazy\" class=\"aligncenter size-full wp-image-9557\" title=\"10682451_10203590126852709_3651715992028100488_o\" src=\"\/tormentas-y-rayos\/wp-content\/uploads\/sites\/12\/2014\/09\/10682451_10203590126852709_3651715992028100488_o.jpg\" alt=\"\" width=\"640\" height=\"360\" \/><\/span><\/a><\/span><\/p>\n<p>&nbsp;<\/p>\n<p>&nbsp;<\/p>\n<p>&nbsp;<\/p>\n<p>&nbsp;<\/p>\n<p><span style=\"color: #ff0000;\"><strong>Y como colof\u00f3n amigos de la meteo, se produjo un bonito candilazo \u00a0cuando se puso el sol, que yo\u00a0fotografi\u00e9\u00a0desde la terraza. Una pena no haber estado en la zona del Rinc\u00f3n de la Victoria.<\/strong><\/span><\/p>\n<p>&nbsp;<\/p>\n<p><span style=\"color: #ff0000;\"><a href=\"https:\/\/blogs.diariosur.es\/tormentas-y-rayos\/2014\/09\/20\/prevision-del-tiempo-los-chubascos-tormentosos-protagonistas-en-andalucia-el-domingo-impresionante-supercelula-fotos-cazada-por-jose-a-gallego-y-jose-a-quirantes-en-aragon\/013-5\/\" rel=\"attachment wp-att-9558\"><span style=\"color: #ff0000;\"><img loading=\"lazy\" class=\"aligncenter size-full wp-image-9558\" title=\"013\" src=\"\/tormentas-y-rayos\/wp-content\/uploads\/sites\/12\/2014\/09\/013.jpg\" alt=\"\" width=\"640\" height=\"427\" srcset=\"https:\/\/static-blogs.diariosur.es\/wp-content\/uploads\/sites\/12\/2014\/09\/013.jpg 640w, https:\/\/static-blogs.diariosur.es\/wp-content\/uploads\/sites\/12\/2014\/09\/013-600x400.jpg 600w\" sizes=\"(max-width: 640px) 100vw, 640px\" \/><\/span><\/a><\/span><\/p>\n<p>&nbsp;<\/p>\n<p><strong>Mi amiga Silvia Mena lo cazo desde el Puerto de la Torre. Preciosa foto.<\/strong><\/p>\n<p><a href=\"https:\/\/blogs.diariosur.es\/tormentas-y-rayos\/2014\/09\/20\/prevision-del-tiempo-los-chubascos-tormentosos-protagonistas-en-andalucia-el-domingo-impresionante-supercelula-fotos-cazada-por-jose-a-gallego-y-jose-a-quirantes-en-aragon\/silvia-mena-3\/\" rel=\"attachment wp-att-9567\"><img loading=\"lazy\" class=\"aligncenter size-full wp-image-9567\" title=\"silvia mena\" src=\"\/tormentas-y-rayos\/wp-content\/uploads\/sites\/12\/2014\/09\/silvia-mena.jpg\" alt=\"\" width=\"640\" height=\"360\" \/><\/a><\/p>\n<p><span><strong><span style=\"color: #ff00ff;\">NO HACE FALTA IRSE A EEUU PARA FOTOGRAFIAR SUPERC\u00c9LULAS, LAS TENEMOS\u00a0AQU\u00cd\u00a0JIJIJI.<\/span><\/strong><\/span><\/p>\n<p><span style=\"color: #ff0000;\"><strong>Pues ya ha llegado el momento de que\u00a0ve\u00e1is\u00a0estas impresionantes fotos de supercelulas de mis amigos Jose A Gallego, que en\u00a0compa\u00f1\u00eda\u00a0de Jose A Quirantes \u00a0disfrutaron de lo lindo el pasado 7 de septiembre en Arag\u00f3n.<\/strong><\/span><\/p>\n<p>&nbsp;<\/p>\n<p><span style=\"color: #ff0000;\"><a href=\"https:\/\/blogs.diariosur.es\/tormentas-y-rayos\/2014\/09\/20\/prevision-del-tiempo-los-chubascos-tormentosos-protagonistas-en-andalucia-el-domingo-impresionante-supercelula-fotos-cazada-por-jose-a-gallego-y-jose-a-quirantes-en-aragon\/jose-quirantesmmm\/\" rel=\"attachment wp-att-9563\"><span style=\"color: #ff0000;\"><img loading=\"lazy\" class=\"aligncenter size-full wp-image-9563\" title=\"JOSE QUIRANTESMMM\" src=\"\/tormentas-y-rayos\/wp-content\/uploads\/sites\/12\/2014\/09\/JOSE-QUIRANTESMMM.jpg\" alt=\"\" width=\"640\" height=\"426\" srcset=\"https:\/\/static-blogs.diariosur.es\/wp-content\/uploads\/sites\/12\/2014\/09\/JOSE-QUIRANTESMMM.jpg 640w, https:\/\/static-blogs.diariosur.es\/wp-content\/uploads\/sites\/12\/2014\/09\/JOSE-QUIRANTESMMM-601x400.jpg 601w\" sizes=\"(max-width: 640px) 100vw, 640px\" \/><\/span><\/a><\/span><\/p>\n<p>&nbsp;<\/p>\n<p>&nbsp;<\/p>\n<p>&nbsp;<\/p>\n<p>&nbsp;<\/p>\n<p><span style=\"color: #ff0000;\"><strong>Como la gran mayor\u00eda sab\u00e9is, \u00a0los dos son los autores del mejor Atlas de Nubes y Meteoros que hay en el mundo mundial jijiji. Yo tengo el libro y es una pasada.<\/strong><\/span><\/p>\n<p>&nbsp;<\/p>\n<p><span style=\"color: #ff0000;\"><strong>Os paso tres fotos de Jose A Gallego y Jose Quirantes, \u00a0y a continuaci\u00f3n el enlace a los reportajes que los dos han subido a un foro \u00a0de\u00a0meteorolog\u00eda. En los posts que han abierto \u00a0explican magistralmente lo sucedido.<\/strong><\/span><\/p>\n<p>&nbsp;<\/p>\n<p><span style=\"color: #ff0000;\"><strong>FOTOS JOSE A GALLEGO<\/strong><\/span><\/p>\n<p>&nbsp;<\/p>\n<p>&nbsp;<\/p>\n<p><span style=\"color: #ff0000;\"><a href=\"https:\/\/blogs.diariosur.es\/tormentas-y-rayos\/2014\/09\/20\/prevision-del-tiempo-los-chubascos-tormentosos-protagonistas-en-andalucia-el-domingo-impresionante-supercelula-fotos-cazada-por-jose-a-gallego-y-jose-a-quirantes-en-aragon\/_mg_1774_nus6\/\" rel=\"attachment wp-att-9554\"><span style=\"color: #ff0000;\"><img loading=\"lazy\" class=\"aligncenter size-full wp-image-9554\" title=\"_MG_1774_nus6\" src=\"\/tormentas-y-rayos\/wp-content\/uploads\/sites\/12\/2014\/09\/MG_1774_nus6.jpg\" alt=\"\" width=\"640\" height=\"426\" srcset=\"https:\/\/static-blogs.diariosur.es\/wp-content\/uploads\/sites\/12\/2014\/09\/MG_1774_nus6.jpg 640w, https:\/\/static-blogs.diariosur.es\/wp-content\/uploads\/sites\/12\/2014\/09\/MG_1774_nus6-601x400.jpg 601w\" sizes=\"(max-width: 640px) 100vw, 640px\" \/><\/span><\/a><\/span><\/p>\n<p>&nbsp;<\/p>\n<p><span style=\"color: #ff0000;\"><a href=\"https:\/\/blogs.diariosur.es\/tormentas-y-rayos\/2014\/09\/20\/prevision-del-tiempo-los-chubascos-tormentosos-protagonistas-en-andalucia-el-domingo-impresionante-supercelula-fotos-cazada-por-jose-a-gallego-y-jose-a-quirantes-en-aragon\/_mg_2035_fxl1\/\" rel=\"attachment wp-att-9555\"><span style=\"color: #ff0000;\"><img loading=\"lazy\" class=\"aligncenter size-full wp-image-9555\" title=\"_MG_2035_fxl1\" src=\"\/tormentas-y-rayos\/wp-content\/uploads\/sites\/12\/2014\/09\/MG_2035_fxl1.jpg\" alt=\"\" width=\"640\" height=\"426\" srcset=\"https:\/\/static-blogs.diariosur.es\/wp-content\/uploads\/sites\/12\/2014\/09\/MG_2035_fxl1.jpg 640w, https:\/\/static-blogs.diariosur.es\/wp-content\/uploads\/sites\/12\/2014\/09\/MG_2035_fxl1-601x400.jpg 601w\" sizes=\"(max-width: 640px) 100vw, 640px\" \/><\/span><\/a><\/span><\/p>\n<p>&nbsp;<\/p>\n<p><span style=\"color: #ff0000;\"><a href=\"https:\/\/blogs.diariosur.es\/tormentas-y-rayos\/2014\/09\/20\/prevision-del-tiempo-los-chubascos-tormentosos-protagonistas-en-andalucia-el-domingo-impresionante-supercelula-fotos-cazada-por-jose-a-gallego-y-jose-a-quirantes-en-aragon\/_mg_2096_wpp3\/\" rel=\"attachment wp-att-9556\"><span style=\"color: #ff0000;\"><img loading=\"lazy\" class=\"aligncenter size-full wp-image-9556\" title=\"_MG_2096_wpp3\" src=\"\/tormentas-y-rayos\/wp-content\/uploads\/sites\/12\/2014\/09\/MG_2096_wpp3.jpg\" alt=\"\" width=\"640\" height=\"426\" srcset=\"https:\/\/static-blogs.diariosur.es\/wp-content\/uploads\/sites\/12\/2014\/09\/MG_2096_wpp3.jpg 640w, https:\/\/static-blogs.diariosur.es\/wp-content\/uploads\/sites\/12\/2014\/09\/MG_2096_wpp3-601x400.jpg 601w\" sizes=\"(max-width: 640px) 100vw, 640px\" \/><\/span><\/a><\/span><\/p>\n<p>&nbsp;<\/p>\n<p>&nbsp;<\/p>\n<p><span style=\"color: #ff0000;\"><strong>FOTOS JOSE \u00a0QUIRANTES<\/strong><\/span><\/p>\n<p>&nbsp;<\/p>\n<p><span style=\"color: #ff0000;\"><a href=\"https:\/\/blogs.diariosur.es\/tormentas-y-rayos\/2014\/09\/20\/prevision-del-tiempo-los-chubascos-tormentosos-protagonistas-en-andalucia-el-domingo-impresionante-supercelula-fotos-cazada-por-jose-a-gallego-y-jose-a-quirantes-en-aragon\/jose-quirantes\/\" rel=\"attachment wp-att-9559\"><span style=\"color: #ff0000;\"><img loading=\"lazy\" class=\"aligncenter size-full wp-image-9559\" title=\"JOSE QUIRANTES\" src=\"\/tormentas-y-rayos\/wp-content\/uploads\/sites\/12\/2014\/09\/JOSE-QUIRANTES.jpg\" alt=\"\" width=\"640\" height=\"426\" srcset=\"https:\/\/static-blogs.diariosur.es\/wp-content\/uploads\/sites\/12\/2014\/09\/JOSE-QUIRANTES.jpg 640w, https:\/\/static-blogs.diariosur.es\/wp-content\/uploads\/sites\/12\/2014\/09\/JOSE-QUIRANTES-601x400.jpg 601w\" sizes=\"(max-width: 640px) 100vw, 640px\" \/><\/span><\/a><\/span><\/p>\n<p>&nbsp;<\/p>\n<p><span style=\"color: #ff0000;\"><a href=\"https:\/\/blogs.diariosur.es\/tormentas-y-rayos\/2014\/09\/20\/prevision-del-tiempo-los-chubascos-tormentosos-protagonistas-en-andalucia-el-domingo-impresionante-supercelula-fotos-cazada-por-jose-a-gallego-y-jose-a-quirantes-en-aragon\/jose-quirantesmmmmmm\/\" rel=\"attachment wp-att-9560\"><span style=\"color: #ff0000;\"><img loading=\"lazy\" class=\"aligncenter size-full wp-image-9560\" title=\"JOSE QUIRANTESMMMMMM\" src=\"\/tormentas-y-rayos\/wp-content\/uploads\/sites\/12\/2014\/09\/JOSE-QUIRANTESMMMMMM.jpg\" alt=\"\" width=\"640\" height=\"426\" srcset=\"https:\/\/static-blogs.diariosur.es\/wp-content\/uploads\/sites\/12\/2014\/09\/JOSE-QUIRANTESMMMMMM.jpg 640w, https:\/\/static-blogs.diariosur.es\/wp-content\/uploads\/sites\/12\/2014\/09\/JOSE-QUIRANTESMMMMMM-601x400.jpg 601w\" sizes=\"(max-width: 640px) 100vw, 640px\" \/><\/span><\/a><\/span><\/p>\n<p>&nbsp;<\/p>\n<p><span style=\"color: #ff0000;\"><a href=\"https:\/\/blogs.diariosur.es\/tormentas-y-rayos\/2014\/09\/20\/prevision-del-tiempo-los-chubascos-tormentosos-protagonistas-en-andalucia-el-domingo-impresionante-supercelula-fotos-cazada-por-jose-a-gallego-y-jose-a-quirantes-en-aragon\/jose-quiran\/\" rel=\"attachment wp-att-9562\"><span style=\"color: #ff0000;\"><img loading=\"lazy\" class=\"aligncenter size-full wp-image-9562\" title=\"JOSE QUIRAN\" src=\"\/tormentas-y-rayos\/wp-content\/uploads\/sites\/12\/2014\/09\/JOSE-QUIRAN.jpg\" alt=\"\" width=\"640\" height=\"426\" srcset=\"https:\/\/static-blogs.diariosur.es\/wp-content\/uploads\/sites\/12\/2014\/09\/JOSE-QUIRAN.jpg 640w, https:\/\/static-blogs.diariosur.es\/wp-content\/uploads\/sites\/12\/2014\/09\/JOSE-QUIRAN-601x400.jpg 601w\" sizes=\"(max-width: 640px) 100vw, 640px\" \/><\/span><\/a><\/span><\/p>\n<p>&nbsp;<\/p>\n<p><span style=\"color: #0000ff;\"><strong><a href=\"http:\/\/foro.tiempo.com\/supercelula-mal-dia-para-dejar-la-meteo-7-sept-2014-t144619.0.html\" rel=\"external nofollow\"><span style=\"color: #0000ff;\">ENLACE REPORTAJE JOSE A GALLEGO<\/span><\/a><\/strong><\/span><\/p>\n<p>&nbsp;<\/p>\n<p>&nbsp;<\/p>\n<p><strong><a href=\"http:\/\/foro.tiempo.com\/supercelula-clasica-ciclonica-con-rfd-canibal-lecera-zaragoza-7sep2014-t144591.0.html\" rel=\"external nofollow\">ENLACE REPORTAJE JOSE A QUIRANTES<\/a><\/strong><\/p>\n<p>&nbsp;<\/p>\n<p><strong>\u00a0Hasta ma\u00f1ana , amigos de la meteo.<\/strong><\/p>\n","protected":false},"excerpt":{"rendered":"<p>&nbsp; &nbsp; &nbsp; &nbsp; Buenos dias amigos de la meteo. Son las seis de la ma\u00f1ana, registro 21 grados y los cielos est\u00e1n \u00a0nubosos. Seguro que de nuevo tendremos candilazo &nbsp; Ayer me entere que nuestra querida borrasca tiene nombre, po si amigos se llama Elisabeth. Que pena que no se hubiera hecho pareja de [&hellip;]<\/p>\n","protected":false},"author":16,"featured_media":9554,"comment_status":"open","ping_status":"open","sticky":false,"template":"","format":"standard","meta":[],"categories":[2],"tags":[249,424,809,856,942,981,1001],"_links":{"self":[{"href":"https:\/\/blogs.diariosur.es\/tormentas-y-rayos\/wp-json\/wp\/v2\/posts\/9551"}],"collection":[{"href":"https:\/\/blogs.diariosur.es\/tormentas-y-rayos\/wp-json\/wp\/v2\/posts"}],"about":[{"href":"https:\/\/blogs.diariosur.es\/tormentas-y-rayos\/wp-json\/wp\/v2\/types\/post"}],"author":[{"embeddable":true,"href":"https:\/\/blogs.diariosur.es\/tormentas-y-rayos\/wp-json\/wp\/v2\/users\/16"}],"replies":[{"embeddable":true,"href":"https:\/\/blogs.diariosur.es\/tormentas-y-rayos\/wp-json\/wp\/v2\/comments?post=9551"}],"version-history":[{"count":0,"href":"https:\/\/blogs.diariosur.es\/tormentas-y-rayos\/wp-json\/wp\/v2\/posts\/9551\/revisions"}],"wp:featuredmedia":[{"embeddable":true,"href":"https:\/\/blogs.diariosur.es\/tormentas-y-rayos\/wp-json\/wp\/v2\/media\/9554"}],"wp:attachment":[{"href":"https:\/\/blogs.diariosur.es\/tormentas-y-rayos\/wp-json\/wp\/v2\/media?parent=9551"}],"wp:term":[{"taxonomy":"category","embeddable":true,"href":"https:\/\/blogs.diariosur.es\/tormentas-y-rayos\/wp-json\/wp\/v2\/categories?post=9551"},{"taxonomy":"post_tag","embeddable":true,"href":"https:\/\/blogs.diariosur.es\/tormentas-y-rayos\/wp-json\/wp\/v2\/tags?post=9551"}],"curies":[{"name":"wp","href":"https:\/\/api.w.org\/{rel}","templated":true}]}}