{"id":9568,"date":"2014-09-21T08:37:35","date_gmt":"2014-09-21T06:37:35","guid":{"rendered":"http:\/\/blogs.diariosur.es\/tormentas-y-rayos\/?p=9568"},"modified":"2014-09-21T08:37:35","modified_gmt":"2014-09-21T06:37:35","slug":"ultima-hora-prevision-del-tiempo-aviso-amarillo-en-toda-andalucia-por-lluvias-y-tormentas-hoy-domingo","status":"publish","type":"post","link":"https:\/\/blogs.diariosur.es\/tormentas-y-rayos\/2014\/09\/21\/ultima-hora-prevision-del-tiempo-aviso-amarillo-en-toda-andalucia-por-lluvias-y-tormentas-hoy-domingo\/","title":{"rendered":"Ultima hora. Previsi\u00f3n del tiempo. Aviso amarillo en toda Andaluc\u00eda por lluvias y tormentas hoy domingo."},"content":{"rendered":"<p><img loading=\"lazy\" class=\"aligncenter\" src=\"https:\/\/farm3.staticflickr.com\/2898\/14371881571_bbae3518b1_q.jpg\" alt=\"\" width=\"150\" height=\"150\" \/><\/p>\n<p>&nbsp;<\/p>\n<p>&nbsp;<\/p>\n<p>&nbsp;<\/p>\n<p>&nbsp;<\/p>\n<p><strong>Buenos dias amigos de la meteo, son las siete de la ma\u00f1ana,registro 22 grados y los cielos est\u00e1n nubosos.<\/strong><\/p>\n<p><strong> La aemet activo anoche a ultima hora el aviso amarillo por lluvias y tormentas en toda Andaluc\u00eda para hoy domingo, para ser verano es muy significativo ver este mapa.<\/strong><\/p>\n<p>&nbsp;<\/p>\n<p>&nbsp;<\/p>\n<p>&nbsp;<\/p>\n<p><a href=\"https:\/\/blogs.diariosur.es\/tormentas-y-rayos\/2014\/09\/21\/ultima-hora-prevision-del-tiempo-aviso-amarillo-en-toda-andalucia-por-lluvias-y-tormentas-hoy-domingo\/aviso-10\/\" rel=\"attachment wp-att-9569\"><img loading=\"lazy\" class=\"aligncenter size-full wp-image-9569\" title=\"aviso\" src=\"\/tormentas-y-rayos\/wp-content\/uploads\/sites\/12\/2014\/09\/aviso2.jpg\" alt=\"\" width=\"553\" height=\"368\" \/><\/a><\/p>\n<p><span style=\"color: #ff0000;\"><strong>Muchos\u00a0estar\u00e9is\u00a0pensando que es demasiado exagerado este mapa, &#8220;puede que si&#8221;, \u00a0pero este tipo de situaciones con aire\u00a0fr\u00edo\u00a0en altura son\u00a0dif\u00edciles\u00a0de modelizar. \u00a0Al ser domingo muchos salimos de playa, campo, monta\u00f1a, subida por el Rio Chillar etc etc,<span style=\"color: #ff00ff;\"> e incluso aparcamos en arroyos secos.<\/span> Tenemos que tener precauci\u00f3n hoy, \u00a0ya que en cualquier punto de Andaluc\u00eda pueden caer algunas tormentas y descargar muchos litros en poco tiempo. La mayor probabilidad de tormentas seria por la tarde y de madrugada.\u00a0<\/strong><\/span><\/p>\n<p><span style=\"color: #ff0000;\"><strong><span style=\"color: #ff00ff;\">Simplemente precauci\u00f3n amigos de la meteo.\u00a0<\/span><\/strong><\/span><\/p>\n<p><strong>Durante la madrugada del lunes y hasta las siete de la ma\u00f1ana se activa de nuevo el aviso amarillo por tormentas y lluvias en M\u00e1laga, Granada, Ja\u00e9n y Almer\u00eda.<\/strong><\/p>\n<p><a href=\"https:\/\/blogs.diariosur.es\/tormentas-y-rayos\/2014\/09\/21\/ultima-hora-prevision-del-tiempo-aviso-amarillo-en-toda-andalucia-por-lluvias-y-tormentas-hoy-domingo\/a-33\/\" rel=\"attachment wp-att-9570\"><img loading=\"lazy\" class=\"aligncenter size-full wp-image-9570\" title=\"a\" src=\"\/tormentas-y-rayos\/wp-content\/uploads\/sites\/12\" alt=\"\" width=\"544\" height=\"370\" \/><\/a><\/p>\n<p>&nbsp;<\/p>\n<p>&nbsp;<\/p>\n<p><strong>Nuestra amiga Elizabet da sus\u00a0\u00faltimos\u00a0coletazos. Fuente meteogalicia, eumetsat<\/strong><\/p>\n<p>&nbsp;<\/p>\n<p><a href=\"https:\/\/blogs.diariosur.es\/tormentas-y-rayos\/2014\/09\/21\/ultima-hora-prevision-del-tiempo-aviso-amarillo-en-toda-andalucia-por-lluvias-y-tormentas-hoy-domingo\/elizabet\/\" rel=\"attachment wp-att-9582\"><img loading=\"lazy\" class=\"aligncenter size-medium wp-image-9582\" title=\"elizabet\" src=\"\/tormentas-y-rayos\/wp-content\/uploads\/sites\/12\/2014\/09\/elizabet.jpg\" alt=\"\" width=\"557\" height=\"400\" srcset=\"https:\/\/static-blogs.diariosur.es\/wp-content\/uploads\/sites\/12\/2014\/09\/elizabet.jpg 723w, https:\/\/static-blogs.diariosur.es\/wp-content\/uploads\/sites\/12\/2014\/09\/elizabet-557x400.jpg 557w\" sizes=\"(max-width: 557px) 100vw, 557px\" \/><\/a><\/p>\n<p>&nbsp;<\/p>\n<p>&nbsp;<\/p>\n<p><strong>Os dejo un momento y tiro para la playa, esperemos que hoy si tengamos candilazo y cargue las pilas.<\/strong><\/p>\n<p><strong>Ya estoy aqui amigos, en vez de cargar las pilas, todo lo contrario, se me han descargado. Ni candilazo, ni sol&#8230;na de na. La direccion del viento del noroeste encima, si sigue este viento poca agua veremos en M\u00e1laga. Os paso un par de fotos.<\/strong><\/p>\n<p><a href=\"https:\/\/blogs.diariosur.es\/tormentas-y-rayos\/2014\/09\/21\/ultima-hora-prevision-del-tiempo-aviso-amarillo-en-toda-andalucia-por-lluvias-y-tormentas-hoy-domingo\/012-7\/\" rel=\"attachment wp-att-9584\"><img loading=\"lazy\" class=\"aligncenter size-full wp-image-9584\" title=\"012\" src=\"\/tormentas-y-rayos\/wp-content\/uploads\/sites\/12\/2014\/09\/012.jpg\" alt=\"\" width=\"640\" height=\"427\" srcset=\"https:\/\/static-blogs.diariosur.es\/wp-content\/uploads\/sites\/12\/2014\/09\/012.jpg 640w, https:\/\/static-blogs.diariosur.es\/wp-content\/uploads\/sites\/12\/2014\/09\/012-600x400.jpg 600w\" sizes=\"(max-width: 640px) 100vw, 640px\" \/><\/a><\/p>\n<p>&nbsp;<\/p>\n<p><a href=\"https:\/\/blogs.diariosur.es\/tormentas-y-rayos\/2014\/09\/21\/ultima-hora-prevision-del-tiempo-aviso-amarillo-en-toda-andalucia-por-lluvias-y-tormentas-hoy-domingo\/013-6\/\" rel=\"attachment wp-att-9585\"><img loading=\"lazy\" class=\"aligncenter size-full wp-image-9585\" title=\"013\" src=\"\/tormentas-y-rayos\/wp-content\/uploads\/sites\/12\/2014\/09\/0131.jpg\" alt=\"\" width=\"640\" height=\"427\" srcset=\"https:\/\/static-blogs.diariosur.es\/wp-content\/uploads\/sites\/12\/2014\/09\/0131.jpg 640w, https:\/\/static-blogs.diariosur.es\/wp-content\/uploads\/sites\/12\/2014\/09\/0131-600x400.jpg 600w\" sizes=\"(max-width: 640px) 100vw, 640px\" \/><\/a><\/p>\n<p><strong>\u00a0<\/strong><\/p>\n<p>&nbsp;<\/p>\n<p><span style=\"color: #0000ff;\"><strong>Os hago un peque\u00f1o resumen de ayer\u00a0s\u00e1bado.<\/strong><\/span><\/p>\n<p><span style=\"color: #0000ff;\"><strong>La m\u00e1xima de Andaluc\u00eda la dio Vel\u00e9z M\u00e1laga con casi 32 grados<\/strong><\/span><\/p>\n<p>&nbsp;<\/p>\n<p><span style=\"color: #0000ff;\"><a href=\"https:\/\/blogs.diariosur.es\/tormentas-y-rayos\/2014\/09\/21\/ultima-hora-prevision-del-tiempo-aviso-amarillo-en-toda-andalucia-por-lluvias-y-tormentas-hoy-domingo\/maxima-15\/\" rel=\"attachment wp-att-9571\"><span style=\"color: #0000ff;\"><img loading=\"lazy\" class=\"aligncenter size-full wp-image-9571\" title=\"maxima\" src=\"\/tormentas-y-rayos\/wp-content\/uploads\/sites\/12\/2014\/09\/maxima.jpg\" alt=\"\" width=\"394\" height=\"242\" \/><\/span><\/a><\/span><\/p>\n<p>&nbsp;<\/p>\n<p>&nbsp;<\/p>\n<p><span style=\"color: #0000ff;\"><strong>Antes de entrar al curro me pase por la playa, pero apenas hubo candilazo como paso los otros dias. De todas formas carga uno las pilas.<\/strong><\/span><\/p>\n<p><span style=\"color: #0000ff;\"><a href=\"https:\/\/blogs.diariosur.es\/tormentas-y-rayos\/2014\/09\/21\/ultima-hora-prevision-del-tiempo-aviso-amarillo-en-toda-andalucia-por-lluvias-y-tormentas-hoy-domingo\/008-12\/\" rel=\"attachment wp-att-9572\"><span style=\"color: #0000ff;\"><img loading=\"lazy\" class=\"aligncenter size-full wp-image-9572\" title=\"008\" src=\"\/tormentas-y-rayos\/wp-content\/uploads\/sites\/12\/2014\/09\/008.jpg\" alt=\"\" width=\"640\" height=\"427\" srcset=\"https:\/\/static-blogs.diariosur.es\/wp-content\/uploads\/sites\/12\/2014\/09\/008.jpg 640w, https:\/\/static-blogs.diariosur.es\/wp-content\/uploads\/sites\/12\/2014\/09\/008-600x400.jpg 600w\" sizes=\"(max-width: 640px) 100vw, 640px\" \/><\/span><\/a><\/span><\/p>\n<p>&nbsp;<\/p>\n<p><span style=\"color: #0000ff;\"><strong>Durante todo el dia las nubes medias y altas fueron las protagonistas. Mi amiga Beatriz Mar\u00eda fotografi\u00f3 este precioso cielo.<\/strong><\/span><\/p>\n<p><span style=\"color: #0000ff;\"><a href=\"https:\/\/blogs.diariosur.es\/tormentas-y-rayos\/2014\/09\/21\/ultima-hora-prevision-del-tiempo-aviso-amarillo-en-toda-andalucia-por-lluvias-y-tormentas-hoy-domingo\/beatriz-maria-2\/\" rel=\"attachment wp-att-9573\"><span style=\"color: #0000ff;\"><img loading=\"lazy\" class=\"aligncenter size-full wp-image-9573\" title=\"beatriz maria\" src=\"\/tormentas-y-rayos\/wp-content\/uploads\/sites\/12\/2014\/09\/beatriz-maria1.jpg\" alt=\"\" width=\"640\" height=\"400\" \/><\/span><\/a><\/span><\/p>\n<p>&nbsp;<\/p>\n<p><span style=\"color: #0000ff;\"><strong>A ultima \u00a0hora de la tarde noche tuvimos dos sorpresas, la primera en forma de candilazo bestial que yo me\u00a0perd\u00ed\u00a0jijijij, \u00a0y la segunda un peque\u00f1o chaparr\u00f3n sobre las nueve que yo no esperaba. Pero dejo un olor a tierra mojada que ya no\u00a0ped\u00ed\u00a0mas tapas.<\/strong><\/span><\/p>\n<p><span style=\"color: #0000ff;\"><a href=\"https:\/\/blogs.diariosur.es\/tormentas-y-rayos\/2014\/09\/21\/ultima-hora-prevision-del-tiempo-aviso-amarillo-en-toda-andalucia-por-lluvias-y-tormentas-hoy-domingo\/10668943_10203595940878056_4541115626915481842_o_1\/\" rel=\"attachment wp-att-9574\"><span style=\"color: #0000ff;\"><img loading=\"lazy\" class=\"aligncenter size-full wp-image-9574\" title=\"10668943_10203595940878056_4541115626915481842_o_1\" src=\"\/tormentas-y-rayos\/wp-content\/uploads\/sites\/12\/2014\/09\/10668943_10203595940878056_4541115626915481842_o_1.jpg\" alt=\"\" width=\"640\" height=\"360\" \/><\/span><\/a><\/span><\/p>\n<p>&nbsp;<\/p>\n<p><span style=\"color: #0000ff;\"><strong>De nuevo daros las gracias por las fotos del candilazo de ayer \u00a0que me\u00a0hab\u00e9is\u00a0mandando, son una pasada de bonitas amigos de la meteo. Cuando salia del curro lo vi un poco, pero ya se estaba apagando. Os paso las fotos.<\/strong><\/span><\/p>\n<p>&nbsp;<\/p>\n<p><span style=\"color: #0000ff;\"><strong>Jose Luis Cardenas. Desde Jerez de la Frontera<\/strong><\/span><\/p>\n<p><span style=\"color: #0000ff;\"><a href=\"https:\/\/blogs.diariosur.es\/tormentas-y-rayos\/2014\/09\/21\/ultima-hora-prevision-del-tiempo-aviso-amarillo-en-toda-andalucia-por-lluvias-y-tormentas-hoy-domingo\/jose-luis-cardenas-carpente\/\" rel=\"attachment wp-att-9575\"><span style=\"color: #0000ff;\"><img loading=\"lazy\" class=\"aligncenter size-full wp-image-9575\" title=\"jose luis cardenas carpente\" src=\"\/tormentas-y-rayos\/wp-content\/uploads\/sites\/12\/2014\/09\/jose-luis-cardenas-carpente.jpg\" alt=\"\" width=\"640\" height=\"480\" srcset=\"https:\/\/static-blogs.diariosur.es\/wp-content\/uploads\/sites\/12\/2014\/09\/jose-luis-cardenas-carpente.jpg 640w, https:\/\/static-blogs.diariosur.es\/wp-content\/uploads\/sites\/12\/2014\/09\/jose-luis-cardenas-carpente-533x400.jpg 533w\" sizes=\"(max-width: 640px) 100vw, 640px\" \/><\/span><\/a><\/span><\/p>\n<p>&nbsp;<\/p>\n<p><span style=\"color: #0000ff;\"><strong>Jose Moreno Martin.<\/strong><\/span><\/p>\n<p><span style=\"color: #0000ff;\"><a href=\"https:\/\/blogs.diariosur.es\/tormentas-y-rayos\/2014\/09\/21\/ultima-hora-prevision-del-tiempo-aviso-amarillo-en-toda-andalucia-por-lluvias-y-tormentas-hoy-domingo\/jose-moreno-martin-3\/\" rel=\"attachment wp-att-9576\"><span style=\"color: #0000ff;\"><img loading=\"lazy\" class=\"aligncenter size-full wp-image-9576\" title=\"jose moreno martin\" src=\"\/tormentas-y-rayos\/wp-content\/uploads\/sites\/12\/2014\/09\/jose-moreno-martin2.jpg\" alt=\"\" width=\"640\" height=\"424\" srcset=\"https:\/\/static-blogs.diariosur.es\/wp-content\/uploads\/sites\/12\/2014\/09\/jose-moreno-martin2.jpg 640w, https:\/\/static-blogs.diariosur.es\/wp-content\/uploads\/sites\/12\/2014\/09\/jose-moreno-martin2-604x400.jpg 604w\" sizes=\"(max-width: 640px) 100vw, 640px\" \/><\/span><\/a><\/span><\/p>\n<p>&nbsp;<\/p>\n<p><span style=\"color: #0000ff;\"><strong>Juan Antonio Lucena.<\/strong><\/span><\/p>\n<p><span style=\"color: #0000ff;\"><a href=\"https:\/\/blogs.diariosur.es\/tormentas-y-rayos\/2014\/09\/21\/ultima-hora-prevision-del-tiempo-aviso-amarillo-en-toda-andalucia-por-lluvias-y-tormentas-hoy-domingo\/juan-antonio-lucena-garcia-3\/\" rel=\"attachment wp-att-9577\"><span style=\"color: #0000ff;\"><img loading=\"lazy\" class=\"aligncenter size-full wp-image-9577\" title=\"juan antonio lucena garcia\" src=\"\/tormentas-y-rayos\/wp-content\/uploads\/sites\/12\/2014\/09\/juan-antonio-lucena-garcia.jpg\" alt=\"\" width=\"640\" height=\"360\" \/><\/span><\/a><\/span><\/p>\n<p>&nbsp;<\/p>\n<p><span style=\"color: #0000ff;\"><strong>Mar\u00eda Isabel Rodriguez.<\/strong><\/span><\/p>\n<p><span style=\"color: #0000ff;\"><a href=\"https:\/\/blogs.diariosur.es\/tormentas-y-rayos\/2014\/09\/21\/ultima-hora-prevision-del-tiempo-aviso-amarillo-en-toda-andalucia-por-lluvias-y-tormentas-hoy-domingo\/maria-isabel-rodriguez\/\" rel=\"attachment wp-att-9578\"><span style=\"color: #0000ff;\"><img loading=\"lazy\" class=\"aligncenter size-full wp-image-9578\" title=\"maria isabel rodriguez\" src=\"\/tormentas-y-rayos\/wp-content\/uploads\/sites\/12\/2014\/09\/maria-isabel-rodriguez.jpg\" alt=\"\" width=\"640\" height=\"428\" srcset=\"https:\/\/static-blogs.diariosur.es\/wp-content\/uploads\/sites\/12\/2014\/09\/maria-isabel-rodriguez.jpg 640w, https:\/\/static-blogs.diariosur.es\/wp-content\/uploads\/sites\/12\/2014\/09\/maria-isabel-rodriguez-598x400.jpg 598w\" sizes=\"(max-width: 640px) 100vw, 640px\" \/><\/span><\/a><\/span><\/p>\n<p>&nbsp;<\/p>\n<p><span style=\"color: #0000ff;\"><strong>Fernando Fern\u00e1ndez.<\/strong><\/span><\/p>\n<p>&nbsp;<\/p>\n<p><span style=\"color: #0000ff;\"><a href=\"https:\/\/blogs.diariosur.es\/tormentas-y-rayos\/2014\/09\/21\/ultima-hora-prevision-del-tiempo-aviso-amarillo-en-toda-andalucia-por-lluvias-y-tormentas-hoy-domingo\/fernando-fernandez-3\/\" rel=\"attachment wp-att-9579\"><span style=\"color: #0000ff;\"><img loading=\"lazy\" class=\"aligncenter size-full wp-image-9579\" title=\"fernando fernandez\" src=\"\/tormentas-y-rayos\/wp-content\/uploads\/sites\/12\/2014\/09\/fernando-fernandez.jpg\" alt=\"\" width=\"640\" height=\"480\" srcset=\"https:\/\/static-blogs.diariosur.es\/wp-content\/uploads\/sites\/12\/2014\/09\/fernando-fernandez.jpg 640w, https:\/\/static-blogs.diariosur.es\/wp-content\/uploads\/sites\/12\/2014\/09\/fernando-fernandez-533x400.jpg 533w\" sizes=\"(max-width: 640px) 100vw, 640px\" \/><\/span><\/a><\/span><\/p>\n<p>&nbsp;<\/p>\n<p><span style=\"color: #0000ff;\"><strong>Pablo Fern\u00e1ndez Castillo.<\/strong><\/span><\/p>\n<p>&nbsp;<\/p>\n<p><span style=\"color: #0000ff;\"><a href=\"https:\/\/blogs.diariosur.es\/tormentas-y-rayos\/2014\/09\/21\/ultima-hora-prevision-del-tiempo-aviso-amarillo-en-toda-andalucia-por-lluvias-y-tormentas-hoy-domingo\/20140920_202306_1\/\" rel=\"attachment wp-att-9580\"><span style=\"color: #0000ff;\"><img loading=\"lazy\" class=\"aligncenter size-full wp-image-9580\" title=\"20140920_202306_1\" src=\"\/tormentas-y-rayos\/wp-content\/uploads\/sites\/12\/2014\/09\/20140920_202306_1.jpg\" alt=\"\" width=\"640\" height=\"384\" \/><\/span><\/a><\/span><\/p>\n<p>&nbsp;<\/p>\n<p><strong>Poco mas que contar, lo mas seguro es que tiremos para Torre de Benagalb\u00f3n. Desde\u00a0all\u00ed\u00a0os\u00a0ir\u00e9\u00a0informando amigos de la meteo.<\/strong><\/p>\n<p><strong>\u00a0Os paso el significado de los avisos.<\/strong><\/p>\n<p>&nbsp;<\/p>\n<p><a href=\"https:\/\/blogs.diariosur.es\/tormentas-y-rayos\/2014\/09\/21\/ultima-hora-prevision-del-tiempo-aviso-amarillo-en-toda-andalucia-por-lluvias-y-tormentas-hoy-domingo\/captura-431\/\" rel=\"attachment wp-att-9583\"><img loading=\"lazy\" class=\"aligncenter size-medium wp-image-9583\" title=\"Captura\" src=\"\/tormentas-y-rayos\/wp-content\/uploads\/sites\/12\/2014\/09\/Captura27.jpg\" alt=\"\" width=\"600\" height=\"135\" srcset=\"https:\/\/static-blogs.diariosur.es\/wp-content\/uploads\/sites\/12\/2014\/09\/Captura27.jpg 864w, https:\/\/static-blogs.diariosur.es\/wp-content\/uploads\/sites\/12\/2014\/09\/Captura27-640x144.jpg 640w, https:\/\/static-blogs.diariosur.es\/wp-content\/uploads\/sites\/12\/2014\/09\/Captura27-768x173.jpg 768w\" sizes=\"(max-width: 600px) 100vw, 600px\" \/><\/a><\/p>\n","protected":false},"excerpt":{"rendered":"<p>&nbsp; &nbsp; &nbsp; &nbsp; Buenos dias amigos de la meteo, son las siete de la ma\u00f1ana,registro 22 grados y los cielos est\u00e1n nubosos. La aemet activo anoche a ultima hora el aviso amarillo por lluvias y tormentas en toda Andaluc\u00eda para hoy domingo, para ser verano es muy significativo ver este mapa. &nbsp; &nbsp; &nbsp; [&hellip;]<\/p>\n","protected":false},"author":16,"featured_media":9581,"comment_status":"open","ping_status":"open","sticky":false,"template":"","format":"standard","meta":[],"categories":[2],"tags":[94,100,151,485,569,809,980,996,1028],"_links":{"self":[{"href":"https:\/\/blogs.diariosur.es\/tormentas-y-rayos\/wp-json\/wp\/v2\/posts\/9568"}],"collection":[{"href":"https:\/\/blogs.diariosur.es\/tormentas-y-rayos\/wp-json\/wp\/v2\/posts"}],"about":[{"href":"https:\/\/blogs.diariosur.es\/tormentas-y-rayos\/wp-json\/wp\/v2\/types\/post"}],"author":[{"embeddable":true,"href":"https:\/\/blogs.diariosur.es\/tormentas-y-rayos\/wp-json\/wp\/v2\/users\/16"}],"replies":[{"embeddable":true,"href":"https:\/\/blogs.diariosur.es\/tormentas-y-rayos\/wp-json\/wp\/v2\/comments?post=9568"}],"version-history":[{"count":0,"href":"https:\/\/blogs.diariosur.es\/tormentas-y-rayos\/wp-json\/wp\/v2\/posts\/9568\/revisions"}],"wp:featuredmedia":[{"embeddable":true,"href":"https:\/\/blogs.diariosur.es\/tormentas-y-rayos\/wp-json\/wp\/v2\/media\/9581"}],"wp:attachment":[{"href":"https:\/\/blogs.diariosur.es\/tormentas-y-rayos\/wp-json\/wp\/v2\/media?parent=9568"}],"wp:term":[{"taxonomy":"category","embeddable":true,"href":"https:\/\/blogs.diariosur.es\/tormentas-y-rayos\/wp-json\/wp\/v2\/categories?post=9568"},{"taxonomy":"post_tag","embeddable":true,"href":"https:\/\/blogs.diariosur.es\/tormentas-y-rayos\/wp-json\/wp\/v2\/tags?post=9568"}],"curies":[{"name":"wp","href":"https:\/\/api.w.org\/{rel}","templated":true}]}}