{"id":9587,"date":"2014-09-22T07:13:08","date_gmt":"2014-09-22T05:13:08","guid":{"rendered":"http:\/\/blogs.diariosur.es\/tormentas-y-rayos\/?p=9587"},"modified":"2014-09-22T07:13:08","modified_gmt":"2014-09-22T05:13:08","slug":"el-otono-comienza-manana-martes-dia-23-a-las-4h-y-29m-y-se-despide-hoy-con-terral-poco-a-poco-ire-saliendo-de-la-depre-jijijij-impresionante-candilazo-fotos","status":"publish","type":"post","link":"https:\/\/blogs.diariosur.es\/tormentas-y-rayos\/2014\/09\/22\/el-otono-comienza-manana-martes-dia-23-a-las-4h-y-29m-y-se-despide-hoy-con-terral-poco-a-poco-ire-saliendo-de-la-depre-jijijij-impresionante-candilazo-fotos\/","title":{"rendered":"El oto\u00f1o comienza ma\u00f1ana martes dia  23 a las 4h y 29m y se despide hoy con terral.   Poco a poco ir\u00e9 saliendo de la depre jijijij. Impresionante candilazo ( fotos)"},"content":{"rendered":"<p><strong>\u00a0<\/strong><\/p>\n<p><img loading=\"lazy\" class=\"aligncenter\" src=\"https:\/\/farm6.staticflickr.com\/5566\/14568830453_8e0522e3fc_q.jpg\" alt=\"\" width=\"150\" height=\"150\" \/><\/p>\n<p>&nbsp;<\/p>\n<p>&nbsp;<\/p>\n<p>&nbsp;<\/p>\n<p>&nbsp;<\/p>\n<p><strong>Buenos dias amigos de la meteo. Son las seis de la ma\u00f1ana, registro 21 grados y llueve en estos momentos con aparato\u00a0el\u00e9ctrico\u00a0en la Provincia de Granada. Tambi\u00e9n se han registrado chubascos en Torrox y Nerja sobre las cuatro de la madrugada. Hoy ultimo dia del verano el terral sera el protagonista y las\u00a0m\u00e1ximas\u00a0rondaran los 30 grados. Ma\u00f1ana martes a las 4h y 29m comienza el oto\u00f1o.<\/strong><\/p>\n<p><a href=\"https:\/\/blogs.diariosur.es\/tormentas-y-rayos\/2014\/09\/22\/el-otono-comienza-manana-martes-dia-23-a-las-4h-y-29m-y-se-despide-hoy-con-terral-poco-a-poco-ire-saliendo-de-la-depre-jijijij-impresionante-candilazo-fotos\/captura-432\/\" rel=\"attachment wp-att-9606\"><img loading=\"lazy\" class=\"aligncenter size-full wp-image-9606\" title=\"Captura\" src=\"\/tormentas-y-rayos\/wp-content\/uploads\/sites\/12\/2014\/09\/Captura28.jpg\" alt=\"\" width=\"572\" height=\"525\" srcset=\"https:\/\/static-blogs.diariosur.es\/wp-content\/uploads\/sites\/12\/2014\/09\/Captura28.jpg 572w, https:\/\/static-blogs.diariosur.es\/wp-content\/uploads\/sites\/12\/2014\/09\/Captura28-436x400.jpg 436w\" sizes=\"(max-width: 572px) 100vw, 572px\" \/><\/a><\/p>\n<p>&nbsp;<\/p>\n<p><a href=\"https:\/\/blogs.diariosur.es\/tormentas-y-rayos\/2014\/09\/22\/el-otono-comienza-manana-martes-dia-23-a-las-4h-y-29m-y-se-despide-hoy-con-terral-poco-a-poco-ire-saliendo-de-la-depre-jijijij-impresionante-candilazo-fotos\/1-80\/\" rel=\"attachment wp-att-9607\"><img loading=\"lazy\" class=\"aligncenter size-medium wp-image-9607\" title=\"1\" src=\"\/tormentas-y-rayos\/wp-content\/uploads\/sites\/12\/2014\/09\/110.jpg\" alt=\"\" width=\"508\" height=\"400\" srcset=\"https:\/\/static-blogs.diariosur.es\/wp-content\/uploads\/sites\/12\/2014\/09\/110.jpg 731w, https:\/\/static-blogs.diariosur.es\/wp-content\/uploads\/sites\/12\/2014\/09\/110-509x400.jpg 509w\" sizes=\"(max-width: 508px) 100vw, 508px\" \/><\/a><\/p>\n<p>&nbsp;<\/p>\n<p>&nbsp;<\/p>\n<p>&nbsp;<\/p>\n<p><a href=\"https:\/\/blogs.diariosur.es\/tormentas-y-rayos\/2014\/09\/22\/el-otono-comienza-manana-martes-dia-23-a-las-4h-y-29m-y-se-despide-hoy-con-terral-poco-a-poco-ire-saliendo-de-la-depre-jijijij-impresionante-candilazo-fotos\/captura-433\/\" rel=\"attachment wp-att-9608\"><img loading=\"lazy\" class=\"aligncenter size-full wp-image-9608\" title=\"Captura\" src=\"\/tormentas-y-rayos\/wp-content\/uploads\/sites\/12\/2014\/09\/Captura29.jpg\" alt=\"\" width=\"504\" height=\"398\" \/><\/a><\/p>\n<p>&nbsp;<\/p>\n<p><strong>Aunque sea muy repetitivo, de nuevo os comento que las bolsas de aire fr\u00edo son muy\u00a0dif\u00edciles\u00a0de modelizar. Si se\u00a0sit\u00faan\u00a0un poco mas abajo o mas arriba las previsiones dadas cambian totalmente.\u00a0<\/strong><\/p>\n<p><strong>Ayer cuando llegue de fotografiar el amanecer, os comentaba esto en el post:<\/strong><\/p>\n<p><a href=\"https:\/\/blogs.diariosur.es\/tormentas-y-rayos\/2014\/09\/22\/el-otono-comienza-manana-martes-dia-23-a-las-4h-y-29m-y-se-despide-hoy-con-terral-poco-a-poco-ire-saliendo-de-la-depre-jijijij-impresionante-candilazo-fotos\/10704076_10203601332572845_8022714347361787528_n\/\" rel=\"attachment wp-att-9605\"><img loading=\"lazy\" class=\"aligncenter size-full wp-image-9605\" title=\"10704076_10203601332572845_8022714347361787528_n\" src=\"\/tormentas-y-rayos\/wp-content\/uploads\/sites\/12\/2014\/09\/10704076_10203601332572845_8022714347361787528_n.jpg\" alt=\"\" width=\"380\" height=\"676\" srcset=\"https:\/\/static-blogs.diariosur.es\/wp-content\/uploads\/sites\/12\/2014\/09\/10704076_10203601332572845_8022714347361787528_n.jpg 380w, https:\/\/static-blogs.diariosur.es\/wp-content\/uploads\/sites\/12\/2014\/09\/10704076_10203601332572845_8022714347361787528_n-225x400.jpg 225w\" sizes=\"(max-width: 380px) 100vw, 380px\" \/><\/a><\/p>\n<p>&nbsp;<\/p>\n<p><strong>La\u00a0meteorolog\u00eda\u00a0es asi, no es una ciencia exacta. Incluso ayer\u00a0pen\u00faltimo\u00a0dia del verano dimos una maxima de mas de 31 grados.\u00a0<\/strong><\/p>\n<p>&nbsp;<\/p>\n<p><strong>Pues si amigos, ayer entre en depresi\u00f3n\u00a0meteorol\u00f3gica y hasta las gafas y la correa de la\u00a0c\u00e1mara\u00a0se me pusieron amarillas. Ver tantos avisos amarillos me trastorno. Menos mal que cayeron unas gotas y no me tuve que rapar jijijiji. Debajo de mi casa hay un mont\u00f3n de gente con maquinilla en mano esperando que baje, que fuerte. \u00a0Cayeron unas gotas e incluso se dio un arcoiris. Yo si que lo pase mal, en el coche\u00a0hab\u00eda\u00a0echado hasta las botas de agua, un paraguas y corta viento jijijiji.\u00a0<\/strong><\/p>\n<p>&nbsp;<\/p>\n<p><a href=\"https:\/\/blogs.diariosur.es\/tormentas-y-rayos\/2014\/09\/22\/el-otono-comienza-manana-martes-dia-23-a-las-4h-y-29m-y-se-despide-hoy-con-terral-poco-a-poco-ire-saliendo-de-la-depre-jijijij-impresionante-candilazo-fotos\/10644425_10203599457245963_7708515372462118859_o\/\" rel=\"attachment wp-att-9604\"><img loading=\"lazy\" class=\"aligncenter size-full wp-image-9604\" title=\"10644425_10203599457245963_7708515372462118859_o\" src=\"\/tormentas-y-rayos\/wp-content\/uploads\/sites\/12\/2014\/09\/10644425_10203599457245963_7708515372462118859_o.jpg\" alt=\"\" width=\"640\" height=\"476\" srcset=\"https:\/\/static-blogs.diariosur.es\/wp-content\/uploads\/sites\/12\/2014\/09\/10644425_10203599457245963_7708515372462118859_o.jpg 640w, https:\/\/static-blogs.diariosur.es\/wp-content\/uploads\/sites\/12\/2014\/09\/10644425_10203599457245963_7708515372462118859_o-538x400.jpg 538w\" sizes=\"(max-width: 640px) 100vw, 640px\" \/><\/a><\/p>\n<p>&nbsp;<\/p>\n<p><strong>\u00a0<\/strong><\/p>\n<p><strong>Un poco de humor no viene nunca mal, verdad amigos?\u00a0<\/strong><\/p>\n<p>&nbsp;<\/p>\n<p>&nbsp;<\/p>\n<p><strong>Lo\u00a0\u00fanico\u00a0que\u00a0mereci\u00f3\u00a0\u00a0la pena del domingo fue el pedazo de candilazo que tuvimos cuando se puso el sol. Y de nuevo daros las gracias por las impresionantes fotos que me\u00a0hab\u00e9is\u00a0mandado, sois todos estupendos.<\/strong><\/p>\n<p><strong>Yo lo fotografi\u00e9 desde la azotea.<\/strong><\/p>\n<p><img loading=\"lazy\" class=\"aligncenter\" src=\"https:\/\/farm4.staticflickr.com\/3920\/15125504207_f3df0e9acb_z.jpg\" alt=\"\" width=\"640\" height=\"427\" \/><\/p>\n<p>&nbsp;<\/p>\n<p>&nbsp;<\/p>\n<p><img loading=\"lazy\" class=\"aligncenter\" src=\"https:\/\/farm6.staticflickr.com\/5561\/15312058095_5650d638fe_z.jpg\" alt=\"\" width=\"640\" height=\"427\" \/><\/p>\n<p>&nbsp;<\/p>\n<p>&nbsp;<\/p>\n<p><strong>\u00a0Si alguna se me queda en el tintero perdonarme. Anoche me quede hasta tarde para ir poniendo las fotos en el borrador del blog.<\/strong><\/p>\n<p>&nbsp;<\/p>\n<p><strong>Daniel Kerma.<\/strong><\/p>\n<p>&nbsp;<\/p>\n<p><a href=\"https:\/\/blogs.diariosur.es\/tormentas-y-rayos\/2014\/09\/22\/el-otono-comienza-manana-martes-dia-23-a-las-4h-y-29m-y-se-despide-hoy-con-terral-poco-a-poco-ire-saliendo-de-la-depre-jijijij-impresionante-candilazo-fotos\/daniel-kerma\/\" rel=\"attachment wp-att-9609\"><img loading=\"lazy\" class=\"aligncenter size-full wp-image-9609\" title=\"daniel kerma\" src=\"\/tormentas-y-rayos\/wp-content\/uploads\/sites\/12\/2014\/09\/daniel-kerma.jpg\" alt=\"\" width=\"640\" height=\"480\" srcset=\"https:\/\/static-blogs.diariosur.es\/wp-content\/uploads\/sites\/12\/2014\/09\/daniel-kerma.jpg 640w, https:\/\/static-blogs.diariosur.es\/wp-content\/uploads\/sites\/12\/2014\/09\/daniel-kerma-533x400.jpg 533w\" sizes=\"(max-width: 640px) 100vw, 640px\" \/><\/a><\/p>\n<p>&nbsp;<\/p>\n<p>&nbsp;<\/p>\n<p><strong>Macu Prieto.<\/strong><\/p>\n<p>&nbsp;<\/p>\n<p><a href=\"https:\/\/blogs.diariosur.es\/tormentas-y-rayos\/2014\/09\/22\/el-otono-comienza-manana-martes-dia-23-a-las-4h-y-29m-y-se-despide-hoy-con-terral-poco-a-poco-ire-saliendo-de-la-depre-jijijij-impresionante-candilazo-fotos\/macu-prieto-4\/\" rel=\"attachment wp-att-9610\"><img loading=\"lazy\" class=\"aligncenter size-full wp-image-9610\" title=\"macu prieto\" src=\"\/tormentas-y-rayos\/wp-content\/uploads\/sites\/12\/2014\/09\/macu-prieto2.jpg\" alt=\"\" width=\"640\" height=\"426\" srcset=\"https:\/\/static-blogs.diariosur.es\/wp-content\/uploads\/sites\/12\/2014\/09\/macu-prieto2.jpg 640w, https:\/\/static-blogs.diariosur.es\/wp-content\/uploads\/sites\/12\/2014\/09\/macu-prieto2-601x400.jpg 601w\" sizes=\"(max-width: 640px) 100vw, 640px\" \/><\/a><\/p>\n<p>&nbsp;<\/p>\n<p>&nbsp;<\/p>\n<p><strong>Miguel Cabrera.<\/strong><\/p>\n<p>&nbsp;<\/p>\n<p><a href=\"https:\/\/blogs.diariosur.es\/tormentas-y-rayos\/2014\/09\/22\/el-otono-comienza-manana-martes-dia-23-a-las-4h-y-29m-y-se-despide-hoy-con-terral-poco-a-poco-ire-saliendo-de-la-depre-jijijij-impresionante-candilazo-fotos\/miguel-cabrera-3\/\" rel=\"attachment wp-att-9603\"><img loading=\"lazy\" class=\"aligncenter size-full wp-image-9603\" title=\"miguel cabrera\" src=\"\/tormentas-y-rayos\/wp-content\/uploads\/sites\/12\/2014\/09\/miguel-cabrera.jpg\" alt=\"\" width=\"640\" height=\"427\" srcset=\"https:\/\/static-blogs.diariosur.es\/wp-content\/uploads\/sites\/12\/2014\/09\/miguel-cabrera.jpg 640w, https:\/\/static-blogs.diariosur.es\/wp-content\/uploads\/sites\/12\/2014\/09\/miguel-cabrera-600x400.jpg 600w\" sizes=\"(max-width: 640px) 100vw, 640px\" \/><\/a><\/p>\n<p>&nbsp;<\/p>\n<p>&nbsp;<\/p>\n<p>&nbsp;<\/p>\n<p><strong>Juan Antonio Lucena<\/strong><\/p>\n<p>&nbsp;<\/p>\n<p>&nbsp;<\/p>\n<p><a href=\"https:\/\/blogs.diariosur.es\/tormentas-y-rayos\/2014\/09\/22\/el-otono-comienza-manana-martes-dia-23-a-las-4h-y-29m-y-se-despide-hoy-con-terral-poco-a-poco-ire-saliendo-de-la-depre-jijijij-impresionante-candilazo-fotos\/juan-antonio-lucena\/\" rel=\"attachment wp-att-9602\"><img loading=\"lazy\" class=\"aligncenter size-full wp-image-9602\" title=\"JUAN ANTONIO LUCENA\" src=\"\/tormentas-y-rayos\/wp-content\/uploads\/sites\/12\/2014\/09\/JUAN-ANTONIO-LUCENA.jpg\" alt=\"\" width=\"640\" height=\"272\" \/><\/a><\/p>\n<p>&nbsp;<\/p>\n<p>&nbsp;<\/p>\n<p>&nbsp;<\/p>\n<p>&nbsp;<\/p>\n<p><strong>Jose Campos<\/strong><\/p>\n<p>&nbsp;<\/p>\n<p><a href=\"https:\/\/blogs.diariosur.es\/tormentas-y-rayos\/2014\/09\/22\/el-otono-comienza-manana-martes-dia-23-a-las-4h-y-29m-y-se-despide-hoy-con-terral-poco-a-poco-ire-saliendo-de-la-depre-jijijij-impresionante-candilazo-fotos\/jose-campos\/\" rel=\"attachment wp-att-9600\"><img loading=\"lazy\" class=\"aligncenter size-full wp-image-9600\" title=\"jose campos\" src=\"\/tormentas-y-rayos\/wp-content\/uploads\/sites\/12\/2014\/09\/jose-campos.jpg\" alt=\"\" width=\"640\" height=\"338\" \/><\/a><\/p>\n<p>&nbsp;<\/p>\n<p>&nbsp;<\/p>\n<p><strong>Maria Victoria Zambrano desde Torre de Benagalb\u00f3n.<\/strong><\/p>\n<p><a href=\"https:\/\/blogs.diariosur.es\/tormentas-y-rayos\/2014\/09\/22\/el-otono-comienza-manana-martes-dia-23-a-las-4h-y-29m-y-se-despide-hoy-con-terral-poco-a-poco-ire-saliendo-de-la-depre-jijijij-impresionante-candilazo-fotos\/maria-victoria-zambrazo\/\" rel=\"attachment wp-att-9588\"><img loading=\"lazy\" class=\"aligncenter size-full wp-image-9588\" title=\"MARIA VICTORIA ZAMBRAZO\" src=\"\/tormentas-y-rayos\/wp-content\/uploads\/sites\/12\/2014\/09\/MARIA-VICTORIA-ZAMBRAZO.jpg\" alt=\"\" width=\"640\" height=\"480\" srcset=\"https:\/\/static-blogs.diariosur.es\/wp-content\/uploads\/sites\/12\/2014\/09\/MARIA-VICTORIA-ZAMBRAZO.jpg 640w, https:\/\/static-blogs.diariosur.es\/wp-content\/uploads\/sites\/12\/2014\/09\/MARIA-VICTORIA-ZAMBRAZO-533x400.jpg 533w\" sizes=\"(max-width: 640px) 100vw, 640px\" \/><\/a><\/p>\n<p><strong>Ana Gonfer.<\/strong><\/p>\n<p>&nbsp;<\/p>\n<p><a href=\"https:\/\/blogs.diariosur.es\/tormentas-y-rayos\/2014\/09\/22\/el-otono-comienza-manana-martes-dia-23-a-las-4h-y-29m-y-se-despide-hoy-con-terral-poco-a-poco-ire-saliendo-de-la-depre-jijijij-impresionante-candilazo-fotos\/ana-gonfer\/\" rel=\"attachment wp-att-9589\"><img loading=\"lazy\" class=\"aligncenter size-full wp-image-9589\" title=\"ANA GONFER\" src=\"\/tormentas-y-rayos\/wp-content\/uploads\/sites\/12\/2014\/09\/ANA-GONFER.jpg\" alt=\"\" width=\"640\" height=\"360\" \/><\/a><\/p>\n<p>&nbsp;<\/p>\n<p>&nbsp;<\/p>\n<p><strong>Ana Sanchez Martin<\/strong><\/p>\n<p><a href=\"https:\/\/blogs.diariosur.es\/tormentas-y-rayos\/2014\/09\/22\/el-otono-comienza-manana-martes-dia-23-a-las-4h-y-29m-y-se-despide-hoy-con-terral-poco-a-poco-ire-saliendo-de-la-depre-jijijij-impresionante-candilazo-fotos\/ana-sanchez-martin\/\" rel=\"attachment wp-att-9590\"><img loading=\"lazy\" class=\"aligncenter size-full wp-image-9590\" title=\"ANA SANCHEZ MARTIN\" src=\"\/tormentas-y-rayos\/wp-content\/uploads\/sites\/12\/2014\/09\/ANA-SANCHEZ-MARTIN.jpg\" alt=\"\" width=\"640\" height=\"359\" \/><\/a><\/p>\n<p>&nbsp;<\/p>\n<p><strong>Jorge Juan Marquez<\/strong><\/p>\n<p><a href=\"https:\/\/blogs.diariosur.es\/tormentas-y-rayos\/2014\/09\/22\/el-otono-comienza-manana-martes-dia-23-a-las-4h-y-29m-y-se-despide-hoy-con-terral-poco-a-poco-ire-saliendo-de-la-depre-jijijij-impresionante-candilazo-fotos\/jorge-juan-marquez_1\/\" rel=\"attachment wp-att-9591\"><img loading=\"lazy\" class=\"aligncenter size-full wp-image-9591\" title=\"jorge Juan MARQUEZ_1\" src=\"\/tormentas-y-rayos\/wp-content\/uploads\/sites\/12\/2014\/09\/jorge-Juan-MARQUEZ_1.jpg\" alt=\"\" width=\"640\" height=\"480\" srcset=\"https:\/\/static-blogs.diariosur.es\/wp-content\/uploads\/sites\/12\/2014\/09\/jorge-Juan-MARQUEZ_1.jpg 640w, https:\/\/static-blogs.diariosur.es\/wp-content\/uploads\/sites\/12\/2014\/09\/jorge-Juan-MARQUEZ_1-533x400.jpg 533w\" sizes=\"(max-width: 640px) 100vw, 640px\" \/><\/a><\/p>\n<p>&nbsp;<\/p>\n<p><strong>Manuel Garcia Taboada.<\/strong><\/p>\n<p><a href=\"https:\/\/blogs.diariosur.es\/tormentas-y-rayos\/2014\/09\/22\/el-otono-comienza-manana-martes-dia-23-a-las-4h-y-29m-y-se-despide-hoy-con-terral-poco-a-poco-ire-saliendo-de-la-depre-jijijij-impresionante-candilazo-fotos\/manuel-garcia-taboada\/\" rel=\"attachment wp-att-9592\"><img loading=\"lazy\" class=\"aligncenter size-full wp-image-9592\" title=\"MANUEL GARCIA TABOADA\" src=\"\/tormentas-y-rayos\/wp-content\/uploads\/sites\/12\/2014\/09\/MANUEL-GARCIA-TABOADA.jpg\" alt=\"\" width=\"640\" height=\"640\" srcset=\"https:\/\/static-blogs.diariosur.es\/wp-content\/uploads\/sites\/12\/2014\/09\/MANUEL-GARCIA-TABOADA.jpg 640w, https:\/\/static-blogs.diariosur.es\/wp-content\/uploads\/sites\/12\/2014\/09\/MANUEL-GARCIA-TABOADA-150x150.jpg 150w, https:\/\/static-blogs.diariosur.es\/wp-content\/uploads\/sites\/12\/2014\/09\/MANUEL-GARCIA-TABOADA-400x400.jpg 400w\" sizes=\"(max-width: 640px) 100vw, 640px\" \/><\/a><\/p>\n<p>&nbsp;<\/p>\n<p>&nbsp;<\/p>\n<p><strong>Fuensanta Villalobos. Arcoiris incluido, otra prueba de que no me rapase jijijiji.<\/strong><\/p>\n<p><a href=\"https:\/\/blogs.diariosur.es\/tormentas-y-rayos\/2014\/09\/22\/el-otono-comienza-manana-martes-dia-23-a-las-4h-y-29m-y-se-despide-hoy-con-terral-poco-a-poco-ire-saliendo-de-la-depre-jijijij-impresionante-candilazo-fotos\/fuensanta-villlobos\/\" rel=\"attachment wp-att-9593\"><img loading=\"lazy\" class=\"aligncenter size-full wp-image-9593\" title=\"fuensanta villlobos\" src=\"\/tormentas-y-rayos\/wp-content\/uploads\/sites\/12\/2014\/09\/fuensanta-villlobos.jpg\" alt=\"\" width=\"640\" height=\"427\" srcset=\"https:\/\/static-blogs.diariosur.es\/wp-content\/uploads\/sites\/12\/2014\/09\/fuensanta-villlobos.jpg 640w, https:\/\/static-blogs.diariosur.es\/wp-content\/uploads\/sites\/12\/2014\/09\/fuensanta-villlobos-600x400.jpg 600w\" sizes=\"(max-width: 640px) 100vw, 640px\" \/><\/a><\/p>\n<p>&nbsp;<\/p>\n<p><a href=\"https:\/\/blogs.diariosur.es\/tormentas-y-rayos\/2014\/09\/22\/el-otono-comienza-manana-martes-dia-23-a-las-4h-y-29m-y-se-despide-hoy-con-terral-poco-a-poco-ire-saliendo-de-la-depre-jijijij-impresionante-candilazo-fotos\/10626158_722039087880721_4136394269393710318_o-2\/\" rel=\"attachment wp-att-9595\"><img loading=\"lazy\" class=\"aligncenter size-medium wp-image-9595\" title=\"10626158_722039087880721_4136394269393710318_o\" src=\"\/tormentas-y-rayos\/wp-content\/uploads\/sites\/12\/2014\/09\/10626158_722039087880721_4136394269393710318_o1.jpg\" alt=\"\" width=\"600\" height=\"266\" srcset=\"https:\/\/static-blogs.diariosur.es\/wp-content\/uploads\/sites\/12\/2014\/09\/10626158_722039087880721_4136394269393710318_o1.jpg 1000w, https:\/\/static-blogs.diariosur.es\/wp-content\/uploads\/sites\/12\/2014\/09\/10626158_722039087880721_4136394269393710318_o1-640x284.jpg 640w, https:\/\/static-blogs.diariosur.es\/wp-content\/uploads\/sites\/12\/2014\/09\/10626158_722039087880721_4136394269393710318_o1-768x341.jpg 768w\" sizes=\"(max-width: 600px) 100vw, 600px\" \/><\/a><\/p>\n<p>&nbsp;<\/p>\n<p>&nbsp;<\/p>\n<p><strong>Paqui Carcelen.<\/strong><\/p>\n<p><a href=\"https:\/\/blogs.diariosur.es\/tormentas-y-rayos\/2014\/09\/22\/el-otono-comienza-manana-martes-dia-23-a-las-4h-y-29m-y-se-despide-hoy-con-terral-poco-a-poco-ire-saliendo-de-la-depre-jijijij-impresionante-candilazo-fotos\/10603837_10203602664446141_4874239419650766400_o\/\" rel=\"attachment wp-att-9611\"><img loading=\"lazy\" class=\"aligncenter size-full wp-image-9611\" title=\"10603837_10203602664446141_4874239419650766400_o\" src=\"\/tormentas-y-rayos\/wp-content\/uploads\/sites\/12\/2014\/09\/10603837_10203602664446141_4874239419650766400_o.jpg\" alt=\"\" width=\"640\" height=\"360\" \/><\/a><\/p>\n<p>&nbsp;<\/p>\n<p>&nbsp;<\/p>\n<p><strong>Alicia Ramirez<\/strong><\/p>\n<p>&nbsp;<\/p>\n<p><a href=\"https:\/\/blogs.diariosur.es\/tormentas-y-rayos\/2014\/09\/22\/el-otono-comienza-manana-martes-dia-23-a-las-4h-y-29m-y-se-despide-hoy-con-terral-poco-a-poco-ire-saliendo-de-la-depre-jijijij-impresionante-candilazo-fotos\/alicia-ramirez-4\/\" rel=\"attachment wp-att-9596\"><img loading=\"lazy\" class=\"aligncenter size-full wp-image-9596\" title=\"alicia ramirez\" src=\"\/tormentas-y-rayos\/wp-content\/uploads\/sites\/12\/2014\/09\/alicia-ramirez1.jpg\" alt=\"\" width=\"640\" height=\"640\" srcset=\"https:\/\/static-blogs.diariosur.es\/wp-content\/uploads\/sites\/12\/2014\/09\/alicia-ramirez1.jpg 640w, https:\/\/static-blogs.diariosur.es\/wp-content\/uploads\/sites\/12\/2014\/09\/alicia-ramirez1-150x150.jpg 150w, https:\/\/static-blogs.diariosur.es\/wp-content\/uploads\/sites\/12\/2014\/09\/alicia-ramirez1-400x400.jpg 400w\" sizes=\"(max-width: 640px) 100vw, 640px\" \/><\/a><\/p>\n<p>&nbsp;<\/p>\n<p><strong>Y por ultimo estos \u00a0preciosos cielos que fotografiaron \u00a0mi amigo Miguel Cabrera al\u00a0mediod\u00eda.\u00a0<\/strong><\/p>\n<p><a href=\"https:\/\/blogs.diariosur.es\/tormentas-y-rayos\/2014\/09\/22\/el-otono-comienza-manana-martes-dia-23-a-las-4h-y-29m-y-se-despide-hoy-con-terral-poco-a-poco-ire-saliendo-de-la-depre-jijijij-impresionante-candilazo-fotos\/miguel-cabrera_1-3\/\" rel=\"attachment wp-att-9599\"><img loading=\"lazy\" class=\"aligncenter size-full wp-image-9599\" title=\"MIGUEL CABRERA_1\" src=\"\/tormentas-y-rayos\/wp-content\/uploads\/sites\/12\/2014\/09\/MIGUEL-CABRERA_12.jpg\" alt=\"\" width=\"640\" height=\"361\" \/><\/a><\/p>\n<p>&nbsp;<\/p>\n<p><strong>\u00a0Y Pilar Pilar.<\/strong><\/p>\n<p>&nbsp;<\/p>\n<p><a href=\"https:\/\/blogs.diariosur.es\/tormentas-y-rayos\/2014\/09\/22\/el-otono-comienza-manana-martes-dia-23-a-las-4h-y-29m-y-se-despide-hoy-con-terral-poco-a-poco-ire-saliendo-de-la-depre-jijijij-impresionante-candilazo-fotos\/pilar-pilar\/\" rel=\"attachment wp-att-9601\"><img loading=\"lazy\" class=\"aligncenter size-full wp-image-9601\" title=\"pilar pilar\" src=\"\/tormentas-y-rayos\/wp-content\/uploads\/sites\/12\/2014\/09\/pilar-pilar.jpg\" alt=\"\" width=\"640\" height=\"384\" \/><\/a><\/p>\n","protected":false},"excerpt":{"rendered":"<p>\u00a0 &nbsp; &nbsp; &nbsp; &nbsp; Buenos dias amigos de la meteo. Son las seis de la ma\u00f1ana, registro 21 grados y llueve en estos momentos con aparato\u00a0el\u00e9ctrico\u00a0en la Provincia de Granada. Tambi\u00e9n se han registrado chubascos en Torrox y Nerja sobre las cuatro de la madrugada. Hoy ultimo dia del verano el terral sera el [&hellip;]<\/p>\n","protected":false},"author":16,"featured_media":9612,"comment_status":"open","ping_status":"open","sticky":false,"template":"","format":"standard","meta":[],"categories":[2],"tags":[220,269,503,610,744,975],"_links":{"self":[{"href":"https:\/\/blogs.diariosur.es\/tormentas-y-rayos\/wp-json\/wp\/v2\/posts\/9587"}],"collection":[{"href":"https:\/\/blogs.diariosur.es\/tormentas-y-rayos\/wp-json\/wp\/v2\/posts"}],"about":[{"href":"https:\/\/blogs.diariosur.es\/tormentas-y-rayos\/wp-json\/wp\/v2\/types\/post"}],"author":[{"embeddable":true,"href":"https:\/\/blogs.diariosur.es\/tormentas-y-rayos\/wp-json\/wp\/v2\/users\/16"}],"replies":[{"embeddable":true,"href":"https:\/\/blogs.diariosur.es\/tormentas-y-rayos\/wp-json\/wp\/v2\/comments?post=9587"}],"version-history":[{"count":0,"href":"https:\/\/blogs.diariosur.es\/tormentas-y-rayos\/wp-json\/wp\/v2\/posts\/9587\/revisions"}],"wp:featuredmedia":[{"embeddable":true,"href":"https:\/\/blogs.diariosur.es\/tormentas-y-rayos\/wp-json\/wp\/v2\/media\/9612"}],"wp:attachment":[{"href":"https:\/\/blogs.diariosur.es\/tormentas-y-rayos\/wp-json\/wp\/v2\/media?parent=9587"}],"wp:term":[{"taxonomy":"category","embeddable":true,"href":"https:\/\/blogs.diariosur.es\/tormentas-y-rayos\/wp-json\/wp\/v2\/categories?post=9587"},{"taxonomy":"post_tag","embeddable":true,"href":"https:\/\/blogs.diariosur.es\/tormentas-y-rayos\/wp-json\/wp\/v2\/tags?post=9587"}],"curies":[{"name":"wp","href":"https:\/\/api.w.org\/{rel}","templated":true}]}}