{"id":9613,"date":"2014-09-23T07:12:22","date_gmt":"2014-09-23T05:12:22","guid":{"rendered":"http:\/\/blogs.diariosur.es\/tormentas-y-rayos\/?p=9613"},"modified":"2014-09-23T07:12:22","modified_gmt":"2014-09-23T05:12:22","slug":"coin-y-malaga-despiden-al-verano-dando-las-maximas-de-espana-gracias-por-las-74-150-visitas-que-ha-tenido-el-blog-durante-el-pasado-verano","status":"publish","type":"post","link":"https:\/\/blogs.diariosur.es\/tormentas-y-rayos\/2014\/09\/23\/coin-y-malaga-despiden-al-verano-dando-las-maximas-de-espana-gracias-por-las-74-150-visitas-que-ha-tenido-el-blog-durante-el-pasado-verano\/","title":{"rendered":"Co\u00edn y M\u00e1laga despiden al verano dando las m\u00e1ximas de Espa\u00f1a. Gracias por las 74.150 visitas que ha tenido el blog durante el pasado verano."},"content":{"rendered":"<p><img loading=\"lazy\" class=\"aligncenter\" src=\"https:\/\/farm6.staticflickr.com\/5566\/14568830453_8e0522e3fc_q.jpg\" alt=\"\" width=\"150\" height=\"150\" \/><\/p>\n<p>&nbsp;<\/p>\n<p>&nbsp;<\/p>\n<p>&nbsp;<\/p>\n<p>&nbsp;<\/p>\n<p><strong>Muy buenossssssss dias &#8220;oto\u00f1ales&#8221; amigos de la meteo. Registro 20,7 grados y los cielos est\u00e1n algo nubosos. Hace menos de dos horas que ha entrado el Oto\u00f1o, concretamente a las 4h y 29 m.\u00a0<\/strong><\/p>\n<p><span style=\"color: #0000ff;\"><strong>Os quiero dar las gracias por las 74.150 visitas que ha tenido el blog en los tres meses de verano. Ya se por vuestros mensajes que cada dia es mas\u00a0dif\u00edcil\u00a0participar en el blog, incluso a mi me cuesta trabajo a la hora de subir fotos, tardan un mont\u00f3n y eso que tengo una velocidad muy alta. Espero que antes de que finalice el a\u00f1o se solucionen. De nuevo gracias a todos por seguirme.<\/strong><\/span><\/p>\n<p><strong>Hoy\u00a0mi\u00e9rcoles soplara terral de oto\u00f1o jijiji, que ganas tenia de decir esto, casi seguro que rondaremos los 30 grados. Como todos\u00a0sab\u00e9is\u00a0el terral sopla durante todo el a\u00f1o.<\/strong><\/p>\n<p><strong>A partir del\u00a0mediod\u00eda\u00a0las nubes medias y altas\u00a0ser\u00e1n\u00a0las protagonistas. La bolsa de aire fr\u00edo en altura\u00a0estar\u00e1\u00a0situada casi en el centro peninsular, esto hara que de \u00a0nuevo se desarrollaran por Andaluc\u00eda\u00a0fen\u00f3menos\u00a0tormentosos. En este mapa a 500 hpa se ve claramente. FUENTE \u00a0METEOCIEL GFS<\/strong><\/p>\n<p><a href=\"https:\/\/blogs.diariosur.es\/tormentas-y-rayos\/2014\/09\/23\/coin-y-malaga-despiden-al-verano-dando-las-maximas-de-espana-gracias-por-las-74-150-visitas-que-ha-tenido-el-blog-durante-el-pasado-verano\/9-21sp\/\" rel=\"attachment wp-att-9630\"><img loading=\"lazy\" class=\"aligncenter size-large wp-image-9630\" title=\"9-21SP\" src=\"\/tormentas-y-rayos\/wp-content\/uploads\/sites\/12\/2014\/09\/9-21SP.gif\" alt=\"\" width=\"600\" height=\"600\" \/><\/a><\/p>\n<p>&nbsp;<\/p>\n<p>&nbsp;<\/p>\n<p>&nbsp;<\/p>\n<p><span style=\"color: #ff0000;\"><strong>Por el interior de\u00a0la Provincia Malague\u00f1a pueden caer algunos chubascos e incluso en la Capital como paso ayer.<\/strong><\/span><\/p>\n<p><span style=\"color: #ff00ff;\"><strong>\u00a0A partir del jueves el levante tomara protagonismo<\/strong><\/span><\/p>\n<p>&nbsp;<\/p>\n<p><strong>Ayer la maxima de Espa\u00f1a la dio Co\u00edn con \u00a031,1 grados, seguida de M\u00e1laga Capital con 31. No solo el terral fue el protagonista, tambien una tormenta que dejo un peque\u00f1o chubasco en algunas zonas de la capital.\u00a0<\/strong><\/p>\n<p><a href=\"https:\/\/blogs.diariosur.es\/tormentas-y-rayos\/2014\/09\/23\/coin-y-malaga-despiden-al-verano-dando-las-maximas-de-espana-gracias-por-las-74-150-visitas-que-ha-tenido-el-blog-durante-el-pasado-verano\/2-62\/\" rel=\"attachment wp-att-9627\"><img loading=\"lazy\" class=\"aligncenter size-medium wp-image-9627\" title=\"2\" src=\"\/tormentas-y-rayos\/wp-content\/uploads\/sites\/12\/2014\/09\/24.jpg\" alt=\"\" width=\"600\" height=\"304\" srcset=\"https:\/\/static-blogs.diariosur.es\/wp-content\/uploads\/sites\/12\/2014\/09\/24.jpg 783w, https:\/\/static-blogs.diariosur.es\/wp-content\/uploads\/sites\/12\/2014\/09\/24-640x324.jpg 640w, https:\/\/static-blogs.diariosur.es\/wp-content\/uploads\/sites\/12\/2014\/09\/24-768x389.jpg 768w\" sizes=\"(max-width: 600px) 100vw, 600px\" \/><\/a><\/p>\n<p>&nbsp;<\/p>\n<p><strong>Os paso unas capturas del radar de rayos y del sat 24. Fuente Aemet.<\/strong><\/p>\n<p><a href=\"https:\/\/blogs.diariosur.es\/tormentas-y-rayos\/2014\/09\/23\/coin-y-malaga-despiden-al-verano-dando-las-maximas-de-espana-gracias-por-las-74-150-visitas-que-ha-tenido-el-blog-durante-el-pasado-verano\/10683418_10203606125652669_9201086347743128127_o\/\" rel=\"attachment wp-att-9616\"><img loading=\"lazy\" class=\"aligncenter size-full wp-image-9616\" title=\"10683418_10203606125652669_9201086347743128127_o\" src=\"\/tormentas-y-rayos\/wp-content\/uploads\/sites\/12\/2014\/09\/10683418_10203606125652669_9201086347743128127_o.jpg\" alt=\"\" width=\"640\" height=\"480\" srcset=\"https:\/\/static-blogs.diariosur.es\/wp-content\/uploads\/sites\/12\/2014\/09\/10683418_10203606125652669_9201086347743128127_o.jpg 640w, https:\/\/static-blogs.diariosur.es\/wp-content\/uploads\/sites\/12\/2014\/09\/10683418_10203606125652669_9201086347743128127_o-533x400.jpg 533w\" sizes=\"(max-width: 640px) 100vw, 640px\" \/><\/a><\/p>\n<p>&nbsp;<\/p>\n<p><a href=\"https:\/\/blogs.diariosur.es\/tormentas-y-rayos\/2014\/09\/23\/coin-y-malaga-despiden-al-verano-dando-las-maximas-de-espana-gracias-por-las-74-150-visitas-que-ha-tenido-el-blog-durante-el-pasado-verano\/10710470_10203606144613143_2896090173952871601_o\/\" rel=\"attachment wp-att-9617\"><img loading=\"lazy\" class=\"aligncenter size-full wp-image-9617\" title=\"10710470_10203606144613143_2896090173952871601_o\" src=\"\/tormentas-y-rayos\/wp-content\/uploads\/sites\/12\/2014\/09\/10710470_10203606144613143_2896090173952871601_o.jpg\" alt=\"\" width=\"640\" height=\"480\" srcset=\"https:\/\/static-blogs.diariosur.es\/wp-content\/uploads\/sites\/12\/2014\/09\/10710470_10203606144613143_2896090173952871601_o.jpg 640w, https:\/\/static-blogs.diariosur.es\/wp-content\/uploads\/sites\/12\/2014\/09\/10710470_10203606144613143_2896090173952871601_o-533x400.jpg 533w\" sizes=\"(max-width: 640px) 100vw, 640px\" \/><\/a><\/p>\n<p>&nbsp;<\/p>\n<p><strong>Fijaros como mas tarde las impresionantes tormentas que se desarrollaron.<\/strong><\/p>\n<p>&nbsp;<\/p>\n<p><a href=\"https:\/\/blogs.diariosur.es\/tormentas-y-rayos\/2014\/09\/23\/coin-y-malaga-despiden-al-verano-dando-las-maximas-de-espana-gracias-por-las-74-150-visitas-que-ha-tenido-el-blog-durante-el-pasado-verano\/captura-435\/\" rel=\"attachment wp-att-9632\"><img loading=\"lazy\" class=\"aligncenter size-medium wp-image-9632\" title=\"Captura\" src=\"\/tormentas-y-rayos\/wp-content\/uploads\/sites\/12\/2014\/09\/Captura31.jpg\" alt=\"\" width=\"501\" height=\"400\" srcset=\"https:\/\/static-blogs.diariosur.es\/wp-content\/uploads\/sites\/12\/2014\/09\/Captura31.jpg 794w, https:\/\/static-blogs.diariosur.es\/wp-content\/uploads\/sites\/12\/2014\/09\/Captura31-502x400.jpg 502w, https:\/\/static-blogs.diariosur.es\/wp-content\/uploads\/sites\/12\/2014\/09\/Captura31-768x612.jpg 768w\" sizes=\"(max-width: 501px) 100vw, 501px\" \/><\/a><\/p>\n<p>&nbsp;<\/p>\n<p>&nbsp;<\/p>\n<p><strong>Cuando salia del curro y llegue a la casa pude cazar esa tormenta, o mejor dicho el pedazo de cumulonimbus \u00a0capillatus que\u00a0abandonaba la provincia malague\u00f1a.<\/strong><\/p>\n<p>&nbsp;<\/p>\n<p><strong><a href=\"https:\/\/blogs.diariosur.es\/tormentas-y-rayos\/2014\/09\/23\/coin-y-malaga-despiden-al-verano-dando-las-maximas-de-espana-gracias-por-las-74-150-visitas-que-ha-tenido-el-blog-durante-el-pasado-verano\/006-14\/\" rel=\"attachment wp-att-9618\"><img loading=\"lazy\" class=\"aligncenter size-full wp-image-9618\" title=\"006\" src=\"\/tormentas-y-rayos\/wp-content\/uploads\/sites\/12\/2014\/09\/006.jpg\" alt=\"\" width=\"640\" height=\"427\" srcset=\"https:\/\/static-blogs.diariosur.es\/wp-content\/uploads\/sites\/12\/2014\/09\/006.jpg 640w, https:\/\/static-blogs.diariosur.es\/wp-content\/uploads\/sites\/12\/2014\/09\/006-600x400.jpg 600w\" sizes=\"(max-width: 640px) 100vw, 640px\" \/><\/a><\/strong><\/p>\n<p>&nbsp;<\/p>\n<p><strong>Mi amiga Maricamen Parra Gil lo cazaba desde Torre del Mar<\/strong><\/p>\n<p><a href=\"https:\/\/blogs.diariosur.es\/tormentas-y-rayos\/2014\/09\/23\/coin-y-malaga-despiden-al-verano-dando-las-maximas-de-espana-gracias-por-las-74-150-visitas-que-ha-tenido-el-blog-durante-el-pasado-verano\/mari-carmen-parra-gil\/\" rel=\"attachment wp-att-9619\"><img loading=\"lazy\" class=\"aligncenter size-full wp-image-9619\" title=\"mari carmen parra gil\" src=\"\/tormentas-y-rayos\/wp-content\/uploads\/sites\/12\/2014\/09\/mari-carmen-parra-gil.jpg\" alt=\"\" width=\"640\" height=\"480\" srcset=\"https:\/\/static-blogs.diariosur.es\/wp-content\/uploads\/sites\/12\/2014\/09\/mari-carmen-parra-gil.jpg 640w, https:\/\/static-blogs.diariosur.es\/wp-content\/uploads\/sites\/12\/2014\/09\/mari-carmen-parra-gil-533x400.jpg 533w\" sizes=\"(max-width: 640px) 100vw, 640px\" \/><\/a><\/p>\n<p>&nbsp;<\/p>\n<p><strong>En esta imagen del satelite Aqua se ve estupendamente el bicho.<\/strong><\/p>\n<p><a href=\"https:\/\/blogs.diariosur.es\/tormentas-y-rayos\/2014\/09\/23\/coin-y-malaga-despiden-al-verano-dando-las-maximas-de-espana-gracias-por-las-74-150-visitas-que-ha-tenido-el-blog-durante-el-pasado-verano\/captura-436\/\" rel=\"attachment wp-att-9634\"><img loading=\"lazy\" class=\"aligncenter size-large wp-image-9634\" title=\"Captura\" src=\"\/tormentas-y-rayos\/wp-content\/uploads\/sites\/12\/2014\/09\/Captura32.jpg\" alt=\"\" width=\"666\" height=\"600\" srcset=\"https:\/\/static-blogs.diariosur.es\/wp-content\/uploads\/sites\/12\/2014\/09\/Captura32.jpg 861w, https:\/\/static-blogs.diariosur.es\/wp-content\/uploads\/sites\/12\/2014\/09\/Captura32-444x400.jpg 444w, https:\/\/static-blogs.diariosur.es\/wp-content\/uploads\/sites\/12\/2014\/09\/Captura32-768x691.jpg 768w\" sizes=\"(max-width: 666px) 100vw, 666px\" \/><\/a><\/p>\n<p>&nbsp;<\/p>\n<p><strong>Os pongo a continuaci\u00f3n unas impresionantes fotos que me\u00a0hab\u00e9is\u00a0mandado<\/strong>\u00a0<strong>, son una pasada de bonitas.<\/strong><\/p>\n<p><strong>Lui G.Marin<\/strong><\/p>\n<p>&nbsp;<\/p>\n<p>&nbsp;<\/p>\n<p><a href=\"https:\/\/blogs.diariosur.es\/tormentas-y-rayos\/2014\/09\/23\/coin-y-malaga-despiden-al-verano-dando-las-maximas-de-espana-gracias-por-las-74-150-visitas-que-ha-tenido-el-blog-durante-el-pasado-verano\/luis-g-marin\/\" rel=\"attachment wp-att-9620\"><img loading=\"lazy\" class=\"aligncenter size-full wp-image-9620\" title=\"Luis G Marin\" src=\"\/tormentas-y-rayos\/wp-content\/uploads\/sites\/12\/2014\/09\/Luis-G-Marin.jpg\" alt=\"\" width=\"640\" height=\"314\" \/><\/a><\/p>\n<p>&nbsp;<\/p>\n<p><strong>Juan Repetto<\/strong><\/p>\n<p><a href=\"https:\/\/blogs.diariosur.es\/tormentas-y-rayos\/2014\/09\/23\/coin-y-malaga-despiden-al-verano-dando-las-maximas-de-espana-gracias-por-las-74-150-visitas-que-ha-tenido-el-blog-durante-el-pasado-verano\/juan-repetto-5\/\" rel=\"attachment wp-att-9623\"><img loading=\"lazy\" class=\"aligncenter size-full wp-image-9623\" title=\"juan repetto\" src=\"\/tormentas-y-rayos\/wp-content\/uploads\/sites\/12\/2014\/09\/juan-repetto2.jpg\" alt=\"\" width=\"640\" height=\"480\" srcset=\"https:\/\/static-blogs.diariosur.es\/wp-content\/uploads\/sites\/12\/2014\/09\/juan-repetto2.jpg 640w, https:\/\/static-blogs.diariosur.es\/wp-content\/uploads\/sites\/12\/2014\/09\/juan-repetto2-533x400.jpg 533w\" sizes=\"(max-width: 640px) 100vw, 640px\" \/><\/a><\/p>\n<p>&nbsp;<\/p>\n<p>&nbsp;<\/p>\n<p><strong>Beatriz Maria<\/strong><\/p>\n<p>&nbsp;<\/p>\n<p><a href=\"https:\/\/blogs.diariosur.es\/tormentas-y-rayos\/2014\/09\/23\/coin-y-malaga-despiden-al-verano-dando-las-maximas-de-espana-gracias-por-las-74-150-visitas-que-ha-tenido-el-blog-durante-el-pasado-verano\/beatriz-maria-3\/\" rel=\"attachment wp-att-9624\"><img loading=\"lazy\" class=\"aligncenter size-full wp-image-9624\" title=\"beatriz maria\" src=\"\/tormentas-y-rayos\/wp-content\/uploads\/sites\/12\/2014\/09\/beatriz-maria2.jpg\" alt=\"\" width=\"640\" height=\"480\" srcset=\"https:\/\/static-blogs.diariosur.es\/wp-content\/uploads\/sites\/12\/2014\/09\/beatriz-maria2.jpg 640w, https:\/\/static-blogs.diariosur.es\/wp-content\/uploads\/sites\/12\/2014\/09\/beatriz-maria2-533x400.jpg 533w\" sizes=\"(max-width: 640px) 100vw, 640px\" \/><\/a><\/p>\n<p><strong>Carlos Castro<\/strong><\/p>\n<p>&nbsp;<\/p>\n<p>&nbsp;<\/p>\n<p><a href=\"https:\/\/blogs.diariosur.es\/tormentas-y-rayos\/2014\/09\/23\/coin-y-malaga-despiden-al-verano-dando-las-maximas-de-espana-gracias-por-las-74-150-visitas-que-ha-tenido-el-blog-durante-el-pasado-verano\/carlos-castro-6\/\" rel=\"attachment wp-att-9625\"><img loading=\"lazy\" class=\"aligncenter size-full wp-image-9625\" title=\"carlos castro\" src=\"\/tormentas-y-rayos\/wp-content\/uploads\/sites\/12\/2014\/09\/carlos-castro.jpg\" alt=\"\" width=\"640\" height=\"427\" srcset=\"https:\/\/static-blogs.diariosur.es\/wp-content\/uploads\/sites\/12\/2014\/09\/carlos-castro.jpg 640w, https:\/\/static-blogs.diariosur.es\/wp-content\/uploads\/sites\/12\/2014\/09\/carlos-castro-600x400.jpg 600w\" sizes=\"(max-width: 640px) 100vw, 640px\" \/><\/a><\/p>\n<p>&nbsp;<\/p>\n<p>&nbsp;<\/p>\n<p><strong>Juan Antonio Lucena.<\/strong><\/p>\n<p>&nbsp;<\/p>\n<p><a href=\"https:\/\/blogs.diariosur.es\/tormentas-y-rayos\/2014\/09\/23\/coin-y-malaga-despiden-al-verano-dando-las-maximas-de-espana-gracias-por-las-74-150-visitas-que-ha-tenido-el-blog-durante-el-pasado-verano\/juan-antonio-lucena-2\/\" rel=\"attachment wp-att-9626\"><img loading=\"lazy\" class=\"aligncenter size-full wp-image-9626\" title=\"Juan Antonio Lucena\" src=\"\/tormentas-y-rayos\/wp-content\/uploads\/sites\/12\/2014\/09\/Juan-Antonio-Lucena.jpg\" alt=\"\" width=\"640\" height=\"360\" \/><\/a><\/p>\n<p>&nbsp;<\/p>\n<p>&nbsp;<\/p>\n<p><strong>Macu Prieto nos manda esta foto desde Gauc\u00edn<\/strong><\/p>\n<p>&nbsp;<\/p>\n<p><a href=\"https:\/\/blogs.diariosur.es\/tormentas-y-rayos\/2014\/09\/23\/coin-y-malaga-despiden-al-verano-dando-las-maximas-de-espana-gracias-por-las-74-150-visitas-que-ha-tenido-el-blog-durante-el-pasado-verano\/macu-prieto-gaucin\/\" rel=\"attachment wp-att-9629\"><img loading=\"lazy\" class=\"aligncenter size-full wp-image-9629\" title=\"macu prieto gaucin\" src=\"\/tormentas-y-rayos\/wp-content\/uploads\/sites\/12\/2014\/09\/macu-prieto-gaucin.jpg\" alt=\"\" width=\"640\" height=\"426\" srcset=\"https:\/\/static-blogs.diariosur.es\/wp-content\/uploads\/sites\/12\/2014\/09\/macu-prieto-gaucin.jpg 640w, https:\/\/static-blogs.diariosur.es\/wp-content\/uploads\/sites\/12\/2014\/09\/macu-prieto-gaucin-601x400.jpg 601w\" sizes=\"(max-width: 640px) 100vw, 640px\" \/><\/a><\/p>\n<p>&nbsp;<\/p>\n<p><strong>Y terminamos con la foto de este atardecer que me ha mandado la pagina de facebook TE QUIERO M\u00c1LAGA.<\/strong><\/p>\n<p><a href=\"https:\/\/blogs.diariosur.es\/tormentas-y-rayos\/2014\/09\/23\/coin-y-malaga-despiden-al-verano-dando-las-maximas-de-espana-gracias-por-las-74-150-visitas-que-ha-tenido-el-blog-durante-el-pasado-verano\/10582796_833801589985233_6761772455328689441_o\/\" rel=\"attachment wp-att-9628\"><img loading=\"lazy\" class=\"aligncenter size-medium wp-image-9628\" title=\"10582796_833801589985233_6761772455328689441_o\" src=\"\/tormentas-y-rayos\/wp-content\/uploads\/sites\/12\/2014\/09\/10582796_833801589985233_6761772455328689441_o.jpg\" alt=\"\" width=\"600\" height=\"333\" srcset=\"https:\/\/static-blogs.diariosur.es\/wp-content\/uploads\/sites\/12\/2014\/09\/10582796_833801589985233_6761772455328689441_o.jpg 1264w, https:\/\/static-blogs.diariosur.es\/wp-content\/uploads\/sites\/12\/2014\/09\/10582796_833801589985233_6761772455328689441_o-640x355.jpg 640w, https:\/\/static-blogs.diariosur.es\/wp-content\/uploads\/sites\/12\/2014\/09\/10582796_833801589985233_6761772455328689441_o-768x427.jpg 768w\" sizes=\"(max-width: 600px) 100vw, 600px\" \/><\/a><\/p>\n","protected":false},"excerpt":{"rendered":"<p>&nbsp; &nbsp; &nbsp; &nbsp; Muy buenossssssss dias &#8220;oto\u00f1ales&#8221; amigos de la meteo. Registro 20,7 grados y los cielos est\u00e1n algo nubosos. Hace menos de dos horas que ha entrado el Oto\u00f1o, concretamente a las 4h y 29 m.\u00a0 Os quiero dar las gracias por las 74.150 visitas que ha tenido el blog en los tres [&hellip;]<\/p>\n","protected":false},"author":16,"featured_media":9620,"comment_status":"open","ping_status":"open","sticky":false,"template":"","format":"standard","meta":[],"categories":[2],"tags":[266,587,624,961],"_links":{"self":[{"href":"https:\/\/blogs.diariosur.es\/tormentas-y-rayos\/wp-json\/wp\/v2\/posts\/9613"}],"collection":[{"href":"https:\/\/blogs.diariosur.es\/tormentas-y-rayos\/wp-json\/wp\/v2\/posts"}],"about":[{"href":"https:\/\/blogs.diariosur.es\/tormentas-y-rayos\/wp-json\/wp\/v2\/types\/post"}],"author":[{"embeddable":true,"href":"https:\/\/blogs.diariosur.es\/tormentas-y-rayos\/wp-json\/wp\/v2\/users\/16"}],"replies":[{"embeddable":true,"href":"https:\/\/blogs.diariosur.es\/tormentas-y-rayos\/wp-json\/wp\/v2\/comments?post=9613"}],"version-history":[{"count":0,"href":"https:\/\/blogs.diariosur.es\/tormentas-y-rayos\/wp-json\/wp\/v2\/posts\/9613\/revisions"}],"wp:featuredmedia":[{"embeddable":true,"href":"https:\/\/blogs.diariosur.es\/tormentas-y-rayos\/wp-json\/wp\/v2\/media\/9620"}],"wp:attachment":[{"href":"https:\/\/blogs.diariosur.es\/tormentas-y-rayos\/wp-json\/wp\/v2\/media?parent=9613"}],"wp:term":[{"taxonomy":"category","embeddable":true,"href":"https:\/\/blogs.diariosur.es\/tormentas-y-rayos\/wp-json\/wp\/v2\/categories?post=9613"},{"taxonomy":"post_tag","embeddable":true,"href":"https:\/\/blogs.diariosur.es\/tormentas-y-rayos\/wp-json\/wp\/v2\/tags?post=9613"}],"curies":[{"name":"wp","href":"https:\/\/api.w.org\/{rel}","templated":true}]}}