{"id":9635,"date":"2014-09-24T07:18:58","date_gmt":"2014-09-24T05:18:58","guid":{"rendered":"http:\/\/blogs.diariosur.es\/tormentas-y-rayos\/?p=9635"},"modified":"2014-09-24T07:18:58","modified_gmt":"2014-09-24T05:18:58","slug":"prevision-del-tiempo-andalucia-malaga-da-la-maxima-de-espana-el-primer-dia-de-otono-con-30-grados-tal-dia-como-hoy-24-de-septiembre-1907-malaga-sufrio-la-mayor-riada-de-su-historia","status":"publish","type":"post","link":"https:\/\/blogs.diariosur.es\/tormentas-y-rayos\/2014\/09\/24\/prevision-del-tiempo-andalucia-malaga-da-la-maxima-de-espana-el-primer-dia-de-otono-con-30-grados-tal-dia-como-hoy-24-de-septiembre-1907-malaga-sufrio-la-mayor-riada-de-su-historia\/","title":{"rendered":"Previsi\u00f3n del tiempo Andaluc\u00eda. M\u00e1laga da la maxima de Espa\u00f1a el primer dia de oto\u00f1o con 30 grados. Tal dia como hoy ( 24 de Septiembre 1907) M\u00e1laga sufri\u00f3 la mayor riada de su historia"},"content":{"rendered":"<p>&nbsp;<\/p>\n<p><img loading=\"lazy\" class=\"aligncenter\" src=\"https:\/\/farm6.staticflickr.com\/5566\/14568830453_8e0522e3fc_q.jpg\" alt=\"\" width=\"150\" height=\"150\" \/><\/p>\n<p>&nbsp;<\/p>\n<p>&nbsp;<\/p>\n<p>&nbsp;<\/p>\n<p>&nbsp;<\/p>\n<p><strong>Buenos dias amigos de la meteo, son las seis y media de la ma\u00f1ana, registro 20.9 grados y los cielos malague\u00f1os est\u00e1n poco nubosos. La bolsa de aire fr\u00edo\u00a0dar\u00e1\u00a0hoy sus\u00a0\u00faltimos\u00a0coletazos antes de reintegrarse a la circulaci\u00f3n\u00a0zonal.\u00a0<\/strong><\/p>\n<p><a href=\"https:\/\/blogs.diariosur.es\/tormentas-y-rayos\/2014\/09\/24\/prevision-del-tiempo-andalucia-malaga-da-la-maxima-de-espana-el-primer-dia-de-otono-con-30-grados-tal-dia-como-hoy-24-de-septiembre-1907-malaga-sufrio-la-mayor-riada-de-su-historia\/9-21sp-2\/\" rel=\"attachment wp-att-9641\"><img loading=\"lazy\" class=\"aligncenter size-large wp-image-9641\" title=\"9-21SP\" src=\"\/tormentas-y-rayos\/wp-content\/uploads\/sites\/12\/2014\/09\/9-21SP1.gif\" alt=\"\" width=\"600\" height=\"600\" \/><\/a><\/p>\n<p>&nbsp;<\/p>\n<p><strong>De nuevo las provincias de Cadiz y Sevilla\u00a0ser\u00e1n\u00a0las mas\u00a0beneficiadas\u00a0por las lluvias. La aemet activa el aviso amarillo en el litoral gaditano y en la campi\u00f1a sevillana.\u00a0<\/strong><\/p>\n<p><strong>En el interior de M\u00e1laga nuevamente se\u00a0podr\u00e1n\u00a0dar chubascos, algo parecido a lo de ayer. Por la tarde \u00a0noche el viento de terral de oto\u00f1o soplara moderado y\u00a0estar\u00e1\u00a0as\u00ed\u00a0hasta el jueves al\u00a0mediod\u00eda.\u00a0<\/strong><\/p>\n<p><span style=\"color: #ff0000;\"><strong>A partir del viernes el levante tomara protagonismo y si los modelos no cambian se pueden registrar chubascos entre el viernes y el\u00a0s\u00e1bado\u00a0en la Costa Mediterr\u00e1nea Andaluza. Un poco de aire\u00a0fr\u00edo\u00a0en altura y el viento\u00a0h\u00famedo\u00a0de\u00a0levante ser\u00e1n los que traigan esta peque\u00f1a inestabilizaci\u00f3n. Pero esto lo veremos mejor el viernes cuando actualice el blog.<\/strong><\/span><\/p>\n<p>&nbsp;<\/p>\n<p>&nbsp;<\/p>\n<p><strong>\u00a0El primer dia de oto\u00f1o, \u00a0M\u00e1laga da la maxima de Espa\u00f1a con 30.2 grados. Y en Ronda caen casi 11 litros.\u00a0As\u00ed\u00a0es la meteo amigos.<\/strong><\/p>\n<p><strong>Fijaros en los litros\u00a0ca\u00eddos\u00a0ayer en Vejer de la Frontera ( 65 \u00a0) Fuente Aemet<\/strong><\/p>\n<p>&nbsp;<\/p>\n<p><a href=\"https:\/\/blogs.diariosur.es\/tormentas-y-rayos\/2014\/09\/24\/prevision-del-tiempo-andalucia-malaga-da-la-maxima-de-espana-el-primer-dia-de-otono-con-30-grados-tal-dia-como-hoy-24-de-septiembre-1907-malaga-sufrio-la-mayor-riada-de-su-historia\/1-81\/\" rel=\"attachment wp-att-9636\"><img loading=\"lazy\" class=\"aligncenter size-medium wp-image-9636\" title=\"1\" src=\"\/tormentas-y-rayos\/wp-content\/uploads\/sites\/12\/2014\/09\/111.jpg\" alt=\"\" width=\"491\" height=\"400\" srcset=\"https:\/\/static-blogs.diariosur.es\/wp-content\/uploads\/sites\/12\/2014\/09\/111.jpg 778w, https:\/\/static-blogs.diariosur.es\/wp-content\/uploads\/sites\/12\/2014\/09\/111-492x400.jpg 492w, https:\/\/static-blogs.diariosur.es\/wp-content\/uploads\/sites\/12\/2014\/09\/111-768x625.jpg 768w\" sizes=\"(max-width: 491px) 100vw, 491px\" \/><\/a><\/p>\n<p>&nbsp;<\/p>\n<p>&nbsp;<\/p>\n<p>&nbsp;<\/p>\n<p><a href=\"https:\/\/blogs.diariosur.es\/tormentas-y-rayos\/2014\/09\/24\/prevision-del-tiempo-andalucia-malaga-da-la-maxima-de-espana-el-primer-dia-de-otono-con-30-grados-tal-dia-como-hoy-24-de-septiembre-1907-malaga-sufrio-la-mayor-riada-de-su-historia\/captura-437\/\" rel=\"attachment wp-att-9640\"><img loading=\"lazy\" class=\"aligncenter size-full wp-image-9640\" title=\"Captura\" src=\"\/tormentas-y-rayos\/wp-content\/uploads\/sites\/12\/2014\/09\/Captura33.jpg\" alt=\"\" width=\"372\" height=\"423\" srcset=\"https:\/\/static-blogs.diariosur.es\/wp-content\/uploads\/sites\/12\/2014\/09\/Captura33.jpg 372w, https:\/\/static-blogs.diariosur.es\/wp-content\/uploads\/sites\/12\/2014\/09\/Captura33-352x400.jpg 352w\" sizes=\"(max-width: 372px) 100vw, 372px\" \/><\/a><\/p>\n<p>&nbsp;<\/p>\n<p>&nbsp;<\/p>\n<p><a href=\"https:\/\/blogs.diariosur.es\/tormentas-y-rayos\/2014\/09\/24\/prevision-del-tiempo-andalucia-malaga-da-la-maxima-de-espana-el-primer-dia-de-otono-con-30-grados-tal-dia-como-hoy-24-de-septiembre-1907-malaga-sufrio-la-mayor-riada-de-su-historia\/417538_242107152549435_1095741082_n\/\" rel=\"attachment wp-att-9642\"><img loading=\"lazy\" class=\"aligncenter size-medium wp-image-9642\" title=\"417538_242107152549435_1095741082_n\" src=\"\/tormentas-y-rayos\/wp-content\/uploads\/sites\/12\/2014\/09\/417538_242107152549435_1095741082_n.jpg\" alt=\"\" width=\"600\" height=\"310\" srcset=\"https:\/\/static-blogs.diariosur.es\/wp-content\/uploads\/sites\/12\/2014\/09\/417538_242107152549435_1095741082_n.jpg 720w, https:\/\/static-blogs.diariosur.es\/wp-content\/uploads\/sites\/12\/2014\/09\/417538_242107152549435_1095741082_n-640x332.jpg 640w\" sizes=\"(max-width: 600px) 100vw, 600px\" \/><\/a><\/p>\n<p>&nbsp;<\/p>\n<p><span style=\"color: #ff0000;\"><strong>Tal dia como hoy un 24 de Septiembre del 1907 M\u00e1laga Capital\u00a0sufri\u00f3\u00a0la mayor inundaci\u00f3n de su historia. Lo curioso de esta riada fue que en M\u00e1laga Capital apenas\u00a0ca\u00edan\u00a0gotillas. \u00a0Fue en el nacimiento del Rio Gudalmedina y en su cuenca donde se desato una impresionante tormenta, y toda el agua bajo hacia la capital a la una de la madrugada. A esa hora muchos\u00a0dorm\u00edan\u00a0y la riada se los llevo. Se registraron 21 muertos. Se calcula que pudieron caer mas de 400 litros en poco tiempo. Tambi\u00e9n un 27 de septiembre del 1957 M\u00e1laga Capital y concretamente en su Aeropuerto registro 313 litros.\u00a0<\/strong><\/span><\/p>\n<p>&nbsp;<\/p>\n<p><a href=\"https:\/\/blogs.diariosur.es\/tormentas-y-rayos\/2014\/09\/24\/prevision-del-tiempo-andalucia-malaga-da-la-maxima-de-espana-el-primer-dia-de-otono-con-30-grados-tal-dia-como-hoy-24-de-septiembre-1907-malaga-sufrio-la-mayor-riada-de-su-historia\/1052193_474347099325438_1880655809_o\/\" rel=\"attachment wp-att-9643\"><img loading=\"lazy\" class=\"aligncenter size-medium wp-image-9643\" title=\"1052193_474347099325438_1880655809_o\" src=\"\/tormentas-y-rayos\/wp-content\/uploads\/sites\/12\/2014\/09\/1052193_474347099325438_1880655809_o.jpg\" alt=\"\" width=\"600\" height=\"365\" srcset=\"https:\/\/static-blogs.diariosur.es\/wp-content\/uploads\/sites\/12\/2014\/09\/1052193_474347099325438_1880655809_o.jpg 720w, https:\/\/static-blogs.diariosur.es\/wp-content\/uploads\/sites\/12\/2014\/09\/1052193_474347099325438_1880655809_o-640x390.jpg 640w\" sizes=\"(max-width: 600px) 100vw, 600px\" \/><\/a><\/p>\n<p>&nbsp;<\/p>\n<p>&nbsp;<\/p>\n<p>&nbsp;<\/p>\n<p><strong>Os paso unas preciosas fotos \u00a0que me\u00a0hab\u00e9is\u00a0mandado.<\/strong><\/p>\n<p>&nbsp;<\/p>\n<p><strong>Maricarmen \u00a0Parra Gil nos manda esta bonita panor\u00e1mica desde Torre del Mar.<\/strong><\/p>\n<p>&nbsp;<\/p>\n<p><a href=\"https:\/\/blogs.diariosur.es\/tormentas-y-rayos\/2014\/09\/24\/prevision-del-tiempo-andalucia-malaga-da-la-maxima-de-espana-el-primer-dia-de-otono-con-30-grados-tal-dia-como-hoy-24-de-septiembre-1907-malaga-sufrio-la-mayor-riada-de-su-historia\/maricarmen-parra-gil-7\/\" rel=\"attachment wp-att-9638\"><img loading=\"lazy\" class=\"aligncenter size-full wp-image-9638\" title=\"maricarmen parra gil\" src=\"\/tormentas-y-rayos\/wp-content\/uploads\/sites\/12\/2014\/09\/maricarmen-parra-gil1.jpg\" alt=\"\" width=\"640\" height=\"288\" \/><\/a><\/p>\n<p>&nbsp;<\/p>\n<p><strong>Aurora Pulido nos manda el primer atardecer del oto\u00f1o.<\/strong><\/p>\n<p><a href=\"https:\/\/blogs.diariosur.es\/tormentas-y-rayos\/2014\/09\/24\/prevision-del-tiempo-andalucia-malaga-da-la-maxima-de-espana-el-primer-dia-de-otono-con-30-grados-tal-dia-como-hoy-24-de-septiembre-1907-malaga-sufrio-la-mayor-riada-de-su-historia\/aurora-pulido-10\/\" rel=\"attachment wp-att-9639\"><img loading=\"lazy\" class=\"aligncenter size-full wp-image-9639\" title=\"aurora pulido\" src=\"\/tormentas-y-rayos\/wp-content\/uploads\/sites\/12\/2014\/09\/aurora-pulido1.jpg\" alt=\"\" width=\"500\" height=\"500\" srcset=\"https:\/\/static-blogs.diariosur.es\/wp-content\/uploads\/sites\/12\/2014\/09\/aurora-pulido1.jpg 500w, https:\/\/static-blogs.diariosur.es\/wp-content\/uploads\/sites\/12\/2014\/09\/aurora-pulido1-150x150.jpg 150w, https:\/\/static-blogs.diariosur.es\/wp-content\/uploads\/sites\/12\/2014\/09\/aurora-pulido1-400x400.jpg 400w\" sizes=\"(max-width: 500px) 100vw, 500px\" \/><\/a><\/p>\n<p>&nbsp;<\/p>\n<p>&nbsp;<\/p>\n<p>&nbsp;<\/p>\n<p><strong>Os dejo con este impresionante foton de mi amigo Carlos Castro.\u00a0<\/strong><\/p>\n<p>&nbsp;<\/p>\n<p><a href=\"https:\/\/blogs.diariosur.es\/tormentas-y-rayos\/2014\/09\/24\/prevision-del-tiempo-andalucia-malaga-da-la-maxima-de-espana-el-primer-dia-de-otono-con-30-grados-tal-dia-como-hoy-24-de-septiembre-1907-malaga-sufrio-la-mayor-riada-de-su-historia\/carlos-castro-7\/\" rel=\"attachment wp-att-9637\"><img loading=\"lazy\" class=\"aligncenter size-full wp-image-9637\" title=\"carlos castro\" src=\"\/tormentas-y-rayos\/wp-content\/uploads\/sites\/12\/2014\/09\/carlos-castro1.jpg\" alt=\"\" width=\"640\" height=\"427\" srcset=\"https:\/\/static-blogs.diariosur.es\/wp-content\/uploads\/sites\/12\/2014\/09\/carlos-castro1.jpg 640w, https:\/\/static-blogs.diariosur.es\/wp-content\/uploads\/sites\/12\/2014\/09\/carlos-castro1-600x400.jpg 600w\" sizes=\"(max-width: 640px) 100vw, 640px\" \/><\/a><\/p>\n","protected":false},"excerpt":{"rendered":"<p>&nbsp; &nbsp; &nbsp; &nbsp; &nbsp; Buenos dias amigos de la meteo, son las seis y media de la ma\u00f1ana, registro 20.9 grados y los cielos malague\u00f1os est\u00e1n poco nubosos. La bolsa de aire fr\u00edo\u00a0dar\u00e1\u00a0hoy sus\u00a0\u00faltimos\u00a0coletazos antes de reintegrarse a la circulaci\u00f3n\u00a0zonal.\u00a0 &nbsp; De nuevo las provincias de Cadiz y Sevilla\u00a0ser\u00e1n\u00a0las mas\u00a0beneficiadas\u00a0por las lluvias. La aemet [&hellip;]<\/p>\n","protected":false},"author":16,"featured_media":9644,"comment_status":"open","ping_status":"open","sticky":false,"template":"","format":"standard","meta":[],"categories":[2],"tags":[8,100,109,587,809,862,908,980],"_links":{"self":[{"href":"https:\/\/blogs.diariosur.es\/tormentas-y-rayos\/wp-json\/wp\/v2\/posts\/9635"}],"collection":[{"href":"https:\/\/blogs.diariosur.es\/tormentas-y-rayos\/wp-json\/wp\/v2\/posts"}],"about":[{"href":"https:\/\/blogs.diariosur.es\/tormentas-y-rayos\/wp-json\/wp\/v2\/types\/post"}],"author":[{"embeddable":true,"href":"https:\/\/blogs.diariosur.es\/tormentas-y-rayos\/wp-json\/wp\/v2\/users\/16"}],"replies":[{"embeddable":true,"href":"https:\/\/blogs.diariosur.es\/tormentas-y-rayos\/wp-json\/wp\/v2\/comments?post=9635"}],"version-history":[{"count":0,"href":"https:\/\/blogs.diariosur.es\/tormentas-y-rayos\/wp-json\/wp\/v2\/posts\/9635\/revisions"}],"wp:featuredmedia":[{"embeddable":true,"href":"https:\/\/blogs.diariosur.es\/tormentas-y-rayos\/wp-json\/wp\/v2\/media\/9644"}],"wp:attachment":[{"href":"https:\/\/blogs.diariosur.es\/tormentas-y-rayos\/wp-json\/wp\/v2\/media?parent=9635"}],"wp:term":[{"taxonomy":"category","embeddable":true,"href":"https:\/\/blogs.diariosur.es\/tormentas-y-rayos\/wp-json\/wp\/v2\/categories?post=9635"},{"taxonomy":"post_tag","embeddable":true,"href":"https:\/\/blogs.diariosur.es\/tormentas-y-rayos\/wp-json\/wp\/v2\/tags?post=9635"}],"curies":[{"name":"wp","href":"https:\/\/api.w.org\/{rel}","templated":true}]}}