{"id":9646,"date":"2014-09-25T07:14:52","date_gmt":"2014-09-25T05:14:52","guid":{"rendered":"http:\/\/blogs.diariosur.es\/tormentas-y-rayos\/?p=9646"},"modified":"2014-09-25T07:14:52","modified_gmt":"2014-09-25T05:14:52","slug":"prevision-del-tiempo-andalucia-de-nuevo-malaga-da-la-maxima-de-espana-alpandeire-registra-20-litros-posibles-cambios-para-el-fin-de-semana","status":"publish","type":"post","link":"https:\/\/blogs.diariosur.es\/tormentas-y-rayos\/2014\/09\/25\/prevision-del-tiempo-andalucia-de-nuevo-malaga-da-la-maxima-de-espana-alpandeire-registra-20-litros-posibles-cambios-para-el-fin-de-semana\/","title":{"rendered":"Previsi\u00f3n del tiempo Andaluc\u00eda. De nuevo M\u00e1laga da la maxima de Espa\u00f1a. Alpandeire registra 20 litros. &#8220;Posibles cambios para el fin de semana&#8221;."},"content":{"rendered":"<p><img loading=\"lazy\" class=\"aligncenter\" src=\"https:\/\/farm6.staticflickr.com\/5566\/14568830453_8e0522e3fc_q.jpg\" alt=\"\" width=\"150\" height=\"150\" \/><\/p>\n<p>&nbsp;<\/p>\n<p>&nbsp;<\/p>\n<p>&nbsp;<\/p>\n<p>&nbsp;<\/p>\n<p><strong>Buenos dias amigos de la meteo, son las seis de la ma\u00f1ana, registro 20.8 grados y los cielos est\u00e1n despejados. Hoy el post sera corto, ma\u00f1ana que libro le dedicare mas tiempo.\u00a0<\/strong><\/p>\n<p><strong>Durante el dia de hoy se esperan chubascos en la zona oriental de Andaluc\u00eda, el aire\u00a0fr\u00edo\u00a0en altura esta dando su\u00a0\u00faltimos\u00a0coletazos. El levante empezara a soplar\u00a0despu\u00e9s\u00a0del\u00a0<\/strong><strong>mediod\u00eda, vendra acompa\u00f1ado de nubes bajas que en algun punto de la Costa Mediterr\u00e1nea\u00a0andaluza pueden dejar una par de gotas. Las\u00a0m\u00e1ximas\u00a0subir\u00e1n\u00a0por el Valle del Guadalquivir.\u00a0<\/strong><\/p>\n<p>&nbsp;<\/p>\n<p><strong><span><span style=\"color: #0000ff;\">Sobre los posibles cambios que se puedan dar este\u00a0pr\u00f3ximo\u00a0fin de semana <\/span><span style=\"color: #ff0000;\">&#8220;EN FORMA DE LLUVIAS&#8221;<\/span><span style=\"color: #0000ff;\">, lo veremos con mas seguridad ma\u00f1ana viernes. Una nueva bolsa de aire\u00a0fr\u00edo\u00a0nos afectara, lo bueno en esta ocasi\u00f3n es que los\u00a0vientos en el Litoral\u00a0Mediterr\u00e1neo\u00a0entrar\u00edan\u00a0de sureste y no \u00a0aterralados como paso el domingo pasado, ademas nuestra querida dorsal Africana desapareceria. De todas formas no me quiero hacer ilusiones, ya que como todos\u00a0sab\u00e9is\u00a0estas situaciones son muy\u00a0dif\u00edciles\u00a0de m<\/span><span style=\"color: #0000ff;\">o<\/span><span style=\"color: #0000ff;\">deliza<\/span><\/span><span style=\"color: #0000ff;\">r<\/span>. <span style=\"color: #0000ff;\">Os paso un mapa previsto a 500 hpa ( 5500 ). Ma\u00f1ana seguimos la evoluci\u00f3n amigos.<\/span><\/strong><\/p>\n<p><a href=\"https:\/\/blogs.diariosur.es\/tormentas-y-rayos\/2014\/09\/25\/prevision-del-tiempo-andalucia-de-nuevo-malaga-da-la-maxima-de-espana-alpandeire-registra-20-litros-posibles-cambios-para-el-fin-de-semana\/bolsa-aire-frio\/\" rel=\"attachment wp-att-9647\"><img loading=\"lazy\" class=\"aligncenter size-medium wp-image-9647\" title=\"bolsa aire frio\" src=\"\/tormentas-y-rayos\/wp-content\/uploads\/sites\/12\/2014\/09\/bolsa-aire-frio.jpg\" alt=\"\" width=\"534\" height=\"400\" srcset=\"https:\/\/static-blogs.diariosur.es\/wp-content\/uploads\/sites\/12\/2014\/09\/bolsa-aire-frio.jpg 778w, https:\/\/static-blogs.diariosur.es\/wp-content\/uploads\/sites\/12\/2014\/09\/bolsa-aire-frio-535x400.jpg 535w, https:\/\/static-blogs.diariosur.es\/wp-content\/uploads\/sites\/12\/2014\/09\/bolsa-aire-frio-768x575.jpg 768w\" sizes=\"(max-width: 534px) 100vw, 534px\" \/><\/a><\/p>\n<p>&nbsp;<\/p>\n<p><strong>Nuevamente M\u00e1laga Capital da la maxima de Espa\u00f1a con mas de 30 grados ( 30.8) y \u00a0el pueblo malague\u00f1o de Alpandeire registro 20 litros.\u00a0<\/strong><\/p>\n<p><a href=\"https:\/\/blogs.diariosur.es\/tormentas-y-rayos\/2014\/09\/25\/prevision-del-tiempo-andalucia-de-nuevo-malaga-da-la-maxima-de-espana-alpandeire-registra-20-litros-posibles-cambios-para-el-fin-de-semana\/captura-438\/\" rel=\"attachment wp-att-9648\"><img loading=\"lazy\" class=\"aligncenter size-full wp-image-9648\" title=\"Captura\" src=\"\/tormentas-y-rayos\/wp-content\/uploads\/sites\/12\/2014\/09\/Captura34.jpg\" alt=\"\" width=\"395\" height=\"375\" \/><\/a><a href=\"https:\/\/blogs.diariosur.es\/tormentas-y-rayos\/2014\/09\/25\/prevision-del-tiempo-andalucia-de-nuevo-malaga-da-la-maxima-de-espana-alpandeire-registra-20-litros-posibles-cambios-para-el-fin-de-semana\/lllll-2\/\" rel=\"attachment wp-att-9649\"><img loading=\"lazy\" class=\"aligncenter size-full wp-image-9649\" title=\"lllll\" src=\"\/tormentas-y-rayos\/wp-content\/uploads\/sites\/12\/2014\/09\/lllll.jpg\" alt=\"\" width=\"390\" height=\"209\" \/><\/a><\/p>\n<p><strong>En esta imagen del radar que guarde ayer se ve claramente los mocos que afectaron al interior. Desde la zona de mi trabajo se\u00a0ve\u00edan\u00a0las cortinas de agua.<\/strong><\/p>\n<p><a href=\"https:\/\/blogs.diariosur.es\/tormentas-y-rayos\/2014\/09\/25\/prevision-del-tiempo-andalucia-de-nuevo-malaga-da-la-maxima-de-espana-alpandeire-registra-20-litros-posibles-cambios-para-el-fin-de-semana\/radarrrrrrrrr\/\" rel=\"attachment wp-att-9650\"><img loading=\"lazy\" class=\"aligncenter size-large wp-image-9650\" title=\"radarrrrrrrrr\" src=\"\/tormentas-y-rayos\/wp-content\/uploads\/sites\/12\/2014\/09\/radarrrrrrrrr.jpg\" alt=\"\" width=\"337\" height=\"600\" srcset=\"https:\/\/static-blogs.diariosur.es\/wp-content\/uploads\/sites\/12\/2014\/09\/radarrrrrrrrr.jpg 540w, https:\/\/static-blogs.diariosur.es\/wp-content\/uploads\/sites\/12\/2014\/09\/radarrrrrrrrr-225x400.jpg 225w\" sizes=\"(max-width: 337px) 100vw, 337px\" \/><\/a><\/p>\n<p><a href=\"https:\/\/blogs.diariosur.es\/tormentas-y-rayos\/2014\/09\/25\/prevision-del-tiempo-andalucia-de-nuevo-malaga-da-la-maxima-de-espana-alpandeire-registra-20-litros-posibles-cambios-para-el-fin-de-semana\/1973405_10203619136577934_202316707058101515_o\/\" rel=\"attachment wp-att-9651\"><img loading=\"lazy\" class=\"aligncenter size-full wp-image-9651\" title=\"1973405_10203619136577934_202316707058101515_o\" src=\"\/tormentas-y-rayos\/wp-content\/uploads\/sites\/12\/2014\/09\/1973405_10203619136577934_202316707058101515_o.jpg\" alt=\"\" width=\"640\" height=\"360\" \/><\/a><\/p>\n<p>&nbsp;<\/p>\n<p><strong>Mi amigo Juan Antonio Espejo tambi\u00e9n fotografi\u00f3 este nubarr\u00f3n con su cortina.<\/strong><\/p>\n<p>&nbsp;<\/p>\n<p><a href=\"https:\/\/blogs.diariosur.es\/tormentas-y-rayos\/2014\/09\/25\/prevision-del-tiempo-andalucia-de-nuevo-malaga-da-la-maxima-de-espana-alpandeire-registra-20-litros-posibles-cambios-para-el-fin-de-semana\/juan-antonio-espejo-2\/\" rel=\"attachment wp-att-9652\"><img loading=\"lazy\" class=\"aligncenter size-medium wp-image-9652\" title=\"juan antonio espejo\" src=\"\/tormentas-y-rayos\/wp-content\/uploads\/sites\/12\/2014\/09\/juan-antonio-espejo.jpg\" alt=\"\" width=\"600\" height=\"337\" srcset=\"https:\/\/static-blogs.diariosur.es\/wp-content\/uploads\/sites\/12\/2014\/09\/juan-antonio-espejo.jpg 960w, https:\/\/static-blogs.diariosur.es\/wp-content\/uploads\/sites\/12\/2014\/09\/juan-antonio-espejo-640x360.jpg 640w, https:\/\/static-blogs.diariosur.es\/wp-content\/uploads\/sites\/12\/2014\/09\/juan-antonio-espejo-768x432.jpg 768w\" sizes=\"(max-width: 600px) 100vw, 600px\" \/><\/a><\/p>\n<p>&nbsp;<\/p>\n<p><strong>Poco mas que contar amigos de la meteo, nos vemos ma\u00f1ana. Disfrutar mientras con estos dos fotones de mi amigo Alberto Lunas. Un abrazo amigo.<\/strong><\/p>\n<p><a href=\"https:\/\/blogs.diariosur.es\/tormentas-y-rayos\/2014\/09\/25\/prevision-del-tiempo-andalucia-de-nuevo-malaga-da-la-maxima-de-espana-alpandeire-registra-20-litros-posibles-cambios-para-el-fin-de-semana\/1-82\/\" rel=\"attachment wp-att-9653\"><img loading=\"lazy\" class=\"aligncenter size-medium wp-image-9653\" title=\"1\" src=\"\/tormentas-y-rayos\/wp-content\/uploads\/sites\/12\/2014\/09\/112.jpg\" alt=\"\" width=\"533\" height=\"400\" srcset=\"https:\/\/static-blogs.diariosur.es\/wp-content\/uploads\/sites\/12\/2014\/09\/112.jpg 800w, https:\/\/static-blogs.diariosur.es\/wp-content\/uploads\/sites\/12\/2014\/09\/112-533x400.jpg 533w, https:\/\/static-blogs.diariosur.es\/wp-content\/uploads\/sites\/12\/2014\/09\/112-768x576.jpg 768w\" sizes=\"(max-width: 533px) 100vw, 533px\" \/><\/a><\/p>\n<p>&nbsp;<\/p>\n<p><a href=\"https:\/\/blogs.diariosur.es\/tormentas-y-rayos\/2014\/09\/25\/prevision-del-tiempo-andalucia-de-nuevo-malaga-da-la-maxima-de-espana-alpandeire-registra-20-litros-posibles-cambios-para-el-fin-de-semana\/6-3\/\" rel=\"attachment wp-att-9654\"><img loading=\"lazy\" class=\"aligncenter size-medium wp-image-9654\" title=\"6\" src=\"\/tormentas-y-rayos\/wp-content\/uploads\/sites\/12\/2014\/09\/6.jpg\" alt=\"\" width=\"533\" height=\"400\" srcset=\"https:\/\/static-blogs.diariosur.es\/wp-content\/uploads\/sites\/12\/2014\/09\/6.jpg 800w, https:\/\/static-blogs.diariosur.es\/wp-content\/uploads\/sites\/12\/2014\/09\/6-533x400.jpg 533w, https:\/\/static-blogs.diariosur.es\/wp-content\/uploads\/sites\/12\/2014\/09\/6-768x576.jpg 768w\" sizes=\"(max-width: 533px) 100vw, 533px\" \/><\/a><\/p>\n","protected":false},"excerpt":{"rendered":"<p>&nbsp; &nbsp; &nbsp; &nbsp; Buenos dias amigos de la meteo, son las seis de la ma\u00f1ana, registro 20.8 grados y los cielos est\u00e1n despejados. Hoy el post sera corto, ma\u00f1ana que libro le dedicare mas tiempo.\u00a0 Durante el dia de hoy se esperan chubascos en la zona oriental de Andaluc\u00eda, el aire\u00a0fr\u00edo\u00a0en altura esta dando [&hellip;]<\/p>\n","protected":false},"author":16,"featured_media":9653,"comment_status":"open","ping_status":"open","sticky":false,"template":"","format":"standard","meta":[],"categories":[2],"tags":[100,375,587,624,809,980],"_links":{"self":[{"href":"https:\/\/blogs.diariosur.es\/tormentas-y-rayos\/wp-json\/wp\/v2\/posts\/9646"}],"collection":[{"href":"https:\/\/blogs.diariosur.es\/tormentas-y-rayos\/wp-json\/wp\/v2\/posts"}],"about":[{"href":"https:\/\/blogs.diariosur.es\/tormentas-y-rayos\/wp-json\/wp\/v2\/types\/post"}],"author":[{"embeddable":true,"href":"https:\/\/blogs.diariosur.es\/tormentas-y-rayos\/wp-json\/wp\/v2\/users\/16"}],"replies":[{"embeddable":true,"href":"https:\/\/blogs.diariosur.es\/tormentas-y-rayos\/wp-json\/wp\/v2\/comments?post=9646"}],"version-history":[{"count":0,"href":"https:\/\/blogs.diariosur.es\/tormentas-y-rayos\/wp-json\/wp\/v2\/posts\/9646\/revisions"}],"wp:featuredmedia":[{"embeddable":true,"href":"https:\/\/blogs.diariosur.es\/tormentas-y-rayos\/wp-json\/wp\/v2\/media\/9653"}],"wp:attachment":[{"href":"https:\/\/blogs.diariosur.es\/tormentas-y-rayos\/wp-json\/wp\/v2\/media?parent=9646"}],"wp:term":[{"taxonomy":"category","embeddable":true,"href":"https:\/\/blogs.diariosur.es\/tormentas-y-rayos\/wp-json\/wp\/v2\/categories?post=9646"},{"taxonomy":"post_tag","embeddable":true,"href":"https:\/\/blogs.diariosur.es\/tormentas-y-rayos\/wp-json\/wp\/v2\/tags?post=9646"}],"curies":[{"name":"wp","href":"https:\/\/api.w.org\/{rel}","templated":true}]}}